{"id":1455670,"date":"2024-09-04T17:06:09","date_gmt":"2024-09-04T15:06:09","guid":{"rendered":"https:\/\/theplayoffs.news\/fr\/?p=1455670"},"modified":"2024-09-04T17:06:09","modified_gmt":"2024-09-04T15:06:09","slug":"patrick-surtain-ii-signe-un-contrat-historique","status":"publish","type":"post","link":"https:\/\/theplayoffs.news\/fr\/actualite-nfl\/patrick-surtain-ii-signe-un-contrat-historique\/","title":{"rendered":"Patrick Surtain II signe un contrat historique"},"content":{"rendered":"<h2 class=\"nfl-c-article__title\">Patrick Surtain II prolonge avec les Broncos de Denver, et devient le cornerback le mieux pay&eacute; de l&rsquo;histoire de la NFL. Avec un contrat de 96 millions de dollars sur 4 ans, il d&eacute;passe le safety <a href=\"https:\/\/theplayoffs.news\/fr\/joueur\/antoine-winfield-jr-nfl-8069580\/\" class=\"trk-cta-link\" data-cta-trk='{\"ctaType\":\"Link\",\"ctaSubType\":\"main\"}'>Antoine Winfield Jr<\/a>, et le corner <a href=\"https:\/\/theplayoffs.news\/fr\/joueur\/jaire-alexander-nfl-7790858\/\" class=\"trk-cta-link\" data-cta-trk='{\"ctaType\":\"Link\",\"ctaSubType\":\"main\"}'>Jaire Alexander<\/a>.<\/h2><p class=\"nfl-c-article__title\">&nbsp;La r&eacute;cente ren&eacute;gociation des droits tv de la NFL permet aux joueurs de voir leurs salaires exploser les uns apr&egrave;s les autres. Aujourd&rsquo;hui, c&rsquo;est au tour de <a href=\"https:\/\/theplayoffs.news\/fr\/joueur\/pat-surtain-ii-nfl-8744024\/\" class=\"trk-cta-link\" data-cta-trk='{\"ctaType\":\"Link\",\"ctaSubType\":\"main\"}'>Patrick Surtain II<\/a> de toucher le gros lot. 9e choix de la draft 2021, il a progress&eacute; &agrave; vitesse grand v, lui permettant d&rsquo;&ecirc;tre s&eacute;lectionn&eacute; au Pro Bowl lors des deux derni&egrave;res saisons.<\/p><blockquote class=\"twitter-tweet\" data-width=\"500\" data-dnt=\"true\">\n<p lang=\"en\" dir=\"ltr\">ESPN Sources: Denver Broncos and two-time Pro-Bowl CB Patrick Surtain ll reached agreement today on a four-year, $96 million extension that includes $77.5 million guaranteed, now making him the highest-paid defensive back in NFL history.<\/p>\n<p>Tory Dandy of CAA negotiated the deal. <a href=\"https:\/\/t.co\/RF8NaAWMuG\" class=\"trk-cta-link\" data-cta-trk='{\"ctaType\":\"Link\",\"ctaSubType\":\"main\"}'>pic.twitter.com\/RF8NaAWMuG<\/a><\/p>\n<p>&mdash; Adam Schefter (@AdamSchefter) <a href=\"https:\/\/twitter.com\/AdamSchefter\/status\/1831321663482343614?ref_src=twsrc%5Etfw\" class=\"trk-cta-link\" data-cta-trk='{\"ctaType\":\"Link\",\"ctaSubType\":\"main\"}'>September 4, 2024<\/a><\/p><\/blockquote><p><script async src=\"https:\/\/platform.twitter.com\/widgets.js\" charset=\"utf-8\"><\/script><\/p><p>&Agrave; 24 ans, il est d&eacute;j&agrave; un des tout meilleur &agrave; son post, et rend la vie des receveurs de plus en plus difficile. Durant ses trois premi&egrave;res saisons dans le Colorado,&nbsp;il cumule 50 matchs, 7 interceptions et 36 passes d&eacute;fendues.<\/p><p>&nbsp;<\/p><p>Cr&eacute;dit photo : Pool Photo-Imagn Images<\/p>\n","protected":false},"excerpt":{"rendered":"","protected":false},"author":180310258,"featured_media":1455671,"comment_status":"open","ping_status":"closed","sticky":false,"template":"","format":"standard","meta":{"inline_featured_image":false,"kia_subtitle":"","_mux_skip_reasons":[],"proofreadBy":0,"footnotes":""},"categories":[118,40],"tags":[926,2341],"sport":[2785],"saison":[],"class_list":["post-1455670","post","type-post","status-publish","format-standard","has-post-thumbnail","hentry","category-actualite-nfl","category-nfl","tag-denver-broncos","tag-patrick-surtain-ii","sport-nfl"],"acf":[],"yoast_head":"<!-- This site is optimized with the Yoast SEO plugin v24.2 - https:\/\/yoast.com\/wordpress\/plugins\/seo\/ -->\n<title>Patrick Surtain II signe un contrat historique - The Playoffs FR<\/title>\n<meta name=\"robots\" content=\"index, follow, max-snippet:-1, max-image-preview:large, max-video-preview:-1\" \/>\n<link rel=\"canonical\" href=\"https:\/\/theplayoffs.news\/fr\/actualite-nfl\/patrick-surtain-ii-signe-un-contrat-historique\/\" \/>\n<meta property=\"og:locale\" content=\"fr_FR\" \/>\n<meta property=\"og:type\" content=\"article\" \/>\n<meta property=\"og:title\" content=\"Patrick Surtain II signe un contrat historique - The Playoffs FR\" \/>\n<meta property=\"og:url\" content=\"https:\/\/theplayoffs.news\/fr\/actualite-nfl\/patrick-surtain-ii-signe-un-contrat-historique\/\" \/>\n<meta property=\"og:site_name\" content=\"The Playoffs FR\" \/>\n<meta property=\"article:publisher\" content=\"https:\/\/www.facebook.com\/TheFreeAgentFR\/\" \/>\n<meta property=\"article:modified_time\" content=\"2024-09-04T17:06:09+02:00\" \/>\n<meta property=\"og:image\" content=\"https:\/\/theplayoffs.news\/fr\/wp-content\/uploads\/2024\/09\/USATSI_15987696.jpg\" \/>\n\t<meta property=\"og:image:width\" content=\"1920\" \/>\n\t<meta property=\"og:image:height\" content=\"1280\" \/>\n\t<meta property=\"og:image:type\" content=\"image\/jpeg\" \/>\n<meta name=\"author\" content=\"Raphael Pascal\" \/>\n<meta name=\"twitter:card\" content=\"summary_large_image\" \/>\n<meta name=\"twitter:creator\" content=\"@raph_psc\" \/>\n<meta name=\"twitter:site\" content=\"@TheFreeAgentFR\" \/>\n<meta name=\"twitter:label1\" content=\"\u00c9crit par\" \/>\n\t<meta name=\"twitter:data1\" content=\"Raphael Pascal\" \/>\n\t<meta name=\"twitter:label2\" content=\"Dur\u00e9e de lecture estim\u00e9e\" \/>\n\t<meta name=\"twitter:data2\" content=\"1 minute\" \/>\n<script type=\"application\/ld+json\" class=\"yoast-schema-graph\">{\"@context\":\"https:\/\/schema.org\",\"@graph\":[{\"@type\":\"WebPage\",\"@id\":\"https:\/\/theplayoffs.news\/fr\/actualite-nfl\/patrick-surtain-ii-signe-un-contrat-historique\/\",\"url\":\"https:\/\/theplayoffs.news\/fr\/actualite-nfl\/patrick-surtain-ii-signe-un-contrat-historique\/\",\"name\":\"Patrick Surtain II signe un contrat historique - The Playoffs FR\",\"isPartOf\":{\"@id\":\"https:\/\/theplayoffs.news\/fr\/#website\"},\"primaryImageOfPage\":{\"@id\":\"https:\/\/theplayoffs.news\/fr\/actualite-nfl\/patrick-surtain-ii-signe-un-contrat-historique\/#primaryimage\"},\"image\":{\"@id\":\"https:\/\/theplayoffs.news\/fr\/actualite-nfl\/patrick-surtain-ii-signe-un-contrat-historique\/#primaryimage\"},\"thumbnailUrl\":\"https:\/\/theplayoffs.news\/fr\/wp-content\/uploads\/2024\/09\/USATSI_15987696.jpg\",\"datePublished\":\"2024-09-04T15:06:09+00:00\",\"dateModified\":\"2024-09-04T15:06:09+00:00\",\"author\":{\"@id\":\"https:\/\/theplayoffs.news\/fr\/#\/schema\/person\/485c897926bddfb30c4c48ac6ef84900\"},\"breadcrumb\":{\"@id\":\"https:\/\/theplayoffs.news\/fr\/actualite-nfl\/patrick-surtain-ii-signe-un-contrat-historique\/#breadcrumb\"},\"inLanguage\":\"fr-FR\",\"potentialAction\":[{\"@type\":\"ReadAction\",\"target\":[\"https:\/\/theplayoffs.news\/fr\/actualite-nfl\/patrick-surtain-ii-signe-un-contrat-historique\/\"]}]},{\"@type\":\"ImageObject\",\"inLanguage\":\"fr-FR\",\"@id\":\"https:\/\/theplayoffs.news\/fr\/actualite-nfl\/patrick-surtain-ii-signe-un-contrat-historique\/#primaryimage\",\"url\":\"https:\/\/theplayoffs.news\/fr\/wp-content\/uploads\/2024\/09\/USATSI_15987696.jpg\",\"contentUrl\":\"https:\/\/theplayoffs.news\/fr\/wp-content\/uploads\/2024\/09\/USATSI_15987696.jpg\",\"width\":1920,\"height\":1280,\"caption\":\"Apr 29, 2021; Cleveland, OH, USA; Alabama cornerback Patrick Surtain II holds up his phone as he appears on the Red Carpet at the Rock &amp; Roll Hall of Fame before the first round of the 2021 NFL football draft, Thursday, April 29, 2021, in Cleveland. Mandatory Credit: David Dermer\/Pool Photo-USA TODAY Sports\"},{\"@type\":\"BreadcrumbList\",\"@id\":\"https:\/\/theplayoffs.news\/fr\/actualite-nfl\/patrick-surtain-ii-signe-un-contrat-historique\/#breadcrumb\",\"itemListElement\":[{\"@type\":\"ListItem\",\"position\":1,\"name\":\"Accueil\",\"item\":\"https:\/\/theplayoffs.news\/fr\/\"},{\"@type\":\"ListItem\",\"position\":2,\"name\":\"Patrick Surtain II signe un contrat historique\"}]},{\"@type\":\"WebSite\",\"@id\":\"https:\/\/theplayoffs.news\/fr\/#website\",\"url\":\"https:\/\/theplayoffs.news\/fr\/\",\"name\":\"The Playoffs FR\",\"description\":\"NBA-NFL-NHL-MLB\",\"potentialAction\":[{\"@type\":\"SearchAction\",\"target\":{\"@type\":\"EntryPoint\",\"urlTemplate\":\"https:\/\/theplayoffs.news\/fr\/?s={search_term_string}\"},\"query-input\":{\"@type\":\"PropertyValueSpecification\",\"valueRequired\":true,\"valueName\":\"search_term_string\"}}],\"inLanguage\":\"fr-FR\"},{\"@type\":\"Person\",\"@id\":\"https:\/\/theplayoffs.news\/fr\/#\/schema\/person\/485c897926bddfb30c4c48ac6ef84900\",\"name\":\"Raphael Pascal\",\"image\":{\"@type\":\"ImageObject\",\"inLanguage\":\"fr-FR\",\"@id\":\"https:\/\/theplayoffs.news\/fr\/#\/schema\/person\/image\/\",\"url\":\"https:\/\/secure.gravatar.com\/avatar\/121ff11187bbf8567a6a8b88a345550217899606196c19205b2337f770b1af55?s=96&d=mm&r=g\",\"contentUrl\":\"https:\/\/secure.gravatar.com\/avatar\/121ff11187bbf8567a6a8b88a345550217899606196c19205b2337f770b1af55?s=96&d=mm&r=g\",\"caption\":\"Raphael Pascal\"},\"description\":\"Podcasteur, commentateur et r\u00e9dacteur NBA et NFL. Depuis toujours fan de sport, j\\\\'ai d\u00e9couvert la NBA et la NFL a 18 ans et \u00e7a a \u00e9t\u00e9 un coup de c\u0153ur. Les Bucks et les Spurs m\\\\'ont fait d\u00e9couvrir la NBA et m\\\\'ont donn\u00e9 cet amour pour ce sport. Et pour la NFL, c\\\\'est le Superbowl perdu par les Chiefs face \u00e0 Tempa Bay qui m\\\\'a fait d\u00e9couvrir ce sport. Depuis, je suis fan de KC. Ce que j\\\\'aime le plus c\\\\'est les \u00e9missions \/ podcadts, car c\\\\'est un moment convivial o\u00f9 l\\\\'on peut donner des informations, mais cela permet aussi de pouvoir \u00e9changer et d\u00e9battre et c\\\\'est toujours passionnant. Rejoignez nous les jeudis \u00e0 19h chaque semaine pour une \u00e9mission NBA en direct sur Twitch, on sera ravi de pouvoir partager ces moments avec vous, et pouvoir r\u00e9pondre \u00e0 vos questions.\",\"sameAs\":[\"https:\/\/www.instagram.com\/raph_psc\/\",\"https:\/\/x.com\/raph_psc\"],\"url\":\"https:\/\/theplayoffs.news\/fr\/author\/rpascal-newsgmail-com\/\"}]}<\/script>\n<!-- \/ Yoast SEO plugin. -->","yoast_head_json":{"title":"Patrick Surtain II signe un contrat historique - The Playoffs FR","robots":{"index":"index","follow":"follow","max-snippet":"max-snippet:-1","max-image-preview":"max-image-preview:large","max-video-preview":"max-video-preview:-1"},"canonical":"https:\/\/theplayoffs.news\/fr\/actualite-nfl\/patrick-surtain-ii-signe-un-contrat-historique\/","og_locale":"fr_FR","og_type":"article","og_title":"Patrick Surtain II signe un contrat historique - The Playoffs FR","og_url":"https:\/\/theplayoffs.news\/fr\/actualite-nfl\/patrick-surtain-ii-signe-un-contrat-historique\/","og_site_name":"The Playoffs FR","article_publisher":"https:\/\/www.facebook.com\/TheFreeAgentFR\/","og_image":[{"width":1920,"height":1280,"url":"https:\/\/theplayoffs.news\/fr\/wp-content\/uploads\/2024\/09\/USATSI_15987696.jpg","type":"image\/jpeg"}],"author":"Raphael Pascal","twitter_card":"summary_large_image","twitter_creator":"@raph_psc","twitter_site":"@TheFreeAgentFR","twitter_misc":{"\u00c9crit par":"Raphael Pascal","Dur\u00e9e de lecture estim\u00e9e":"1 minute"},"schema":{"@context":"https:\/\/schema.org","@graph":[{"@type":"WebPage","@id":"https:\/\/theplayoffs.news\/fr\/actualite-nfl\/patrick-surtain-ii-signe-un-contrat-historique\/","url":"https:\/\/theplayoffs.news\/fr\/actualite-nfl\/patrick-surtain-ii-signe-un-contrat-historique\/","name":"Patrick Surtain II signe un contrat historique - The Playoffs FR","isPartOf":{"@id":"https:\/\/theplayoffs.news\/fr\/#website"},"primaryImageOfPage":{"@id":"https:\/\/theplayoffs.news\/fr\/actualite-nfl\/patrick-surtain-ii-signe-un-contrat-historique\/#primaryimage"},"image":{"@id":"https:\/\/theplayoffs.news\/fr\/actualite-nfl\/patrick-surtain-ii-signe-un-contrat-historique\/#primaryimage"},"thumbnailUrl":"https:\/\/theplayoffs.news\/fr\/wp-content\/uploads\/2024\/09\/USATSI_15987696.jpg","datePublished":"2024-09-04T15:06:09+00:00","dateModified":"2024-09-04T15:06:09+00:00","author":{"@id":"https:\/\/theplayoffs.news\/fr\/#\/schema\/person\/485c897926bddfb30c4c48ac6ef84900"},"breadcrumb":{"@id":"https:\/\/theplayoffs.news\/fr\/actualite-nfl\/patrick-surtain-ii-signe-un-contrat-historique\/#breadcrumb"},"inLanguage":"fr-FR","potentialAction":[{"@type":"ReadAction","target":["https:\/\/theplayoffs.news\/fr\/actualite-nfl\/patrick-surtain-ii-signe-un-contrat-historique\/"]}]},{"@type":"ImageObject","inLanguage":"fr-FR","@id":"https:\/\/theplayoffs.news\/fr\/actualite-nfl\/patrick-surtain-ii-signe-un-contrat-historique\/#primaryimage","url":"https:\/\/theplayoffs.news\/fr\/wp-content\/uploads\/2024\/09\/USATSI_15987696.jpg","contentUrl":"https:\/\/theplayoffs.news\/fr\/wp-content\/uploads\/2024\/09\/USATSI_15987696.jpg","width":1920,"height":1280,"caption":"Apr 29, 2021; Cleveland, OH, USA; Alabama cornerback Patrick Surtain II holds up his phone as he appears on the Red Carpet at the Rock &amp; Roll Hall of Fame before the first round of the 2021 NFL football draft, Thursday, April 29, 2021, in Cleveland. Mandatory Credit: David Dermer\/Pool Photo-USA TODAY Sports"},{"@type":"BreadcrumbList","@id":"https:\/\/theplayoffs.news\/fr\/actualite-nfl\/patrick-surtain-ii-signe-un-contrat-historique\/#breadcrumb","itemListElement":[{"@type":"ListItem","position":1,"name":"Accueil","item":"https:\/\/theplayoffs.news\/fr\/"},{"@type":"ListItem","position":2,"name":"Patrick Surtain II signe un contrat historique"}]},{"@type":"WebSite","@id":"https:\/\/theplayoffs.news\/fr\/#website","url":"https:\/\/theplayoffs.news\/fr\/","name":"The Playoffs FR","description":"NBA-NFL-NHL-MLB","potentialAction":[{"@type":"SearchAction","target":{"@type":"EntryPoint","urlTemplate":"https:\/\/theplayoffs.news\/fr\/?s={search_term_string}"},"query-input":{"@type":"PropertyValueSpecification","valueRequired":true,"valueName":"search_term_string"}}],"inLanguage":"fr-FR"},{"@type":"Person","@id":"https:\/\/theplayoffs.news\/fr\/#\/schema\/person\/485c897926bddfb30c4c48ac6ef84900","name":"Raphael Pascal","image":{"@type":"ImageObject","inLanguage":"fr-FR","@id":"https:\/\/theplayoffs.news\/fr\/#\/schema\/person\/image\/","url":"https:\/\/secure.gravatar.com\/avatar\/121ff11187bbf8567a6a8b88a345550217899606196c19205b2337f770b1af55?s=96&d=mm&r=g","contentUrl":"https:\/\/secure.gravatar.com\/avatar\/121ff11187bbf8567a6a8b88a345550217899606196c19205b2337f770b1af55?s=96&d=mm&r=g","caption":"Raphael Pascal"},"description":"Podcasteur, commentateur et r\u00e9dacteur NBA et NFL. Depuis toujours fan de sport, j\\'ai d\u00e9couvert la NBA et la NFL a 18 ans et \u00e7a a \u00e9t\u00e9 un coup de c\u0153ur. Les Bucks et les Spurs m\\'ont fait d\u00e9couvrir la NBA et m\\'ont donn\u00e9 cet amour pour ce sport. Et pour la NFL, c\\'est le Superbowl perdu par les Chiefs face \u00e0 Tempa Bay qui m\\'a fait d\u00e9couvrir ce sport. Depuis, je suis fan de KC. Ce que j\\'aime le plus c\\'est les \u00e9missions \/ podcadts, car c\\'est un moment convivial o\u00f9 l\\'on peut donner des informations, mais cela permet aussi de pouvoir \u00e9changer et d\u00e9battre et c\\'est toujours passionnant. Rejoignez nous les jeudis \u00e0 19h chaque semaine pour une \u00e9mission NBA en direct sur Twitch, on sera ravi de pouvoir partager ces moments avec vous, et pouvoir r\u00e9pondre \u00e0 vos questions.","sameAs":["https:\/\/www.instagram.com\/raph_psc\/","https:\/\/x.com\/raph_psc"],"url":"https:\/\/theplayoffs.news\/fr\/author\/rpascal-newsgmail-com\/"}]}},"_links":{"self":[{"href":"https:\/\/theplayoffs.news\/fr\/wp-json\/wp\/v2\/posts\/1455670","targetHints":{"allow":["GET"]}}],"collection":[{"href":"https:\/\/theplayoffs.news\/fr\/wp-json\/wp\/v2\/posts"}],"about":[{"href":"https:\/\/theplayoffs.news\/fr\/wp-json\/wp\/v2\/types\/post"}],"author":[{"embeddable":true,"href":"https:\/\/theplayoffs.news\/fr\/wp-json\/wp\/v2\/users\/180310258"}],"replies":[{"embeddable":true,"href":"https:\/\/theplayoffs.news\/fr\/wp-json\/wp\/v2\/comments?post=1455670"}],"version-history":[{"count":2,"href":"https:\/\/theplayoffs.news\/fr\/wp-json\/wp\/v2\/posts\/1455670\/revisions"}],"predecessor-version":[{"id":1455677,"href":"https:\/\/theplayoffs.news\/fr\/wp-json\/wp\/v2\/posts\/1455670\/revisions\/1455677"}],"wp:featuredmedia":[{"embeddable":true,"href":"https:\/\/theplayoffs.news\/fr\/wp-json\/wp\/v2\/media\/1455671"}],"wp:attachment":[{"href":"https:\/\/theplayoffs.news\/fr\/wp-json\/wp\/v2\/media?parent=1455670"}],"wp:term":[{"taxonomy":"category","embeddable":true,"href":"https:\/\/theplayoffs.news\/fr\/wp-json\/wp\/v2\/categories?post=1455670"},{"taxonomy":"post_tag","embeddable":true,"href":"https:\/\/theplayoffs.news\/fr\/wp-json\/wp\/v2\/tags?post=1455670"},{"taxonomy":"sport","embeddable":true,"href":"https:\/\/theplayoffs.news\/fr\/wp-json\/wp\/v2\/sport?post=1455670"},{"taxonomy":"saison","embeddable":true,"href":"https:\/\/theplayoffs.news\/fr\/wp-json\/wp\/v2\/saison?post=1455670"}],"curies":[{"name":"wp","href":"https:\/\/api.w.org\/{rel}","templated":true}]}}