{"id":1455591,"date":"2024-09-04T10:31:00","date_gmt":"2024-09-04T08:31:00","guid":{"rendered":"https:\/\/theplayoffs.news\/fr\/?p=1455591"},"modified":"2024-09-04T10:31:00","modified_gmt":"2024-09-04T08:31:00","slug":"indiana-fever-de-retour-en-playoffs-wnba","status":"publish","type":"post","link":"https:\/\/theplayoffs.news\/fr\/wnba\/indiana-fever-de-retour-en-playoffs-wnba\/","title":{"rendered":"Indiana Fever de retour en playoffs WNBA."},"content":{"rendered":"<h2><a href=\"https:\/\/theplayoffs.news\/fr\/wnba\/caitlin-clark-sempare-du-record-de-3-points-par-une-rookie\/\" class=\"trk-cta-link\" data-cta-trk='{\"ctaType\":\"Link\",\"ctaSubType\":\"main\"}'>WNBA<\/a> &ndash; La saison r&eacute;guli&egrave;re est bient&ocirc;t termin&eacute;e et les &eacute;quipes se qualifiant pour les playoffs se d&eacute;voilent petit &agrave; petit. La nuit derni&egrave;re, c&rsquo;est le Fever qui a d&eacute;croch&eacute; son ticket pour la suite des hostilit&eacute;s.<\/h2><p>&nbsp;<\/p><p>Huit ans.<\/p><p>Voil&agrave; la p&eacute;riode de disette sans playoffs pour les fans du Fever, dans cet &eacute;tat du Texas amoureux du basketball.<\/p><p>Mais cette longue travers&eacute;e du d&eacute;sert s&rsquo;est achev&eacute;e la nuit derni&egrave;re, alors m&ecirc;me que les co&eacute;quipi&egrave;res de Caitlin Clark n&rsquo;ont pas jou&eacute;. En effet, avec les d&eacute;faites cumul&eacute;es du Sky de Chicago et du Dream d&rsquo;Atlanta, deux &eacute;quipes contre qui le Fever d&eacute;tient le &laquo;&nbsp;<em>tie-breaker<\/em>&laquo;&nbsp;, la franchise d&rsquo;Indianapolis valide donc sa place pour les playoffs.<\/p><p>\n<div id=\"attachment_1455595\" style=\"width: 970px\" class=\"wp-caption alignnone\"><img loading=\"lazy\" decoding=\"async\" aria-describedby=\"caption-attachment-1455595\" class=\"size-full wp-image-1455595\" src=\"https:\/\/theplayoffs.news\/fr\/wp-content\/uploads\/2024\/09\/GWmozuAW8AA2rzs.jpg\" alt=\"\" width=\"960\" height=\"1200\" srcset=\"https:\/\/theplayoffs.news\/fr\/wp-content\/uploads\/2024\/09\/GWmozuAW8AA2rzs.jpg 960w, https:\/\/theplayoffs.news\/fr\/wp-content\/uploads\/2024\/09\/GWmozuAW8AA2rzs-240x300.jpg 240w, https:\/\/theplayoffs.news\/fr\/wp-content\/uploads\/2024\/09\/GWmozuAW8AA2rzs-824x1030.jpg 824w, https:\/\/theplayoffs.news\/fr\/wp-content\/uploads\/2024\/09\/GWmozuAW8AA2rzs-768x960.jpg 768w\" sizes=\"auto, (max-width: 960px) 100vw, 960px\" \/><p id=\"caption-attachment-1455595\" class=\"wp-caption-text\"><em>Compte X de la WNBA.<\/em><\/p><\/div>\n<\/p><p>&nbsp;<\/p><p>Cette p&eacute;riode d&rsquo;absence des playoffs WNBA correspond &agrave; la plus longue de l&rsquo;histoire de la ligue. Avant le Fever, le Chicago Sky avait rat&eacute; les playoffs lors de ses sept premi&egrave;res saisons dans la ligue.<\/p><p>La derni&egrave;re fois qu&rsquo;Indiana a particip&eacute; aux s&eacute;ries &eacute;liminatoires, c&rsquo;&eacute;tait en 2016, et l&rsquo;&eacute;quipe fut &eacute;limin&eacute;e au premier tour.<\/p><h3><strong>Encore une seule place en playoffs &agrave; d&eacute;crocher.<\/strong><\/h3><p>Le Fever devient la sixi&egrave;me &eacute;quipe &agrave; d&eacute;crocher une place en playoffs cette saison, rejoignant le New York Liberty, le Connecticut Sun, le Minnesota Lynx, le Seattle Storm et les Aces de Las Vegas.<\/p><p>Au cours de cette nuit, le Mercury a &eacute;galement d&eacute;croch&eacute; son ticket en playoffs gr&acirc;ce &agrave; leur victoire &agrave; domicile (contre Atlanta) et &agrave; la d&eacute;faite de Chicago &agrave; Las Vegas .<\/p><p>Il reste donc une seule place pour les playoffs, qui d&eacute;buteront le 22 septembre, avec un premier tour au meilleur des trois matchs.<\/p><p>\n<div id=\"attachment_1455187\" style=\"width: 1930px\" class=\"wp-caption alignnone\"><img loading=\"lazy\" decoding=\"async\" aria-describedby=\"caption-attachment-1455187\" class=\"size-full wp-image-1455187\" src=\"https:\/\/theplayoffs.news\/fr\/wp-content\/uploads\/2024\/09\/USATSI_23711048.jpg\" alt=\"WNBA\" width=\"1920\" height=\"1280\" srcset=\"https:\/\/theplayoffs.news\/fr\/wp-content\/uploads\/2024\/09\/USATSI_23711048.jpg 1920w, https:\/\/theplayoffs.news\/fr\/wp-content\/uploads\/2024\/09\/USATSI_23711048-300x200.jpg 300w, https:\/\/theplayoffs.news\/fr\/wp-content\/uploads\/2024\/09\/USATSI_23711048-1030x687.jpg 1030w, https:\/\/theplayoffs.news\/fr\/wp-content\/uploads\/2024\/09\/USATSI_23711048-768x512.jpg 768w, https:\/\/theplayoffs.news\/fr\/wp-content\/uploads\/2024\/09\/USATSI_23711048-1320x880.jpg 1320w\" sizes=\"auto, (max-width: 1920px) 100vw, 1920px\" \/><p id=\"caption-attachment-1455187\" class=\"wp-caption-text\">Jul 9, 2024;&nbsp; Mandatory Credit: Kirby Lee-USA TODAY Sports<\/p><\/div>\n<\/p><p>&nbsp;<\/p><h6 style=\"text-align: right;\"><em>Source : <a href=\"https:\/\/sports.yahoo.com\/indiana-fever-and-caitlin-clark-clinch-playoff-spot-snap-longest-active-postseason-drought-in-wnba-history-040034771.html\" class=\"trk-cta-link\" data-cta-trk='{\"ctaType\":\"Link\",\"ctaSubType\":\"main\"}'>yahoo sports.<\/a><\/em><\/h6>\n","protected":false},"excerpt":{"rendered":"","protected":false},"author":180310001,"featured_media":1455599,"comment_status":"open","ping_status":"closed","sticky":false,"template":"","format":"standard","meta":{"inline_featured_image":false,"kia_subtitle":"","_mux_skip_reasons":[],"proofreadBy":0,"footnotes":""},"categories":[143],"tags":[7134,7249,1254],"sport":[2902],"saison":[6111],"class_list":["post-1455591","post","type-post","status-publish","format-standard","has-post-thumbnail","hentry","category-wnba","tag-caitlin-clark","tag-fever","tag-indiana","sport-wnba","saison-6111"],"acf":[],"yoast_head":"<!-- This site is optimized with the Yoast SEO plugin v24.2 - https:\/\/yoast.com\/wordpress\/plugins\/seo\/ -->\n<title>Indiana Fever de retour en playoffs WNBA. - The Playoffs FR<\/title>\n<meta name=\"robots\" content=\"index, follow, max-snippet:-1, max-image-preview:large, max-video-preview:-1\" \/>\n<link rel=\"canonical\" href=\"https:\/\/theplayoffs.news\/fr\/wnba\/indiana-fever-de-retour-en-playoffs-wnba\/\" \/>\n<meta property=\"og:locale\" content=\"fr_FR\" \/>\n<meta property=\"og:type\" content=\"article\" \/>\n<meta property=\"og:title\" content=\"Indiana Fever de retour en playoffs WNBA. - The Playoffs FR\" \/>\n<meta property=\"og:url\" content=\"https:\/\/theplayoffs.news\/fr\/wnba\/indiana-fever-de-retour-en-playoffs-wnba\/\" \/>\n<meta property=\"og:site_name\" content=\"The Playoffs FR\" \/>\n<meta property=\"article:publisher\" content=\"https:\/\/www.facebook.com\/TheFreeAgentFR\/\" \/>\n<meta property=\"article:modified_time\" content=\"2024-09-04T10:31:00+02:00\" \/>\n<meta property=\"og:image\" content=\"https:\/\/theplayoffs.news\/fr\/wp-content\/uploads\/2024\/09\/USATSI_24115980_168402440_lowres.jpg\" \/>\n\t<meta property=\"og:image:width\" content=\"1920\" \/>\n\t<meta property=\"og:image:height\" content=\"1280\" \/>\n\t<meta property=\"og:image:type\" content=\"image\/jpeg\" \/>\n<meta name=\"author\" content=\"Christopher Marrec-Top\" \/>\n<meta name=\"twitter:card\" content=\"summary_large_image\" \/>\n<meta name=\"twitter:creator\" content=\"@TheFreeAgentFR\" \/>\n<meta name=\"twitter:site\" content=\"@TheFreeAgentFR\" \/>\n<meta name=\"twitter:label1\" content=\"\u00c9crit par\" \/>\n\t<meta name=\"twitter:data1\" content=\"Christopher Marrec-Top\" \/>\n\t<meta name=\"twitter:label2\" content=\"Dur\u00e9e de lecture estim\u00e9e\" \/>\n\t<meta name=\"twitter:data2\" content=\"2 minutes\" \/>\n<script type=\"application\/ld+json\" class=\"yoast-schema-graph\">{\"@context\":\"https:\/\/schema.org\",\"@graph\":[{\"@type\":\"WebPage\",\"@id\":\"https:\/\/theplayoffs.news\/fr\/wnba\/indiana-fever-de-retour-en-playoffs-wnba\/\",\"url\":\"https:\/\/theplayoffs.news\/fr\/wnba\/indiana-fever-de-retour-en-playoffs-wnba\/\",\"name\":\"Indiana Fever de retour en playoffs WNBA. - The Playoffs FR\",\"isPartOf\":{\"@id\":\"https:\/\/theplayoffs.news\/fr\/#website\"},\"primaryImageOfPage\":{\"@id\":\"https:\/\/theplayoffs.news\/fr\/wnba\/indiana-fever-de-retour-en-playoffs-wnba\/#primaryimage\"},\"image\":{\"@id\":\"https:\/\/theplayoffs.news\/fr\/wnba\/indiana-fever-de-retour-en-playoffs-wnba\/#primaryimage\"},\"thumbnailUrl\":\"https:\/\/theplayoffs.news\/fr\/wp-content\/uploads\/2024\/09\/USATSI_24115980_168402440_lowres.jpg\",\"datePublished\":\"2024-09-04T08:31:00+00:00\",\"dateModified\":\"2024-09-04T08:31:00+00:00\",\"author\":{\"@id\":\"https:\/\/theplayoffs.news\/fr\/#\/schema\/person\/863ce84969b07bfc09ef81750720e42a\"},\"breadcrumb\":{\"@id\":\"https:\/\/theplayoffs.news\/fr\/wnba\/indiana-fever-de-retour-en-playoffs-wnba\/#breadcrumb\"},\"inLanguage\":\"fr-FR\",\"potentialAction\":[{\"@type\":\"ReadAction\",\"target\":[\"https:\/\/theplayoffs.news\/fr\/wnba\/indiana-fever-de-retour-en-playoffs-wnba\/\"]}]},{\"@type\":\"ImageObject\",\"inLanguage\":\"fr-FR\",\"@id\":\"https:\/\/theplayoffs.news\/fr\/wnba\/indiana-fever-de-retour-en-playoffs-wnba\/#primaryimage\",\"url\":\"https:\/\/theplayoffs.news\/fr\/wp-content\/uploads\/2024\/09\/USATSI_24115980_168402440_lowres.jpg\",\"contentUrl\":\"https:\/\/theplayoffs.news\/fr\/wp-content\/uploads\/2024\/09\/USATSI_24115980_168402440_lowres.jpg\",\"width\":1920,\"height\":1280,\"caption\":\"Aug 30, 2024; Chicago, Illinois, USA; Indiana Fever guard Caitlin Clark (22) brings the ball up court against the Chicago Sky during the first half at Wintrust Arena. Mandatory Credit: Kamil Krzaczynski-USA TODAY Sports\"},{\"@type\":\"BreadcrumbList\",\"@id\":\"https:\/\/theplayoffs.news\/fr\/wnba\/indiana-fever-de-retour-en-playoffs-wnba\/#breadcrumb\",\"itemListElement\":[{\"@type\":\"ListItem\",\"position\":1,\"name\":\"Accueil\",\"item\":\"https:\/\/theplayoffs.news\/fr\/\"},{\"@type\":\"ListItem\",\"position\":2,\"name\":\"Indiana Fever de retour en playoffs WNBA.\"}]},{\"@type\":\"WebSite\",\"@id\":\"https:\/\/theplayoffs.news\/fr\/#website\",\"url\":\"https:\/\/theplayoffs.news\/fr\/\",\"name\":\"The Playoffs FR\",\"description\":\"NBA-NFL-NHL-MLB\",\"potentialAction\":[{\"@type\":\"SearchAction\",\"target\":{\"@type\":\"EntryPoint\",\"urlTemplate\":\"https:\/\/theplayoffs.news\/fr\/?s={search_term_string}\"},\"query-input\":{\"@type\":\"PropertyValueSpecification\",\"valueRequired\":true,\"valueName\":\"search_term_string\"}}],\"inLanguage\":\"fr-FR\"},{\"@type\":\"Person\",\"@id\":\"https:\/\/theplayoffs.news\/fr\/#\/schema\/person\/863ce84969b07bfc09ef81750720e42a\",\"name\":\"Christopher Marrec-Top\",\"image\":{\"@type\":\"ImageObject\",\"inLanguage\":\"fr-FR\",\"@id\":\"https:\/\/theplayoffs.news\/fr\/#\/schema\/person\/image\/\",\"url\":\"https:\/\/secure.gravatar.com\/avatar\/3102192a417211661aecac9ec415c973058438e49145f224d4e3273853f80021?s=96&d=mm&r=g\",\"contentUrl\":\"https:\/\/secure.gravatar.com\/avatar\/3102192a417211661aecac9ec415c973058438e49145f224d4e3273853f80021?s=96&d=mm&r=g\",\"caption\":\"Christopher Marrec-Top\"},\"description\":\"Christopher, 37 ans et biberonn\u00e9 au cidre et aux cr\u00eapes (rien de plus normal pour un breton). Animateur du podcast \\\\\\\"And One\\\\\\\", d\u00e9di\u00e9 \u00e0 l\u2019univers du basket (NBA, WNBA, Draft), et r\u00e9dacteur pour le site ThePlayoffs. Je suis entr\u00e9 dans le monde des m\u00e9dias il y a quelques ann\u00e9es en tant que novice, mais ma passion pour le sport m\u2019anime au quotidien. Admirateur inconditionnel d\\\\'un certain \\\\\\\"Chosen One\\\\\\\", je l\\\\'ai particuli\u00e8rement suivi avec un maillot noir orn\u00e9 d\\\\'un grand C (avec le maillot \\\\\\\"purple and gold\\\\\\\" il se d\u00e9brouille toujours pas trop mal). Amoureux du sport am\u00e9ricain dans son ensemble, je reste fid\u00e8le \u00e0 la discipline fond\u00e9e par James Naismith. ENJOY !! Et longue vie \u00e0 ThePlayoffs !\",\"url\":\"https:\/\/theplayoffs.news\/fr\/author\/christophertop\/\"}]}<\/script>\n<!-- \/ Yoast SEO plugin. -->","yoast_head_json":{"title":"Indiana Fever de retour en playoffs WNBA. - The Playoffs FR","robots":{"index":"index","follow":"follow","max-snippet":"max-snippet:-1","max-image-preview":"max-image-preview:large","max-video-preview":"max-video-preview:-1"},"canonical":"https:\/\/theplayoffs.news\/fr\/wnba\/indiana-fever-de-retour-en-playoffs-wnba\/","og_locale":"fr_FR","og_type":"article","og_title":"Indiana Fever de retour en playoffs WNBA. - The Playoffs FR","og_url":"https:\/\/theplayoffs.news\/fr\/wnba\/indiana-fever-de-retour-en-playoffs-wnba\/","og_site_name":"The Playoffs FR","article_publisher":"https:\/\/www.facebook.com\/TheFreeAgentFR\/","og_image":[{"width":1920,"height":1280,"url":"https:\/\/theplayoffs.news\/fr\/wp-content\/uploads\/2024\/09\/USATSI_24115980_168402440_lowres.jpg","type":"image\/jpeg"}],"author":"Christopher Marrec-Top","twitter_card":"summary_large_image","twitter_creator":"@TheFreeAgentFR","twitter_site":"@TheFreeAgentFR","twitter_misc":{"\u00c9crit par":"Christopher Marrec-Top","Dur\u00e9e de lecture estim\u00e9e":"2 minutes"},"schema":{"@context":"https:\/\/schema.org","@graph":[{"@type":"WebPage","@id":"https:\/\/theplayoffs.news\/fr\/wnba\/indiana-fever-de-retour-en-playoffs-wnba\/","url":"https:\/\/theplayoffs.news\/fr\/wnba\/indiana-fever-de-retour-en-playoffs-wnba\/","name":"Indiana Fever de retour en playoffs WNBA. - The Playoffs FR","isPartOf":{"@id":"https:\/\/theplayoffs.news\/fr\/#website"},"primaryImageOfPage":{"@id":"https:\/\/theplayoffs.news\/fr\/wnba\/indiana-fever-de-retour-en-playoffs-wnba\/#primaryimage"},"image":{"@id":"https:\/\/theplayoffs.news\/fr\/wnba\/indiana-fever-de-retour-en-playoffs-wnba\/#primaryimage"},"thumbnailUrl":"https:\/\/theplayoffs.news\/fr\/wp-content\/uploads\/2024\/09\/USATSI_24115980_168402440_lowres.jpg","datePublished":"2024-09-04T08:31:00+00:00","dateModified":"2024-09-04T08:31:00+00:00","author":{"@id":"https:\/\/theplayoffs.news\/fr\/#\/schema\/person\/863ce84969b07bfc09ef81750720e42a"},"breadcrumb":{"@id":"https:\/\/theplayoffs.news\/fr\/wnba\/indiana-fever-de-retour-en-playoffs-wnba\/#breadcrumb"},"inLanguage":"fr-FR","potentialAction":[{"@type":"ReadAction","target":["https:\/\/theplayoffs.news\/fr\/wnba\/indiana-fever-de-retour-en-playoffs-wnba\/"]}]},{"@type":"ImageObject","inLanguage":"fr-FR","@id":"https:\/\/theplayoffs.news\/fr\/wnba\/indiana-fever-de-retour-en-playoffs-wnba\/#primaryimage","url":"https:\/\/theplayoffs.news\/fr\/wp-content\/uploads\/2024\/09\/USATSI_24115980_168402440_lowres.jpg","contentUrl":"https:\/\/theplayoffs.news\/fr\/wp-content\/uploads\/2024\/09\/USATSI_24115980_168402440_lowres.jpg","width":1920,"height":1280,"caption":"Aug 30, 2024; Chicago, Illinois, USA; Indiana Fever guard Caitlin Clark (22) brings the ball up court against the Chicago Sky during the first half at Wintrust Arena. Mandatory Credit: Kamil Krzaczynski-USA TODAY Sports"},{"@type":"BreadcrumbList","@id":"https:\/\/theplayoffs.news\/fr\/wnba\/indiana-fever-de-retour-en-playoffs-wnba\/#breadcrumb","itemListElement":[{"@type":"ListItem","position":1,"name":"Accueil","item":"https:\/\/theplayoffs.news\/fr\/"},{"@type":"ListItem","position":2,"name":"Indiana Fever de retour en playoffs WNBA."}]},{"@type":"WebSite","@id":"https:\/\/theplayoffs.news\/fr\/#website","url":"https:\/\/theplayoffs.news\/fr\/","name":"The Playoffs FR","description":"NBA-NFL-NHL-MLB","potentialAction":[{"@type":"SearchAction","target":{"@type":"EntryPoint","urlTemplate":"https:\/\/theplayoffs.news\/fr\/?s={search_term_string}"},"query-input":{"@type":"PropertyValueSpecification","valueRequired":true,"valueName":"search_term_string"}}],"inLanguage":"fr-FR"},{"@type":"Person","@id":"https:\/\/theplayoffs.news\/fr\/#\/schema\/person\/863ce84969b07bfc09ef81750720e42a","name":"Christopher Marrec-Top","image":{"@type":"ImageObject","inLanguage":"fr-FR","@id":"https:\/\/theplayoffs.news\/fr\/#\/schema\/person\/image\/","url":"https:\/\/secure.gravatar.com\/avatar\/3102192a417211661aecac9ec415c973058438e49145f224d4e3273853f80021?s=96&d=mm&r=g","contentUrl":"https:\/\/secure.gravatar.com\/avatar\/3102192a417211661aecac9ec415c973058438e49145f224d4e3273853f80021?s=96&d=mm&r=g","caption":"Christopher Marrec-Top"},"description":"Christopher, 37 ans et biberonn\u00e9 au cidre et aux cr\u00eapes (rien de plus normal pour un breton). Animateur du podcast \\\"And One\\\", d\u00e9di\u00e9 \u00e0 l\u2019univers du basket (NBA, WNBA, Draft), et r\u00e9dacteur pour le site ThePlayoffs. Je suis entr\u00e9 dans le monde des m\u00e9dias il y a quelques ann\u00e9es en tant que novice, mais ma passion pour le sport m\u2019anime au quotidien. Admirateur inconditionnel d\\'un certain \\\"Chosen One\\\", je l\\'ai particuli\u00e8rement suivi avec un maillot noir orn\u00e9 d\\'un grand C (avec le maillot \\\"purple and gold\\\" il se d\u00e9brouille toujours pas trop mal). Amoureux du sport am\u00e9ricain dans son ensemble, je reste fid\u00e8le \u00e0 la discipline fond\u00e9e par James Naismith. ENJOY !! Et longue vie \u00e0 ThePlayoffs !","url":"https:\/\/theplayoffs.news\/fr\/author\/christophertop\/"}]}},"_links":{"self":[{"href":"https:\/\/theplayoffs.news\/fr\/wp-json\/wp\/v2\/posts\/1455591","targetHints":{"allow":["GET"]}}],"collection":[{"href":"https:\/\/theplayoffs.news\/fr\/wp-json\/wp\/v2\/posts"}],"about":[{"href":"https:\/\/theplayoffs.news\/fr\/wp-json\/wp\/v2\/types\/post"}],"author":[{"embeddable":true,"href":"https:\/\/theplayoffs.news\/fr\/wp-json\/wp\/v2\/users\/180310001"}],"replies":[{"embeddable":true,"href":"https:\/\/theplayoffs.news\/fr\/wp-json\/wp\/v2\/comments?post=1455591"}],"version-history":[{"count":5,"href":"https:\/\/theplayoffs.news\/fr\/wp-json\/wp\/v2\/posts\/1455591\/revisions"}],"predecessor-version":[{"id":1455608,"href":"https:\/\/theplayoffs.news\/fr\/wp-json\/wp\/v2\/posts\/1455591\/revisions\/1455608"}],"wp:featuredmedia":[{"embeddable":true,"href":"https:\/\/theplayoffs.news\/fr\/wp-json\/wp\/v2\/media\/1455599"}],"wp:attachment":[{"href":"https:\/\/theplayoffs.news\/fr\/wp-json\/wp\/v2\/media?parent=1455591"}],"wp:term":[{"taxonomy":"category","embeddable":true,"href":"https:\/\/theplayoffs.news\/fr\/wp-json\/wp\/v2\/categories?post=1455591"},{"taxonomy":"post_tag","embeddable":true,"href":"https:\/\/theplayoffs.news\/fr\/wp-json\/wp\/v2\/tags?post=1455591"},{"taxonomy":"sport","embeddable":true,"href":"https:\/\/theplayoffs.news\/fr\/wp-json\/wp\/v2\/sport?post=1455591"},{"taxonomy":"saison","embeddable":true,"href":"https:\/\/theplayoffs.news\/fr\/wp-json\/wp\/v2\/saison?post=1455591"}],"curies":[{"name":"wp","href":"https:\/\/api.w.org\/{rel}","templated":true}]}}