{"id":1455583,"date":"2024-09-04T10:12:24","date_gmt":"2024-09-04T08:12:24","guid":{"rendered":"https:\/\/theplayoffs.news\/fr\/?p=1455583"},"modified":"2024-09-04T10:12:24","modified_gmt":"2024-09-04T08:12:24","slug":"michael-carter-ii-prolonge-de-3-saisons-avec-les-jets","status":"publish","type":"post","link":"https:\/\/theplayoffs.news\/fr\/actualite-nfl\/michael-carter-ii-prolonge-de-3-saisons-avec-les-jets\/","title":{"rendered":"Michael Carter II prolonge de 3 saisons avec les Jets"},"content":{"rendered":"<h2>Micheal Carter II s&eacute;curis&eacute; par les New York Jets. Apr&egrave;s trois saisons pass&eacute;es dans la ligue, il s&rsquo;est affirm&eacute; comme l&rsquo;un des meilleurs cornerback de la ligue.<\/h2><p>Draft&eacute; par les Jets en 2021, <a href=\"https:\/\/theplayoffs.news\/fr\/joueur\/michael-carter-ii-nfl-8480912\/\" class=\"trk-cta-link\" data-cta-trk='{\"ctaType\":\"Link\",\"ctaSubType\":\"main\"}'>Michael Carter II<\/a> entrait dans la derni&egrave;re ann&eacute;e de son contrat rookie de 3,4 millions de dollars. En trois saisons, il s&rsquo;est impos&eacute; comme l&rsquo;un des meilleurs cornerback de la ligue. En cas de non-prolongation, il aurait &eacute;t&eacute; l&rsquo;un des joueurs les plus convoit&eacute;s de la free-agency 2025. La front office new-yorkais a donc logiquement souhait&eacute; verrouiller son joueur.<\/p><p>Michael Carter II prolonge donc de 3 saisons pour 30,75 millions de dollars, dont 19 millions de dollars garantis. Ce nouveau contrat fait de lui le corner le mieux pay&eacute; de la NFL. Ce deal prouve que sa franchise croit en lui, et souhaite capitaliser sur sa d&eacute;fense, qui &eacute;tait l&rsquo;une des meilleures de la ligue la saison derni&egrave;re.<\/p><blockquote class=\"twitter-tweet\" data-width=\"500\" data-dnt=\"true\">\n<p lang=\"en\" dir=\"ltr\">The <a href=\"https:\/\/twitter.com\/hashtag\/Jets?src=hash&amp;ref_src=twsrc%5Etfw\" class=\"trk-cta-link\" data-cta-trk='{\"ctaType\":\"Link\",\"ctaSubType\":\"main\"}'>#Jets<\/a> and CB Michael Carter II have reached agreement on a 3-year, $30.75M extension, per multiple reports. One of the best nickels in the league gets rewarded. <a href=\"https:\/\/t.co\/2Zr40bnCoT\" class=\"trk-cta-link\" data-cta-trk='{\"ctaType\":\"Link\",\"ctaSubType\":\"main\"}'>pic.twitter.com\/2Zr40bnCoT<\/a><\/p>\n<p>&mdash; Ari Meirov (@MySportsUpdate) <a href=\"https:\/\/twitter.com\/MySportsUpdate\/status\/1831101539567702048?ref_src=twsrc%5Etfw\" class=\"trk-cta-link\" data-cta-trk='{\"ctaType\":\"Link\",\"ctaSubType\":\"main\"}'>September 3, 2024<\/a><\/p><\/blockquote><p><script async src=\"https:\/\/platform.twitter.com\/widgets.js\" charset=\"utf-8\"><\/script><\/p><p>Son coach Robert Saleh <a href=\"https:\/\/www.espn.com\/nfl\/story\/_\/id\/41113317\/michael-carter-ii-agrees-extension-new-york-jets\" class=\"trk-cta-link\" data-cta-trk='{\"ctaType\":\"Link\",\"ctaSubType\":\"main\"}'>a d&rsquo;ailleurs r&eacute;cemment d&eacute;clar&eacute;<\/a> : &laquo;&nbsp;Il n&rsquo;est pas bling-bling, mais il est aussi fiable que n&rsquo;importe quel corner de la ligue.&nbsp;&raquo;<\/p><p>Bless&eacute; &agrave; la cheville lors du d&eacute;but du camp d&rsquo;entra&icirc;nement, Carter a fait son retour la semaine derni&egrave;re. Il sera disponible pour le premier match de la saison face aux 49ers de San Francisco.<\/p><p>&nbsp;<\/p><p>Cr&eacute;dit photo : Vincent Carchietta-Imagn Images<\/p>\n","protected":false},"excerpt":{"rendered":"","protected":false},"author":180310258,"featured_media":1455589,"comment_status":"open","ping_status":"closed","sticky":false,"template":"","format":"standard","meta":{"inline_featured_image":false,"kia_subtitle":"","_mux_skip_reasons":[],"proofreadBy":0,"footnotes":""},"categories":[118,40],"tags":[7684,732],"sport":[2785],"saison":[],"class_list":["post-1455583","post","type-post","status-publish","format-standard","has-post-thumbnail","hentry","category-actualite-nfl","category-nfl","tag-michael-carter-ii","tag-new-york-jets","sport-nfl"],"acf":[],"yoast_head":"<!-- This site is optimized with the Yoast SEO plugin v24.2 - https:\/\/yoast.com\/wordpress\/plugins\/seo\/ -->\n<title>Michael Carter II prolonge de 3 saisons avec les Jets - The Playoffs FR<\/title>\n<meta name=\"robots\" content=\"index, follow, max-snippet:-1, max-image-preview:large, max-video-preview:-1\" \/>\n<link rel=\"canonical\" href=\"https:\/\/theplayoffs.news\/fr\/actualite-nfl\/michael-carter-ii-prolonge-de-3-saisons-avec-les-jets\/\" \/>\n<meta property=\"og:locale\" content=\"fr_FR\" \/>\n<meta property=\"og:type\" content=\"article\" \/>\n<meta property=\"og:title\" content=\"Michael Carter II prolonge de 3 saisons avec les Jets - The Playoffs FR\" \/>\n<meta property=\"og:url\" content=\"https:\/\/theplayoffs.news\/fr\/actualite-nfl\/michael-carter-ii-prolonge-de-3-saisons-avec-les-jets\/\" \/>\n<meta property=\"og:site_name\" content=\"The Playoffs FR\" \/>\n<meta property=\"article:publisher\" content=\"https:\/\/www.facebook.com\/TheFreeAgentFR\/\" \/>\n<meta property=\"article:modified_time\" content=\"2024-09-04T10:12:24+02:00\" \/>\n<meta property=\"og:image\" content=\"https:\/\/theplayoffs.news\/fr\/wp-content\/uploads\/2024\/09\/USATSI_21659442.jpg\" \/>\n\t<meta property=\"og:image:width\" content=\"1920\" \/>\n\t<meta property=\"og:image:height\" content=\"1282\" \/>\n\t<meta property=\"og:image:type\" content=\"image\/jpeg\" \/>\n<meta name=\"author\" content=\"Raphael Pascal\" \/>\n<meta name=\"twitter:card\" content=\"summary_large_image\" \/>\n<meta name=\"twitter:creator\" content=\"@raph_psc\" \/>\n<meta name=\"twitter:site\" content=\"@TheFreeAgentFR\" \/>\n<meta name=\"twitter:label1\" content=\"\u00c9crit par\" \/>\n\t<meta name=\"twitter:data1\" content=\"Raphael Pascal\" \/>\n\t<meta name=\"twitter:label2\" content=\"Dur\u00e9e de lecture estim\u00e9e\" \/>\n\t<meta name=\"twitter:data2\" content=\"1 minute\" \/>\n<script type=\"application\/ld+json\" class=\"yoast-schema-graph\">{\"@context\":\"https:\/\/schema.org\",\"@graph\":[{\"@type\":\"WebPage\",\"@id\":\"https:\/\/theplayoffs.news\/fr\/actualite-nfl\/michael-carter-ii-prolonge-de-3-saisons-avec-les-jets\/\",\"url\":\"https:\/\/theplayoffs.news\/fr\/actualite-nfl\/michael-carter-ii-prolonge-de-3-saisons-avec-les-jets\/\",\"name\":\"Michael Carter II prolonge de 3 saisons avec les Jets - The Playoffs FR\",\"isPartOf\":{\"@id\":\"https:\/\/theplayoffs.news\/fr\/#website\"},\"primaryImageOfPage\":{\"@id\":\"https:\/\/theplayoffs.news\/fr\/actualite-nfl\/michael-carter-ii-prolonge-de-3-saisons-avec-les-jets\/#primaryimage\"},\"image\":{\"@id\":\"https:\/\/theplayoffs.news\/fr\/actualite-nfl\/michael-carter-ii-prolonge-de-3-saisons-avec-les-jets\/#primaryimage\"},\"thumbnailUrl\":\"https:\/\/theplayoffs.news\/fr\/wp-content\/uploads\/2024\/09\/USATSI_21659442.jpg\",\"datePublished\":\"2024-09-04T08:12:24+00:00\",\"dateModified\":\"2024-09-04T08:12:24+00:00\",\"author\":{\"@id\":\"https:\/\/theplayoffs.news\/fr\/#\/schema\/person\/485c897926bddfb30c4c48ac6ef84900\"},\"breadcrumb\":{\"@id\":\"https:\/\/theplayoffs.news\/fr\/actualite-nfl\/michael-carter-ii-prolonge-de-3-saisons-avec-les-jets\/#breadcrumb\"},\"inLanguage\":\"fr-FR\",\"potentialAction\":[{\"@type\":\"ReadAction\",\"target\":[\"https:\/\/theplayoffs.news\/fr\/actualite-nfl\/michael-carter-ii-prolonge-de-3-saisons-avec-les-jets\/\"]}]},{\"@type\":\"ImageObject\",\"inLanguage\":\"fr-FR\",\"@id\":\"https:\/\/theplayoffs.news\/fr\/actualite-nfl\/michael-carter-ii-prolonge-de-3-saisons-avec-les-jets\/#primaryimage\",\"url\":\"https:\/\/theplayoffs.news\/fr\/wp-content\/uploads\/2024\/09\/USATSI_21659442.jpg\",\"contentUrl\":\"https:\/\/theplayoffs.news\/fr\/wp-content\/uploads\/2024\/09\/USATSI_21659442.jpg\",\"width\":1920,\"height\":1282,\"caption\":\"Oct 15, 2023; East Rutherford, New Jersey, USA; New York Jets cornerback Michael Carter II (30) celebrates after the game against the Philadelphia Eagles at MetLife Stadium. Mandatory Credit: Vincent Carchietta-USA TODAY Sports\"},{\"@type\":\"BreadcrumbList\",\"@id\":\"https:\/\/theplayoffs.news\/fr\/actualite-nfl\/michael-carter-ii-prolonge-de-3-saisons-avec-les-jets\/#breadcrumb\",\"itemListElement\":[{\"@type\":\"ListItem\",\"position\":1,\"name\":\"Accueil\",\"item\":\"https:\/\/theplayoffs.news\/fr\/\"},{\"@type\":\"ListItem\",\"position\":2,\"name\":\"Michael Carter II prolonge de 3 saisons avec les Jets\"}]},{\"@type\":\"WebSite\",\"@id\":\"https:\/\/theplayoffs.news\/fr\/#website\",\"url\":\"https:\/\/theplayoffs.news\/fr\/\",\"name\":\"The Playoffs FR\",\"description\":\"NBA-NFL-NHL-MLB\",\"potentialAction\":[{\"@type\":\"SearchAction\",\"target\":{\"@type\":\"EntryPoint\",\"urlTemplate\":\"https:\/\/theplayoffs.news\/fr\/?s={search_term_string}\"},\"query-input\":{\"@type\":\"PropertyValueSpecification\",\"valueRequired\":true,\"valueName\":\"search_term_string\"}}],\"inLanguage\":\"fr-FR\"},{\"@type\":\"Person\",\"@id\":\"https:\/\/theplayoffs.news\/fr\/#\/schema\/person\/485c897926bddfb30c4c48ac6ef84900\",\"name\":\"Raphael Pascal\",\"image\":{\"@type\":\"ImageObject\",\"inLanguage\":\"fr-FR\",\"@id\":\"https:\/\/theplayoffs.news\/fr\/#\/schema\/person\/image\/\",\"url\":\"https:\/\/secure.gravatar.com\/avatar\/121ff11187bbf8567a6a8b88a345550217899606196c19205b2337f770b1af55?s=96&d=mm&r=g\",\"contentUrl\":\"https:\/\/secure.gravatar.com\/avatar\/121ff11187bbf8567a6a8b88a345550217899606196c19205b2337f770b1af55?s=96&d=mm&r=g\",\"caption\":\"Raphael Pascal\"},\"description\":\"Podcasteur, commentateur et r\u00e9dacteur NBA et NFL. Depuis toujours fan de sport, j\\\\'ai d\u00e9couvert la NBA et la NFL a 18 ans et \u00e7a a \u00e9t\u00e9 un coup de c\u0153ur. Les Bucks et les Spurs m\\\\'ont fait d\u00e9couvrir la NBA et m\\\\'ont donn\u00e9 cet amour pour ce sport. Et pour la NFL, c\\\\'est le Superbowl perdu par les Chiefs face \u00e0 Tempa Bay qui m\\\\'a fait d\u00e9couvrir ce sport. Depuis, je suis fan de KC. Ce que j\\\\'aime le plus c\\\\'est les \u00e9missions \/ podcadts, car c\\\\'est un moment convivial o\u00f9 l\\\\'on peut donner des informations, mais cela permet aussi de pouvoir \u00e9changer et d\u00e9battre et c\\\\'est toujours passionnant. Rejoignez nous les jeudis \u00e0 19h chaque semaine pour une \u00e9mission NBA en direct sur Twitch, on sera ravi de pouvoir partager ces moments avec vous, et pouvoir r\u00e9pondre \u00e0 vos questions.\",\"sameAs\":[\"https:\/\/www.instagram.com\/raph_psc\/\",\"https:\/\/x.com\/raph_psc\"],\"url\":\"https:\/\/theplayoffs.news\/fr\/author\/rpascal-newsgmail-com\/\"}]}<\/script>\n<!-- \/ Yoast SEO plugin. -->","yoast_head_json":{"title":"Michael Carter II prolonge de 3 saisons avec les Jets - The Playoffs FR","robots":{"index":"index","follow":"follow","max-snippet":"max-snippet:-1","max-image-preview":"max-image-preview:large","max-video-preview":"max-video-preview:-1"},"canonical":"https:\/\/theplayoffs.news\/fr\/actualite-nfl\/michael-carter-ii-prolonge-de-3-saisons-avec-les-jets\/","og_locale":"fr_FR","og_type":"article","og_title":"Michael Carter II prolonge de 3 saisons avec les Jets - The Playoffs FR","og_url":"https:\/\/theplayoffs.news\/fr\/actualite-nfl\/michael-carter-ii-prolonge-de-3-saisons-avec-les-jets\/","og_site_name":"The Playoffs FR","article_publisher":"https:\/\/www.facebook.com\/TheFreeAgentFR\/","og_image":[{"width":1920,"height":1282,"url":"https:\/\/theplayoffs.news\/fr\/wp-content\/uploads\/2024\/09\/USATSI_21659442.jpg","type":"image\/jpeg"}],"author":"Raphael Pascal","twitter_card":"summary_large_image","twitter_creator":"@raph_psc","twitter_site":"@TheFreeAgentFR","twitter_misc":{"\u00c9crit par":"Raphael Pascal","Dur\u00e9e de lecture estim\u00e9e":"1 minute"},"schema":{"@context":"https:\/\/schema.org","@graph":[{"@type":"WebPage","@id":"https:\/\/theplayoffs.news\/fr\/actualite-nfl\/michael-carter-ii-prolonge-de-3-saisons-avec-les-jets\/","url":"https:\/\/theplayoffs.news\/fr\/actualite-nfl\/michael-carter-ii-prolonge-de-3-saisons-avec-les-jets\/","name":"Michael Carter II prolonge de 3 saisons avec les Jets - The Playoffs FR","isPartOf":{"@id":"https:\/\/theplayoffs.news\/fr\/#website"},"primaryImageOfPage":{"@id":"https:\/\/theplayoffs.news\/fr\/actualite-nfl\/michael-carter-ii-prolonge-de-3-saisons-avec-les-jets\/#primaryimage"},"image":{"@id":"https:\/\/theplayoffs.news\/fr\/actualite-nfl\/michael-carter-ii-prolonge-de-3-saisons-avec-les-jets\/#primaryimage"},"thumbnailUrl":"https:\/\/theplayoffs.news\/fr\/wp-content\/uploads\/2024\/09\/USATSI_21659442.jpg","datePublished":"2024-09-04T08:12:24+00:00","dateModified":"2024-09-04T08:12:24+00:00","author":{"@id":"https:\/\/theplayoffs.news\/fr\/#\/schema\/person\/485c897926bddfb30c4c48ac6ef84900"},"breadcrumb":{"@id":"https:\/\/theplayoffs.news\/fr\/actualite-nfl\/michael-carter-ii-prolonge-de-3-saisons-avec-les-jets\/#breadcrumb"},"inLanguage":"fr-FR","potentialAction":[{"@type":"ReadAction","target":["https:\/\/theplayoffs.news\/fr\/actualite-nfl\/michael-carter-ii-prolonge-de-3-saisons-avec-les-jets\/"]}]},{"@type":"ImageObject","inLanguage":"fr-FR","@id":"https:\/\/theplayoffs.news\/fr\/actualite-nfl\/michael-carter-ii-prolonge-de-3-saisons-avec-les-jets\/#primaryimage","url":"https:\/\/theplayoffs.news\/fr\/wp-content\/uploads\/2024\/09\/USATSI_21659442.jpg","contentUrl":"https:\/\/theplayoffs.news\/fr\/wp-content\/uploads\/2024\/09\/USATSI_21659442.jpg","width":1920,"height":1282,"caption":"Oct 15, 2023; East Rutherford, New Jersey, USA; New York Jets cornerback Michael Carter II (30) celebrates after the game against the Philadelphia Eagles at MetLife Stadium. Mandatory Credit: Vincent Carchietta-USA TODAY Sports"},{"@type":"BreadcrumbList","@id":"https:\/\/theplayoffs.news\/fr\/actualite-nfl\/michael-carter-ii-prolonge-de-3-saisons-avec-les-jets\/#breadcrumb","itemListElement":[{"@type":"ListItem","position":1,"name":"Accueil","item":"https:\/\/theplayoffs.news\/fr\/"},{"@type":"ListItem","position":2,"name":"Michael Carter II prolonge de 3 saisons avec les Jets"}]},{"@type":"WebSite","@id":"https:\/\/theplayoffs.news\/fr\/#website","url":"https:\/\/theplayoffs.news\/fr\/","name":"The Playoffs FR","description":"NBA-NFL-NHL-MLB","potentialAction":[{"@type":"SearchAction","target":{"@type":"EntryPoint","urlTemplate":"https:\/\/theplayoffs.news\/fr\/?s={search_term_string}"},"query-input":{"@type":"PropertyValueSpecification","valueRequired":true,"valueName":"search_term_string"}}],"inLanguage":"fr-FR"},{"@type":"Person","@id":"https:\/\/theplayoffs.news\/fr\/#\/schema\/person\/485c897926bddfb30c4c48ac6ef84900","name":"Raphael Pascal","image":{"@type":"ImageObject","inLanguage":"fr-FR","@id":"https:\/\/theplayoffs.news\/fr\/#\/schema\/person\/image\/","url":"https:\/\/secure.gravatar.com\/avatar\/121ff11187bbf8567a6a8b88a345550217899606196c19205b2337f770b1af55?s=96&d=mm&r=g","contentUrl":"https:\/\/secure.gravatar.com\/avatar\/121ff11187bbf8567a6a8b88a345550217899606196c19205b2337f770b1af55?s=96&d=mm&r=g","caption":"Raphael Pascal"},"description":"Podcasteur, commentateur et r\u00e9dacteur NBA et NFL. Depuis toujours fan de sport, j\\'ai d\u00e9couvert la NBA et la NFL a 18 ans et \u00e7a a \u00e9t\u00e9 un coup de c\u0153ur. Les Bucks et les Spurs m\\'ont fait d\u00e9couvrir la NBA et m\\'ont donn\u00e9 cet amour pour ce sport. Et pour la NFL, c\\'est le Superbowl perdu par les Chiefs face \u00e0 Tempa Bay qui m\\'a fait d\u00e9couvrir ce sport. Depuis, je suis fan de KC. Ce que j\\'aime le plus c\\'est les \u00e9missions \/ podcadts, car c\\'est un moment convivial o\u00f9 l\\'on peut donner des informations, mais cela permet aussi de pouvoir \u00e9changer et d\u00e9battre et c\\'est toujours passionnant. Rejoignez nous les jeudis \u00e0 19h chaque semaine pour une \u00e9mission NBA en direct sur Twitch, on sera ravi de pouvoir partager ces moments avec vous, et pouvoir r\u00e9pondre \u00e0 vos questions.","sameAs":["https:\/\/www.instagram.com\/raph_psc\/","https:\/\/x.com\/raph_psc"],"url":"https:\/\/theplayoffs.news\/fr\/author\/rpascal-newsgmail-com\/"}]}},"_links":{"self":[{"href":"https:\/\/theplayoffs.news\/fr\/wp-json\/wp\/v2\/posts\/1455583","targetHints":{"allow":["GET"]}}],"collection":[{"href":"https:\/\/theplayoffs.news\/fr\/wp-json\/wp\/v2\/posts"}],"about":[{"href":"https:\/\/theplayoffs.news\/fr\/wp-json\/wp\/v2\/types\/post"}],"author":[{"embeddable":true,"href":"https:\/\/theplayoffs.news\/fr\/wp-json\/wp\/v2\/users\/180310258"}],"replies":[{"embeddable":true,"href":"https:\/\/theplayoffs.news\/fr\/wp-json\/wp\/v2\/comments?post=1455583"}],"version-history":[{"count":4,"href":"https:\/\/theplayoffs.news\/fr\/wp-json\/wp\/v2\/posts\/1455583\/revisions"}],"predecessor-version":[{"id":1455597,"href":"https:\/\/theplayoffs.news\/fr\/wp-json\/wp\/v2\/posts\/1455583\/revisions\/1455597"}],"wp:featuredmedia":[{"embeddable":true,"href":"https:\/\/theplayoffs.news\/fr\/wp-json\/wp\/v2\/media\/1455589"}],"wp:attachment":[{"href":"https:\/\/theplayoffs.news\/fr\/wp-json\/wp\/v2\/media?parent=1455583"}],"wp:term":[{"taxonomy":"category","embeddable":true,"href":"https:\/\/theplayoffs.news\/fr\/wp-json\/wp\/v2\/categories?post=1455583"},{"taxonomy":"post_tag","embeddable":true,"href":"https:\/\/theplayoffs.news\/fr\/wp-json\/wp\/v2\/tags?post=1455583"},{"taxonomy":"sport","embeddable":true,"href":"https:\/\/theplayoffs.news\/fr\/wp-json\/wp\/v2\/sport?post=1455583"},{"taxonomy":"saison","embeddable":true,"href":"https:\/\/theplayoffs.news\/fr\/wp-json\/wp\/v2\/saison?post=1455583"}],"curies":[{"name":"wp","href":"https:\/\/api.w.org\/{rel}","templated":true}]}}