{"id":1455406,"date":"2024-09-03T10:58:35","date_gmt":"2024-09-03T08:58:35","guid":{"rendered":"https:\/\/theplayoffs.news\/fr\/?p=1455406"},"modified":"2024-09-03T10:28:48","modified_gmt":"2024-09-03T08:28:48","slug":"adam-peters-nous-voulons-gagner-maintenant","status":"publish","type":"post","link":"https:\/\/theplayoffs.news\/fr\/actualite-nfl\/adam-peters-nous-voulons-gagner-maintenant\/","title":{"rendered":"Adam Peters (GM Washington Commanders): &lsquo;Nous voulons gagner maintenant!&rsquo;"},"content":{"rendered":"<h2>NFL &ndash; Le manager g&eacute;n&eacute;ral des Washington Commanders, Adam Peters, d&eacute;voile ses ambitions pour la saison &agrave; venir.<\/h2><p>Ne venez pas parler &agrave; Adam Peters, le manager g&eacute;n&eacute;ral des Washington Commanders, d&rsquo;une ann&eacute;e de reconstruction ou d&rsquo;une nouvelle ann&eacute;e difficile pour sa franchise au sein de la NFC Est. L&rsquo;objectif des Commanders semble parfaitement simple: gagner et gagner rapidement. Interrog&eacute; sur <a href=\"https:\/\/www.youtube.com\/watch?v=xG0TuF8yk0w\" class=\"trk-cta-link\" data-cta-trk='{\"ctaType\":\"Link\",\"ctaSubType\":\"main\"}'>106.7 Fan<\/a>, le manager g&eacute;n&eacute;ral de la franchise de la capitale f&eacute;d&eacute;rale s&rsquo;est montr&eacute; parfaitement clair sur les intentions de son &eacute;quipe au moment de d&eacute;marrer cette saison NFL 2024:<\/p><blockquote><p>&laquo;&nbsp;Il ne faut absolument pas s&rsquo;y tromper!&nbsp;&raquo; a affirm&eacute; Adam Peters. &laquo;&nbsp;Il ne s&rsquo;agit pas d&rsquo;une saison de reconstruction mais d&rsquo;un recalibrage. Notre ambition est de gagner d&egrave;s maintenant. Nous avons pour objectif simple d&rsquo;&ecirc;tre vraiment bon cette saison.&nbsp;&raquo;<\/p><\/blockquote><p>Pourtant, les Washington Commanders avancent dans cette saison 2024 avec le sentiment de d&eacute;marrer un nouveau chapitre dans leur histoire. Apr&egrave;s le changement &agrave; la t&ecirc;te de la franchise la saison derni&egrave;re, l&rsquo;&eacute;quipe qui &eacute;voluera en NFC Est commencera cet exercice 2024 avec un nouveau manager g&eacute;n&eacute;ral (Adam Peters donc) mais aussi un nouvel entra&icirc;neur principal (<a href=\"https:\/\/theplayoffs.news\/fr\/nfl\/dan-quinn-nouvel-entraineur-des-commanders\/\" class=\"trk-cta-link\" data-cta-trk='{\"ctaType\":\"Link\",\"ctaSubType\":\"main\"}'>Dan Quinn<\/a>) et un nouveau quarterback fra&icirc;chement draft&eacute; lors de la derni&egrave;re draft NFL 2024 (Jayden Daniels).<\/p><p>La marche sera sans doute encore haute pour les Washington Commanders d&rsquo;Adam Peters dans cette saison 2024. Confront&eacute;s &agrave; une division relev&eacute;e avec la pr&eacute;sence notamment des Philadelphie Eagles mais aussi des Dallas Cowboys et des New York Giants, les Commanders chercheront tout d&rsquo;abord &agrave; aller chercher un bilan positif dans cette nouvelle saison. Une performance qu&rsquo;ils n&rsquo;ont plus r&eacute;alis&eacute; depuis la saison 2016&hellip;<\/p><p><em>Cr&eacute;dit photo: Geoff Burke-USA TODAY Sports<\/em><\/p>\n","protected":false},"excerpt":{"rendered":"","protected":false},"author":180309964,"featured_media":1455423,"comment_status":"open","ping_status":"closed","sticky":false,"template":"","format":"standard","meta":{"inline_featured_image":false,"kia_subtitle":"","_mux_skip_reasons":[],"proofreadBy":0,"footnotes":""},"categories":[118,40],"tags":[1156,3285],"sport":[2785],"saison":[6111],"class_list":["post-1455406","post","type-post","status-publish","format-standard","has-post-thumbnail","hentry","category-actualite-nfl","category-nfl","tag-dan-quinn","tag-washington-commanders","sport-nfl","saison-6111"],"acf":[],"yoast_head":"<!-- This site is optimized with the Yoast SEO plugin v24.2 - https:\/\/yoast.com\/wordpress\/plugins\/seo\/ -->\n<title>Adam Peters (GM Washington Commanders): &#039;Nous voulons gagner maintenant!&#039; - The Playoffs FR<\/title>\n<meta name=\"robots\" content=\"index, follow, max-snippet:-1, max-image-preview:large, max-video-preview:-1\" \/>\n<link rel=\"canonical\" href=\"https:\/\/theplayoffs.news\/fr\/actualite-nfl\/adam-peters-nous-voulons-gagner-maintenant\/\" \/>\n<meta property=\"og:locale\" content=\"fr_FR\" \/>\n<meta property=\"og:type\" content=\"article\" \/>\n<meta property=\"og:title\" content=\"Adam Peters (GM Washington Commanders): &#039;Nous voulons gagner maintenant!&#039; - The Playoffs FR\" \/>\n<meta property=\"og:url\" content=\"https:\/\/theplayoffs.news\/fr\/actualite-nfl\/adam-peters-nous-voulons-gagner-maintenant\/\" \/>\n<meta property=\"og:site_name\" content=\"The Playoffs FR\" \/>\n<meta property=\"article:publisher\" content=\"https:\/\/www.facebook.com\/TheFreeAgentFR\/\" \/>\n<meta property=\"article:modified_time\" content=\"2024-09-03T10:58:35+02:00\" \/>\n<meta property=\"og:image\" content=\"https:\/\/theplayoffs.news\/fr\/wp-content\/uploads\/2024\/09\/USATSI_22451689.jpg\" \/>\n\t<meta property=\"og:image:width\" content=\"1920\" \/>\n\t<meta property=\"og:image:height\" content=\"1280\" \/>\n\t<meta property=\"og:image:type\" content=\"image\/jpeg\" \/>\n<meta name=\"author\" content=\"Flavien Jumeau\" \/>\n<meta name=\"twitter:card\" content=\"summary_large_image\" \/>\n<meta name=\"twitter:creator\" content=\"@TheFreeAgentFR\" \/>\n<meta name=\"twitter:site\" content=\"@TheFreeAgentFR\" \/>\n<meta name=\"twitter:label1\" content=\"\u00c9crit par\" \/>\n\t<meta name=\"twitter:data1\" content=\"Flavien Jumeau\" \/>\n\t<meta name=\"twitter:label2\" content=\"Dur\u00e9e de lecture estim\u00e9e\" \/>\n\t<meta name=\"twitter:data2\" content=\"1 minute\" \/>\n<script type=\"application\/ld+json\" class=\"yoast-schema-graph\">{\"@context\":\"https:\/\/schema.org\",\"@graph\":[{\"@type\":\"WebPage\",\"@id\":\"https:\/\/theplayoffs.news\/fr\/actualite-nfl\/adam-peters-nous-voulons-gagner-maintenant\/\",\"url\":\"https:\/\/theplayoffs.news\/fr\/actualite-nfl\/adam-peters-nous-voulons-gagner-maintenant\/\",\"name\":\"Adam Peters (GM Washington Commanders): \\\\'Nous voulons gagner maintenant!\\\\' - The Playoffs FR\",\"isPartOf\":{\"@id\":\"https:\/\/theplayoffs.news\/fr\/#website\"},\"primaryImageOfPage\":{\"@id\":\"https:\/\/theplayoffs.news\/fr\/actualite-nfl\/adam-peters-nous-voulons-gagner-maintenant\/#primaryimage\"},\"image\":{\"@id\":\"https:\/\/theplayoffs.news\/fr\/actualite-nfl\/adam-peters-nous-voulons-gagner-maintenant\/#primaryimage\"},\"thumbnailUrl\":\"https:\/\/theplayoffs.news\/fr\/wp-content\/uploads\/2024\/09\/USATSI_22451689.jpg\",\"datePublished\":\"2024-09-03T08:58:35+00:00\",\"dateModified\":\"2024-09-03T10:58:35+02:00\",\"author\":{\"@id\":\"https:\/\/theplayoffs.news\/fr\/#\/schema\/person\/def63bc6746dc5957469b75feb99e66d\"},\"breadcrumb\":{\"@id\":\"https:\/\/theplayoffs.news\/fr\/actualite-nfl\/adam-peters-nous-voulons-gagner-maintenant\/#breadcrumb\"},\"inLanguage\":\"fr-FR\",\"potentialAction\":[{\"@type\":\"ReadAction\",\"target\":[\"https:\/\/theplayoffs.news\/fr\/actualite-nfl\/adam-peters-nous-voulons-gagner-maintenant\/\"]}]},{\"@type\":\"ImageObject\",\"inLanguage\":\"fr-FR\",\"@id\":\"https:\/\/theplayoffs.news\/fr\/actualite-nfl\/adam-peters-nous-voulons-gagner-maintenant\/#primaryimage\",\"url\":\"https:\/\/theplayoffs.news\/fr\/wp-content\/uploads\/2024\/09\/USATSI_22451689.jpg\",\"contentUrl\":\"https:\/\/theplayoffs.news\/fr\/wp-content\/uploads\/2024\/09\/USATSI_22451689.jpg\",\"width\":1920,\"height\":1280,\"caption\":\"Feb 5, 2024; Ashburn, VA, USA; Washington Commanders majority owner Josh Harris (L) and Commanders general manager Adam Peters (R) laugh as Commanders head coach Dan Quinn (R) speaks during his introductory press conference at Commanders Park. Mandatory Credit: Geoff Burke-USA TODAY Sports\"},{\"@type\":\"BreadcrumbList\",\"@id\":\"https:\/\/theplayoffs.news\/fr\/actualite-nfl\/adam-peters-nous-voulons-gagner-maintenant\/#breadcrumb\",\"itemListElement\":[{\"@type\":\"ListItem\",\"position\":1,\"name\":\"Accueil\",\"item\":\"https:\/\/theplayoffs.news\/fr\/\"},{\"@type\":\"ListItem\",\"position\":2,\"name\":\"Adam Peters (GM Washington Commanders): &lsquo;Nous voulons gagner maintenant!&rsquo;\"}]},{\"@type\":\"WebSite\",\"@id\":\"https:\/\/theplayoffs.news\/fr\/#website\",\"url\":\"https:\/\/theplayoffs.news\/fr\/\",\"name\":\"The Playoffs FR\",\"description\":\"NBA-NFL-NHL-MLB\",\"potentialAction\":[{\"@type\":\"SearchAction\",\"target\":{\"@type\":\"EntryPoint\",\"urlTemplate\":\"https:\/\/theplayoffs.news\/fr\/?s={search_term_string}\"},\"query-input\":{\"@type\":\"PropertyValueSpecification\",\"valueRequired\":true,\"valueName\":\"search_term_string\"}}],\"inLanguage\":\"fr-FR\"},{\"@type\":\"Person\",\"@id\":\"https:\/\/theplayoffs.news\/fr\/#\/schema\/person\/def63bc6746dc5957469b75feb99e66d\",\"name\":\"Flavien Jumeau\",\"image\":{\"@type\":\"ImageObject\",\"inLanguage\":\"fr-FR\",\"@id\":\"https:\/\/theplayoffs.news\/fr\/#\/schema\/person\/image\/\",\"url\":\"https:\/\/secure.gravatar.com\/avatar\/e7fa8ba5a4b7e4ce35fe152f083f352db28ad0acce692004ed88a7a7d78893f7?s=96&d=mm&r=g\",\"contentUrl\":\"https:\/\/secure.gravatar.com\/avatar\/e7fa8ba5a4b7e4ce35fe152f083f352db28ad0acce692004ed88a7a7d78893f7?s=96&d=mm&r=g\",\"caption\":\"Flavien Jumeau\"},\"description\":\"Amoureux du sport (et de vraiment tous les sports) depuis mon plus jeune \u00e2ge, j\u2019ai longtemps h\u00e9site entre le snooker et le curling. Finalement c\u2019est le foot US que j\u2019ai d\u00e9cid\u00e9 de choisir! Responsable foot US sur TPO et animateur du podcast Tailgate j\u2019ai pour mission de vous faire d\u00e9couvrir ce sport passionnant si ce n\u2019est pas encore fait et de vous donner les derni\u00e8res actus. Le tout dans la bonne humeur et avec toujours un jeu de mots ou deux savamment distill\u00e9s! Fan des Saints, pour moi Drew Brees est le vrai GOAT!\",\"url\":\"https:\/\/theplayoffs.news\/fr\/author\/flavien-jumeaugmail-com\/\"}]}<\/script>\n<!-- \/ Yoast SEO plugin. -->","yoast_head_json":{"title":"Adam Peters (GM Washington Commanders): &#039;Nous voulons gagner maintenant!&#039; - The Playoffs FR","robots":{"index":"index","follow":"follow","max-snippet":"max-snippet:-1","max-image-preview":"max-image-preview:large","max-video-preview":"max-video-preview:-1"},"canonical":"https:\/\/theplayoffs.news\/fr\/actualite-nfl\/adam-peters-nous-voulons-gagner-maintenant\/","og_locale":"fr_FR","og_type":"article","og_title":"Adam Peters (GM Washington Commanders): &#039;Nous voulons gagner maintenant!&#039; - The Playoffs FR","og_url":"https:\/\/theplayoffs.news\/fr\/actualite-nfl\/adam-peters-nous-voulons-gagner-maintenant\/","og_site_name":"The Playoffs FR","article_publisher":"https:\/\/www.facebook.com\/TheFreeAgentFR\/","article_modified_time":"2024-09-03T08:28:48+00:00","og_image":[{"width":1920,"height":1280,"url":"https:\/\/theplayoffs.news\/fr\/wp-content\/uploads\/2024\/09\/USATSI_22451689.jpg","type":"image\/jpeg"}],"author":"Flavien Jumeau","twitter_card":"summary_large_image","twitter_creator":"@TheFreeAgentFR","twitter_site":"@TheFreeAgentFR","twitter_misc":{"\u00c9crit par":"Flavien Jumeau","Dur\u00e9e de lecture estim\u00e9e":"1 minute"},"schema":{"@context":"https:\/\/schema.org","@graph":[{"@type":"WebPage","@id":"https:\/\/theplayoffs.news\/fr\/actualite-nfl\/adam-peters-nous-voulons-gagner-maintenant\/","url":"https:\/\/theplayoffs.news\/fr\/actualite-nfl\/adam-peters-nous-voulons-gagner-maintenant\/","name":"Adam Peters (GM Washington Commanders): \\'Nous voulons gagner maintenant!\\' - The Playoffs FR","isPartOf":{"@id":"https:\/\/theplayoffs.news\/fr\/#website"},"primaryImageOfPage":{"@id":"https:\/\/theplayoffs.news\/fr\/actualite-nfl\/adam-peters-nous-voulons-gagner-maintenant\/#primaryimage"},"image":{"@id":"https:\/\/theplayoffs.news\/fr\/actualite-nfl\/adam-peters-nous-voulons-gagner-maintenant\/#primaryimage"},"thumbnailUrl":"https:\/\/theplayoffs.news\/fr\/wp-content\/uploads\/2024\/09\/USATSI_22451689.jpg","datePublished":"2024-09-03T08:58:35+00:00","dateModified":"2024-09-03T10:58:35+02:00","author":{"@id":"https:\/\/theplayoffs.news\/fr\/#\/schema\/person\/def63bc6746dc5957469b75feb99e66d"},"breadcrumb":{"@id":"https:\/\/theplayoffs.news\/fr\/actualite-nfl\/adam-peters-nous-voulons-gagner-maintenant\/#breadcrumb"},"inLanguage":"fr-FR","potentialAction":[{"@type":"ReadAction","target":["https:\/\/theplayoffs.news\/fr\/actualite-nfl\/adam-peters-nous-voulons-gagner-maintenant\/"]}]},{"@type":"ImageObject","inLanguage":"fr-FR","@id":"https:\/\/theplayoffs.news\/fr\/actualite-nfl\/adam-peters-nous-voulons-gagner-maintenant\/#primaryimage","url":"https:\/\/theplayoffs.news\/fr\/wp-content\/uploads\/2024\/09\/USATSI_22451689.jpg","contentUrl":"https:\/\/theplayoffs.news\/fr\/wp-content\/uploads\/2024\/09\/USATSI_22451689.jpg","width":1920,"height":1280,"caption":"Feb 5, 2024; Ashburn, VA, USA; Washington Commanders majority owner Josh Harris (L) and Commanders general manager Adam Peters (R) laugh as Commanders head coach Dan Quinn (R) speaks during his introductory press conference at Commanders Park. Mandatory Credit: Geoff Burke-USA TODAY Sports"},{"@type":"BreadcrumbList","@id":"https:\/\/theplayoffs.news\/fr\/actualite-nfl\/adam-peters-nous-voulons-gagner-maintenant\/#breadcrumb","itemListElement":[{"@type":"ListItem","position":1,"name":"Accueil","item":"https:\/\/theplayoffs.news\/fr\/"},{"@type":"ListItem","position":2,"name":"Adam Peters (GM Washington Commanders): &lsquo;Nous voulons gagner maintenant!&rsquo;"}]},{"@type":"WebSite","@id":"https:\/\/theplayoffs.news\/fr\/#website","url":"https:\/\/theplayoffs.news\/fr\/","name":"The Playoffs FR","description":"NBA-NFL-NHL-MLB","potentialAction":[{"@type":"SearchAction","target":{"@type":"EntryPoint","urlTemplate":"https:\/\/theplayoffs.news\/fr\/?s={search_term_string}"},"query-input":{"@type":"PropertyValueSpecification","valueRequired":true,"valueName":"search_term_string"}}],"inLanguage":"fr-FR"},{"@type":"Person","@id":"https:\/\/theplayoffs.news\/fr\/#\/schema\/person\/def63bc6746dc5957469b75feb99e66d","name":"Flavien Jumeau","image":{"@type":"ImageObject","inLanguage":"fr-FR","@id":"https:\/\/theplayoffs.news\/fr\/#\/schema\/person\/image\/","url":"https:\/\/secure.gravatar.com\/avatar\/e7fa8ba5a4b7e4ce35fe152f083f352db28ad0acce692004ed88a7a7d78893f7?s=96&d=mm&r=g","contentUrl":"https:\/\/secure.gravatar.com\/avatar\/e7fa8ba5a4b7e4ce35fe152f083f352db28ad0acce692004ed88a7a7d78893f7?s=96&d=mm&r=g","caption":"Flavien Jumeau"},"description":"Amoureux du sport (et de vraiment tous les sports) depuis mon plus jeune \u00e2ge, j\u2019ai longtemps h\u00e9site entre le snooker et le curling. Finalement c\u2019est le foot US que j\u2019ai d\u00e9cid\u00e9 de choisir! Responsable foot US sur TPO et animateur du podcast Tailgate j\u2019ai pour mission de vous faire d\u00e9couvrir ce sport passionnant si ce n\u2019est pas encore fait et de vous donner les derni\u00e8res actus. Le tout dans la bonne humeur et avec toujours un jeu de mots ou deux savamment distill\u00e9s! Fan des Saints, pour moi Drew Brees est le vrai GOAT!","url":"https:\/\/theplayoffs.news\/fr\/author\/flavien-jumeaugmail-com\/"}]}},"_links":{"self":[{"href":"https:\/\/theplayoffs.news\/fr\/wp-json\/wp\/v2\/posts\/1455406","targetHints":{"allow":["GET"]}}],"collection":[{"href":"https:\/\/theplayoffs.news\/fr\/wp-json\/wp\/v2\/posts"}],"about":[{"href":"https:\/\/theplayoffs.news\/fr\/wp-json\/wp\/v2\/types\/post"}],"author":[{"embeddable":true,"href":"https:\/\/theplayoffs.news\/fr\/wp-json\/wp\/v2\/users\/180309964"}],"replies":[{"embeddable":true,"href":"https:\/\/theplayoffs.news\/fr\/wp-json\/wp\/v2\/comments?post=1455406"}],"version-history":[{"count":2,"href":"https:\/\/theplayoffs.news\/fr\/wp-json\/wp\/v2\/posts\/1455406\/revisions"}],"predecessor-version":[{"id":1455426,"href":"https:\/\/theplayoffs.news\/fr\/wp-json\/wp\/v2\/posts\/1455406\/revisions\/1455426"}],"wp:featuredmedia":[{"embeddable":true,"href":"https:\/\/theplayoffs.news\/fr\/wp-json\/wp\/v2\/media\/1455423"}],"wp:attachment":[{"href":"https:\/\/theplayoffs.news\/fr\/wp-json\/wp\/v2\/media?parent=1455406"}],"wp:term":[{"taxonomy":"category","embeddable":true,"href":"https:\/\/theplayoffs.news\/fr\/wp-json\/wp\/v2\/categories?post=1455406"},{"taxonomy":"post_tag","embeddable":true,"href":"https:\/\/theplayoffs.news\/fr\/wp-json\/wp\/v2\/tags?post=1455406"},{"taxonomy":"sport","embeddable":true,"href":"https:\/\/theplayoffs.news\/fr\/wp-json\/wp\/v2\/sport?post=1455406"},{"taxonomy":"saison","embeddable":true,"href":"https:\/\/theplayoffs.news\/fr\/wp-json\/wp\/v2\/saison?post=1455406"}],"curies":[{"name":"wp","href":"https:\/\/api.w.org\/{rel}","templated":true}]}}