{"id":1455089,"date":"2024-09-01T19:25:06","date_gmt":"2024-09-01T17:25:06","guid":{"rendered":"https:\/\/theplayoffs.news\/fr\/?p=1455089"},"modified":"2024-09-01T19:25:06","modified_gmt":"2024-09-01T17:25:06","slug":"lequipe-de-france-ne-sera-pas-aux-jeux-olympiques-2026","status":"publish","type":"post","link":"https:\/\/theplayoffs.news\/fr\/nba\/lequipe-de-france-ne-sera-pas-aux-jeux-olympiques-2026\/","title":{"rendered":"L\u00a0\u00bb\u00e9quipe de France ne sera pas aux Jeux olympiques 2026."},"content":{"rendered":"<h2>Apr&egrave;s avoir r&eacute;alis&eacute; <a href=\"https:\/\/theplayoffs.news\/fr\/nhl\/debut-de-tqo-reussi-pour-lequipe-de-france\/\" class=\"trk-cta-link\" data-cta-trk='{\"ctaType\":\"Link\",\"ctaSubType\":\"main\"}'>un tr&egrave;s bon d&eacute;but de tournoi<\/a> avec 2 victoires, l&rsquo;&eacute;quipe de France de hockey sur glace contre la Lettonie 5-2.<\/h2><p>C&rsquo;est sans aucun changement d&rsquo;effectu&eacute; sur la composition d&rsquo;&eacute;quipe que cette &eacute;quipe de France d&eacute;bute ce match.<\/p><blockquote class=\"twitter-tweet\" data-width=\"500\" data-dnt=\"true\">\n<p lang=\"fr\" dir=\"ltr\">La composition de notre &eacute;quipe de France pour ce deuxi&egrave;me match face &agrave; la Slov&eacute;nie &#9996;&#65039;<\/p>\n<p>&Agrave; suivre d&egrave;s 15h00 sur <a href=\"https:\/\/t.co\/SSwqC5FMJ9\" class=\"trk-cta-link\" data-cta-trk='{\"ctaType\":\"Link\",\"ctaSubType\":\"main\"}'>https:\/\/t.co\/SSwqC5FMJ9<\/a> (gratuit) &#128250;<a href=\"https:\/\/twitter.com\/hashtag\/TeamFranceHockey?src=hash&amp;ref_src=twsrc%5Etfw\" class=\"trk-cta-link\" data-cta-trk='{\"ctaType\":\"Link\",\"ctaSubType\":\"main\"}'>#TeamFranceHockey<\/a> <a href=\"https:\/\/twitter.com\/hashtag\/FRASLO?src=hash&amp;ref_src=twsrc%5Etfw\" class=\"trk-cta-link\" data-cta-trk='{\"ctaType\":\"Link\",\"ctaSubType\":\"main\"}'>#FRASLO<\/a> <a href=\"https:\/\/t.co\/YYpa9Gnmmb\" class=\"trk-cta-link\" data-cta-trk='{\"ctaType\":\"Link\",\"ctaSubType\":\"main\"}'>pic.twitter.com\/YYpa9Gnmmb<\/a><\/p>\n<p>&mdash; &Eacute;quipes de France Hockey &#127954; (@Hockey_FRA) <a href=\"https:\/\/twitter.com\/Hockey_FRA\/status\/1829485359685828853?ref_src=twsrc%5Etfw\" class=\"trk-cta-link\" data-cta-trk='{\"ctaType\":\"Link\",\"ctaSubType\":\"main\"}'>August 30, 2024<\/a><\/p><\/blockquote><p><script async src=\"https:\/\/platform.twitter.com\/widgets.js\" charset=\"utf-8\"><\/script><\/p><p><strong>Un bon d&eacute;but de match.<\/strong><\/p><p>C&rsquo;est apr&egrave;s 21 petites secondes de jeu que Charles Bertrand, assist&eacute; par Alexandre Texier, ouvre le score pour les Bleus dans ce match qualificatif pour les Jeux olympiques de Milan 2026.<\/p><p>Mais quelques minutes apr&egrave;s, les Lettons &eacute;galisent gr&acirc;ce &agrave; Eduards Tralmaks (05&rsquo;08) et prennent l&rsquo;avantage en poweplay gr&acirc;ce &agrave; Roberts Bukarts (07&rsquo;52). Le score ne bougera pas jusqu&rsquo;&agrave; la fin de cette premi&egrave;re p&eacute;riode assez &eacute;quilibr&eacute;e.<\/p><p>C&rsquo;est dans la seconde p&eacute;riode que les Lettons prennent le large avec deux buts quasiment coup sur coup avec premi&egrave;rement Rodrigo Abols (23&rsquo;48) suivi de Marins Dzierkals (25&rsquo;18).<\/p><p>Apr&egrave;s quelques p&eacute;nalit&eacute;s des deux c&ocirc;t&eacute;s, c&rsquo;est Kristians Rubins (39&rsquo;32) qui marque pour les Lettons peu de temps avant la fin de la seconde p&eacute;riode.<\/p><p>Malgr&eacute; de belles actions, seul un petit but sera inscrit par St&eacute;phane Da Costa (56&rsquo;53) pour r&eacute;duire l&rsquo;&eacute;cart.<\/p><p>Mais les Bleus ne parviendront pas &agrave; faire mieux et s&rsquo;inclinent sur le score de 5-2 et voient leur r&ecirc;ves de Jeux olympiques s&rsquo;envoler, sous condition que le match Slovaquie-Kazakhstan n&rsquo;aille pas en prolongation et que le match Danemark-Norv&egrave;ge ne finisse pas avec une victoire danoise en prolongation, dans quel cas l&rsquo;&eacute;quipe de France serait rep&ecirc;ch&eacute; si la Russie est exclue.<\/p><p>Cr&eacute;dit photo : Matt Blewett-USA TODAY Sports<\/p>\n","protected":false},"excerpt":{"rendered":"","protected":false},"author":180310223,"featured_media":1455091,"comment_status":"open","ping_status":"closed","sticky":false,"template":"","format":"standard","meta":{"inline_featured_image":false,"kia_subtitle":"","_mux_skip_reasons":[],"proofreadBy":0,"footnotes":""},"categories":[10,26],"tags":[943,7671,1905],"sport":[2784],"saison":[6111],"class_list":["post-1455089","post","type-post","status-publish","format-standard","has-post-thumbnail","hentry","category-nba","category-nhl","tag-alexandre-texier","tag-hockey-sur-glace","tag-jeux-olympiques","sport-nhl","saison-6111"],"acf":[],"yoast_head":"<!-- This site is optimized with the Yoast SEO plugin v24.2 - https:\/\/yoast.com\/wordpress\/plugins\/seo\/ -->\n<title>L&#039;&#039;&eacute;quipe de France ne sera pas aux Jeux olympiques 2026. - The Playoffs FR<\/title>\n<meta name=\"robots\" content=\"index, follow, max-snippet:-1, max-image-preview:large, max-video-preview:-1\" \/>\n<link rel=\"canonical\" href=\"https:\/\/theplayoffs.news\/fr\/nba\/lequipe-de-france-ne-sera-pas-aux-jeux-olympiques-2026\/\" \/>\n<meta property=\"og:locale\" content=\"fr_FR\" \/>\n<meta property=\"og:type\" content=\"article\" \/>\n<meta property=\"og:title\" content=\"L&#039;&#039;&eacute;quipe de France ne sera pas aux Jeux olympiques 2026. - The Playoffs FR\" \/>\n<meta property=\"og:url\" content=\"https:\/\/theplayoffs.news\/fr\/nba\/lequipe-de-france-ne-sera-pas-aux-jeux-olympiques-2026\/\" \/>\n<meta property=\"og:site_name\" content=\"The Playoffs FR\" \/>\n<meta property=\"article:publisher\" content=\"https:\/\/www.facebook.com\/TheFreeAgentFR\/\" \/>\n<meta property=\"article:modified_time\" content=\"2024-09-01T19:25:06+02:00\" \/>\n<meta property=\"og:image\" content=\"https:\/\/theplayoffs.news\/fr\/wp-content\/uploads\/2024\/09\/USATSI_23058042.jpg\" \/>\n\t<meta property=\"og:image:width\" content=\"1920\" \/>\n\t<meta property=\"og:image:height\" content=\"1280\" \/>\n\t<meta property=\"og:image:type\" content=\"image\/jpeg\" \/>\n<meta name=\"author\" content=\"Lilian Himmelberger\" \/>\n<meta name=\"twitter:card\" content=\"summary_large_image\" \/>\n<meta name=\"twitter:creator\" content=\"@Colorado_FR_AVS\" \/>\n<meta name=\"twitter:site\" content=\"@TheFreeAgentFR\" \/>\n<meta name=\"twitter:label1\" content=\"\u00c9crit par\" \/>\n\t<meta name=\"twitter:data1\" content=\"Lilian Himmelberger\" \/>\n\t<meta name=\"twitter:label2\" content=\"Dur\u00e9e de lecture estim\u00e9e\" \/>\n\t<meta name=\"twitter:data2\" content=\"1 minute\" \/>\n<script type=\"application\/ld+json\" class=\"yoast-schema-graph\">{\"@context\":\"https:\/\/schema.org\",\"@graph\":[{\"@type\":\"WebPage\",\"@id\":\"https:\/\/theplayoffs.news\/fr\/nba\/lequipe-de-france-ne-sera-pas-aux-jeux-olympiques-2026\/\",\"url\":\"https:\/\/theplayoffs.news\/fr\/nba\/lequipe-de-france-ne-sera-pas-aux-jeux-olympiques-2026\/\",\"name\":\"L\\\\'\\\\'\u00e9quipe de France ne sera pas aux Jeux olympiques 2026. - The Playoffs FR\",\"isPartOf\":{\"@id\":\"https:\/\/theplayoffs.news\/fr\/#website\"},\"primaryImageOfPage\":{\"@id\":\"https:\/\/theplayoffs.news\/fr\/nba\/lequipe-de-france-ne-sera-pas-aux-jeux-olympiques-2026\/#primaryimage\"},\"image\":{\"@id\":\"https:\/\/theplayoffs.news\/fr\/nba\/lequipe-de-france-ne-sera-pas-aux-jeux-olympiques-2026\/#primaryimage\"},\"thumbnailUrl\":\"https:\/\/theplayoffs.news\/fr\/wp-content\/uploads\/2024\/09\/USATSI_23058042.jpg\",\"datePublished\":\"2024-09-01T17:25:06+00:00\",\"dateModified\":\"2024-09-01T17:25:06+00:00\",\"author\":{\"@id\":\"https:\/\/theplayoffs.news\/fr\/#\/schema\/person\/0931b4a2fbcb1e3ec76de45cc3952a9b\"},\"breadcrumb\":{\"@id\":\"https:\/\/theplayoffs.news\/fr\/nba\/lequipe-de-france-ne-sera-pas-aux-jeux-olympiques-2026\/#breadcrumb\"},\"inLanguage\":\"fr-FR\",\"potentialAction\":[{\"@type\":\"ReadAction\",\"target\":[\"https:\/\/theplayoffs.news\/fr\/nba\/lequipe-de-france-ne-sera-pas-aux-jeux-olympiques-2026\/\"]}]},{\"@type\":\"ImageObject\",\"inLanguage\":\"fr-FR\",\"@id\":\"https:\/\/theplayoffs.news\/fr\/nba\/lequipe-de-france-ne-sera-pas-aux-jeux-olympiques-2026\/#primaryimage\",\"url\":\"https:\/\/theplayoffs.news\/fr\/wp-content\/uploads\/2024\/09\/USATSI_23058042.jpg\",\"contentUrl\":\"https:\/\/theplayoffs.news\/fr\/wp-content\/uploads\/2024\/09\/USATSI_23058042.jpg\",\"width\":1920,\"height\":1280,\"caption\":\"Apr 18, 2024; Saint Paul, Minnesota, USA; Seattle Kraken left wing Pierre-Edouard Bellemare (41) reacts before a face-off against the Minnesota Wild in the second period at Xcel Energy Center. Mandatory Credit: Matt Blewett-USA TODAY Sports\"},{\"@type\":\"BreadcrumbList\",\"@id\":\"https:\/\/theplayoffs.news\/fr\/nba\/lequipe-de-france-ne-sera-pas-aux-jeux-olympiques-2026\/#breadcrumb\",\"itemListElement\":[{\"@type\":\"ListItem\",\"position\":1,\"name\":\"Accueil\",\"item\":\"https:\/\/theplayoffs.news\/fr\/\"},{\"@type\":\"ListItem\",\"position\":2,\"name\":\"L\u00a0\u00bb\u00e9quipe de France ne sera pas aux Jeux olympiques 2026.\"}]},{\"@type\":\"WebSite\",\"@id\":\"https:\/\/theplayoffs.news\/fr\/#website\",\"url\":\"https:\/\/theplayoffs.news\/fr\/\",\"name\":\"The Playoffs FR\",\"description\":\"NBA-NFL-NHL-MLB\",\"potentialAction\":[{\"@type\":\"SearchAction\",\"target\":{\"@type\":\"EntryPoint\",\"urlTemplate\":\"https:\/\/theplayoffs.news\/fr\/?s={search_term_string}\"},\"query-input\":{\"@type\":\"PropertyValueSpecification\",\"valueRequired\":true,\"valueName\":\"search_term_string\"}}],\"inLanguage\":\"fr-FR\"},{\"@type\":\"Person\",\"@id\":\"https:\/\/theplayoffs.news\/fr\/#\/schema\/person\/0931b4a2fbcb1e3ec76de45cc3952a9b\",\"name\":\"Lilian Himmelberger\",\"image\":{\"@type\":\"ImageObject\",\"inLanguage\":\"fr-FR\",\"@id\":\"https:\/\/theplayoffs.news\/fr\/#\/schema\/person\/image\/\",\"url\":\"https:\/\/secure.gravatar.com\/avatar\/f4ac659ea2cbd43c2b77e8f751667a8f5b8015dadf9db3f3942f26588c2262af?s=96&d=mm&r=g\",\"contentUrl\":\"https:\/\/secure.gravatar.com\/avatar\/f4ac659ea2cbd43c2b77e8f751667a8f5b8015dadf9db3f3942f26588c2262af?s=96&d=mm&r=g\",\"caption\":\"Lilian Himmelberger\"},\"description\":\"Pour TPO, j\u2019\u00e9cris sur la NHL et la Ligue Magnus ou le hockey fran\u00e7ais en g\u00e9n\u00e9ral. J\u2019ai commenc\u00e9 un compte Twitter\/X sur l\u2019actu du Colorado Avalanche en fran\u00e7ais en 2020 et j\u2019ai commenc\u00e9 \u00e0 \u00e9crire des articles sur la NHL pour un site perso. C\u2019est en novembre 2023 que j\u2019ai ensuite rejoint TPO pour \u00e9crire sur la NHL et le hockey fran\u00e7ais. J\u2019adore pouvoir parler de ma passion et surtout de pouvoir parler du hockey qui est un sport encore trop peu connu en France. N\u2019oubliez pas que Nathan MacKinnon est le meilleur joueur du monde.\",\"sameAs\":[\"https:\/\/x.com\/Colorado_FR_AVS\"],\"url\":\"https:\/\/theplayoffs.news\/fr\/author\/lilianhimmelbergergmail-com\/\"}]}<\/script>\n<!-- \/ Yoast SEO plugin. -->","yoast_head_json":{"title":"L&#039;&#039;&eacute;quipe de France ne sera pas aux Jeux olympiques 2026. - The Playoffs FR","robots":{"index":"index","follow":"follow","max-snippet":"max-snippet:-1","max-image-preview":"max-image-preview:large","max-video-preview":"max-video-preview:-1"},"canonical":"https:\/\/theplayoffs.news\/fr\/nba\/lequipe-de-france-ne-sera-pas-aux-jeux-olympiques-2026\/","og_locale":"fr_FR","og_type":"article","og_title":"L&#039;&#039;&eacute;quipe de France ne sera pas aux Jeux olympiques 2026. - The Playoffs FR","og_url":"https:\/\/theplayoffs.news\/fr\/nba\/lequipe-de-france-ne-sera-pas-aux-jeux-olympiques-2026\/","og_site_name":"The Playoffs FR","article_publisher":"https:\/\/www.facebook.com\/TheFreeAgentFR\/","og_image":[{"width":1920,"height":1280,"url":"https:\/\/theplayoffs.news\/fr\/wp-content\/uploads\/2024\/09\/USATSI_23058042.jpg","type":"image\/jpeg"}],"author":"Lilian Himmelberger","twitter_card":"summary_large_image","twitter_creator":"@Colorado_FR_AVS","twitter_site":"@TheFreeAgentFR","twitter_misc":{"\u00c9crit par":"Lilian Himmelberger","Dur\u00e9e de lecture estim\u00e9e":"1 minute"},"schema":{"@context":"https:\/\/schema.org","@graph":[{"@type":"WebPage","@id":"https:\/\/theplayoffs.news\/fr\/nba\/lequipe-de-france-ne-sera-pas-aux-jeux-olympiques-2026\/","url":"https:\/\/theplayoffs.news\/fr\/nba\/lequipe-de-france-ne-sera-pas-aux-jeux-olympiques-2026\/","name":"L\\'\\'\u00e9quipe de France ne sera pas aux Jeux olympiques 2026. - The Playoffs FR","isPartOf":{"@id":"https:\/\/theplayoffs.news\/fr\/#website"},"primaryImageOfPage":{"@id":"https:\/\/theplayoffs.news\/fr\/nba\/lequipe-de-france-ne-sera-pas-aux-jeux-olympiques-2026\/#primaryimage"},"image":{"@id":"https:\/\/theplayoffs.news\/fr\/nba\/lequipe-de-france-ne-sera-pas-aux-jeux-olympiques-2026\/#primaryimage"},"thumbnailUrl":"https:\/\/theplayoffs.news\/fr\/wp-content\/uploads\/2024\/09\/USATSI_23058042.jpg","datePublished":"2024-09-01T17:25:06+00:00","dateModified":"2024-09-01T17:25:06+00:00","author":{"@id":"https:\/\/theplayoffs.news\/fr\/#\/schema\/person\/0931b4a2fbcb1e3ec76de45cc3952a9b"},"breadcrumb":{"@id":"https:\/\/theplayoffs.news\/fr\/nba\/lequipe-de-france-ne-sera-pas-aux-jeux-olympiques-2026\/#breadcrumb"},"inLanguage":"fr-FR","potentialAction":[{"@type":"ReadAction","target":["https:\/\/theplayoffs.news\/fr\/nba\/lequipe-de-france-ne-sera-pas-aux-jeux-olympiques-2026\/"]}]},{"@type":"ImageObject","inLanguage":"fr-FR","@id":"https:\/\/theplayoffs.news\/fr\/nba\/lequipe-de-france-ne-sera-pas-aux-jeux-olympiques-2026\/#primaryimage","url":"https:\/\/theplayoffs.news\/fr\/wp-content\/uploads\/2024\/09\/USATSI_23058042.jpg","contentUrl":"https:\/\/theplayoffs.news\/fr\/wp-content\/uploads\/2024\/09\/USATSI_23058042.jpg","width":1920,"height":1280,"caption":"Apr 18, 2024; Saint Paul, Minnesota, USA; Seattle Kraken left wing Pierre-Edouard Bellemare (41) reacts before a face-off against the Minnesota Wild in the second period at Xcel Energy Center. Mandatory Credit: Matt Blewett-USA TODAY Sports"},{"@type":"BreadcrumbList","@id":"https:\/\/theplayoffs.news\/fr\/nba\/lequipe-de-france-ne-sera-pas-aux-jeux-olympiques-2026\/#breadcrumb","itemListElement":[{"@type":"ListItem","position":1,"name":"Accueil","item":"https:\/\/theplayoffs.news\/fr\/"},{"@type":"ListItem","position":2,"name":"L\u00a0\u00bb\u00e9quipe de France ne sera pas aux Jeux olympiques 2026."}]},{"@type":"WebSite","@id":"https:\/\/theplayoffs.news\/fr\/#website","url":"https:\/\/theplayoffs.news\/fr\/","name":"The Playoffs FR","description":"NBA-NFL-NHL-MLB","potentialAction":[{"@type":"SearchAction","target":{"@type":"EntryPoint","urlTemplate":"https:\/\/theplayoffs.news\/fr\/?s={search_term_string}"},"query-input":{"@type":"PropertyValueSpecification","valueRequired":true,"valueName":"search_term_string"}}],"inLanguage":"fr-FR"},{"@type":"Person","@id":"https:\/\/theplayoffs.news\/fr\/#\/schema\/person\/0931b4a2fbcb1e3ec76de45cc3952a9b","name":"Lilian Himmelberger","image":{"@type":"ImageObject","inLanguage":"fr-FR","@id":"https:\/\/theplayoffs.news\/fr\/#\/schema\/person\/image\/","url":"https:\/\/secure.gravatar.com\/avatar\/f4ac659ea2cbd43c2b77e8f751667a8f5b8015dadf9db3f3942f26588c2262af?s=96&d=mm&r=g","contentUrl":"https:\/\/secure.gravatar.com\/avatar\/f4ac659ea2cbd43c2b77e8f751667a8f5b8015dadf9db3f3942f26588c2262af?s=96&d=mm&r=g","caption":"Lilian Himmelberger"},"description":"Pour TPO, j\u2019\u00e9cris sur la NHL et la Ligue Magnus ou le hockey fran\u00e7ais en g\u00e9n\u00e9ral. J\u2019ai commenc\u00e9 un compte Twitter\/X sur l\u2019actu du Colorado Avalanche en fran\u00e7ais en 2020 et j\u2019ai commenc\u00e9 \u00e0 \u00e9crire des articles sur la NHL pour un site perso. C\u2019est en novembre 2023 que j\u2019ai ensuite rejoint TPO pour \u00e9crire sur la NHL et le hockey fran\u00e7ais. J\u2019adore pouvoir parler de ma passion et surtout de pouvoir parler du hockey qui est un sport encore trop peu connu en France. N\u2019oubliez pas que Nathan MacKinnon est le meilleur joueur du monde.","sameAs":["https:\/\/x.com\/Colorado_FR_AVS"],"url":"https:\/\/theplayoffs.news\/fr\/author\/lilianhimmelbergergmail-com\/"}]}},"_links":{"self":[{"href":"https:\/\/theplayoffs.news\/fr\/wp-json\/wp\/v2\/posts\/1455089","targetHints":{"allow":["GET"]}}],"collection":[{"href":"https:\/\/theplayoffs.news\/fr\/wp-json\/wp\/v2\/posts"}],"about":[{"href":"https:\/\/theplayoffs.news\/fr\/wp-json\/wp\/v2\/types\/post"}],"author":[{"embeddable":true,"href":"https:\/\/theplayoffs.news\/fr\/wp-json\/wp\/v2\/users\/180310223"}],"replies":[{"embeddable":true,"href":"https:\/\/theplayoffs.news\/fr\/wp-json\/wp\/v2\/comments?post=1455089"}],"version-history":[{"count":3,"href":"https:\/\/theplayoffs.news\/fr\/wp-json\/wp\/v2\/posts\/1455089\/revisions"}],"predecessor-version":[{"id":1455096,"href":"https:\/\/theplayoffs.news\/fr\/wp-json\/wp\/v2\/posts\/1455089\/revisions\/1455096"}],"wp:featuredmedia":[{"embeddable":true,"href":"https:\/\/theplayoffs.news\/fr\/wp-json\/wp\/v2\/media\/1455091"}],"wp:attachment":[{"href":"https:\/\/theplayoffs.news\/fr\/wp-json\/wp\/v2\/media?parent=1455089"}],"wp:term":[{"taxonomy":"category","embeddable":true,"href":"https:\/\/theplayoffs.news\/fr\/wp-json\/wp\/v2\/categories?post=1455089"},{"taxonomy":"post_tag","embeddable":true,"href":"https:\/\/theplayoffs.news\/fr\/wp-json\/wp\/v2\/tags?post=1455089"},{"taxonomy":"sport","embeddable":true,"href":"https:\/\/theplayoffs.news\/fr\/wp-json\/wp\/v2\/sport?post=1455089"},{"taxonomy":"saison","embeddable":true,"href":"https:\/\/theplayoffs.news\/fr\/wp-json\/wp\/v2\/saison?post=1455089"}],"curies":[{"name":"wp","href":"https:\/\/api.w.org\/{rel}","templated":true}]}}