{"id":1454596,"date":"2024-08-31T19:00:53","date_gmt":"2024-08-31T17:00:53","guid":{"rendered":"https:\/\/theplayoffs.news\/fr\/?p=1454596"},"modified":"2024-08-31T19:03:28","modified_gmt":"2024-08-31T17:03:28","slug":"interview-exclusive-de-fredrik-olofsson","status":"publish","type":"post","link":"https:\/\/theplayoffs.news\/fr\/nhl\/interview-exclusive-de-fredrik-olofsson\/","title":{"rendered":"Interview exclusive de Fredrik Olofsson"},"content":{"rendered":"<h2>Apr&egrave;s 2 saisons en NHL et AHL, Fredrik Olofsson a fait la d&eacute;cision de retourner en Europe, en Suisse avec le club de l&rsquo;EV Zoug. Voici son interview exclusive accord&eacute; pour The Free Agent.<\/h2><p><a href=\"https:\/\/theplayoffs.news\/fr\/joueur\/fredrik-olofsson-nhl-6303544\/\" class=\"trk-cta-link\" data-cta-trk='{\"ctaType\":\"Link\",\"ctaSubType\":\"main\"}'>Fredrik Olofsson<\/a> est parti libre du Colorado Avalanche cet &eacute;t&eacute; apr&egrave;s qu&rsquo;une petite saison &agrave; Denver avec 59 matchs en NHL et 9 points inscrits et 20 matchs AHL avec les Colorado Avalanche.<\/p><p>Il rejoint par la suite les Eissportverein Zoug en Suisse pour un contrat de 2 ans.<\/p><blockquote class=\"twitter-tweet\" data-width=\"500\" data-dnt=\"true\">\n<p lang=\"de\" dir=\"ltr\"><a href=\"https:\/\/twitter.com\/hashtag\/donedeal?src=hash&amp;ref_src=twsrc%5Etfw\" class=\"trk-cta-link\" data-cta-trk='{\"ctaType\":\"Link\",\"ctaSubType\":\"main\"}'>#donedeal<\/a> &ndash; Fredrik Olofsson unterzeichnet beim <a href=\"https:\/\/twitter.com\/hashtag\/EVZ?src=hash&amp;ref_src=twsrc%5Etfw\" class=\"trk-cta-link\" data-cta-trk='{\"ctaType\":\"Link\",\"ctaSubType\":\"main\"}'>#EVZ<\/a> einen Vertrag bis 2026 &#129309;<\/p>\n<p>&#128172; &laquo;Er bringt noch mehr Wasserverdr&auml;ngung und Breite in unser Team&raquo;, beschreibt General Manager Reto Kl&auml;y den Schweden.<\/p>\n<p>&#128240; Zur Medienmitteilung: <a href=\"https:\/\/t.co\/wpGxxSLK8y\" class=\"trk-cta-link\" data-cta-trk='{\"ctaType\":\"Link\",\"ctaSubType\":\"main\"}'>https:\/\/t.co\/wpGxxSLK8y<\/a><a href=\"https:\/\/twitter.com\/hashtag\/f%C3%BCrblauundwiis?src=hash&amp;ref_src=twsrc%5Etfw\" class=\"trk-cta-link\" data-cta-trk='{\"ctaType\":\"Link\",\"ctaSubType\":\"main\"}'>#f&uuml;rblauundwiis<\/a> <a href=\"https:\/\/t.co\/0L6mDxmvxo\" class=\"trk-cta-link\" data-cta-trk='{\"ctaType\":\"Link\",\"ctaSubType\":\"main\"}'>pic.twitter.com\/0L6mDxmvxo<\/a><\/p>\n<p>&mdash; EVZ (@official_EVZ) <a href=\"https:\/\/twitter.com\/official_EVZ\/status\/1810328241934069858?ref_src=twsrc%5Etfw\" class=\"trk-cta-link\" data-cta-trk='{\"ctaType\":\"Link\",\"ctaSubType\":\"main\"}'>July 8, 2024<\/a><\/p><\/blockquote><p><script async src=\"https:\/\/platform.twitter.com\/widgets.js\" charset=\"utf-8\"><\/script><\/p><p><span style=\"font-weight: 400;\">Apr&egrave;s avoir &eacute;t&eacute; rep&ecirc;ch&eacute; en 2014 par les Chicago Blackhawks, vous &ecirc;tes rest&eacute;s en NCAA puis vous n&rsquo;avez jou&eacute; que 2 matchs en AHL avant de rentrer en Su&egrave;de, n&rsquo;&eacute;tiez vous pas un peu d&eacute;&ccedil;u de cette courte exp&eacute;rience ?<\/span><\/p><blockquote><p>Pas du tout, m<span style=\"font-weight: 400;\">a saison universitaire &eacute;tait termin&eacute;e et je voulais voir si la AHL &eacute;tait un environnement o&ugrave; je pensais pouvoir progresser. &Agrave; l&rsquo;&eacute;poque, j&rsquo;ai rapidement compris que la meilleure d&eacute;cision pour moi &eacute;tait d&rsquo;aller ailleurs. J&rsquo;ai eu la chance d&rsquo;avoir de belles opportunit&eacute;s en Su&egrave;de, et Bjorn Hellkvist (entra&icirc;neur de l&rsquo;&eacute;quipe) &agrave; MoDo m&rsquo;a donn&eacute; l&rsquo;occasion de grandir en tant que joueur et en tant que personne l&rsquo;ann&eacute;e suivante.<\/span><\/p><\/blockquote><p>&nbsp;<\/p><p><span style=\"font-weight: 400;\">Qu&rsquo;avez vous retenu de votre passage en Am&eacute;rique du Nord ?<\/span><\/p><blockquote><p><span style=\"font-weight: 400;\">Le Colorado et Dallas ont &eacute;t&eacute; de grandes exp&eacute;riences &agrave; leur mani&egrave;re. Dallas &eacute;tait une excellente &eacute;quipe avec une culture de soutien mutuel, tout en trouvant un &eacute;quilibre entre le hockey et le plaisir. La ville &eacute;tait formidable, j&rsquo;aurais seulement aim&eacute; que nous allions plus loin. Nous avions une &eacute;quipe qui aurait pu tout gagner. Le Colorado &eacute;tait &eacute;galement sp&eacute;cial, car mes parents vivent dans le Colorado. J&rsquo;ai pu voir ma famille plus que jamais au cours de ma carri&egrave;re professionnelle pendant cette saison. J&rsquo;ai vu des joueurs incroyables de pr&egrave;s et j&rsquo;ai beaucoup appris de leurs habitudes quotidiennes et de leur comportement. <\/span><\/p><\/blockquote><p>Il nous a aussi confi&eacute; qu&rsquo;&ecirc;tre disciplin&eacute; et avoir une routine est tr&egrave;s important en Am&eacute;rique du Nord :<\/p><blockquote><p><span style=\"font-weight: 400;\">J&rsquo;ai appris &agrave; quel point une routine est importante. &Ecirc;tre disciplin&eacute; et toujours prendre soin de soi avant et apr&egrave;s l&rsquo;entra&icirc;nement n&rsquo;est pas toujours ce que l&rsquo;on a envie de faire, mais cela fait partie de notre travail. Voir &agrave; quel point les joueurs mettent de d&eacute;tails dans leur pr&eacute;paration et leur r&eacute;cup&eacute;ration &eacute;tait inspirant.<\/span><\/p><\/blockquote><div class=\"mceTemp\"><\/div><p><span style=\"font-weight: 400;\">Pourriez-vous revenir en NHL si vous en avez l&rsquo;occasion ?<\/span><\/p><p>&nbsp;<\/p><blockquote><p>Si l&rsquo;opportunit&eacute; se pr&eacute;sente, alors bien s&ucirc;r. La NHL est une ligue amusante dans laquelle jouer.<\/p><\/blockquote><p>&nbsp;<\/p><p><span style=\"font-weight: 400;\">Pourquoi avoir choisi la Suisse et pas un autre pays europ&eacute;en ?<\/span><\/p><blockquote><p>La r&eacute;putation de la Suisse concernant la mani&egrave;re dont les &eacute;quipes de la ligue traitent leurs joueurs parle d&rsquo;elle-m&ecirc;me. Le calendrier et les d&eacute;placements sont organis&eacute;s de mani&egrave;re optimale pour que les joueurs r&eacute;ussissent, et je suis quelqu&rsquo;un qui aime essayer de nouvelles choses. J&rsquo;ai l&rsquo;impression de grandir le plus lorsque je suis hors de ma zone de confort.<\/p><\/blockquote><p>&nbsp;<\/p><p>Quels sont vos objectifs pour cette saison ?<\/p><blockquote><p>Mon principal objectif pour cette saison est d&rsquo;aider Zoug &agrave; remporter la Ligue nationale (titre de la ligue + des playoffs). Cette &eacute;quipe est passionn&eacute;e et avide de victoire, et je suis reconnaissant d&rsquo;en faire partie. Mes objectifs personnels seront fix&eacute;s et v&eacute;rifi&eacute;s au fil du temps, et mon objectif principal est d&rsquo;&ecirc;tre comp&eacute;titif, de jouer selon mes instincts et mes points forts.<\/p><\/blockquote><p>Pour finir, serait-il possible, un jour, de vous voir jouer en France ?<\/p><blockquote><p>Je pense que tout est possible. Je suis &agrave; un moment de ma carri&egrave;re o&ugrave; mon meilleur hockey est encore devant moi, donc je ne sais pas exactement o&ugrave; je finirai. Ma femme et moi attachons beaucoup d&rsquo;importance &agrave; l&rsquo;instant pr&eacute;sent et &agrave; profiter de ce que nous faisons, donc nous irons l&agrave; o&ugrave; nous sentirons que nous pouvons poursuivre cela. Nous, les joueurs de hockey, sommes tous tr&egrave;s chanceux de pouvoir faire un sport que nous avons aim&eacute; d&egrave;s notre enfance comme m&eacute;tier. Cela m&rsquo;a emmen&eacute; dans des endroits incroyables et m&rsquo;a mis en contact avec des gens formidables. Je suis s&ucirc;r que cela existe aussi en France.<\/p><\/blockquote><p>Nous remercions Fredrik et l&rsquo;&eacute;quipe de communication de l&rsquo;EV Zoug avec Jannine Kamm pour nous avoir mis en relation avec Fredrik.<\/p><p>Cr&eacute;dit photo : Jerome Miron-USA TODAY Sports<\/p>\n","protected":false},"excerpt":{"rendered":"","protected":false},"author":180310223,"featured_media":1454598,"comment_status":"open","ping_status":"closed","sticky":false,"template":"","format":"standard","meta":{"inline_featured_image":false,"kia_subtitle":"","_mux_skip_reasons":[],"proofreadBy":0,"footnotes":""},"categories":[26],"tags":[],"sport":[2784],"saison":[],"class_list":["post-1454596","post","type-post","status-publish","format-standard","has-post-thumbnail","hentry","category-nhl","sport-nhl"],"acf":[],"yoast_head":"<!-- This site is optimized with the Yoast SEO plugin v24.2 - https:\/\/yoast.com\/wordpress\/plugins\/seo\/ -->\n<title>Interview exclusive de Fredrik Olofsson - The Playoffs FR<\/title>\n<meta name=\"robots\" content=\"index, follow, max-snippet:-1, max-image-preview:large, max-video-preview:-1\" \/>\n<link rel=\"canonical\" href=\"https:\/\/theplayoffs.news\/fr\/nhl\/interview-exclusive-de-fredrik-olofsson\/\" \/>\n<meta property=\"og:locale\" content=\"fr_FR\" \/>\n<meta property=\"og:type\" content=\"article\" \/>\n<meta property=\"og:title\" content=\"Interview exclusive de Fredrik Olofsson - The Playoffs FR\" \/>\n<meta property=\"og:url\" content=\"https:\/\/theplayoffs.news\/fr\/nhl\/interview-exclusive-de-fredrik-olofsson\/\" \/>\n<meta property=\"og:site_name\" content=\"The Playoffs FR\" \/>\n<meta property=\"article:publisher\" content=\"https:\/\/www.facebook.com\/TheFreeAgentFR\/\" \/>\n<meta property=\"article:modified_time\" content=\"2024-08-31T19:03:28+02:00\" \/>\n<meta property=\"og:image\" content=\"https:\/\/theplayoffs.news\/fr\/wp-content\/uploads\/2024\/08\/USATSI_22346804.jpg\" \/>\n\t<meta property=\"og:image:width\" content=\"1920\" \/>\n\t<meta property=\"og:image:height\" content=\"1279\" \/>\n\t<meta property=\"og:image:type\" content=\"image\/jpeg\" \/>\n<meta name=\"author\" content=\"Lilian Himmelberger\" \/>\n<meta name=\"twitter:card\" content=\"summary_large_image\" \/>\n<meta name=\"twitter:creator\" content=\"@Colorado_FR_AVS\" \/>\n<meta name=\"twitter:site\" content=\"@TheFreeAgentFR\" \/>\n<meta name=\"twitter:label1\" content=\"\u00c9crit par\" \/>\n\t<meta name=\"twitter:data1\" content=\"Lilian Himmelberger\" \/>\n\t<meta name=\"twitter:label2\" content=\"Dur\u00e9e de lecture estim\u00e9e\" \/>\n\t<meta name=\"twitter:data2\" content=\"4 minutes\" \/>\n<script type=\"application\/ld+json\" class=\"yoast-schema-graph\">{\"@context\":\"https:\/\/schema.org\",\"@graph\":[{\"@type\":\"WebPage\",\"@id\":\"https:\/\/theplayoffs.news\/fr\/nhl\/interview-exclusive-de-fredrik-olofsson\/\",\"url\":\"https:\/\/theplayoffs.news\/fr\/nhl\/interview-exclusive-de-fredrik-olofsson\/\",\"name\":\"Interview exclusive de Fredrik Olofsson - The Playoffs FR\",\"isPartOf\":{\"@id\":\"https:\/\/theplayoffs.news\/fr\/#website\"},\"primaryImageOfPage\":{\"@id\":\"https:\/\/theplayoffs.news\/fr\/nhl\/interview-exclusive-de-fredrik-olofsson\/#primaryimage\"},\"image\":{\"@id\":\"https:\/\/theplayoffs.news\/fr\/nhl\/interview-exclusive-de-fredrik-olofsson\/#primaryimage\"},\"thumbnailUrl\":\"https:\/\/theplayoffs.news\/fr\/wp-content\/uploads\/2024\/08\/USATSI_22346804.jpg\",\"datePublished\":\"2024-08-31T17:00:53+00:00\",\"dateModified\":\"2024-08-31T17:03:28+00:00\",\"author\":{\"@id\":\"https:\/\/theplayoffs.news\/fr\/#\/schema\/person\/0931b4a2fbcb1e3ec76de45cc3952a9b\"},\"breadcrumb\":{\"@id\":\"https:\/\/theplayoffs.news\/fr\/nhl\/interview-exclusive-de-fredrik-olofsson\/#breadcrumb\"},\"inLanguage\":\"fr-FR\",\"potentialAction\":[{\"@type\":\"ReadAction\",\"target\":[\"https:\/\/theplayoffs.news\/fr\/nhl\/interview-exclusive-de-fredrik-olofsson\/\"]}]},{\"@type\":\"ImageObject\",\"inLanguage\":\"fr-FR\",\"@id\":\"https:\/\/theplayoffs.news\/fr\/nhl\/interview-exclusive-de-fredrik-olofsson\/#primaryimage\",\"url\":\"https:\/\/theplayoffs.news\/fr\/wp-content\/uploads\/2024\/08\/USATSI_22346804.jpg\",\"contentUrl\":\"https:\/\/theplayoffs.news\/fr\/wp-content\/uploads\/2024\/08\/USATSI_22346804.jpg\",\"width\":1920,\"height\":1279,\"caption\":\"Jan 4, 2024; Dallas, Texas, USA; Colorado Avalanche left wing Fredrik Olofsson (22) in action during the game between the Dallas Stars and the Colorado Avalanche at the American Airlines Center. Mandatory Credit: Jerome Miron-USA TODAY Sports\"},{\"@type\":\"BreadcrumbList\",\"@id\":\"https:\/\/theplayoffs.news\/fr\/nhl\/interview-exclusive-de-fredrik-olofsson\/#breadcrumb\",\"itemListElement\":[{\"@type\":\"ListItem\",\"position\":1,\"name\":\"Accueil\",\"item\":\"https:\/\/theplayoffs.news\/fr\/\"},{\"@type\":\"ListItem\",\"position\":2,\"name\":\"Interview exclusive de Fredrik Olofsson\"}]},{\"@type\":\"WebSite\",\"@id\":\"https:\/\/theplayoffs.news\/fr\/#website\",\"url\":\"https:\/\/theplayoffs.news\/fr\/\",\"name\":\"The Playoffs FR\",\"description\":\"NBA-NFL-NHL-MLB\",\"potentialAction\":[{\"@type\":\"SearchAction\",\"target\":{\"@type\":\"EntryPoint\",\"urlTemplate\":\"https:\/\/theplayoffs.news\/fr\/?s={search_term_string}\"},\"query-input\":{\"@type\":\"PropertyValueSpecification\",\"valueRequired\":true,\"valueName\":\"search_term_string\"}}],\"inLanguage\":\"fr-FR\"},{\"@type\":\"Person\",\"@id\":\"https:\/\/theplayoffs.news\/fr\/#\/schema\/person\/0931b4a2fbcb1e3ec76de45cc3952a9b\",\"name\":\"Lilian Himmelberger\",\"image\":{\"@type\":\"ImageObject\",\"inLanguage\":\"fr-FR\",\"@id\":\"https:\/\/theplayoffs.news\/fr\/#\/schema\/person\/image\/\",\"url\":\"https:\/\/secure.gravatar.com\/avatar\/f4ac659ea2cbd43c2b77e8f751667a8f5b8015dadf9db3f3942f26588c2262af?s=96&d=mm&r=g\",\"contentUrl\":\"https:\/\/secure.gravatar.com\/avatar\/f4ac659ea2cbd43c2b77e8f751667a8f5b8015dadf9db3f3942f26588c2262af?s=96&d=mm&r=g\",\"caption\":\"Lilian Himmelberger\"},\"description\":\"Pour TPO, j\u2019\u00e9cris sur la NHL et la Ligue Magnus ou le hockey fran\u00e7ais en g\u00e9n\u00e9ral. J\u2019ai commenc\u00e9 un compte Twitter\/X sur l\u2019actu du Colorado Avalanche en fran\u00e7ais en 2020 et j\u2019ai commenc\u00e9 \u00e0 \u00e9crire des articles sur la NHL pour un site perso. C\u2019est en novembre 2023 que j\u2019ai ensuite rejoint TPO pour \u00e9crire sur la NHL et le hockey fran\u00e7ais. J\u2019adore pouvoir parler de ma passion et surtout de pouvoir parler du hockey qui est un sport encore trop peu connu en France. N\u2019oubliez pas que Nathan MacKinnon est le meilleur joueur du monde.\",\"sameAs\":[\"https:\/\/x.com\/Colorado_FR_AVS\"],\"url\":\"https:\/\/theplayoffs.news\/fr\/author\/lilianhimmelbergergmail-com\/\"}]}<\/script>\n<!-- \/ Yoast SEO plugin. -->","yoast_head_json":{"title":"Interview exclusive de Fredrik Olofsson - The Playoffs FR","robots":{"index":"index","follow":"follow","max-snippet":"max-snippet:-1","max-image-preview":"max-image-preview:large","max-video-preview":"max-video-preview:-1"},"canonical":"https:\/\/theplayoffs.news\/fr\/nhl\/interview-exclusive-de-fredrik-olofsson\/","og_locale":"fr_FR","og_type":"article","og_title":"Interview exclusive de Fredrik Olofsson - The Playoffs FR","og_url":"https:\/\/theplayoffs.news\/fr\/nhl\/interview-exclusive-de-fredrik-olofsson\/","og_site_name":"The Playoffs FR","article_publisher":"https:\/\/www.facebook.com\/TheFreeAgentFR\/","article_modified_time":"2024-08-31T17:03:28+00:00","og_image":[{"width":1920,"height":1279,"url":"https:\/\/theplayoffs.news\/fr\/wp-content\/uploads\/2024\/08\/USATSI_22346804.jpg","type":"image\/jpeg"}],"author":"Lilian Himmelberger","twitter_card":"summary_large_image","twitter_creator":"@Colorado_FR_AVS","twitter_site":"@TheFreeAgentFR","twitter_misc":{"\u00c9crit par":"Lilian Himmelberger","Dur\u00e9e de lecture estim\u00e9e":"4 minutes"},"schema":{"@context":"https:\/\/schema.org","@graph":[{"@type":"WebPage","@id":"https:\/\/theplayoffs.news\/fr\/nhl\/interview-exclusive-de-fredrik-olofsson\/","url":"https:\/\/theplayoffs.news\/fr\/nhl\/interview-exclusive-de-fredrik-olofsson\/","name":"Interview exclusive de Fredrik Olofsson - The Playoffs FR","isPartOf":{"@id":"https:\/\/theplayoffs.news\/fr\/#website"},"primaryImageOfPage":{"@id":"https:\/\/theplayoffs.news\/fr\/nhl\/interview-exclusive-de-fredrik-olofsson\/#primaryimage"},"image":{"@id":"https:\/\/theplayoffs.news\/fr\/nhl\/interview-exclusive-de-fredrik-olofsson\/#primaryimage"},"thumbnailUrl":"https:\/\/theplayoffs.news\/fr\/wp-content\/uploads\/2024\/08\/USATSI_22346804.jpg","datePublished":"2024-08-31T17:00:53+00:00","dateModified":"2024-08-31T17:03:28+00:00","author":{"@id":"https:\/\/theplayoffs.news\/fr\/#\/schema\/person\/0931b4a2fbcb1e3ec76de45cc3952a9b"},"breadcrumb":{"@id":"https:\/\/theplayoffs.news\/fr\/nhl\/interview-exclusive-de-fredrik-olofsson\/#breadcrumb"},"inLanguage":"fr-FR","potentialAction":[{"@type":"ReadAction","target":["https:\/\/theplayoffs.news\/fr\/nhl\/interview-exclusive-de-fredrik-olofsson\/"]}]},{"@type":"ImageObject","inLanguage":"fr-FR","@id":"https:\/\/theplayoffs.news\/fr\/nhl\/interview-exclusive-de-fredrik-olofsson\/#primaryimage","url":"https:\/\/theplayoffs.news\/fr\/wp-content\/uploads\/2024\/08\/USATSI_22346804.jpg","contentUrl":"https:\/\/theplayoffs.news\/fr\/wp-content\/uploads\/2024\/08\/USATSI_22346804.jpg","width":1920,"height":1279,"caption":"Jan 4, 2024; Dallas, Texas, USA; Colorado Avalanche left wing Fredrik Olofsson (22) in action during the game between the Dallas Stars and the Colorado Avalanche at the American Airlines Center. Mandatory Credit: Jerome Miron-USA TODAY Sports"},{"@type":"BreadcrumbList","@id":"https:\/\/theplayoffs.news\/fr\/nhl\/interview-exclusive-de-fredrik-olofsson\/#breadcrumb","itemListElement":[{"@type":"ListItem","position":1,"name":"Accueil","item":"https:\/\/theplayoffs.news\/fr\/"},{"@type":"ListItem","position":2,"name":"Interview exclusive de Fredrik Olofsson"}]},{"@type":"WebSite","@id":"https:\/\/theplayoffs.news\/fr\/#website","url":"https:\/\/theplayoffs.news\/fr\/","name":"The Playoffs FR","description":"NBA-NFL-NHL-MLB","potentialAction":[{"@type":"SearchAction","target":{"@type":"EntryPoint","urlTemplate":"https:\/\/theplayoffs.news\/fr\/?s={search_term_string}"},"query-input":{"@type":"PropertyValueSpecification","valueRequired":true,"valueName":"search_term_string"}}],"inLanguage":"fr-FR"},{"@type":"Person","@id":"https:\/\/theplayoffs.news\/fr\/#\/schema\/person\/0931b4a2fbcb1e3ec76de45cc3952a9b","name":"Lilian Himmelberger","image":{"@type":"ImageObject","inLanguage":"fr-FR","@id":"https:\/\/theplayoffs.news\/fr\/#\/schema\/person\/image\/","url":"https:\/\/secure.gravatar.com\/avatar\/f4ac659ea2cbd43c2b77e8f751667a8f5b8015dadf9db3f3942f26588c2262af?s=96&d=mm&r=g","contentUrl":"https:\/\/secure.gravatar.com\/avatar\/f4ac659ea2cbd43c2b77e8f751667a8f5b8015dadf9db3f3942f26588c2262af?s=96&d=mm&r=g","caption":"Lilian Himmelberger"},"description":"Pour TPO, j\u2019\u00e9cris sur la NHL et la Ligue Magnus ou le hockey fran\u00e7ais en g\u00e9n\u00e9ral. J\u2019ai commenc\u00e9 un compte Twitter\/X sur l\u2019actu du Colorado Avalanche en fran\u00e7ais en 2020 et j\u2019ai commenc\u00e9 \u00e0 \u00e9crire des articles sur la NHL pour un site perso. C\u2019est en novembre 2023 que j\u2019ai ensuite rejoint TPO pour \u00e9crire sur la NHL et le hockey fran\u00e7ais. J\u2019adore pouvoir parler de ma passion et surtout de pouvoir parler du hockey qui est un sport encore trop peu connu en France. N\u2019oubliez pas que Nathan MacKinnon est le meilleur joueur du monde.","sameAs":["https:\/\/x.com\/Colorado_FR_AVS"],"url":"https:\/\/theplayoffs.news\/fr\/author\/lilianhimmelbergergmail-com\/"}]}},"_links":{"self":[{"href":"https:\/\/theplayoffs.news\/fr\/wp-json\/wp\/v2\/posts\/1454596","targetHints":{"allow":["GET"]}}],"collection":[{"href":"https:\/\/theplayoffs.news\/fr\/wp-json\/wp\/v2\/posts"}],"about":[{"href":"https:\/\/theplayoffs.news\/fr\/wp-json\/wp\/v2\/types\/post"}],"author":[{"embeddable":true,"href":"https:\/\/theplayoffs.news\/fr\/wp-json\/wp\/v2\/users\/180310223"}],"replies":[{"embeddable":true,"href":"https:\/\/theplayoffs.news\/fr\/wp-json\/wp\/v2\/comments?post=1454596"}],"version-history":[{"count":10,"href":"https:\/\/theplayoffs.news\/fr\/wp-json\/wp\/v2\/posts\/1454596\/revisions"}],"predecessor-version":[{"id":1454621,"href":"https:\/\/theplayoffs.news\/fr\/wp-json\/wp\/v2\/posts\/1454596\/revisions\/1454621"}],"wp:featuredmedia":[{"embeddable":true,"href":"https:\/\/theplayoffs.news\/fr\/wp-json\/wp\/v2\/media\/1454598"}],"wp:attachment":[{"href":"https:\/\/theplayoffs.news\/fr\/wp-json\/wp\/v2\/media?parent=1454596"}],"wp:term":[{"taxonomy":"category","embeddable":true,"href":"https:\/\/theplayoffs.news\/fr\/wp-json\/wp\/v2\/categories?post=1454596"},{"taxonomy":"post_tag","embeddable":true,"href":"https:\/\/theplayoffs.news\/fr\/wp-json\/wp\/v2\/tags?post=1454596"},{"taxonomy":"sport","embeddable":true,"href":"https:\/\/theplayoffs.news\/fr\/wp-json\/wp\/v2\/sport?post=1454596"},{"taxonomy":"saison","embeddable":true,"href":"https:\/\/theplayoffs.news\/fr\/wp-json\/wp\/v2\/saison?post=1454596"}],"curies":[{"name":"wp","href":"https:\/\/api.w.org\/{rel}","templated":true}]}}