{"id":1454373,"date":"2024-08-30T21:06:12","date_gmt":"2024-08-30T19:06:12","guid":{"rendered":"https:\/\/theplayoffs.news\/fr\/?p=1454373"},"modified":"2024-08-30T21:06:12","modified_gmt":"2024-08-30T19:06:12","slug":"flag-football-les-americaines-au-sommet-la-france-11e","status":"publish","type":"post","link":"https:\/\/theplayoffs.news\/fr\/d1\/flag-football-les-americaines-au-sommet-la-france-11e\/","title":{"rendered":"Flag Football: Les am\u00e9ricaines au sommet, la France 11e!"},"content":{"rendered":"<h2>Flag Football &ndash; Apr&egrave;s les hommes, c&rsquo;&eacute;tait au tour des femmes de clore leur championnat du monde 2024 de flag football ce vendredi.<\/h2><p>On prend les m&ecirc;mes et on recommence pour cette nouvelle &eacute;dition du championnat du monde f&eacute;minin de flag football 2024. Disput&eacute; &agrave; Lahti en Finlande depuis le 27 ao&ucirc;t, la comp&eacute;tition internationale a vu une fois de plus le sacre des Etats-Unis d&rsquo;Am&eacute;rique qui remporte ainsi leur troisi&egrave;me titre mondial cons&eacute;cutif apr&egrave;s ceux glan&eacute;s en 2018 et en 2021. Et comme lors de la derni&egrave;re &eacute;dition du championnat du monde de flag football disput&eacute; en Isra&euml;l, les am&eacute;ricaines ont pris le meilleur en finale sur le Mexique.<\/p><p>Apr&egrave;s une phase de poule sans grand soucis pendant laquelle elles auront notamment <a href=\"https:\/\/theplayoffs.news\/fr\/nfl\/flag-football-bleues-qualifiees-huitieme\/\" class=\"trk-cta-link\" data-cta-trk='{\"ctaType\":\"Link\",\"ctaSubType\":\"main\"}'>battu notre &eacute;quipe de France<\/a>, les am&eacute;ricaines ont facilement dispos&eacute; des finlandaises (61-0) en huiti&egrave;me de finale. Elles se seront en revanche fait tr&egrave;s peur contre l&rsquo;Espagne avec une victoire &agrave; l&rsquo;arrach&eacute;e 18-14 pour s&rsquo;ouvrir les portes d&rsquo;une demi-finale ma&icirc;tris&eacute;e contre l&rsquo;Autriche. Pour finir, les Etats-Unis ont dispos&eacute; des mexicaines (<a href=\"https:\/\/app.sportapp.fi\/series\/2024\/2\/2024-flagwc-women\/playoffs\/bracket?match-series=87\" class=\"trk-cta-link\" data-cta-trk='{\"ctaType\":\"Link\",\"ctaSubType\":\"main\"}'>31-18<\/a>) en match de cl&ocirc;ture de ce championnat du monde de flag football 2024.<\/p><p>La m&eacute;daille de bronze est elle revenue &agrave; l&rsquo;&eacute;quipe du Japon! Une &eacute;quipe nippone qui aura jou&eacute; &agrave; son niveau pendant tout le tournoi et qui aura fait douter par moment le Mexique lors de la demi-finale avant de s&rsquo;incliner. Pour la 3e place, les japonaises se frottaient aux toujours dangereuses autrichiennes. Dans un match d&rsquo;une rare intensit&eacute;, les japonaises sont parvenues &agrave; arracher la victoire sur le score de 41 &agrave; 40. Elles obtiennent ainsi leur premi&egrave;re mondiale lors d&rsquo;un mondial de flag football depuis leur m&eacute;daille d&rsquo;argent en 2012 suite &agrave; une d&eacute;faite face&hellip; &agrave; l&rsquo;&eacute;quipe de France.<\/p><p>De son c&ocirc;t&eacute;, l&rsquo;Equipe de France f&eacute;minine de flag football aura tenu son rang! Bien &eacute;videmment, les filles seront d&eacute;&ccedil;ues de ne pas int&eacute;grer le top 7 de la comp&eacute;tition qui leur aurait ouvert les portes des World Games 2025 d&rsquo;autant qu&rsquo;elles sont pass&eacute;es proches de la victoire en huiti&egrave;me de finale contre l&rsquo;Espagne. Mais les fran&ccedil;aises ont tout de m&ecirc;me tenu leur rangs. Arriv&eacute;s avec la t&ecirc;te de s&eacute;rie num&eacute;ro 11, elles terminent 11e du tournoi apr&egrave;s une victoire convaincante face &agrave; la Suisse (41-18) pour leur dernier match. Une mani&egrave;re de conclure ce championnat du monde de flag football en beaut&eacute;.<\/p><p><em>Cr&eacute;dit photo: FFFA<\/em><\/p>\n","protected":false},"excerpt":{"rendered":"","protected":false},"author":180309964,"featured_media":1454374,"comment_status":"open","ping_status":"closed","sticky":false,"template":"","format":"standard","meta":{"inline_featured_image":false,"kia_subtitle":"","_mux_skip_reasons":[],"proofreadBy":0,"footnotes":""},"categories":[3324,10,40],"tags":[4533],"sport":[2785],"saison":[6111],"class_list":["post-1454373","post","type-post","status-publish","format-standard","has-post-thumbnail","hentry","category-d1","category-nba","category-nfl","tag-flag-football","sport-nfl","saison-6111"],"acf":[],"yoast_head":"<!-- This site is optimized with the Yoast SEO plugin v24.2 - https:\/\/yoast.com\/wordpress\/plugins\/seo\/ -->\n<title>Flag Football: Les am&eacute;ricaines au sommet, la France 11e! - The Playoffs FR<\/title>\n<meta name=\"robots\" content=\"index, follow, max-snippet:-1, max-image-preview:large, max-video-preview:-1\" \/>\n<link rel=\"canonical\" href=\"https:\/\/theplayoffs.news\/fr\/d1\/flag-football-les-americaines-au-sommet-la-france-11e\/\" \/>\n<meta property=\"og:locale\" content=\"fr_FR\" \/>\n<meta property=\"og:type\" content=\"article\" \/>\n<meta property=\"og:title\" content=\"Flag Football: Les am&eacute;ricaines au sommet, la France 11e! - The Playoffs FR\" \/>\n<meta property=\"og:url\" content=\"https:\/\/theplayoffs.news\/fr\/d1\/flag-football-les-americaines-au-sommet-la-france-11e\/\" \/>\n<meta property=\"og:site_name\" content=\"The Playoffs FR\" \/>\n<meta property=\"article:publisher\" content=\"https:\/\/www.facebook.com\/TheFreeAgentFR\/\" \/>\n<meta property=\"article:modified_time\" content=\"2024-08-30T21:06:12+02:00\" \/>\n<meta property=\"og:image\" content=\"https:\/\/theplayoffs.news\/fr\/wp-content\/uploads\/2024\/08\/ALP02645.jpg\" \/>\n\t<meta property=\"og:image:width\" content=\"1920\" \/>\n\t<meta property=\"og:image:height\" content=\"1280\" \/>\n\t<meta property=\"og:image:type\" content=\"image\/jpeg\" \/>\n<meta name=\"author\" content=\"Flavien Jumeau\" \/>\n<meta name=\"twitter:card\" content=\"summary_large_image\" \/>\n<meta name=\"twitter:creator\" content=\"@TheFreeAgentFR\" \/>\n<meta name=\"twitter:site\" content=\"@TheFreeAgentFR\" \/>\n<meta name=\"twitter:label1\" content=\"\u00c9crit par\" \/>\n\t<meta name=\"twitter:data1\" content=\"Flavien Jumeau\" \/>\n\t<meta name=\"twitter:label2\" content=\"Dur\u00e9e de lecture estim\u00e9e\" \/>\n\t<meta name=\"twitter:data2\" content=\"2 minutes\" \/>\n<script type=\"application\/ld+json\" class=\"yoast-schema-graph\">{\"@context\":\"https:\/\/schema.org\",\"@graph\":[{\"@type\":\"WebPage\",\"@id\":\"https:\/\/theplayoffs.news\/fr\/d1\/flag-football-les-americaines-au-sommet-la-france-11e\/\",\"url\":\"https:\/\/theplayoffs.news\/fr\/d1\/flag-football-les-americaines-au-sommet-la-france-11e\/\",\"name\":\"Flag Football: Les am\u00e9ricaines au sommet, la France 11e! - The Playoffs FR\",\"isPartOf\":{\"@id\":\"https:\/\/theplayoffs.news\/fr\/#website\"},\"primaryImageOfPage\":{\"@id\":\"https:\/\/theplayoffs.news\/fr\/d1\/flag-football-les-americaines-au-sommet-la-france-11e\/#primaryimage\"},\"image\":{\"@id\":\"https:\/\/theplayoffs.news\/fr\/d1\/flag-football-les-americaines-au-sommet-la-france-11e\/#primaryimage\"},\"thumbnailUrl\":\"https:\/\/theplayoffs.news\/fr\/wp-content\/uploads\/2024\/08\/ALP02645.jpg\",\"datePublished\":\"2024-08-30T19:06:12+00:00\",\"dateModified\":\"2024-08-30T19:06:12+00:00\",\"author\":{\"@id\":\"https:\/\/theplayoffs.news\/fr\/#\/schema\/person\/def63bc6746dc5957469b75feb99e66d\"},\"breadcrumb\":{\"@id\":\"https:\/\/theplayoffs.news\/fr\/d1\/flag-football-les-americaines-au-sommet-la-france-11e\/#breadcrumb\"},\"inLanguage\":\"fr-FR\",\"potentialAction\":[{\"@type\":\"ReadAction\",\"target\":[\"https:\/\/theplayoffs.news\/fr\/d1\/flag-football-les-americaines-au-sommet-la-france-11e\/\"]}]},{\"@type\":\"ImageObject\",\"inLanguage\":\"fr-FR\",\"@id\":\"https:\/\/theplayoffs.news\/fr\/d1\/flag-football-les-americaines-au-sommet-la-france-11e\/#primaryimage\",\"url\":\"https:\/\/theplayoffs.news\/fr\/wp-content\/uploads\/2024\/08\/ALP02645.jpg\",\"contentUrl\":\"https:\/\/theplayoffs.news\/fr\/wp-content\/uploads\/2024\/08\/ALP02645.jpg\",\"width\":1920,\"height\":1280,\"caption\":\"Flag Football\"},{\"@type\":\"BreadcrumbList\",\"@id\":\"https:\/\/theplayoffs.news\/fr\/d1\/flag-football-les-americaines-au-sommet-la-france-11e\/#breadcrumb\",\"itemListElement\":[{\"@type\":\"ListItem\",\"position\":1,\"name\":\"Accueil\",\"item\":\"https:\/\/theplayoffs.news\/fr\/\"},{\"@type\":\"ListItem\",\"position\":2,\"name\":\"Flag Football: Les am\u00e9ricaines au sommet, la France 11e!\"}]},{\"@type\":\"WebSite\",\"@id\":\"https:\/\/theplayoffs.news\/fr\/#website\",\"url\":\"https:\/\/theplayoffs.news\/fr\/\",\"name\":\"The Playoffs FR\",\"description\":\"NBA-NFL-NHL-MLB\",\"potentialAction\":[{\"@type\":\"SearchAction\",\"target\":{\"@type\":\"EntryPoint\",\"urlTemplate\":\"https:\/\/theplayoffs.news\/fr\/?s={search_term_string}\"},\"query-input\":{\"@type\":\"PropertyValueSpecification\",\"valueRequired\":true,\"valueName\":\"search_term_string\"}}],\"inLanguage\":\"fr-FR\"},{\"@type\":\"Person\",\"@id\":\"https:\/\/theplayoffs.news\/fr\/#\/schema\/person\/def63bc6746dc5957469b75feb99e66d\",\"name\":\"Flavien Jumeau\",\"image\":{\"@type\":\"ImageObject\",\"inLanguage\":\"fr-FR\",\"@id\":\"https:\/\/theplayoffs.news\/fr\/#\/schema\/person\/image\/\",\"url\":\"https:\/\/secure.gravatar.com\/avatar\/e7fa8ba5a4b7e4ce35fe152f083f352db28ad0acce692004ed88a7a7d78893f7?s=96&d=mm&r=g\",\"contentUrl\":\"https:\/\/secure.gravatar.com\/avatar\/e7fa8ba5a4b7e4ce35fe152f083f352db28ad0acce692004ed88a7a7d78893f7?s=96&d=mm&r=g\",\"caption\":\"Flavien Jumeau\"},\"description\":\"Amoureux du sport (et de vraiment tous les sports) depuis mon plus jeune \u00e2ge, j\u2019ai longtemps h\u00e9site entre le snooker et le curling. Finalement c\u2019est le foot US que j\u2019ai d\u00e9cid\u00e9 de choisir! Responsable foot US sur TPO et animateur du podcast Tailgate j\u2019ai pour mission de vous faire d\u00e9couvrir ce sport passionnant si ce n\u2019est pas encore fait et de vous donner les derni\u00e8res actus. Le tout dans la bonne humeur et avec toujours un jeu de mots ou deux savamment distill\u00e9s! Fan des Saints, pour moi Drew Brees est le vrai GOAT!\",\"url\":\"https:\/\/theplayoffs.news\/fr\/author\/flavien-jumeaugmail-com\/\"}]}<\/script>\n<!-- \/ Yoast SEO plugin. -->","yoast_head_json":{"title":"Flag Football: Les am&eacute;ricaines au sommet, la France 11e! - The Playoffs FR","robots":{"index":"index","follow":"follow","max-snippet":"max-snippet:-1","max-image-preview":"max-image-preview:large","max-video-preview":"max-video-preview:-1"},"canonical":"https:\/\/theplayoffs.news\/fr\/d1\/flag-football-les-americaines-au-sommet-la-france-11e\/","og_locale":"fr_FR","og_type":"article","og_title":"Flag Football: Les am&eacute;ricaines au sommet, la France 11e! - The Playoffs FR","og_url":"https:\/\/theplayoffs.news\/fr\/d1\/flag-football-les-americaines-au-sommet-la-france-11e\/","og_site_name":"The Playoffs FR","article_publisher":"https:\/\/www.facebook.com\/TheFreeAgentFR\/","og_image":[{"width":1920,"height":1280,"url":"https:\/\/theplayoffs.news\/fr\/wp-content\/uploads\/2024\/08\/ALP02645.jpg","type":"image\/jpeg"}],"author":"Flavien Jumeau","twitter_card":"summary_large_image","twitter_creator":"@TheFreeAgentFR","twitter_site":"@TheFreeAgentFR","twitter_misc":{"\u00c9crit par":"Flavien Jumeau","Dur\u00e9e de lecture estim\u00e9e":"2 minutes"},"schema":{"@context":"https:\/\/schema.org","@graph":[{"@type":"WebPage","@id":"https:\/\/theplayoffs.news\/fr\/d1\/flag-football-les-americaines-au-sommet-la-france-11e\/","url":"https:\/\/theplayoffs.news\/fr\/d1\/flag-football-les-americaines-au-sommet-la-france-11e\/","name":"Flag Football: Les am\u00e9ricaines au sommet, la France 11e! - The Playoffs FR","isPartOf":{"@id":"https:\/\/theplayoffs.news\/fr\/#website"},"primaryImageOfPage":{"@id":"https:\/\/theplayoffs.news\/fr\/d1\/flag-football-les-americaines-au-sommet-la-france-11e\/#primaryimage"},"image":{"@id":"https:\/\/theplayoffs.news\/fr\/d1\/flag-football-les-americaines-au-sommet-la-france-11e\/#primaryimage"},"thumbnailUrl":"https:\/\/theplayoffs.news\/fr\/wp-content\/uploads\/2024\/08\/ALP02645.jpg","datePublished":"2024-08-30T19:06:12+00:00","dateModified":"2024-08-30T19:06:12+00:00","author":{"@id":"https:\/\/theplayoffs.news\/fr\/#\/schema\/person\/def63bc6746dc5957469b75feb99e66d"},"breadcrumb":{"@id":"https:\/\/theplayoffs.news\/fr\/d1\/flag-football-les-americaines-au-sommet-la-france-11e\/#breadcrumb"},"inLanguage":"fr-FR","potentialAction":[{"@type":"ReadAction","target":["https:\/\/theplayoffs.news\/fr\/d1\/flag-football-les-americaines-au-sommet-la-france-11e\/"]}]},{"@type":"ImageObject","inLanguage":"fr-FR","@id":"https:\/\/theplayoffs.news\/fr\/d1\/flag-football-les-americaines-au-sommet-la-france-11e\/#primaryimage","url":"https:\/\/theplayoffs.news\/fr\/wp-content\/uploads\/2024\/08\/ALP02645.jpg","contentUrl":"https:\/\/theplayoffs.news\/fr\/wp-content\/uploads\/2024\/08\/ALP02645.jpg","width":1920,"height":1280,"caption":"Flag Football"},{"@type":"BreadcrumbList","@id":"https:\/\/theplayoffs.news\/fr\/d1\/flag-football-les-americaines-au-sommet-la-france-11e\/#breadcrumb","itemListElement":[{"@type":"ListItem","position":1,"name":"Accueil","item":"https:\/\/theplayoffs.news\/fr\/"},{"@type":"ListItem","position":2,"name":"Flag Football: Les am\u00e9ricaines au sommet, la France 11e!"}]},{"@type":"WebSite","@id":"https:\/\/theplayoffs.news\/fr\/#website","url":"https:\/\/theplayoffs.news\/fr\/","name":"The Playoffs FR","description":"NBA-NFL-NHL-MLB","potentialAction":[{"@type":"SearchAction","target":{"@type":"EntryPoint","urlTemplate":"https:\/\/theplayoffs.news\/fr\/?s={search_term_string}"},"query-input":{"@type":"PropertyValueSpecification","valueRequired":true,"valueName":"search_term_string"}}],"inLanguage":"fr-FR"},{"@type":"Person","@id":"https:\/\/theplayoffs.news\/fr\/#\/schema\/person\/def63bc6746dc5957469b75feb99e66d","name":"Flavien Jumeau","image":{"@type":"ImageObject","inLanguage":"fr-FR","@id":"https:\/\/theplayoffs.news\/fr\/#\/schema\/person\/image\/","url":"https:\/\/secure.gravatar.com\/avatar\/e7fa8ba5a4b7e4ce35fe152f083f352db28ad0acce692004ed88a7a7d78893f7?s=96&d=mm&r=g","contentUrl":"https:\/\/secure.gravatar.com\/avatar\/e7fa8ba5a4b7e4ce35fe152f083f352db28ad0acce692004ed88a7a7d78893f7?s=96&d=mm&r=g","caption":"Flavien Jumeau"},"description":"Amoureux du sport (et de vraiment tous les sports) depuis mon plus jeune \u00e2ge, j\u2019ai longtemps h\u00e9site entre le snooker et le curling. Finalement c\u2019est le foot US que j\u2019ai d\u00e9cid\u00e9 de choisir! Responsable foot US sur TPO et animateur du podcast Tailgate j\u2019ai pour mission de vous faire d\u00e9couvrir ce sport passionnant si ce n\u2019est pas encore fait et de vous donner les derni\u00e8res actus. Le tout dans la bonne humeur et avec toujours un jeu de mots ou deux savamment distill\u00e9s! Fan des Saints, pour moi Drew Brees est le vrai GOAT!","url":"https:\/\/theplayoffs.news\/fr\/author\/flavien-jumeaugmail-com\/"}]}},"_links":{"self":[{"href":"https:\/\/theplayoffs.news\/fr\/wp-json\/wp\/v2\/posts\/1454373","targetHints":{"allow":["GET"]}}],"collection":[{"href":"https:\/\/theplayoffs.news\/fr\/wp-json\/wp\/v2\/posts"}],"about":[{"href":"https:\/\/theplayoffs.news\/fr\/wp-json\/wp\/v2\/types\/post"}],"author":[{"embeddable":true,"href":"https:\/\/theplayoffs.news\/fr\/wp-json\/wp\/v2\/users\/180309964"}],"replies":[{"embeddable":true,"href":"https:\/\/theplayoffs.news\/fr\/wp-json\/wp\/v2\/comments?post=1454373"}],"version-history":[{"count":3,"href":"https:\/\/theplayoffs.news\/fr\/wp-json\/wp\/v2\/posts\/1454373\/revisions"}],"predecessor-version":[{"id":1454377,"href":"https:\/\/theplayoffs.news\/fr\/wp-json\/wp\/v2\/posts\/1454373\/revisions\/1454377"}],"wp:featuredmedia":[{"embeddable":true,"href":"https:\/\/theplayoffs.news\/fr\/wp-json\/wp\/v2\/media\/1454374"}],"wp:attachment":[{"href":"https:\/\/theplayoffs.news\/fr\/wp-json\/wp\/v2\/media?parent=1454373"}],"wp:term":[{"taxonomy":"category","embeddable":true,"href":"https:\/\/theplayoffs.news\/fr\/wp-json\/wp\/v2\/categories?post=1454373"},{"taxonomy":"post_tag","embeddable":true,"href":"https:\/\/theplayoffs.news\/fr\/wp-json\/wp\/v2\/tags?post=1454373"},{"taxonomy":"sport","embeddable":true,"href":"https:\/\/theplayoffs.news\/fr\/wp-json\/wp\/v2\/sport?post=1454373"},{"taxonomy":"saison","embeddable":true,"href":"https:\/\/theplayoffs.news\/fr\/wp-json\/wp\/v2\/saison?post=1454373"}],"curies":[{"name":"wp","href":"https:\/\/api.w.org\/{rel}","templated":true}]}}