{"id":1454325,"date":"2024-08-30T17:23:09","date_gmt":"2024-08-30T15:23:09","guid":{"rendered":"https:\/\/theplayoffs.news\/fr\/?p=1454325"},"modified":"2024-08-30T17:23:09","modified_gmt":"2024-08-30T15:23:09","slug":"chargers-joey-bosa-a-ete-opere-de-la-main","status":"publish","type":"post","link":"https:\/\/theplayoffs.news\/fr\/actualite-nfl\/chargers-joey-bosa-a-ete-opere-de-la-main\/","title":{"rendered":"Chargers : Joey Bosa a \u00e9t\u00e9 op\u00e9r\u00e9 de la main"},"content":{"rendered":"<h2><strong>NFL &ndash; Il est d&eacute;sormais temps pour tous les joueurs de la ligue de se pr&eacute;parer pour &ecirc;tre &agrave; 100% &agrave; une semaine de l&rsquo;ouverture de la saison r&eacute;guli&egrave;re. &Agrave; Los Angeles, chez les Chargers, Joey Bosa a retrouv&eacute; l&rsquo;ensemble de ses moyens. <\/strong><\/h2><p><strong>&nbsp;<\/strong><\/p><p>Joey Bosa n&rsquo;avait pu disputer que 9 matchs la saison derni&egrave;re ce qui explique une partie du bilan final d&eacute;cevant des Chargers qui n&rsquo;avaient remport&eacute; que 5 matchs pour une derni&egrave;re place dans l&rsquo;AFC Ouest. D&eacute;sireux de ne pas conna&icirc;tre une saison similaire, l&rsquo;ancien d&rsquo;Oklahoma State a mis toutes les chances de son c&ocirc;t&eacute; avec une op&eacute;ration de la main.<\/p><h3><\/h3><h3><strong>Il s&rsquo;&eacute;tait fractur&eacute; la main lors d&rsquo;un entra&icirc;nement d&eacute;but Ao&ucirc;t<\/strong><\/h3><h3><strong>&nbsp;<\/strong><\/h3><p>Tout n&rsquo;avait pourtant pas &eacute;t&eacute; idyllique dans le chemin du retour de Bosa vers les terrains. En effet, alors que l&rsquo;intersaison suivait son cours et que les Chargers poursuivaient leur camp d&rsquo;entra&icirc;nement, Joey Bosa se fit une belle frayeur le 4 Ao&ucirc;t.<\/p><p>Effectivement, lors d&rsquo;une opposition d&rsquo;entra&icirc;nement face &agrave; l&rsquo;&eacute;quipe voisine de Los Angeles, les Rams, le joueur aux 12.5 sacks sur la saison 2017 (record en carri&egrave;re) se fracturait la main, &agrave; un peu plus d&rsquo;un mois de la reprise de la saison r&eacute;guli&egrave;re.<\/p><p>&nbsp;<\/p><p>\n<div id=\"attachment_1454341\" style=\"width: 770px\" class=\"wp-caption aligncenter\"><img loading=\"lazy\" decoding=\"async\" aria-describedby=\"caption-attachment-1454341\" class=\" wp-image-1454341\" src=\"https:\/\/theplayoffs.news\/fr\/wp-content\/uploads\/2024\/08\/USATSI_21495002-300x200.jpg\" alt=\"\" width=\"760\" height=\"506\" srcset=\"https:\/\/theplayoffs.news\/fr\/wp-content\/uploads\/2024\/08\/USATSI_21495002-300x200.jpg 300w, https:\/\/theplayoffs.news\/fr\/wp-content\/uploads\/2024\/08\/USATSI_21495002-1030x687.jpg 1030w, https:\/\/theplayoffs.news\/fr\/wp-content\/uploads\/2024\/08\/USATSI_21495002-768x512.jpg 768w, https:\/\/theplayoffs.news\/fr\/wp-content\/uploads\/2024\/08\/USATSI_21495002-1320x880.jpg 1320w, https:\/\/theplayoffs.news\/fr\/wp-content\/uploads\/2024\/08\/USATSI_21495002.jpg 1920w\" sizes=\"auto, (max-width: 760px) 100vw, 760px\" \/><p id=\"caption-attachment-1454341\" class=\"wp-caption-text\">Joey Bosa (casque blanc n&deg;97) sacke Kirk Cousins lors d&rsquo;un match contre les Vikings le 24 Septembre 2023.&nbsp; Mandatory Credit: Brad Rempel-USA TODAY Sports<\/p><\/div>\n<\/p><p>&nbsp;<\/p><p>Imm&eacute;diatement, Bosa avait alors demand&eacute; de se faire op&eacute;rer. &laquo;&nbsp;C&rsquo;est nul. Je veux dire, dans la seconde o&ugrave; tu te blesses, tu as un million de pens&eacute;es qui te passent par la t&ecirc;te et la plupart d&rsquo;entre elles sont n&eacute;gatives. Je me sentais vraiment bien &agrave; propos de l&agrave; o&ugrave; j&rsquo;allais, et je le suis toujours. J&rsquo;ai connu des difficult&eacute;s durant les premiers jours, et, vous savez, j&rsquo;ai eu des bonnes nouvelles et j&rsquo;ai avanc&eacute;.&nbsp;&raquo; livrait le quadruple Pro Bowler face aux journalistes hier.<\/p><p>S&rsquo;il a avou&eacute; avoir &eacute;t&eacute; inquiet que cette blessure lui fasse perdre de la force comme le <a href=\"https:\/\/www.espn.com\/nfl\/story\/_\/id\/41046782\/chargers-joey-bosa-had-surgery-wear-club-hand\" class=\"trk-cta-link\" data-cta-trk='{\"ctaType\":\"Link\",\"ctaSubType\":\"main\"}'>rapportait <\/a><em>ESPN,<\/em> son &eacute;tat de sant&eacute; est lui plut&ocirc;t rassurant &agrave; 8 jours du premier match de l&rsquo;ann&eacute;e.<\/p><p>&nbsp;<\/p><h3><strong>Bosa ne devrait pas manquer un match mais portera une protection<\/strong><\/h3><p><strong>&nbsp;<\/strong><\/p><p>En effet, l&rsquo;aspect principal de cette conf&eacute;rence de presse r&eacute;sidait dans le fait que le fr&egrave;re de Nick Bosa, joueur des 49ers, indiquait qu&rsquo;il se sentait bien et qu&rsquo;il ne devrait &agrave; priori pas manquer le moindre match, y compris celui d&rsquo;ouverture dimanche prochain.<\/p><p>&laquo;&nbsp;Il n&rsquo;y a aucune raison de se pr&eacute;cipiter et de causer des probl&egrave;mes. Non pas qu&rsquo;il y en aurait, &agrave; part un peu de douleurs provoqu&eacute;es par ce mat&eacute;riel qui maintient mes os ensemble, donc ce n&rsquo;est pas vraiment un risque d&rsquo;une r&eacute;elle blessure. Une fois que j&rsquo;aurais retrouv&eacute; une amplitude et une force de saisie compl&egrave;te, ce que j&rsquo;ai presque d&eacute;j&agrave; fait, je serais sorti de cela [la blessure].&nbsp;&raquo; arguait-il tout en avan&ccedil;ant qu&rsquo;il avait eu &laquo;&nbsp;trois bonnes s&eacute;ances d&rsquo;entra&icirc;nement&nbsp;&raquo; cette semaine.<\/p><p>Conscient tout de m&ecirc;me que son conditionnement &laquo;&nbsp;demanderait du travail&nbsp;&raquo;, Bosa a indiqu&eacute; qu&rsquo;il portera une protection &agrave; court-terme sur cette main, ne donnant aucun calendrier pr&eacute;cis avant de retirer cette protection, bien qu&rsquo;il se sentirait &agrave; l&rsquo;aise sans d&egrave;s aujourd&rsquo;hui et que cette protection relevait plus de la pr&eacute;caution, toujours selon les dires de Kris Rhim de <em>ESPN.<\/em><\/p><blockquote class=\"twitter-tweet\" data-width=\"500\" data-dnt=\"true\">\n<p lang=\"en\" dir=\"ltr\">Joey Bosa turns 28 today. Can he return to Pro Bowl form in 2023?<a href=\"https:\/\/twitter.com\/jbbigbear?ref_src=twsrc%5Etfw\" class=\"trk-cta-link\" data-cta-trk='{\"ctaType\":\"Link\",\"ctaSubType\":\"main\"}'>@jbbigbear<\/a> | <a href=\"https:\/\/twitter.com\/chargers?ref_src=twsrc%5Etfw\" class=\"trk-cta-link\" data-cta-trk='{\"ctaType\":\"Link\",\"ctaSubType\":\"main\"}'>@chargers<\/a> <a href=\"https:\/\/t.co\/CHMVAmKyXD\" class=\"trk-cta-link\" data-cta-trk='{\"ctaType\":\"Link\",\"ctaSubType\":\"main\"}'>pic.twitter.com\/CHMVAmKyXD<\/a><\/p>\n<p>&mdash; NFL (@NFL) <a href=\"https:\/\/twitter.com\/NFL\/status\/1678825228552531979?ref_src=twsrc%5Etfw\" class=\"trk-cta-link\" data-cta-trk='{\"ctaType\":\"Link\",\"ctaSubType\":\"main\"}'>July 11, 2023<\/a><\/p><\/blockquote><p><script async src=\"https:\/\/platform.twitter.com\/widgets.js\" charset=\"utf-8\"><\/script><\/p><p>Les Chargers auront en tout cas besoin d&rsquo;un Joey Bosa &agrave; 100% pour retrouver les Playoffs qu&rsquo;ils avaient vu en 2023, d&rsquo;autant que l&rsquo;ann&eacute;e 1 du projet Jim Harbaugh porte de s&eacute;rieuses ambitions cette saison.<\/p><p>Mais pour mener &agrave; bien ces ambitions, Los Angeles devra n&eacute;cessairement faire bien mieux en d&eacute;fense, o&ugrave; ils affichaient le 9<sup>&egrave;me<\/sup> pire bilan de la ligue en points encaiss&eacute;s par matchs en moyenne (23.4), le 5<sup>&egrave;me<\/sup> pire en yards encaiss&eacute;s par matchs en moyenne (362.9) et occupaient la 9<sup>&egrave;me<\/sup> derni&egrave;re place en pertes de balles provoqu&eacute;es (21).<\/p><p>&nbsp;<\/p><p>Avec le retour d&rsquo;un Bosa &agrave; 100%, les Chargers peuvent esp&eacute;rer le meilleur. Pour cela, le premier match de l&rsquo;ann&eacute;e, face &agrave; un adversaire de division abordable, les Raiders, sera capital surtout apr&egrave;s l&rsquo;affront v&eacute;cu en fin de saison derni&egrave;re avec une d&eacute;faite 63-21 face &agrave; Las Vegas.<\/p><p>Bosa, qui <a href=\"https:\/\/theplayoffs.news\/fr\/nfl\/joey-bosa-restructure-son-contrat-chargers\/\" class=\"trk-cta-link\" data-cta-trk='{\"ctaType\":\"Link\",\"ctaSubType\":\"main\"}'>a restructur&eacute; au printemps son contrat<\/a> &agrave; la baisse pour rester chez &agrave; Los Angeles se &laquo;&nbsp;sent confiant dans sa capacit&eacute; &agrave; performer, surtout avec une nouvelle semaine compl&egrave;te [d&rsquo;entra&icirc;nement].&nbsp;&raquo;. Il n&rsquo;y a plus qu&rsquo;&agrave;&hellip;<\/p><p>&copy; Kirby Lee-USA TODAY Sports<\/p>\n","protected":false},"excerpt":{"rendered":"","protected":false},"author":180310210,"featured_media":1454340,"comment_status":"open","ping_status":"closed","sticky":false,"template":"","format":"standard","meta":{"inline_featured_image":false,"kia_subtitle":"","_mux_skip_reasons":[],"proofreadBy":0,"footnotes":""},"categories":[118,40],"tags":[758,759],"sport":[2785],"saison":[6111],"class_list":["post-1454325","post","type-post","status-publish","format-standard","has-post-thumbnail","hentry","category-actualite-nfl","category-nfl","tag-joey-bosa","tag-los-angeles-chargers","sport-nfl","saison-6111"],"acf":[],"yoast_head":"<!-- This site is optimized with the Yoast SEO plugin v24.2 - https:\/\/yoast.com\/wordpress\/plugins\/seo\/ -->\n<title>Chargers : Joey Bosa a &eacute;t&eacute; op&eacute;r&eacute; de la main - The Playoffs FR<\/title>\n<meta name=\"robots\" content=\"index, follow, max-snippet:-1, max-image-preview:large, max-video-preview:-1\" \/>\n<link rel=\"canonical\" href=\"https:\/\/theplayoffs.news\/fr\/actualite-nfl\/chargers-joey-bosa-a-ete-opere-de-la-main\/\" \/>\n<meta property=\"og:locale\" content=\"fr_FR\" \/>\n<meta property=\"og:type\" content=\"article\" \/>\n<meta property=\"og:title\" content=\"Chargers : Joey Bosa a &eacute;t&eacute; op&eacute;r&eacute; de la main - The Playoffs FR\" \/>\n<meta property=\"og:url\" content=\"https:\/\/theplayoffs.news\/fr\/actualite-nfl\/chargers-joey-bosa-a-ete-opere-de-la-main\/\" \/>\n<meta property=\"og:site_name\" content=\"The Playoffs FR\" \/>\n<meta property=\"article:publisher\" content=\"https:\/\/www.facebook.com\/TheFreeAgentFR\/\" \/>\n<meta property=\"article:modified_time\" content=\"2024-08-30T17:23:09+02:00\" \/>\n<meta property=\"og:image\" content=\"https:\/\/theplayoffs.news\/fr\/wp-content\/uploads\/2024\/08\/USATSI_21089846.jpg\" \/>\n\t<meta property=\"og:image:width\" content=\"1920\" \/>\n\t<meta property=\"og:image:height\" content=\"1280\" \/>\n\t<meta property=\"og:image:type\" content=\"image\/jpeg\" \/>\n<meta name=\"author\" content=\"Romain Balle\" \/>\n<meta name=\"twitter:card\" content=\"summary_large_image\" \/>\n<meta name=\"twitter:creator\" content=\"@TheFreeAgentFR\" \/>\n<meta name=\"twitter:site\" content=\"@TheFreeAgentFR\" \/>\n<meta name=\"twitter:label1\" content=\"\u00c9crit par\" \/>\n\t<meta name=\"twitter:data1\" content=\"Romain Balle\" \/>\n\t<meta name=\"twitter:label2\" content=\"Dur\u00e9e de lecture estim\u00e9e\" \/>\n\t<meta name=\"twitter:data2\" content=\"4 minutes\" \/>\n<script type=\"application\/ld+json\" class=\"yoast-schema-graph\">{\"@context\":\"https:\/\/schema.org\",\"@graph\":[{\"@type\":\"WebPage\",\"@id\":\"https:\/\/theplayoffs.news\/fr\/actualite-nfl\/chargers-joey-bosa-a-ete-opere-de-la-main\/\",\"url\":\"https:\/\/theplayoffs.news\/fr\/actualite-nfl\/chargers-joey-bosa-a-ete-opere-de-la-main\/\",\"name\":\"Chargers : Joey Bosa a \u00e9t\u00e9 op\u00e9r\u00e9 de la main - The Playoffs FR\",\"isPartOf\":{\"@id\":\"https:\/\/theplayoffs.news\/fr\/#website\"},\"primaryImageOfPage\":{\"@id\":\"https:\/\/theplayoffs.news\/fr\/actualite-nfl\/chargers-joey-bosa-a-ete-opere-de-la-main\/#primaryimage\"},\"image\":{\"@id\":\"https:\/\/theplayoffs.news\/fr\/actualite-nfl\/chargers-joey-bosa-a-ete-opere-de-la-main\/#primaryimage\"},\"thumbnailUrl\":\"https:\/\/theplayoffs.news\/fr\/wp-content\/uploads\/2024\/08\/USATSI_21089846.jpg\",\"datePublished\":\"2024-08-30T15:23:09+00:00\",\"dateModified\":\"2024-08-30T15:23:09+00:00\",\"author\":{\"@id\":\"https:\/\/theplayoffs.news\/fr\/#\/schema\/person\/6d5286c8c5dec1bbd3e6341f17a41111\"},\"breadcrumb\":{\"@id\":\"https:\/\/theplayoffs.news\/fr\/actualite-nfl\/chargers-joey-bosa-a-ete-opere-de-la-main\/#breadcrumb\"},\"inLanguage\":\"fr-FR\",\"potentialAction\":[{\"@type\":\"ReadAction\",\"target\":[\"https:\/\/theplayoffs.news\/fr\/actualite-nfl\/chargers-joey-bosa-a-ete-opere-de-la-main\/\"]}]},{\"@type\":\"ImageObject\",\"inLanguage\":\"fr-FR\",\"@id\":\"https:\/\/theplayoffs.news\/fr\/actualite-nfl\/chargers-joey-bosa-a-ete-opere-de-la-main\/#primaryimage\",\"url\":\"https:\/\/theplayoffs.news\/fr\/wp-content\/uploads\/2024\/08\/USATSI_21089846.jpg\",\"contentUrl\":\"https:\/\/theplayoffs.news\/fr\/wp-content\/uploads\/2024\/08\/USATSI_21089846.jpg\",\"width\":1920,\"height\":1280,\"caption\":\"Jul 26, 2023; Costa Mesa, CA, USA; Los Angeles Chargers defensive end Joey Bosa (97) during training camp at Jack Hammet Sports Comples. Mandatory Credit: Kirby Lee-USA TODAY Sports\"},{\"@type\":\"BreadcrumbList\",\"@id\":\"https:\/\/theplayoffs.news\/fr\/actualite-nfl\/chargers-joey-bosa-a-ete-opere-de-la-main\/#breadcrumb\",\"itemListElement\":[{\"@type\":\"ListItem\",\"position\":1,\"name\":\"Accueil\",\"item\":\"https:\/\/theplayoffs.news\/fr\/\"},{\"@type\":\"ListItem\",\"position\":2,\"name\":\"Chargers : Joey Bosa a \u00e9t\u00e9 op\u00e9r\u00e9 de la main\"}]},{\"@type\":\"WebSite\",\"@id\":\"https:\/\/theplayoffs.news\/fr\/#website\",\"url\":\"https:\/\/theplayoffs.news\/fr\/\",\"name\":\"The Playoffs FR\",\"description\":\"NBA-NFL-NHL-MLB\",\"potentialAction\":[{\"@type\":\"SearchAction\",\"target\":{\"@type\":\"EntryPoint\",\"urlTemplate\":\"https:\/\/theplayoffs.news\/fr\/?s={search_term_string}\"},\"query-input\":{\"@type\":\"PropertyValueSpecification\",\"valueRequired\":true,\"valueName\":\"search_term_string\"}}],\"inLanguage\":\"fr-FR\"},{\"@type\":\"Person\",\"@id\":\"https:\/\/theplayoffs.news\/fr\/#\/schema\/person\/6d5286c8c5dec1bbd3e6341f17a41111\",\"name\":\"Romain Balle\",\"image\":{\"@type\":\"ImageObject\",\"inLanguage\":\"fr-FR\",\"@id\":\"https:\/\/theplayoffs.news\/fr\/#\/schema\/person\/image\/\",\"url\":\"https:\/\/secure.gravatar.com\/avatar\/05ddb849264c48c5ab2084b8927e8da5ec4ccb05c2bd91acb1c3d4c2785ce057?s=96&d=mm&r=g\",\"contentUrl\":\"https:\/\/secure.gravatar.com\/avatar\/05ddb849264c48c5ab2084b8927e8da5ec4ccb05c2bd91acb1c3d4c2785ce057?s=96&d=mm&r=g\",\"caption\":\"Romain Balle\"},\"url\":\"https:\/\/theplayoffs.news\/fr\/author\/romainballe02gmail-com\/\"}]}<\/script>\n<!-- \/ Yoast SEO plugin. -->","yoast_head_json":{"title":"Chargers : Joey Bosa a &eacute;t&eacute; op&eacute;r&eacute; de la main - The Playoffs FR","robots":{"index":"index","follow":"follow","max-snippet":"max-snippet:-1","max-image-preview":"max-image-preview:large","max-video-preview":"max-video-preview:-1"},"canonical":"https:\/\/theplayoffs.news\/fr\/actualite-nfl\/chargers-joey-bosa-a-ete-opere-de-la-main\/","og_locale":"fr_FR","og_type":"article","og_title":"Chargers : Joey Bosa a &eacute;t&eacute; op&eacute;r&eacute; de la main - The Playoffs FR","og_url":"https:\/\/theplayoffs.news\/fr\/actualite-nfl\/chargers-joey-bosa-a-ete-opere-de-la-main\/","og_site_name":"The Playoffs FR","article_publisher":"https:\/\/www.facebook.com\/TheFreeAgentFR\/","og_image":[{"width":1920,"height":1280,"url":"https:\/\/theplayoffs.news\/fr\/wp-content\/uploads\/2024\/08\/USATSI_21089846.jpg","type":"image\/jpeg"}],"author":"Romain Balle","twitter_card":"summary_large_image","twitter_creator":"@TheFreeAgentFR","twitter_site":"@TheFreeAgentFR","twitter_misc":{"\u00c9crit par":"Romain Balle","Dur\u00e9e de lecture estim\u00e9e":"4 minutes"},"schema":{"@context":"https:\/\/schema.org","@graph":[{"@type":"WebPage","@id":"https:\/\/theplayoffs.news\/fr\/actualite-nfl\/chargers-joey-bosa-a-ete-opere-de-la-main\/","url":"https:\/\/theplayoffs.news\/fr\/actualite-nfl\/chargers-joey-bosa-a-ete-opere-de-la-main\/","name":"Chargers : Joey Bosa a \u00e9t\u00e9 op\u00e9r\u00e9 de la main - The Playoffs FR","isPartOf":{"@id":"https:\/\/theplayoffs.news\/fr\/#website"},"primaryImageOfPage":{"@id":"https:\/\/theplayoffs.news\/fr\/actualite-nfl\/chargers-joey-bosa-a-ete-opere-de-la-main\/#primaryimage"},"image":{"@id":"https:\/\/theplayoffs.news\/fr\/actualite-nfl\/chargers-joey-bosa-a-ete-opere-de-la-main\/#primaryimage"},"thumbnailUrl":"https:\/\/theplayoffs.news\/fr\/wp-content\/uploads\/2024\/08\/USATSI_21089846.jpg","datePublished":"2024-08-30T15:23:09+00:00","dateModified":"2024-08-30T15:23:09+00:00","author":{"@id":"https:\/\/theplayoffs.news\/fr\/#\/schema\/person\/6d5286c8c5dec1bbd3e6341f17a41111"},"breadcrumb":{"@id":"https:\/\/theplayoffs.news\/fr\/actualite-nfl\/chargers-joey-bosa-a-ete-opere-de-la-main\/#breadcrumb"},"inLanguage":"fr-FR","potentialAction":[{"@type":"ReadAction","target":["https:\/\/theplayoffs.news\/fr\/actualite-nfl\/chargers-joey-bosa-a-ete-opere-de-la-main\/"]}]},{"@type":"ImageObject","inLanguage":"fr-FR","@id":"https:\/\/theplayoffs.news\/fr\/actualite-nfl\/chargers-joey-bosa-a-ete-opere-de-la-main\/#primaryimage","url":"https:\/\/theplayoffs.news\/fr\/wp-content\/uploads\/2024\/08\/USATSI_21089846.jpg","contentUrl":"https:\/\/theplayoffs.news\/fr\/wp-content\/uploads\/2024\/08\/USATSI_21089846.jpg","width":1920,"height":1280,"caption":"Jul 26, 2023; Costa Mesa, CA, USA; Los Angeles Chargers defensive end Joey Bosa (97) during training camp at Jack Hammet Sports Comples. Mandatory Credit: Kirby Lee-USA TODAY Sports"},{"@type":"BreadcrumbList","@id":"https:\/\/theplayoffs.news\/fr\/actualite-nfl\/chargers-joey-bosa-a-ete-opere-de-la-main\/#breadcrumb","itemListElement":[{"@type":"ListItem","position":1,"name":"Accueil","item":"https:\/\/theplayoffs.news\/fr\/"},{"@type":"ListItem","position":2,"name":"Chargers : Joey Bosa a \u00e9t\u00e9 op\u00e9r\u00e9 de la main"}]},{"@type":"WebSite","@id":"https:\/\/theplayoffs.news\/fr\/#website","url":"https:\/\/theplayoffs.news\/fr\/","name":"The Playoffs FR","description":"NBA-NFL-NHL-MLB","potentialAction":[{"@type":"SearchAction","target":{"@type":"EntryPoint","urlTemplate":"https:\/\/theplayoffs.news\/fr\/?s={search_term_string}"},"query-input":{"@type":"PropertyValueSpecification","valueRequired":true,"valueName":"search_term_string"}}],"inLanguage":"fr-FR"},{"@type":"Person","@id":"https:\/\/theplayoffs.news\/fr\/#\/schema\/person\/6d5286c8c5dec1bbd3e6341f17a41111","name":"Romain Balle","image":{"@type":"ImageObject","inLanguage":"fr-FR","@id":"https:\/\/theplayoffs.news\/fr\/#\/schema\/person\/image\/","url":"https:\/\/secure.gravatar.com\/avatar\/05ddb849264c48c5ab2084b8927e8da5ec4ccb05c2bd91acb1c3d4c2785ce057?s=96&d=mm&r=g","contentUrl":"https:\/\/secure.gravatar.com\/avatar\/05ddb849264c48c5ab2084b8927e8da5ec4ccb05c2bd91acb1c3d4c2785ce057?s=96&d=mm&r=g","caption":"Romain Balle"},"url":"https:\/\/theplayoffs.news\/fr\/author\/romainballe02gmail-com\/"}]}},"_links":{"self":[{"href":"https:\/\/theplayoffs.news\/fr\/wp-json\/wp\/v2\/posts\/1454325","targetHints":{"allow":["GET"]}}],"collection":[{"href":"https:\/\/theplayoffs.news\/fr\/wp-json\/wp\/v2\/posts"}],"about":[{"href":"https:\/\/theplayoffs.news\/fr\/wp-json\/wp\/v2\/types\/post"}],"author":[{"embeddable":true,"href":"https:\/\/theplayoffs.news\/fr\/wp-json\/wp\/v2\/users\/180310210"}],"replies":[{"embeddable":true,"href":"https:\/\/theplayoffs.news\/fr\/wp-json\/wp\/v2\/comments?post=1454325"}],"version-history":[{"count":3,"href":"https:\/\/theplayoffs.news\/fr\/wp-json\/wp\/v2\/posts\/1454325\/revisions"}],"predecessor-version":[{"id":1454345,"href":"https:\/\/theplayoffs.news\/fr\/wp-json\/wp\/v2\/posts\/1454325\/revisions\/1454345"}],"wp:featuredmedia":[{"embeddable":true,"href":"https:\/\/theplayoffs.news\/fr\/wp-json\/wp\/v2\/media\/1454340"}],"wp:attachment":[{"href":"https:\/\/theplayoffs.news\/fr\/wp-json\/wp\/v2\/media?parent=1454325"}],"wp:term":[{"taxonomy":"category","embeddable":true,"href":"https:\/\/theplayoffs.news\/fr\/wp-json\/wp\/v2\/categories?post=1454325"},{"taxonomy":"post_tag","embeddable":true,"href":"https:\/\/theplayoffs.news\/fr\/wp-json\/wp\/v2\/tags?post=1454325"},{"taxonomy":"sport","embeddable":true,"href":"https:\/\/theplayoffs.news\/fr\/wp-json\/wp\/v2\/sport?post=1454325"},{"taxonomy":"saison","embeddable":true,"href":"https:\/\/theplayoffs.news\/fr\/wp-json\/wp\/v2\/saison?post=1454325"}],"curies":[{"name":"wp","href":"https:\/\/api.w.org\/{rel}","templated":true}]}}