{"id":1454050,"date":"2024-08-29T09:20:58","date_gmt":"2024-08-29T07:20:58","guid":{"rendered":"https:\/\/theplayoffs.news\/fr\/?p=1454050"},"modified":"2024-08-29T09:20:58","modified_gmt":"2024-08-29T07:20:58","slug":"louis-rees-zammit-rejoint-les-jaguars","status":"publish","type":"post","link":"https:\/\/theplayoffs.news\/fr\/actualite-nfl\/louis-rees-zammit-rejoint-les-jaguars\/","title":{"rendered":"Louis Rees-Zammit rejoint les Jaguars"},"content":{"rendered":"<h2 class=\"p1\">Apr&egrave;s avoir &eacute;t&eacute; lib&eacute;r&eacute; par les Kansas City Chiefs, o&ugrave; il avait pass&eacute; la pr&eacute;saison, Louis Rees-Zammit est sur le point de rejoindre l&rsquo;&eacute;quipe d&rsquo;entra&icirc;nement des Jacksonville Jaguars rapporte <a href=\"https:\/\/www.espn.co.uk\/nfl\/story\/_\/id\/41031373\/ex-rugby-star-louis-rees-zammit-set-join-jaguars-source\" class=\"trk-cta-link\" data-cta-trk='{\"ctaType\":\"Link\",\"ctaSubType\":\"main\"}'>ESPN<\/a>.<\/h2><p class=\"p1\">Ancienne star du rugby &agrave; XV, repr&eacute;sentant le Pays de Galles et m&ecirc;me en tourn&eacute;e avec les prestigieux British &amp; Irish Lions, sa d&eacute;cision de se tourner vers le football am&eacute;ricain &eacute;tait motiv&eacute;e par un r&ecirc;ve profond&eacute;ment enracin&eacute;.<\/p><p class=\"p1\">Gr&acirc;ce au programme International Player Pathway (IPP), <a href=\"https:\/\/theplayoffs.news\/fr\/nfl\/louis-rees-zammit-laisse-libre-par-les-chiefs\/\" class=\"trk-cta-link\" data-cta-trk='{\"ctaType\":\"Link\",\"ctaSubType\":\"main\"}'><strong>Louis Rees-Zammit<\/strong><\/a> a gagn&eacute; une place avec les Chiefs en tant que running back, un exploit significatif pour quelqu&rsquo;un issu du rugby. Pendant la pr&eacute;saison, il a montr&eacute; sa polyvalence en jouant comme running back, receveur, et m&ecirc;me en contribuant dans les &eacute;quipes sp&eacute;ciales. Sa d&eacute;termination &agrave; r&eacute;ussir a &eacute;t&eacute; encore renforc&eacute;e par sa volont&eacute; d&rsquo;essayer en tant que kicker, bien qu&rsquo;il n&rsquo;ait finalement pas &eacute;t&eacute; retenu dans l&rsquo;effectif final des Chiefs.<\/p><p class=\"p1\">Malgr&eacute; ce revers, le parcours de Louis Rees-Zammit est loin d&rsquo;&ecirc;tre termin&eacute;.<\/p><p class=\"p1\">Les Jaguars lui offrent maintenant une nouvelle opportunit&eacute; de d&eacute;velopper ses comp&eacute;tences et, potentiellement, de percer dans l&rsquo;alignement de la saison r&eacute;guli&egrave;re de la NFL.<\/p><p>&nbsp;<\/p><p>Credit Photo : Denny Medley-USA TODAY Sports<\/p>\n","protected":false},"excerpt":{"rendered":"","protected":false},"author":180309964,"featured_media":1454051,"comment_status":"open","ping_status":"closed","sticky":false,"template":"","format":"standard","meta":{"inline_featured_image":false,"kia_subtitle":"","_mux_skip_reasons":[],"proofreadBy":0,"footnotes":""},"categories":[118,40],"tags":[510,6842],"sport":[],"saison":[],"class_list":["post-1454050","post","type-post","status-publish","format-standard","has-post-thumbnail","hentry","category-actualite-nfl","category-nfl","tag-jacksonville-jaguars","tag-louis-rees-zammit"],"acf":[],"yoast_head":"<!-- This site is optimized with the Yoast SEO plugin v24.2 - https:\/\/yoast.com\/wordpress\/plugins\/seo\/ -->\n<title>Louis Rees-Zammit rejoint les Jaguars - The Playoffs FR<\/title>\n<meta name=\"robots\" content=\"index, follow, max-snippet:-1, max-image-preview:large, max-video-preview:-1\" \/>\n<link rel=\"canonical\" href=\"https:\/\/theplayoffs.news\/fr\/actualite-nfl\/louis-rees-zammit-rejoint-les-jaguars\/\" \/>\n<meta property=\"og:locale\" content=\"fr_FR\" \/>\n<meta property=\"og:type\" content=\"article\" \/>\n<meta property=\"og:title\" content=\"Louis Rees-Zammit rejoint les Jaguars - The Playoffs FR\" \/>\n<meta property=\"og:url\" content=\"https:\/\/theplayoffs.news\/fr\/actualite-nfl\/louis-rees-zammit-rejoint-les-jaguars\/\" \/>\n<meta property=\"og:site_name\" content=\"The Playoffs FR\" \/>\n<meta property=\"article:publisher\" content=\"https:\/\/www.facebook.com\/TheFreeAgentFR\/\" \/>\n<meta property=\"article:modified_time\" content=\"2024-08-29T09:20:58+02:00\" \/>\n<meta property=\"og:image\" content=\"https:\/\/theplayoffs.news\/fr\/wp-content\/uploads\/2024\/08\/USATSI_24055949.jpg\" \/>\n\t<meta property=\"og:image:width\" content=\"1920\" \/>\n\t<meta property=\"og:image:height\" content=\"1280\" \/>\n\t<meta property=\"og:image:type\" content=\"image\/jpeg\" \/>\n<meta name=\"author\" content=\"Flavien Jumeau\" \/>\n<meta name=\"twitter:card\" content=\"summary_large_image\" \/>\n<meta name=\"twitter:creator\" content=\"@TheFreeAgentFR\" \/>\n<meta name=\"twitter:site\" content=\"@TheFreeAgentFR\" \/>\n<meta name=\"twitter:label1\" content=\"\u00c9crit par\" \/>\n\t<meta name=\"twitter:data1\" content=\"Flavien Jumeau\" \/>\n\t<meta name=\"twitter:label2\" content=\"Dur\u00e9e de lecture estim\u00e9e\" \/>\n\t<meta name=\"twitter:data2\" content=\"1 minute\" \/>\n<script type=\"application\/ld+json\" class=\"yoast-schema-graph\">{\"@context\":\"https:\/\/schema.org\",\"@graph\":[{\"@type\":\"WebPage\",\"@id\":\"https:\/\/theplayoffs.news\/fr\/actualite-nfl\/louis-rees-zammit-rejoint-les-jaguars\/\",\"url\":\"https:\/\/theplayoffs.news\/fr\/actualite-nfl\/louis-rees-zammit-rejoint-les-jaguars\/\",\"name\":\"Louis Rees-Zammit rejoint les Jaguars - The Playoffs FR\",\"isPartOf\":{\"@id\":\"https:\/\/theplayoffs.news\/fr\/#website\"},\"primaryImageOfPage\":{\"@id\":\"https:\/\/theplayoffs.news\/fr\/actualite-nfl\/louis-rees-zammit-rejoint-les-jaguars\/#primaryimage\"},\"image\":{\"@id\":\"https:\/\/theplayoffs.news\/fr\/actualite-nfl\/louis-rees-zammit-rejoint-les-jaguars\/#primaryimage\"},\"thumbnailUrl\":\"https:\/\/theplayoffs.news\/fr\/wp-content\/uploads\/2024\/08\/USATSI_24055949.jpg\",\"datePublished\":\"2024-08-29T07:20:58+00:00\",\"dateModified\":\"2024-08-29T07:20:58+00:00\",\"author\":{\"@id\":\"https:\/\/theplayoffs.news\/fr\/#\/schema\/person\/def63bc6746dc5957469b75feb99e66d\"},\"breadcrumb\":{\"@id\":\"https:\/\/theplayoffs.news\/fr\/actualite-nfl\/louis-rees-zammit-rejoint-les-jaguars\/#breadcrumb\"},\"inLanguage\":\"fr-FR\",\"potentialAction\":[{\"@type\":\"ReadAction\",\"target\":[\"https:\/\/theplayoffs.news\/fr\/actualite-nfl\/louis-rees-zammit-rejoint-les-jaguars\/\"]}]},{\"@type\":\"ImageObject\",\"inLanguage\":\"fr-FR\",\"@id\":\"https:\/\/theplayoffs.news\/fr\/actualite-nfl\/louis-rees-zammit-rejoint-les-jaguars\/#primaryimage\",\"url\":\"https:\/\/theplayoffs.news\/fr\/wp-content\/uploads\/2024\/08\/USATSI_24055949.jpg\",\"contentUrl\":\"https:\/\/theplayoffs.news\/fr\/wp-content\/uploads\/2024\/08\/USATSI_24055949.jpg\",\"width\":1920,\"height\":1280,\"caption\":\"Aug 17, 2024; Kansas City, Missouri, USA; Kansas City Chiefs running back Louis Rees-Zammit (9) returns the kickoff against the Detroit Lions during the game at GEHA Field at Arrowhead Stadium. Mandatory Credit: Denny Medley-USA TODAY Sports\"},{\"@type\":\"BreadcrumbList\",\"@id\":\"https:\/\/theplayoffs.news\/fr\/actualite-nfl\/louis-rees-zammit-rejoint-les-jaguars\/#breadcrumb\",\"itemListElement\":[{\"@type\":\"ListItem\",\"position\":1,\"name\":\"Accueil\",\"item\":\"https:\/\/theplayoffs.news\/fr\/\"},{\"@type\":\"ListItem\",\"position\":2,\"name\":\"Louis Rees-Zammit rejoint les Jaguars\"}]},{\"@type\":\"WebSite\",\"@id\":\"https:\/\/theplayoffs.news\/fr\/#website\",\"url\":\"https:\/\/theplayoffs.news\/fr\/\",\"name\":\"The Playoffs FR\",\"description\":\"NBA-NFL-NHL-MLB\",\"potentialAction\":[{\"@type\":\"SearchAction\",\"target\":{\"@type\":\"EntryPoint\",\"urlTemplate\":\"https:\/\/theplayoffs.news\/fr\/?s={search_term_string}\"},\"query-input\":{\"@type\":\"PropertyValueSpecification\",\"valueRequired\":true,\"valueName\":\"search_term_string\"}}],\"inLanguage\":\"fr-FR\"},{\"@type\":\"Person\",\"@id\":\"https:\/\/theplayoffs.news\/fr\/#\/schema\/person\/def63bc6746dc5957469b75feb99e66d\",\"name\":\"Flavien Jumeau\",\"image\":{\"@type\":\"ImageObject\",\"inLanguage\":\"fr-FR\",\"@id\":\"https:\/\/theplayoffs.news\/fr\/#\/schema\/person\/image\/\",\"url\":\"https:\/\/secure.gravatar.com\/avatar\/e7fa8ba5a4b7e4ce35fe152f083f352db28ad0acce692004ed88a7a7d78893f7?s=96&d=mm&r=g\",\"contentUrl\":\"https:\/\/secure.gravatar.com\/avatar\/e7fa8ba5a4b7e4ce35fe152f083f352db28ad0acce692004ed88a7a7d78893f7?s=96&d=mm&r=g\",\"caption\":\"Flavien Jumeau\"},\"description\":\"Amoureux du sport (et de vraiment tous les sports) depuis mon plus jeune \u00e2ge, j\u2019ai longtemps h\u00e9site entre le snooker et le curling. Finalement c\u2019est le foot US que j\u2019ai d\u00e9cid\u00e9 de choisir! Responsable foot US sur TPO et animateur du podcast Tailgate j\u2019ai pour mission de vous faire d\u00e9couvrir ce sport passionnant si ce n\u2019est pas encore fait et de vous donner les derni\u00e8res actus. Le tout dans la bonne humeur et avec toujours un jeu de mots ou deux savamment distill\u00e9s! Fan des Saints, pour moi Drew Brees est le vrai GOAT!\",\"url\":\"https:\/\/theplayoffs.news\/fr\/author\/flavien-jumeaugmail-com\/\"}]}<\/script>\n<!-- \/ Yoast SEO plugin. -->","yoast_head_json":{"title":"Louis Rees-Zammit rejoint les Jaguars - The Playoffs FR","robots":{"index":"index","follow":"follow","max-snippet":"max-snippet:-1","max-image-preview":"max-image-preview:large","max-video-preview":"max-video-preview:-1"},"canonical":"https:\/\/theplayoffs.news\/fr\/actualite-nfl\/louis-rees-zammit-rejoint-les-jaguars\/","og_locale":"fr_FR","og_type":"article","og_title":"Louis Rees-Zammit rejoint les Jaguars - The Playoffs FR","og_url":"https:\/\/theplayoffs.news\/fr\/actualite-nfl\/louis-rees-zammit-rejoint-les-jaguars\/","og_site_name":"The Playoffs FR","article_publisher":"https:\/\/www.facebook.com\/TheFreeAgentFR\/","og_image":[{"width":1920,"height":1280,"url":"https:\/\/theplayoffs.news\/fr\/wp-content\/uploads\/2024\/08\/USATSI_24055949.jpg","type":"image\/jpeg"}],"author":"Flavien Jumeau","twitter_card":"summary_large_image","twitter_creator":"@TheFreeAgentFR","twitter_site":"@TheFreeAgentFR","twitter_misc":{"\u00c9crit par":"Flavien Jumeau","Dur\u00e9e de lecture estim\u00e9e":"1 minute"},"schema":{"@context":"https:\/\/schema.org","@graph":[{"@type":"WebPage","@id":"https:\/\/theplayoffs.news\/fr\/actualite-nfl\/louis-rees-zammit-rejoint-les-jaguars\/","url":"https:\/\/theplayoffs.news\/fr\/actualite-nfl\/louis-rees-zammit-rejoint-les-jaguars\/","name":"Louis Rees-Zammit rejoint les Jaguars - The Playoffs FR","isPartOf":{"@id":"https:\/\/theplayoffs.news\/fr\/#website"},"primaryImageOfPage":{"@id":"https:\/\/theplayoffs.news\/fr\/actualite-nfl\/louis-rees-zammit-rejoint-les-jaguars\/#primaryimage"},"image":{"@id":"https:\/\/theplayoffs.news\/fr\/actualite-nfl\/louis-rees-zammit-rejoint-les-jaguars\/#primaryimage"},"thumbnailUrl":"https:\/\/theplayoffs.news\/fr\/wp-content\/uploads\/2024\/08\/USATSI_24055949.jpg","datePublished":"2024-08-29T07:20:58+00:00","dateModified":"2024-08-29T07:20:58+00:00","author":{"@id":"https:\/\/theplayoffs.news\/fr\/#\/schema\/person\/def63bc6746dc5957469b75feb99e66d"},"breadcrumb":{"@id":"https:\/\/theplayoffs.news\/fr\/actualite-nfl\/louis-rees-zammit-rejoint-les-jaguars\/#breadcrumb"},"inLanguage":"fr-FR","potentialAction":[{"@type":"ReadAction","target":["https:\/\/theplayoffs.news\/fr\/actualite-nfl\/louis-rees-zammit-rejoint-les-jaguars\/"]}]},{"@type":"ImageObject","inLanguage":"fr-FR","@id":"https:\/\/theplayoffs.news\/fr\/actualite-nfl\/louis-rees-zammit-rejoint-les-jaguars\/#primaryimage","url":"https:\/\/theplayoffs.news\/fr\/wp-content\/uploads\/2024\/08\/USATSI_24055949.jpg","contentUrl":"https:\/\/theplayoffs.news\/fr\/wp-content\/uploads\/2024\/08\/USATSI_24055949.jpg","width":1920,"height":1280,"caption":"Aug 17, 2024; Kansas City, Missouri, USA; Kansas City Chiefs running back Louis Rees-Zammit (9) returns the kickoff against the Detroit Lions during the game at GEHA Field at Arrowhead Stadium. Mandatory Credit: Denny Medley-USA TODAY Sports"},{"@type":"BreadcrumbList","@id":"https:\/\/theplayoffs.news\/fr\/actualite-nfl\/louis-rees-zammit-rejoint-les-jaguars\/#breadcrumb","itemListElement":[{"@type":"ListItem","position":1,"name":"Accueil","item":"https:\/\/theplayoffs.news\/fr\/"},{"@type":"ListItem","position":2,"name":"Louis Rees-Zammit rejoint les Jaguars"}]},{"@type":"WebSite","@id":"https:\/\/theplayoffs.news\/fr\/#website","url":"https:\/\/theplayoffs.news\/fr\/","name":"The Playoffs FR","description":"NBA-NFL-NHL-MLB","potentialAction":[{"@type":"SearchAction","target":{"@type":"EntryPoint","urlTemplate":"https:\/\/theplayoffs.news\/fr\/?s={search_term_string}"},"query-input":{"@type":"PropertyValueSpecification","valueRequired":true,"valueName":"search_term_string"}}],"inLanguage":"fr-FR"},{"@type":"Person","@id":"https:\/\/theplayoffs.news\/fr\/#\/schema\/person\/def63bc6746dc5957469b75feb99e66d","name":"Flavien Jumeau","image":{"@type":"ImageObject","inLanguage":"fr-FR","@id":"https:\/\/theplayoffs.news\/fr\/#\/schema\/person\/image\/","url":"https:\/\/secure.gravatar.com\/avatar\/e7fa8ba5a4b7e4ce35fe152f083f352db28ad0acce692004ed88a7a7d78893f7?s=96&d=mm&r=g","contentUrl":"https:\/\/secure.gravatar.com\/avatar\/e7fa8ba5a4b7e4ce35fe152f083f352db28ad0acce692004ed88a7a7d78893f7?s=96&d=mm&r=g","caption":"Flavien Jumeau"},"description":"Amoureux du sport (et de vraiment tous les sports) depuis mon plus jeune \u00e2ge, j\u2019ai longtemps h\u00e9site entre le snooker et le curling. Finalement c\u2019est le foot US que j\u2019ai d\u00e9cid\u00e9 de choisir! Responsable foot US sur TPO et animateur du podcast Tailgate j\u2019ai pour mission de vous faire d\u00e9couvrir ce sport passionnant si ce n\u2019est pas encore fait et de vous donner les derni\u00e8res actus. Le tout dans la bonne humeur et avec toujours un jeu de mots ou deux savamment distill\u00e9s! Fan des Saints, pour moi Drew Brees est le vrai GOAT!","url":"https:\/\/theplayoffs.news\/fr\/author\/flavien-jumeaugmail-com\/"}]}},"_links":{"self":[{"href":"https:\/\/theplayoffs.news\/fr\/wp-json\/wp\/v2\/posts\/1454050","targetHints":{"allow":["GET"]}}],"collection":[{"href":"https:\/\/theplayoffs.news\/fr\/wp-json\/wp\/v2\/posts"}],"about":[{"href":"https:\/\/theplayoffs.news\/fr\/wp-json\/wp\/v2\/types\/post"}],"author":[{"embeddable":true,"href":"https:\/\/theplayoffs.news\/fr\/wp-json\/wp\/v2\/users\/180309964"}],"replies":[{"embeddable":true,"href":"https:\/\/theplayoffs.news\/fr\/wp-json\/wp\/v2\/comments?post=1454050"}],"version-history":[{"count":3,"href":"https:\/\/theplayoffs.news\/fr\/wp-json\/wp\/v2\/posts\/1454050\/revisions"}],"predecessor-version":[{"id":1454054,"href":"https:\/\/theplayoffs.news\/fr\/wp-json\/wp\/v2\/posts\/1454050\/revisions\/1454054"}],"wp:featuredmedia":[{"embeddable":true,"href":"https:\/\/theplayoffs.news\/fr\/wp-json\/wp\/v2\/media\/1454051"}],"wp:attachment":[{"href":"https:\/\/theplayoffs.news\/fr\/wp-json\/wp\/v2\/media?parent=1454050"}],"wp:term":[{"taxonomy":"category","embeddable":true,"href":"https:\/\/theplayoffs.news\/fr\/wp-json\/wp\/v2\/categories?post=1454050"},{"taxonomy":"post_tag","embeddable":true,"href":"https:\/\/theplayoffs.news\/fr\/wp-json\/wp\/v2\/tags?post=1454050"},{"taxonomy":"sport","embeddable":true,"href":"https:\/\/theplayoffs.news\/fr\/wp-json\/wp\/v2\/sport?post=1454050"},{"taxonomy":"saison","embeddable":true,"href":"https:\/\/theplayoffs.news\/fr\/wp-json\/wp\/v2\/saison?post=1454050"}],"curies":[{"name":"wp","href":"https:\/\/api.w.org\/{rel}","templated":true}]}}