{"id":1453831,"date":"2024-08-28T12:42:55","date_gmt":"2024-08-28T10:42:55","guid":{"rendered":"https:\/\/theplayoffs.news\/fr\/?p=1453831"},"modified":"2024-08-28T11:28:10","modified_gmt":"2024-08-28T09:28:10","slug":"matt-ryan-signe-pour-un-an-avec-les-new-orleans-pelicans","status":"publish","type":"post","link":"https:\/\/theplayoffs.news\/fr\/actualite-nba\/matt-ryan-signe-pour-un-an-avec-les-new-orleans-pelicans\/","title":{"rendered":"Matt Ryan, signe pour un an avec les New Orleans Pelicans"},"content":{"rendered":"<h2>Les Pelicans de la Nouvelle-Orl&eacute;ans vont ramener l&rsquo;ailier Matt Ryan pour un contrat d&rsquo;un an, selon Shams Charania de The Athletic. Ryan, 27 ans, a &eacute;t&eacute; lib&eacute;r&eacute; vendredi. Il est maintenant le 15e et dernier joueur sous contrat de la formation des Pelicans. Le contrat serait une entente restructur&eacute;e d&rsquo;un an.<\/h2><p>New-Orleans a converti le contrat de Matt Ryan en un contrat standard &agrave; la fin de la saison r&eacute;guli&egrave;re 2023-2024.<\/p><p>Cela l&rsquo;a essentiellement rendu &eacute;ligible aux playoffs.<\/p><p>Cependant, son contrat de trois ans n&rsquo;&eacute;tait pas garanti pour les saisons 2024-25 et 2025-26.<\/p><blockquote class=\"twitter-tweet\" data-width=\"500\" data-dnt=\"true\">\n<p lang=\"en\" dir=\"ltr\">Pelicans are re-signing wing shooter Matt Ryan to a restructured one-year deal, sources said. <a href=\"https:\/\/t.co\/7Gn4sUTk44\" class=\"trk-cta-link\" data-cta-trk='{\"ctaType\":\"Link\",\"ctaSubType\":\"main\"}'>https:\/\/t.co\/7Gn4sUTk44<\/a><\/p>\n<p>&mdash; Shams Charania (@ShamsCharania) <a href=\"https:\/\/twitter.com\/ShamsCharania\/status\/1828193214488363067?ref_src=twsrc%5Etfw\" class=\"trk-cta-link\" data-cta-trk='{\"ctaType\":\"Link\",\"ctaSubType\":\"main\"}'>August 26, 2024<\/a><\/p><\/blockquote><p><script async src=\"https:\/\/platform.twitter.com\/widgets.js\" charset=\"utf-8\"><\/script><\/p><p><a href=\"https:\/\/theplayoffs.news\/fr\/joueur\/matt-ryan-nba-7816672\/\" class=\"trk-cta-link\" data-cta-trk='{\"ctaType\":\"Link\",\"ctaSubType\":\"main\"}'>Le salaire de Matt Ryan<\/a> pour 2024-25 aurait &eacute;t&eacute; garanti s&rsquo;il &eacute;tait rest&eacute; sous contrat jusqu&rsquo;au d&eacute;but de la saison r&eacute;guli&egrave;re. Les P&eacute;licans ont maintenant 13 joueurs &agrave; salaire garanti.<\/p><p>Bien que les d&eacute;tails du nouveau contrat de Ryan soient inconnus, il s&rsquo;agit potentiellement d&rsquo;un autre accord sur le salaire minimum. Ce type de contrat ne sera pas garanti avant la date du 10 janvier, &agrave; l&rsquo;&eacute;chelle de la ligue NBA.<\/p><p>Selon Spotrac, il y aurait aussi un plafond de 2 087 519 $ au lieu de 2 196 970 $.<\/p><p>Matt Ryan, a enregistr&eacute; avec la franchise de la Louisiane des pointes &agrave; 5,4 points et 1,4 rebonds en moyenne la saison derni&egrave;re.<br>\nEn 28 matchs (un en tant que titulaire) avec les Pelicans la saison derni&egrave;re, Ryan a connu des records de carri&egrave;re de 5,4 points, 1,4 rebonds et 13,9 minutes par match, alors qu&rsquo;il a inscrit des records en carri&egrave;re de 43,4 % de r&eacute;ussite aux tirs, 45,1 % depuis la ligne des 3 points et 92,9 % sur la ligne des lancers francs.<\/p><p>Dans la victoire 125-116 contre les Pistons de D&eacute;troit, le 2 novembre 2023, il a inscrit un record de 20 points en carri&egrave;re &agrave; 7 sur 10 (70 %) au tir et 6 sur 8 (75 %) depuis l&rsquo;ext&eacute;rieur de l&rsquo;arc lors de son premier match dans un cinq majeur en carri&egrave;re.<\/p><p><a href=\"https:\/\/www.basketballinsiders.com\/news\/pelicans-re-sign-sharpshooter-matt-ryan-to-one-year-contract\/\" class=\"trk-cta-link\" data-cta-trk='{\"ctaType\":\"Link\",\"ctaSubType\":\"main\"}'>Le natif de New York<\/a> a rat&eacute; plusieurs semaines d&rsquo;action la saison derni&egrave;re en raison d&rsquo;une tension au mollet droit et d&rsquo;une blessure au coude droit.<\/p><p>Le 12 d&eacute;cembre, les Pelicans ont annonc&eacute; qu&rsquo;il allait subir une intervention chirurgicale pour &laquo;&nbsp;enlever des corps &eacute;trangers&nbsp;&raquo; et que l&rsquo;on s&rsquo;attendait &agrave; un retour de six &agrave; huit semaines.<\/p><blockquote class=\"twitter-tweet\" data-width=\"500\" data-dnt=\"true\">\n<p lang=\"en\" dir=\"ltr\">20 PTS &#128293; 7\/10 FG &#128293; 6\/8 3PT <a href=\"https:\/\/twitter.com\/hashtag\/GLeagueAlum?src=hash&amp;ref_src=twsrc%5Etfw\" class=\"trk-cta-link\" data-cta-trk='{\"ctaType\":\"Link\",\"ctaSubType\":\"main\"}'>#GLeagueAlum<\/a> Matt Ryan scored a CAREER-HIGH in his first NBA start to lead the <a href=\"https:\/\/twitter.com\/PelicansNBA?ref_src=twsrc%5Etfw\" class=\"trk-cta-link\" data-cta-trk='{\"ctaType\":\"Link\",\"ctaSubType\":\"main\"}'>@PelicansNBA<\/a> to victory! <a href=\"https:\/\/t.co\/BRHL7pKqT8\" class=\"trk-cta-link\" data-cta-trk='{\"ctaType\":\"Link\",\"ctaSubType\":\"main\"}'>pic.twitter.com\/BRHL7pKqT8<\/a><\/p>\n<p>&mdash; NBA G League (@nbagleague) <a href=\"https:\/\/twitter.com\/nbagleague\/status\/1720473701299433672?ref_src=twsrc%5Etfw\" class=\"trk-cta-link\" data-cta-trk='{\"ctaType\":\"Link\",\"ctaSubType\":\"main\"}'>November 3, 2023<\/a><\/p><\/blockquote><p><script async src=\"https:\/\/platform.twitter.com\/widgets.js\" charset=\"utf-8\"><\/script><\/p><blockquote><p>&laquo;&nbsp;C&rsquo;&eacute;tait dur, pour &ecirc;tre honn&ecirc;te&nbsp;&raquo;, a d&eacute;clar&eacute; Matt Ryan apr&egrave;s avoir &eacute;t&eacute; forc&eacute; de quitter le terrain. &laquo; Ce n&rsquo;est que ma troisi&egrave;me ann&eacute;e en tant que professionnel. J&rsquo;ai attendu cette opportunit&eacute;.<\/p>\n<p>&laquo;&nbsp;J&rsquo;esp&egrave;re avoir une bonne partie de jeu, jouer des minutes importantes et avoir un r&ocirc;le int&eacute;ressant. J&rsquo;avais &ccedil;a et je jouais bien, mais &ecirc;tre touch&eacute; par des blessures, aucun joueur ne veut passer par l&agrave;.&nbsp;&raquo;<\/p><\/blockquote><p>Les Pelicans ont r&eacute;clam&eacute; des renonciations &agrave; Matt Ryan en octobre dernier, en acqu&eacute;rant le contrat two-way voies qu&rsquo;il a sign&eacute; avec les Timberwolves peu avant le d&eacute;but du camp d&rsquo;entra&icirc;nement.<\/p><p>Il a &eacute;galement fait des piges avec les Boston Celtics (saison 2021-2022) et les Los Angeles Lakers (saison 2022-2023) plus t&ocirc;t dans sa carri&egrave;re.<\/p><p>&nbsp;<\/p><p>Cr&eacute;dit Photo : Stephen Lew-USA TODAY Sports<\/p>\n","protected":false},"excerpt":{"rendered":"","protected":false},"author":180310255,"featured_media":1453832,"comment_status":"open","ping_status":"closed","sticky":false,"template":"","format":"standard","meta":{"inline_featured_image":false,"kia_subtitle":"","_mux_skip_reasons":[],"proofreadBy":0,"footnotes":""},"categories":[110,10],"tags":[],"sport":[],"saison":[],"class_list":["post-1453831","post","type-post","status-publish","format-standard","has-post-thumbnail","hentry","category-actualite-nba","category-nba"],"acf":[],"yoast_head":"<!-- This site is optimized with the Yoast SEO plugin v24.2 - https:\/\/yoast.com\/wordpress\/plugins\/seo\/ -->\n<title>Matt Ryan, signe pour un an avec les New Orleans Pelicans - The Playoffs FR<\/title>\n<meta name=\"robots\" content=\"index, follow, max-snippet:-1, max-image-preview:large, max-video-preview:-1\" \/>\n<link rel=\"canonical\" href=\"https:\/\/theplayoffs.news\/fr\/actualite-nba\/matt-ryan-signe-pour-un-an-avec-les-new-orleans-pelicans\/\" \/>\n<meta property=\"og:locale\" content=\"fr_FR\" \/>\n<meta property=\"og:type\" content=\"article\" \/>\n<meta property=\"og:title\" content=\"Matt Ryan, signe pour un an avec les New Orleans Pelicans - The Playoffs FR\" \/>\n<meta property=\"og:url\" content=\"https:\/\/theplayoffs.news\/fr\/actualite-nba\/matt-ryan-signe-pour-un-an-avec-les-new-orleans-pelicans\/\" \/>\n<meta property=\"og:site_name\" content=\"The Playoffs FR\" \/>\n<meta property=\"article:publisher\" content=\"https:\/\/www.facebook.com\/TheFreeAgentFR\/\" \/>\n<meta property=\"article:modified_time\" content=\"2024-08-28T12:42:55+02:00\" \/>\n<meta property=\"og:image\" content=\"https:\/\/theplayoffs.news\/fr\/wp-content\/uploads\/2024\/08\/USATSI_22663836.jpg\" \/>\n\t<meta property=\"og:image:width\" content=\"1920\" \/>\n\t<meta property=\"og:image:height\" content=\"1280\" \/>\n\t<meta property=\"og:image:type\" content=\"image\/jpeg\" \/>\n<meta name=\"author\" content=\"Elouan Girard\" \/>\n<meta name=\"twitter:card\" content=\"summary_large_image\" \/>\n<meta name=\"twitter:creator\" content=\"@TheFreeAgentFR\" \/>\n<meta name=\"twitter:site\" content=\"@TheFreeAgentFR\" \/>\n<meta name=\"twitter:label1\" content=\"\u00c9crit par\" \/>\n\t<meta name=\"twitter:data1\" content=\"Elouan Girard\" \/>\n\t<meta name=\"twitter:label2\" content=\"Dur\u00e9e de lecture estim\u00e9e\" \/>\n\t<meta name=\"twitter:data2\" content=\"3 minutes\" \/>\n<script type=\"application\/ld+json\" class=\"yoast-schema-graph\">{\"@context\":\"https:\/\/schema.org\",\"@graph\":[{\"@type\":\"WebPage\",\"@id\":\"https:\/\/theplayoffs.news\/fr\/actualite-nba\/matt-ryan-signe-pour-un-an-avec-les-new-orleans-pelicans\/\",\"url\":\"https:\/\/theplayoffs.news\/fr\/actualite-nba\/matt-ryan-signe-pour-un-an-avec-les-new-orleans-pelicans\/\",\"name\":\"Matt Ryan, signe pour un an avec les New Orleans Pelicans - The Playoffs FR\",\"isPartOf\":{\"@id\":\"https:\/\/theplayoffs.news\/fr\/#website\"},\"primaryImageOfPage\":{\"@id\":\"https:\/\/theplayoffs.news\/fr\/actualite-nba\/matt-ryan-signe-pour-un-an-avec-les-new-orleans-pelicans\/#primaryimage\"},\"image\":{\"@id\":\"https:\/\/theplayoffs.news\/fr\/actualite-nba\/matt-ryan-signe-pour-un-an-avec-les-new-orleans-pelicans\/#primaryimage\"},\"thumbnailUrl\":\"https:\/\/theplayoffs.news\/fr\/wp-content\/uploads\/2024\/08\/USATSI_22663836.jpg\",\"datePublished\":\"2024-08-28T10:42:55+00:00\",\"dateModified\":\"2024-08-28T12:42:55+02:00\",\"author\":{\"@id\":\"https:\/\/theplayoffs.news\/fr\/#\/schema\/person\/6c4db0b49aa9ade4e6a3ddef3b2842a8\"},\"breadcrumb\":{\"@id\":\"https:\/\/theplayoffs.news\/fr\/actualite-nba\/matt-ryan-signe-pour-un-an-avec-les-new-orleans-pelicans\/#breadcrumb\"},\"inLanguage\":\"fr-FR\",\"potentialAction\":[{\"@type\":\"ReadAction\",\"target\":[\"https:\/\/theplayoffs.news\/fr\/actualite-nba\/matt-ryan-signe-pour-un-an-avec-les-new-orleans-pelicans\/\"]}]},{\"@type\":\"ImageObject\",\"inLanguage\":\"fr-FR\",\"@id\":\"https:\/\/theplayoffs.news\/fr\/actualite-nba\/matt-ryan-signe-pour-un-an-avec-les-new-orleans-pelicans\/#primaryimage\",\"url\":\"https:\/\/theplayoffs.news\/fr\/wp-content\/uploads\/2024\/08\/USATSI_22663836.jpg\",\"contentUrl\":\"https:\/\/theplayoffs.news\/fr\/wp-content\/uploads\/2024\/08\/USATSI_22663836.jpg\",\"width\":1920,\"height\":1280,\"caption\":\"Mar 1, 2024; New Orleans, Louisiana, USA; New Orleans Pelicans forward Matt Ryan (37) dribbles against the Indiana Pacers during the second half at Smoothie King Center. Mandatory Credit: Stephen Lew-USA TODAY Sports\"},{\"@type\":\"BreadcrumbList\",\"@id\":\"https:\/\/theplayoffs.news\/fr\/actualite-nba\/matt-ryan-signe-pour-un-an-avec-les-new-orleans-pelicans\/#breadcrumb\",\"itemListElement\":[{\"@type\":\"ListItem\",\"position\":1,\"name\":\"Accueil\",\"item\":\"https:\/\/theplayoffs.news\/fr\/\"},{\"@type\":\"ListItem\",\"position\":2,\"name\":\"Matt Ryan, signe pour un an avec les New Orleans Pelicans\"}]},{\"@type\":\"WebSite\",\"@id\":\"https:\/\/theplayoffs.news\/fr\/#website\",\"url\":\"https:\/\/theplayoffs.news\/fr\/\",\"name\":\"The Playoffs FR\",\"description\":\"NBA-NFL-NHL-MLB\",\"potentialAction\":[{\"@type\":\"SearchAction\",\"target\":{\"@type\":\"EntryPoint\",\"urlTemplate\":\"https:\/\/theplayoffs.news\/fr\/?s={search_term_string}\"},\"query-input\":{\"@type\":\"PropertyValueSpecification\",\"valueRequired\":true,\"valueName\":\"search_term_string\"}}],\"inLanguage\":\"fr-FR\"},{\"@type\":\"Person\",\"@id\":\"https:\/\/theplayoffs.news\/fr\/#\/schema\/person\/6c4db0b49aa9ade4e6a3ddef3b2842a8\",\"name\":\"Elouan Girard\",\"image\":{\"@type\":\"ImageObject\",\"inLanguage\":\"fr-FR\",\"@id\":\"https:\/\/theplayoffs.news\/fr\/#\/schema\/person\/image\/\",\"url\":\"https:\/\/secure.gravatar.com\/avatar\/230f939104da8456d40e879fa1d9fc19f13fb1470c5c2b6b1cb611f0f579870b?s=96&d=mm&r=g\",\"contentUrl\":\"https:\/\/secure.gravatar.com\/avatar\/230f939104da8456d40e879fa1d9fc19f13fb1470c5c2b6b1cb611f0f579870b?s=96&d=mm&r=g\",\"caption\":\"Elouan Girard\"},\"url\":\"https:\/\/theplayoffs.news\/fr\/author\/elou-girard59gmail-com\/\"}]}<\/script>\n<!-- \/ Yoast SEO plugin. -->","yoast_head_json":{"title":"Matt Ryan, signe pour un an avec les New Orleans Pelicans - The Playoffs FR","robots":{"index":"index","follow":"follow","max-snippet":"max-snippet:-1","max-image-preview":"max-image-preview:large","max-video-preview":"max-video-preview:-1"},"canonical":"https:\/\/theplayoffs.news\/fr\/actualite-nba\/matt-ryan-signe-pour-un-an-avec-les-new-orleans-pelicans\/","og_locale":"fr_FR","og_type":"article","og_title":"Matt Ryan, signe pour un an avec les New Orleans Pelicans - The Playoffs FR","og_url":"https:\/\/theplayoffs.news\/fr\/actualite-nba\/matt-ryan-signe-pour-un-an-avec-les-new-orleans-pelicans\/","og_site_name":"The Playoffs FR","article_publisher":"https:\/\/www.facebook.com\/TheFreeAgentFR\/","article_modified_time":"2024-08-28T09:28:10+00:00","og_image":[{"width":1920,"height":1280,"url":"https:\/\/theplayoffs.news\/fr\/wp-content\/uploads\/2024\/08\/USATSI_22663836.jpg","type":"image\/jpeg"}],"author":"Elouan Girard","twitter_card":"summary_large_image","twitter_creator":"@TheFreeAgentFR","twitter_site":"@TheFreeAgentFR","twitter_misc":{"\u00c9crit par":"Elouan Girard","Dur\u00e9e de lecture estim\u00e9e":"3 minutes"},"schema":{"@context":"https:\/\/schema.org","@graph":[{"@type":"WebPage","@id":"https:\/\/theplayoffs.news\/fr\/actualite-nba\/matt-ryan-signe-pour-un-an-avec-les-new-orleans-pelicans\/","url":"https:\/\/theplayoffs.news\/fr\/actualite-nba\/matt-ryan-signe-pour-un-an-avec-les-new-orleans-pelicans\/","name":"Matt Ryan, signe pour un an avec les New Orleans Pelicans - The Playoffs FR","isPartOf":{"@id":"https:\/\/theplayoffs.news\/fr\/#website"},"primaryImageOfPage":{"@id":"https:\/\/theplayoffs.news\/fr\/actualite-nba\/matt-ryan-signe-pour-un-an-avec-les-new-orleans-pelicans\/#primaryimage"},"image":{"@id":"https:\/\/theplayoffs.news\/fr\/actualite-nba\/matt-ryan-signe-pour-un-an-avec-les-new-orleans-pelicans\/#primaryimage"},"thumbnailUrl":"https:\/\/theplayoffs.news\/fr\/wp-content\/uploads\/2024\/08\/USATSI_22663836.jpg","datePublished":"2024-08-28T10:42:55+00:00","dateModified":"2024-08-28T12:42:55+02:00","author":{"@id":"https:\/\/theplayoffs.news\/fr\/#\/schema\/person\/6c4db0b49aa9ade4e6a3ddef3b2842a8"},"breadcrumb":{"@id":"https:\/\/theplayoffs.news\/fr\/actualite-nba\/matt-ryan-signe-pour-un-an-avec-les-new-orleans-pelicans\/#breadcrumb"},"inLanguage":"fr-FR","potentialAction":[{"@type":"ReadAction","target":["https:\/\/theplayoffs.news\/fr\/actualite-nba\/matt-ryan-signe-pour-un-an-avec-les-new-orleans-pelicans\/"]}]},{"@type":"ImageObject","inLanguage":"fr-FR","@id":"https:\/\/theplayoffs.news\/fr\/actualite-nba\/matt-ryan-signe-pour-un-an-avec-les-new-orleans-pelicans\/#primaryimage","url":"https:\/\/theplayoffs.news\/fr\/wp-content\/uploads\/2024\/08\/USATSI_22663836.jpg","contentUrl":"https:\/\/theplayoffs.news\/fr\/wp-content\/uploads\/2024\/08\/USATSI_22663836.jpg","width":1920,"height":1280,"caption":"Mar 1, 2024; New Orleans, Louisiana, USA; New Orleans Pelicans forward Matt Ryan (37) dribbles against the Indiana Pacers during the second half at Smoothie King Center. Mandatory Credit: Stephen Lew-USA TODAY Sports"},{"@type":"BreadcrumbList","@id":"https:\/\/theplayoffs.news\/fr\/actualite-nba\/matt-ryan-signe-pour-un-an-avec-les-new-orleans-pelicans\/#breadcrumb","itemListElement":[{"@type":"ListItem","position":1,"name":"Accueil","item":"https:\/\/theplayoffs.news\/fr\/"},{"@type":"ListItem","position":2,"name":"Matt Ryan, signe pour un an avec les New Orleans Pelicans"}]},{"@type":"WebSite","@id":"https:\/\/theplayoffs.news\/fr\/#website","url":"https:\/\/theplayoffs.news\/fr\/","name":"The Playoffs FR","description":"NBA-NFL-NHL-MLB","potentialAction":[{"@type":"SearchAction","target":{"@type":"EntryPoint","urlTemplate":"https:\/\/theplayoffs.news\/fr\/?s={search_term_string}"},"query-input":{"@type":"PropertyValueSpecification","valueRequired":true,"valueName":"search_term_string"}}],"inLanguage":"fr-FR"},{"@type":"Person","@id":"https:\/\/theplayoffs.news\/fr\/#\/schema\/person\/6c4db0b49aa9ade4e6a3ddef3b2842a8","name":"Elouan Girard","image":{"@type":"ImageObject","inLanguage":"fr-FR","@id":"https:\/\/theplayoffs.news\/fr\/#\/schema\/person\/image\/","url":"https:\/\/secure.gravatar.com\/avatar\/230f939104da8456d40e879fa1d9fc19f13fb1470c5c2b6b1cb611f0f579870b?s=96&d=mm&r=g","contentUrl":"https:\/\/secure.gravatar.com\/avatar\/230f939104da8456d40e879fa1d9fc19f13fb1470c5c2b6b1cb611f0f579870b?s=96&d=mm&r=g","caption":"Elouan Girard"},"url":"https:\/\/theplayoffs.news\/fr\/author\/elou-girard59gmail-com\/"}]}},"_links":{"self":[{"href":"https:\/\/theplayoffs.news\/fr\/wp-json\/wp\/v2\/posts\/1453831","targetHints":{"allow":["GET"]}}],"collection":[{"href":"https:\/\/theplayoffs.news\/fr\/wp-json\/wp\/v2\/posts"}],"about":[{"href":"https:\/\/theplayoffs.news\/fr\/wp-json\/wp\/v2\/types\/post"}],"author":[{"embeddable":true,"href":"https:\/\/theplayoffs.news\/fr\/wp-json\/wp\/v2\/users\/180310255"}],"replies":[{"embeddable":true,"href":"https:\/\/theplayoffs.news\/fr\/wp-json\/wp\/v2\/comments?post=1453831"}],"version-history":[{"count":2,"href":"https:\/\/theplayoffs.news\/fr\/wp-json\/wp\/v2\/posts\/1453831\/revisions"}],"predecessor-version":[{"id":1453838,"href":"https:\/\/theplayoffs.news\/fr\/wp-json\/wp\/v2\/posts\/1453831\/revisions\/1453838"}],"wp:featuredmedia":[{"embeddable":true,"href":"https:\/\/theplayoffs.news\/fr\/wp-json\/wp\/v2\/media\/1453832"}],"wp:attachment":[{"href":"https:\/\/theplayoffs.news\/fr\/wp-json\/wp\/v2\/media?parent=1453831"}],"wp:term":[{"taxonomy":"category","embeddable":true,"href":"https:\/\/theplayoffs.news\/fr\/wp-json\/wp\/v2\/categories?post=1453831"},{"taxonomy":"post_tag","embeddable":true,"href":"https:\/\/theplayoffs.news\/fr\/wp-json\/wp\/v2\/tags?post=1453831"},{"taxonomy":"sport","embeddable":true,"href":"https:\/\/theplayoffs.news\/fr\/wp-json\/wp\/v2\/sport?post=1453831"},{"taxonomy":"saison","embeddable":true,"href":"https:\/\/theplayoffs.news\/fr\/wp-json\/wp\/v2\/saison?post=1453831"}],"curies":[{"name":"wp","href":"https:\/\/api.w.org\/{rel}","templated":true}]}}