{"id":1453783,"date":"2024-08-28T07:50:35","date_gmt":"2024-08-28T05:50:35","guid":{"rendered":"https:\/\/theplayoffs.news\/fr\/?p=1453783"},"modified":"2024-08-28T07:50:35","modified_gmt":"2024-08-28T05:50:35","slug":"christian-yelich-raconte-sa-vie-apres-son-operation-cetait-de-la-merde","status":"publish","type":"post","link":"https:\/\/theplayoffs.news\/fr\/actualite-mlb\/christian-yelich-raconte-sa-vie-apres-son-operation-cetait-de-la-merde\/","title":{"rendered":"Christian Yelich raconte sa vie apr\u00e8s son op\u00e9ration : &lsquo;C&rsquo;\u00e9tait de la merde&rsquo;"},"content":{"rendered":"<h2>Apr&egrave;s son op&eacute;ration du dos, Christian Yelich ne semble pas avoir pass&eacute; d&rsquo;excellent moment dans sa vie de tous les jours.<\/h2><p>Apr&egrave;s une premi&egrave;re absence de presque un mois en d&eacute;but de saison, Christian Yelich &eacute;tait revenu &agrave; un niveau excellent, contribuant largement au succ&egrave;s des Brewers cette saison. Mais le 23 juillet dernier, sa saison a &eacute;t&eacute; stopp&eacute;e <a href=\"https:\/\/theplayoffs.news\/fr\/mlb\/christian-yelich-vers-une-operation-du-dos\/\" class=\"trk-cta-link\" data-cta-trk='{\"ctaType\":\"Link\",\"ctaSubType\":\"main\"}'>nette en raison d&rsquo;une douleur au dos<\/a>.<\/p><p>Op&eacute;r&eacute;, <a href=\"https:\/\/theplayoffs.news\/fr\/joueur\/christian-yelich-mlb-62566\/\" class=\"trk-cta-link\" data-cta-trk='{\"ctaType\":\"Link\",\"ctaSubType\":\"main\"}'><strong>Christian Yelich<\/strong><\/a> ne rejouera pas de la saison et les choses dans sa vie de tous les jours ont chang&eacute;. &Agrave; un point o&ugrave;, sa vie quotidienne n&rsquo;avait plus de go&ucirc;t.<\/p><blockquote><p>&laquo; Une fois que j&rsquo;ai &eacute;t&eacute; op&eacute;r&eacute;, une fois que la d&eacute;cision a &eacute;t&eacute; prise, c&rsquo;&eacute;tait &agrave; un point tel que la vie quotidienne n&rsquo;&eacute;tait plus possible &raquo;, a d&eacute;clar&eacute; Yelich &agrave; la presse mardi, selon <a href=\"https:\/\/apnews.com\/article\/christian-yelich-brewers-890d7f700caf6b8e98b7aeda6f5f3857\" class=\"trk-cta-link\" data-cta-trk='{\"ctaType\":\"Link\",\"ctaSubType\":\"main\"}'>Steve Megargee de l&rsquo;Associated Press<\/a>. &laquo; J&rsquo;&eacute;tais vraiment mal &agrave; l&rsquo;aise. Il y avait beaucoup de douleur &raquo;.<\/p><\/blockquote><p>Pourtant, Yelich a essay&eacute; d&rsquo;&eacute;viter &agrave; tout prix une intervention chirurgicale durant la saison et de repousser tout cela &agrave; l&rsquo;intersaison. Mais la douleur &eacute;tait trop grande. Cette op&eacute;ration devrait pouvoir lui permettre de revenir pour la saison 2025.<\/p><p>En attendant son retour, les Brewers sont en t&ecirc;te de la national League centrale avec 10 matchs d&rsquo;avance sur leur poursuivant.<\/p><p>&nbsp;<\/p><p>Credit Photo : Kirby Lee-USA TODAY Sports<\/p>\n","protected":false},"excerpt":{"rendered":"","protected":false},"author":13,"featured_media":1453784,"comment_status":"open","ping_status":"closed","sticky":false,"template":"","format":"standard","meta":{"inline_featured_image":false,"kia_subtitle":"","_mux_skip_reasons":[],"proofreadBy":0,"footnotes":""},"categories":[188,9],"tags":[],"sport":[],"saison":[],"class_list":["post-1453783","post","type-post","status-publish","format-standard","has-post-thumbnail","hentry","category-actualite-mlb","category-mlb"],"acf":[],"yoast_head":"<!-- This site is optimized with the Yoast SEO plugin v24.2 - https:\/\/yoast.com\/wordpress\/plugins\/seo\/ -->\n<title>Christian Yelich raconte sa vie apr&egrave;s son op&eacute;ration : &#039;C&#039;&eacute;tait de la merde&#039; - The Playoffs FR<\/title>\n<meta name=\"robots\" content=\"index, follow, max-snippet:-1, max-image-preview:large, max-video-preview:-1\" \/>\n<link rel=\"canonical\" href=\"https:\/\/theplayoffs.news\/fr\/actualite-mlb\/christian-yelich-raconte-sa-vie-apres-son-operation-cetait-de-la-merde\/\" \/>\n<meta property=\"og:locale\" content=\"fr_FR\" \/>\n<meta property=\"og:type\" content=\"article\" \/>\n<meta property=\"og:title\" content=\"Christian Yelich raconte sa vie apr&egrave;s son op&eacute;ration : &#039;C&#039;&eacute;tait de la merde&#039; - The Playoffs FR\" \/>\n<meta property=\"og:url\" content=\"https:\/\/theplayoffs.news\/fr\/actualite-mlb\/christian-yelich-raconte-sa-vie-apres-son-operation-cetait-de-la-merde\/\" \/>\n<meta property=\"og:site_name\" content=\"The Playoffs FR\" \/>\n<meta property=\"article:publisher\" content=\"https:\/\/www.facebook.com\/TheFreeAgentFR\/\" \/>\n<meta property=\"article:modified_time\" content=\"2024-08-28T07:50:35+02:00\" \/>\n<meta property=\"og:image\" content=\"https:\/\/theplayoffs.news\/fr\/wp-content\/uploads\/2024\/08\/USATSI_23695877.jpg\" \/>\n\t<meta property=\"og:image:width\" content=\"1920\" \/>\n\t<meta property=\"og:image:height\" content=\"1280\" \/>\n\t<meta property=\"og:image:type\" content=\"image\/jpeg\" \/>\n<meta name=\"author\" content=\"Charles Taudin\" \/>\n<meta name=\"twitter:card\" content=\"summary_large_image\" \/>\n<meta name=\"twitter:creator\" content=\"@TheFreeAgentFR\" \/>\n<meta name=\"twitter:site\" content=\"@TheFreeAgentFR\" \/>\n<meta name=\"twitter:label1\" content=\"\u00c9crit par\" \/>\n\t<meta name=\"twitter:data1\" content=\"Charles Taudin\" \/>\n\t<meta name=\"twitter:label2\" content=\"Dur\u00e9e de lecture estim\u00e9e\" \/>\n\t<meta name=\"twitter:data2\" content=\"1 minute\" \/>\n<script type=\"application\/ld+json\" class=\"yoast-schema-graph\">{\"@context\":\"https:\/\/schema.org\",\"@graph\":[{\"@type\":\"WebPage\",\"@id\":\"https:\/\/theplayoffs.news\/fr\/actualite-mlb\/christian-yelich-raconte-sa-vie-apres-son-operation-cetait-de-la-merde\/\",\"url\":\"https:\/\/theplayoffs.news\/fr\/actualite-mlb\/christian-yelich-raconte-sa-vie-apres-son-operation-cetait-de-la-merde\/\",\"name\":\"Christian Yelich raconte sa vie apr\u00e8s son op\u00e9ration : \\\\'C\\\\'\u00e9tait de la merde\\\\' - The Playoffs FR\",\"isPartOf\":{\"@id\":\"https:\/\/theplayoffs.news\/fr\/#website\"},\"primaryImageOfPage\":{\"@id\":\"https:\/\/theplayoffs.news\/fr\/actualite-mlb\/christian-yelich-raconte-sa-vie-apres-son-operation-cetait-de-la-merde\/#primaryimage\"},\"image\":{\"@id\":\"https:\/\/theplayoffs.news\/fr\/actualite-mlb\/christian-yelich-raconte-sa-vie-apres-son-operation-cetait-de-la-merde\/#primaryimage\"},\"thumbnailUrl\":\"https:\/\/theplayoffs.news\/fr\/wp-content\/uploads\/2024\/08\/USATSI_23695877.jpg\",\"datePublished\":\"2024-08-28T05:50:35+00:00\",\"dateModified\":\"2024-08-28T05:50:35+00:00\",\"author\":{\"@id\":\"https:\/\/theplayoffs.news\/fr\/#\/schema\/person\/eee5b69ad5d3c51cabe881c839dbe133\"},\"breadcrumb\":{\"@id\":\"https:\/\/theplayoffs.news\/fr\/actualite-mlb\/christian-yelich-raconte-sa-vie-apres-son-operation-cetait-de-la-merde\/#breadcrumb\"},\"inLanguage\":\"fr-FR\",\"potentialAction\":[{\"@type\":\"ReadAction\",\"target\":[\"https:\/\/theplayoffs.news\/fr\/actualite-mlb\/christian-yelich-raconte-sa-vie-apres-son-operation-cetait-de-la-merde\/\"]}]},{\"@type\":\"ImageObject\",\"inLanguage\":\"fr-FR\",\"@id\":\"https:\/\/theplayoffs.news\/fr\/actualite-mlb\/christian-yelich-raconte-sa-vie-apres-son-operation-cetait-de-la-merde\/#primaryimage\",\"url\":\"https:\/\/theplayoffs.news\/fr\/wp-content\/uploads\/2024\/08\/USATSI_23695877.jpg\",\"contentUrl\":\"https:\/\/theplayoffs.news\/fr\/wp-content\/uploads\/2024\/08\/USATSI_23695877.jpg\",\"width\":1920,\"height\":1280,\"caption\":\"Jul 6, 2024; Los Angeles, California, USA; Milwaukee Brewers left fielder Christian Yelich (22) watches from the dugout during the game against the Los Angeles Dodgers at Dodger Stadium. Mandatory Credit: Kirby Lee-USA TODAY Sports\"},{\"@type\":\"BreadcrumbList\",\"@id\":\"https:\/\/theplayoffs.news\/fr\/actualite-mlb\/christian-yelich-raconte-sa-vie-apres-son-operation-cetait-de-la-merde\/#breadcrumb\",\"itemListElement\":[{\"@type\":\"ListItem\",\"position\":1,\"name\":\"Accueil\",\"item\":\"https:\/\/theplayoffs.news\/fr\/\"},{\"@type\":\"ListItem\",\"position\":2,\"name\":\"Christian Yelich raconte sa vie apr\u00e8s son op\u00e9ration : &lsquo;C&rsquo;\u00e9tait de la merde&rsquo;\"}]},{\"@type\":\"WebSite\",\"@id\":\"https:\/\/theplayoffs.news\/fr\/#website\",\"url\":\"https:\/\/theplayoffs.news\/fr\/\",\"name\":\"The Playoffs FR\",\"description\":\"NBA-NFL-NHL-MLB\",\"potentialAction\":[{\"@type\":\"SearchAction\",\"target\":{\"@type\":\"EntryPoint\",\"urlTemplate\":\"https:\/\/theplayoffs.news\/fr\/?s={search_term_string}\"},\"query-input\":{\"@type\":\"PropertyValueSpecification\",\"valueRequired\":true,\"valueName\":\"search_term_string\"}}],\"inLanguage\":\"fr-FR\"},{\"@type\":\"Person\",\"@id\":\"https:\/\/theplayoffs.news\/fr\/#\/schema\/person\/eee5b69ad5d3c51cabe881c839dbe133\",\"name\":\"Charles Taudin\",\"image\":{\"@type\":\"ImageObject\",\"inLanguage\":\"fr-FR\",\"@id\":\"https:\/\/theplayoffs.news\/fr\/#\/schema\/person\/image\/\",\"url\":\"https:\/\/secure.gravatar.com\/avatar\/59a1e772205ce9fd255edfcafc93013736822e20261f294c5753b20c41ede9f2?s=96&d=mm&r=g\",\"contentUrl\":\"https:\/\/secure.gravatar.com\/avatar\/59a1e772205ce9fd255edfcafc93013736822e20261f294c5753b20c41ede9f2?s=96&d=mm&r=g\",\"caption\":\"Charles Taudin\"},\"description\":\"R\u00e9dacteur en chef global de The Playoffs, j\u2019ai cr\u00e9\u00e9 The Free Agent, devenu The Playoffs FR, en 2020 durant la pand\u00e9mie. Amoureux depuis des ann\u00e9es des 4 sports majeurs am\u00e9ricains, j\u2019organise maintenant la strat\u00e9gie \u00e9ditoriale et les r\u00e9seaux sociaux de l\u2019ensemble des versions de The Playoffs. Il m\u2019arrive encore d\u2019\u00e9crire sur certains sports que j\u2019affectionne particuli\u00e8rement comme la NFL ou la MLB. Si vous devez retenir qu\u2019une chose : Eli Manning est le vrai GOAT pour avoir battu deux fois Tom Brady.\",\"sameAs\":[\"https:\/\/www.instagram.com\/ctaudin_\/\"],\"url\":\"https:\/\/theplayoffs.news\/fr\/author\/charles-taudin\/\"}]}<\/script>\n<!-- \/ Yoast SEO plugin. -->","yoast_head_json":{"title":"Christian Yelich raconte sa vie apr&egrave;s son op&eacute;ration : &#039;C&#039;&eacute;tait de la merde&#039; - The Playoffs FR","robots":{"index":"index","follow":"follow","max-snippet":"max-snippet:-1","max-image-preview":"max-image-preview:large","max-video-preview":"max-video-preview:-1"},"canonical":"https:\/\/theplayoffs.news\/fr\/actualite-mlb\/christian-yelich-raconte-sa-vie-apres-son-operation-cetait-de-la-merde\/","og_locale":"fr_FR","og_type":"article","og_title":"Christian Yelich raconte sa vie apr&egrave;s son op&eacute;ration : &#039;C&#039;&eacute;tait de la merde&#039; - The Playoffs FR","og_url":"https:\/\/theplayoffs.news\/fr\/actualite-mlb\/christian-yelich-raconte-sa-vie-apres-son-operation-cetait-de-la-merde\/","og_site_name":"The Playoffs FR","article_publisher":"https:\/\/www.facebook.com\/TheFreeAgentFR\/","og_image":[{"width":1920,"height":1280,"url":"https:\/\/theplayoffs.news\/fr\/wp-content\/uploads\/2024\/08\/USATSI_23695877.jpg","type":"image\/jpeg"}],"author":"Charles Taudin","twitter_card":"summary_large_image","twitter_creator":"@TheFreeAgentFR","twitter_site":"@TheFreeAgentFR","twitter_misc":{"\u00c9crit par":"Charles Taudin","Dur\u00e9e de lecture estim\u00e9e":"1 minute"},"schema":{"@context":"https:\/\/schema.org","@graph":[{"@type":"WebPage","@id":"https:\/\/theplayoffs.news\/fr\/actualite-mlb\/christian-yelich-raconte-sa-vie-apres-son-operation-cetait-de-la-merde\/","url":"https:\/\/theplayoffs.news\/fr\/actualite-mlb\/christian-yelich-raconte-sa-vie-apres-son-operation-cetait-de-la-merde\/","name":"Christian Yelich raconte sa vie apr\u00e8s son op\u00e9ration : \\'C\\'\u00e9tait de la merde\\' - The Playoffs FR","isPartOf":{"@id":"https:\/\/theplayoffs.news\/fr\/#website"},"primaryImageOfPage":{"@id":"https:\/\/theplayoffs.news\/fr\/actualite-mlb\/christian-yelich-raconte-sa-vie-apres-son-operation-cetait-de-la-merde\/#primaryimage"},"image":{"@id":"https:\/\/theplayoffs.news\/fr\/actualite-mlb\/christian-yelich-raconte-sa-vie-apres-son-operation-cetait-de-la-merde\/#primaryimage"},"thumbnailUrl":"https:\/\/theplayoffs.news\/fr\/wp-content\/uploads\/2024\/08\/USATSI_23695877.jpg","datePublished":"2024-08-28T05:50:35+00:00","dateModified":"2024-08-28T05:50:35+00:00","author":{"@id":"https:\/\/theplayoffs.news\/fr\/#\/schema\/person\/eee5b69ad5d3c51cabe881c839dbe133"},"breadcrumb":{"@id":"https:\/\/theplayoffs.news\/fr\/actualite-mlb\/christian-yelich-raconte-sa-vie-apres-son-operation-cetait-de-la-merde\/#breadcrumb"},"inLanguage":"fr-FR","potentialAction":[{"@type":"ReadAction","target":["https:\/\/theplayoffs.news\/fr\/actualite-mlb\/christian-yelich-raconte-sa-vie-apres-son-operation-cetait-de-la-merde\/"]}]},{"@type":"ImageObject","inLanguage":"fr-FR","@id":"https:\/\/theplayoffs.news\/fr\/actualite-mlb\/christian-yelich-raconte-sa-vie-apres-son-operation-cetait-de-la-merde\/#primaryimage","url":"https:\/\/theplayoffs.news\/fr\/wp-content\/uploads\/2024\/08\/USATSI_23695877.jpg","contentUrl":"https:\/\/theplayoffs.news\/fr\/wp-content\/uploads\/2024\/08\/USATSI_23695877.jpg","width":1920,"height":1280,"caption":"Jul 6, 2024; Los Angeles, California, USA; Milwaukee Brewers left fielder Christian Yelich (22) watches from the dugout during the game against the Los Angeles Dodgers at Dodger Stadium. Mandatory Credit: Kirby Lee-USA TODAY Sports"},{"@type":"BreadcrumbList","@id":"https:\/\/theplayoffs.news\/fr\/actualite-mlb\/christian-yelich-raconte-sa-vie-apres-son-operation-cetait-de-la-merde\/#breadcrumb","itemListElement":[{"@type":"ListItem","position":1,"name":"Accueil","item":"https:\/\/theplayoffs.news\/fr\/"},{"@type":"ListItem","position":2,"name":"Christian Yelich raconte sa vie apr\u00e8s son op\u00e9ration : &lsquo;C&rsquo;\u00e9tait de la merde&rsquo;"}]},{"@type":"WebSite","@id":"https:\/\/theplayoffs.news\/fr\/#website","url":"https:\/\/theplayoffs.news\/fr\/","name":"The Playoffs FR","description":"NBA-NFL-NHL-MLB","potentialAction":[{"@type":"SearchAction","target":{"@type":"EntryPoint","urlTemplate":"https:\/\/theplayoffs.news\/fr\/?s={search_term_string}"},"query-input":{"@type":"PropertyValueSpecification","valueRequired":true,"valueName":"search_term_string"}}],"inLanguage":"fr-FR"},{"@type":"Person","@id":"https:\/\/theplayoffs.news\/fr\/#\/schema\/person\/eee5b69ad5d3c51cabe881c839dbe133","name":"Charles Taudin","image":{"@type":"ImageObject","inLanguage":"fr-FR","@id":"https:\/\/theplayoffs.news\/fr\/#\/schema\/person\/image\/","url":"https:\/\/secure.gravatar.com\/avatar\/59a1e772205ce9fd255edfcafc93013736822e20261f294c5753b20c41ede9f2?s=96&d=mm&r=g","contentUrl":"https:\/\/secure.gravatar.com\/avatar\/59a1e772205ce9fd255edfcafc93013736822e20261f294c5753b20c41ede9f2?s=96&d=mm&r=g","caption":"Charles Taudin"},"description":"R\u00e9dacteur en chef global de The Playoffs, j\u2019ai cr\u00e9\u00e9 The Free Agent, devenu The Playoffs FR, en 2020 durant la pand\u00e9mie. Amoureux depuis des ann\u00e9es des 4 sports majeurs am\u00e9ricains, j\u2019organise maintenant la strat\u00e9gie \u00e9ditoriale et les r\u00e9seaux sociaux de l\u2019ensemble des versions de The Playoffs. Il m\u2019arrive encore d\u2019\u00e9crire sur certains sports que j\u2019affectionne particuli\u00e8rement comme la NFL ou la MLB. Si vous devez retenir qu\u2019une chose : Eli Manning est le vrai GOAT pour avoir battu deux fois Tom Brady.","sameAs":["https:\/\/www.instagram.com\/ctaudin_\/"],"url":"https:\/\/theplayoffs.news\/fr\/author\/charles-taudin\/"}]}},"_links":{"self":[{"href":"https:\/\/theplayoffs.news\/fr\/wp-json\/wp\/v2\/posts\/1453783","targetHints":{"allow":["GET"]}}],"collection":[{"href":"https:\/\/theplayoffs.news\/fr\/wp-json\/wp\/v2\/posts"}],"about":[{"href":"https:\/\/theplayoffs.news\/fr\/wp-json\/wp\/v2\/types\/post"}],"author":[{"embeddable":true,"href":"https:\/\/theplayoffs.news\/fr\/wp-json\/wp\/v2\/users\/13"}],"replies":[{"embeddable":true,"href":"https:\/\/theplayoffs.news\/fr\/wp-json\/wp\/v2\/comments?post=1453783"}],"version-history":[{"count":3,"href":"https:\/\/theplayoffs.news\/fr\/wp-json\/wp\/v2\/posts\/1453783\/revisions"}],"predecessor-version":[{"id":1453787,"href":"https:\/\/theplayoffs.news\/fr\/wp-json\/wp\/v2\/posts\/1453783\/revisions\/1453787"}],"wp:featuredmedia":[{"embeddable":true,"href":"https:\/\/theplayoffs.news\/fr\/wp-json\/wp\/v2\/media\/1453784"}],"wp:attachment":[{"href":"https:\/\/theplayoffs.news\/fr\/wp-json\/wp\/v2\/media?parent=1453783"}],"wp:term":[{"taxonomy":"category","embeddable":true,"href":"https:\/\/theplayoffs.news\/fr\/wp-json\/wp\/v2\/categories?post=1453783"},{"taxonomy":"post_tag","embeddable":true,"href":"https:\/\/theplayoffs.news\/fr\/wp-json\/wp\/v2\/tags?post=1453783"},{"taxonomy":"sport","embeddable":true,"href":"https:\/\/theplayoffs.news\/fr\/wp-json\/wp\/v2\/sport?post=1453783"},{"taxonomy":"saison","embeddable":true,"href":"https:\/\/theplayoffs.news\/fr\/wp-json\/wp\/v2\/saison?post=1453783"}],"curies":[{"name":"wp","href":"https:\/\/api.w.org\/{rel}","templated":true}]}}