{"id":1453714,"date":"2024-08-28T07:00:16","date_gmt":"2024-08-28T05:00:16","guid":{"rendered":"https:\/\/theplayoffs.news\/fr\/?p=1453714"},"modified":"2024-08-27T23:16:44","modified_gmt":"2024-08-27T21:16:44","slug":"jamarr-chase-jouera-en-week-1-patriots","status":"publish","type":"post","link":"https:\/\/theplayoffs.news\/fr\/actualite-nfl\/jamarr-chase-jouera-en-week-1-patriots\/","title":{"rendered":"Ja&rsquo;Marr Chase jouera en week 1 face aux Patriots"},"content":{"rendered":"<h2>Zac Taylor a confirm&eacute; que Ja&rsquo;Marr Chase sera bel et bien <a href=\"https:\/\/www.nbcsports.com\/nfl\/profootballtalk\/rumor-mill\/news\/zac-taylor-jamarr-chase-looks-great-will-play-week-1\" class=\"trk-cta-link\" data-cta-trk='{\"ctaType\":\"Link\",\"ctaSubType\":\"main\"}'>pr&eacute;sent<\/a> lors de la week 1 de la saison r&eacute;guli&egrave;re la semaine prochaine.<\/h2><p><a href=\"https:\/\/theplayoffs.news\/fr\/joueur\/jamarr-chase-nfl-8725256\/\" class=\"trk-cta-link\" data-cta-trk='{\"ctaType\":\"Link\",\"ctaSubType\":\"main\"}'>Ja&rsquo;Marr Chase<\/a> a manqu&eacute; une partie du camp d&rsquo;entra&icirc;nement suite &agrave; son m&eacute;contentement par rapport &agrave; sa situation contractuelle avec <a href=\"https:\/\/theplayoffs.news\/fr\/equipe\/cincinnati-bengals-nfl\/\" class=\"trk-cta-link\" data-cta-trk='{\"ctaType\":\"Link\",\"ctaSubType\":\"main\"}'>Cincinnati<\/a>. Celui-ci a effectu&eacute; son retour &agrave; l&rsquo;entra&icirc;nement il y a quelques jours. Zac Taylor a confirm&eacute; que son receveur num&eacute;ro 1 faisait bonne impression sur le terrain, malgr&eacute; son absence &agrave; l&rsquo;entra&icirc;nement ces derniers temps.<\/p><p>\n<div id=\"attachment_1453716\" style=\"width: 660px\" class=\"wp-caption aligncenter\"><img loading=\"lazy\" decoding=\"async\" aria-describedby=\"caption-attachment-1453716\" class=\" wp-image-1453716\" src=\"https:\/\/theplayoffs.news\/fr\/wp-content\/uploads\/2024\/08\/USATSI_24045419-300x200.jpg\" alt=\"\" width=\"650\" height=\"433\" srcset=\"https:\/\/theplayoffs.news\/fr\/wp-content\/uploads\/2024\/08\/USATSI_24045419-300x200.jpg 300w, https:\/\/theplayoffs.news\/fr\/wp-content\/uploads\/2024\/08\/USATSI_24045419-1030x687.jpg 1030w, https:\/\/theplayoffs.news\/fr\/wp-content\/uploads\/2024\/08\/USATSI_24045419-768x512.jpg 768w, https:\/\/theplayoffs.news\/fr\/wp-content\/uploads\/2024\/08\/USATSI_24045419-1320x880.jpg 1320w, https:\/\/theplayoffs.news\/fr\/wp-content\/uploads\/2024\/08\/USATSI_24045419.jpg 1920w\" sizes=\"auto, (max-width: 650px) 100vw, 650px\" \/><p id=\"caption-attachment-1453716\" class=\"wp-caption-text\">Cr&eacute;dit : Kareem Elgazzar &ndash; USA Today<\/p><\/div>\n<\/p><p>Pour ce qui est du contrat, le Front Office de Cincinnati ne souhaite pas lui donner son nouveau contrat d&egrave;s maintenant, lui qui a encore deux ann&eacute;es restantes sur son contrat rookie. Signer un nouveau contrat d&egrave;s maintenant reviendrai &agrave; avoir un plus gros impact sur la salary cap, ce que la franchise ne souhaite forc&eacute;ment pas. La prolongation de Ja&rsquo;Marr Chase est attendue pour l&rsquo;intersaison prochaine, afin de lier le receveur de 24 ans et Cincinnati encore plus.<\/p><p>Apr&egrave;s trois saisons pass&eacute;es en NFL, Ja&rsquo;Marr Chase s&rsquo;est tr&egrave;s vite impos&eacute; comme l&rsquo;un des meilleurs, en totalisant 3 717 yards &agrave; la r&eacute;ception, ainsi que 29 touchdowns &agrave; seulement 24 ans. Pour le moment, l&rsquo;ancien de LSU doit penser &agrave; l&rsquo;aspect sportif de sa saison avant de penser &agrave; son futur contrat.<\/p>\n","protected":false},"excerpt":{"rendered":"","protected":false},"author":180310178,"featured_media":1453715,"comment_status":"open","ping_status":"closed","sticky":false,"template":"","format":"standard","meta":{"inline_featured_image":false,"kia_subtitle":"","_mux_skip_reasons":[],"proofreadBy":0,"footnotes":""},"categories":[118,40],"tags":[802,2351,79],"sport":[2785],"saison":[6111],"class_list":["post-1453714","post","type-post","status-publish","format-standard","has-post-thumbnail","hentry","category-actualite-nfl","category-nfl","tag-cincinnati-bengals","tag-jamarr-chase","tag-nfl","sport-nfl","saison-6111"],"acf":[],"yoast_head":"<!-- This site is optimized with the Yoast SEO plugin v24.2 - https:\/\/yoast.com\/wordpress\/plugins\/seo\/ -->\n<title>Ja&#039;Marr Chase jouera en week 1 face aux Patriots - The Playoffs FR<\/title>\n<meta name=\"robots\" content=\"index, follow, max-snippet:-1, max-image-preview:large, max-video-preview:-1\" \/>\n<link rel=\"canonical\" href=\"https:\/\/theplayoffs.news\/fr\/actualite-nfl\/jamarr-chase-jouera-en-week-1-patriots\/\" \/>\n<meta property=\"og:locale\" content=\"fr_FR\" \/>\n<meta property=\"og:type\" content=\"article\" \/>\n<meta property=\"og:title\" content=\"Ja&#039;Marr Chase jouera en week 1 face aux Patriots - The Playoffs FR\" \/>\n<meta property=\"og:url\" content=\"https:\/\/theplayoffs.news\/fr\/actualite-nfl\/jamarr-chase-jouera-en-week-1-patriots\/\" \/>\n<meta property=\"og:site_name\" content=\"The Playoffs FR\" \/>\n<meta property=\"article:publisher\" content=\"https:\/\/www.facebook.com\/TheFreeAgentFR\/\" \/>\n<meta property=\"article:modified_time\" content=\"2024-08-28T07:00:16+02:00\" \/>\n<meta property=\"og:image\" content=\"https:\/\/theplayoffs.news\/fr\/wp-content\/uploads\/2024\/08\/USATSI_24045480.jpg\" \/>\n\t<meta property=\"og:image:width\" content=\"1920\" \/>\n\t<meta property=\"og:image:height\" content=\"1280\" \/>\n\t<meta property=\"og:image:type\" content=\"image\/jpeg\" \/>\n<meta name=\"author\" content=\"Arthur Berlemont\" \/>\n<meta name=\"twitter:card\" content=\"summary_large_image\" \/>\n<meta name=\"twitter:creator\" content=\"@TheFreeAgentFR\" \/>\n<meta name=\"twitter:site\" content=\"@TheFreeAgentFR\" \/>\n<meta name=\"twitter:label1\" content=\"\u00c9crit par\" \/>\n\t<meta name=\"twitter:data1\" content=\"Arthur Berlemont\" \/>\n\t<meta name=\"twitter:label2\" content=\"Dur\u00e9e de lecture estim\u00e9e\" \/>\n\t<meta name=\"twitter:data2\" content=\"1 minute\" \/>\n<script type=\"application\/ld+json\" class=\"yoast-schema-graph\">{\"@context\":\"https:\/\/schema.org\",\"@graph\":[{\"@type\":\"WebPage\",\"@id\":\"https:\/\/theplayoffs.news\/fr\/actualite-nfl\/jamarr-chase-jouera-en-week-1-patriots\/\",\"url\":\"https:\/\/theplayoffs.news\/fr\/actualite-nfl\/jamarr-chase-jouera-en-week-1-patriots\/\",\"name\":\"Ja\\\\'Marr Chase jouera en week 1 face aux Patriots - The Playoffs FR\",\"isPartOf\":{\"@id\":\"https:\/\/theplayoffs.news\/fr\/#website\"},\"primaryImageOfPage\":{\"@id\":\"https:\/\/theplayoffs.news\/fr\/actualite-nfl\/jamarr-chase-jouera-en-week-1-patriots\/#primaryimage\"},\"image\":{\"@id\":\"https:\/\/theplayoffs.news\/fr\/actualite-nfl\/jamarr-chase-jouera-en-week-1-patriots\/#primaryimage\"},\"thumbnailUrl\":\"https:\/\/theplayoffs.news\/fr\/wp-content\/uploads\/2024\/08\/USATSI_24045480.jpg\",\"datePublished\":\"2024-08-28T05:00:16+00:00\",\"dateModified\":\"2024-08-28T07:00:16+02:00\",\"author\":{\"@id\":\"https:\/\/theplayoffs.news\/fr\/#\/schema\/person\/b6b04a451dab03a5ab75cec8912e8942\"},\"breadcrumb\":{\"@id\":\"https:\/\/theplayoffs.news\/fr\/actualite-nfl\/jamarr-chase-jouera-en-week-1-patriots\/#breadcrumb\"},\"inLanguage\":\"fr-FR\",\"potentialAction\":[{\"@type\":\"ReadAction\",\"target\":[\"https:\/\/theplayoffs.news\/fr\/actualite-nfl\/jamarr-chase-jouera-en-week-1-patriots\/\"]}]},{\"@type\":\"ImageObject\",\"inLanguage\":\"fr-FR\",\"@id\":\"https:\/\/theplayoffs.news\/fr\/actualite-nfl\/jamarr-chase-jouera-en-week-1-patriots\/#primaryimage\",\"url\":\"https:\/\/theplayoffs.news\/fr\/wp-content\/uploads\/2024\/08\/USATSI_24045480.jpg\",\"contentUrl\":\"https:\/\/theplayoffs.news\/fr\/wp-content\/uploads\/2024\/08\/USATSI_24045480.jpg\",\"width\":1920,\"height\":1280,\"caption\":\"Cincinnati Bengals wide receiver Ja\\\\'Marr Chase (1) walks the field during warmups before the NFL Preseason Week 2 game between the Chicago Bears and the Cincinnati Bengals at Soldier Field in downtown Chicago on Saturday, Aug. 17, 2024.\"},{\"@type\":\"BreadcrumbList\",\"@id\":\"https:\/\/theplayoffs.news\/fr\/actualite-nfl\/jamarr-chase-jouera-en-week-1-patriots\/#breadcrumb\",\"itemListElement\":[{\"@type\":\"ListItem\",\"position\":1,\"name\":\"Accueil\",\"item\":\"https:\/\/theplayoffs.news\/fr\/\"},{\"@type\":\"ListItem\",\"position\":2,\"name\":\"Ja&rsquo;Marr Chase jouera en week 1 face aux Patriots\"}]},{\"@type\":\"WebSite\",\"@id\":\"https:\/\/theplayoffs.news\/fr\/#website\",\"url\":\"https:\/\/theplayoffs.news\/fr\/\",\"name\":\"The Playoffs FR\",\"description\":\"NBA-NFL-NHL-MLB\",\"potentialAction\":[{\"@type\":\"SearchAction\",\"target\":{\"@type\":\"EntryPoint\",\"urlTemplate\":\"https:\/\/theplayoffs.news\/fr\/?s={search_term_string}\"},\"query-input\":{\"@type\":\"PropertyValueSpecification\",\"valueRequired\":true,\"valueName\":\"search_term_string\"}}],\"inLanguage\":\"fr-FR\"},{\"@type\":\"Person\",\"@id\":\"https:\/\/theplayoffs.news\/fr\/#\/schema\/person\/b6b04a451dab03a5ab75cec8912e8942\",\"name\":\"Arthur Berlemont\",\"image\":{\"@type\":\"ImageObject\",\"inLanguage\":\"fr-FR\",\"@id\":\"https:\/\/theplayoffs.news\/fr\/#\/schema\/person\/image\/\",\"url\":\"https:\/\/secure.gravatar.com\/avatar\/19ddab1d62ab0a19b186b86cee130432b120dd6f085625a6a6757dd1aa90a5f3?s=96&d=mm&r=g\",\"contentUrl\":\"https:\/\/secure.gravatar.com\/avatar\/19ddab1d62ab0a19b186b86cee130432b120dd6f085625a6a6757dd1aa90a5f3?s=96&d=mm&r=g\",\"caption\":\"Arthur Berlemont\"},\"description\":\"Etudiant passionn\u00e9 de sport, avant tout m\u00e9caniques, j\\\\'ai d\u00e9couvert les sports US il y a quelques ann\u00e9es. J\\\\'ai tout de suite accroch\u00e9 pour la ville de Cincinnati et ses franchises de NFL et MLB. Aujourd\\\\'hui, je suis l\u00e0 par passion dans la r\u00e9daction d\\\\'articles sur divers sports que j\\\\'affectionne.\",\"url\":\"https:\/\/theplayoffs.news\/fr\/author\/arthur-berlemontgmail-com\/\"}]}<\/script>\n<!-- \/ Yoast SEO plugin. -->","yoast_head_json":{"title":"Ja&#039;Marr Chase jouera en week 1 face aux Patriots - The Playoffs FR","robots":{"index":"index","follow":"follow","max-snippet":"max-snippet:-1","max-image-preview":"max-image-preview:large","max-video-preview":"max-video-preview:-1"},"canonical":"https:\/\/theplayoffs.news\/fr\/actualite-nfl\/jamarr-chase-jouera-en-week-1-patriots\/","og_locale":"fr_FR","og_type":"article","og_title":"Ja&#039;Marr Chase jouera en week 1 face aux Patriots - The Playoffs FR","og_url":"https:\/\/theplayoffs.news\/fr\/actualite-nfl\/jamarr-chase-jouera-en-week-1-patriots\/","og_site_name":"The Playoffs FR","article_publisher":"https:\/\/www.facebook.com\/TheFreeAgentFR\/","article_modified_time":"2024-08-27T21:16:44+00:00","og_image":[{"width":1920,"height":1280,"url":"https:\/\/theplayoffs.news\/fr\/wp-content\/uploads\/2024\/08\/USATSI_24045480.jpg","type":"image\/jpeg"}],"author":"Arthur Berlemont","twitter_card":"summary_large_image","twitter_creator":"@TheFreeAgentFR","twitter_site":"@TheFreeAgentFR","twitter_misc":{"\u00c9crit par":"Arthur Berlemont","Dur\u00e9e de lecture estim\u00e9e":"1 minute"},"schema":{"@context":"https:\/\/schema.org","@graph":[{"@type":"WebPage","@id":"https:\/\/theplayoffs.news\/fr\/actualite-nfl\/jamarr-chase-jouera-en-week-1-patriots\/","url":"https:\/\/theplayoffs.news\/fr\/actualite-nfl\/jamarr-chase-jouera-en-week-1-patriots\/","name":"Ja\\'Marr Chase jouera en week 1 face aux Patriots - The Playoffs FR","isPartOf":{"@id":"https:\/\/theplayoffs.news\/fr\/#website"},"primaryImageOfPage":{"@id":"https:\/\/theplayoffs.news\/fr\/actualite-nfl\/jamarr-chase-jouera-en-week-1-patriots\/#primaryimage"},"image":{"@id":"https:\/\/theplayoffs.news\/fr\/actualite-nfl\/jamarr-chase-jouera-en-week-1-patriots\/#primaryimage"},"thumbnailUrl":"https:\/\/theplayoffs.news\/fr\/wp-content\/uploads\/2024\/08\/USATSI_24045480.jpg","datePublished":"2024-08-28T05:00:16+00:00","dateModified":"2024-08-28T07:00:16+02:00","author":{"@id":"https:\/\/theplayoffs.news\/fr\/#\/schema\/person\/b6b04a451dab03a5ab75cec8912e8942"},"breadcrumb":{"@id":"https:\/\/theplayoffs.news\/fr\/actualite-nfl\/jamarr-chase-jouera-en-week-1-patriots\/#breadcrumb"},"inLanguage":"fr-FR","potentialAction":[{"@type":"ReadAction","target":["https:\/\/theplayoffs.news\/fr\/actualite-nfl\/jamarr-chase-jouera-en-week-1-patriots\/"]}]},{"@type":"ImageObject","inLanguage":"fr-FR","@id":"https:\/\/theplayoffs.news\/fr\/actualite-nfl\/jamarr-chase-jouera-en-week-1-patriots\/#primaryimage","url":"https:\/\/theplayoffs.news\/fr\/wp-content\/uploads\/2024\/08\/USATSI_24045480.jpg","contentUrl":"https:\/\/theplayoffs.news\/fr\/wp-content\/uploads\/2024\/08\/USATSI_24045480.jpg","width":1920,"height":1280,"caption":"Cincinnati Bengals wide receiver Ja\\'Marr Chase (1) walks the field during warmups before the NFL Preseason Week 2 game between the Chicago Bears and the Cincinnati Bengals at Soldier Field in downtown Chicago on Saturday, Aug. 17, 2024."},{"@type":"BreadcrumbList","@id":"https:\/\/theplayoffs.news\/fr\/actualite-nfl\/jamarr-chase-jouera-en-week-1-patriots\/#breadcrumb","itemListElement":[{"@type":"ListItem","position":1,"name":"Accueil","item":"https:\/\/theplayoffs.news\/fr\/"},{"@type":"ListItem","position":2,"name":"Ja&rsquo;Marr Chase jouera en week 1 face aux Patriots"}]},{"@type":"WebSite","@id":"https:\/\/theplayoffs.news\/fr\/#website","url":"https:\/\/theplayoffs.news\/fr\/","name":"The Playoffs FR","description":"NBA-NFL-NHL-MLB","potentialAction":[{"@type":"SearchAction","target":{"@type":"EntryPoint","urlTemplate":"https:\/\/theplayoffs.news\/fr\/?s={search_term_string}"},"query-input":{"@type":"PropertyValueSpecification","valueRequired":true,"valueName":"search_term_string"}}],"inLanguage":"fr-FR"},{"@type":"Person","@id":"https:\/\/theplayoffs.news\/fr\/#\/schema\/person\/b6b04a451dab03a5ab75cec8912e8942","name":"Arthur Berlemont","image":{"@type":"ImageObject","inLanguage":"fr-FR","@id":"https:\/\/theplayoffs.news\/fr\/#\/schema\/person\/image\/","url":"https:\/\/secure.gravatar.com\/avatar\/19ddab1d62ab0a19b186b86cee130432b120dd6f085625a6a6757dd1aa90a5f3?s=96&d=mm&r=g","contentUrl":"https:\/\/secure.gravatar.com\/avatar\/19ddab1d62ab0a19b186b86cee130432b120dd6f085625a6a6757dd1aa90a5f3?s=96&d=mm&r=g","caption":"Arthur Berlemont"},"description":"Etudiant passionn\u00e9 de sport, avant tout m\u00e9caniques, j\\'ai d\u00e9couvert les sports US il y a quelques ann\u00e9es. J\\'ai tout de suite accroch\u00e9 pour la ville de Cincinnati et ses franchises de NFL et MLB. Aujourd\\'hui, je suis l\u00e0 par passion dans la r\u00e9daction d\\'articles sur divers sports que j\\'affectionne.","url":"https:\/\/theplayoffs.news\/fr\/author\/arthur-berlemontgmail-com\/"}]}},"_links":{"self":[{"href":"https:\/\/theplayoffs.news\/fr\/wp-json\/wp\/v2\/posts\/1453714","targetHints":{"allow":["GET"]}}],"collection":[{"href":"https:\/\/theplayoffs.news\/fr\/wp-json\/wp\/v2\/posts"}],"about":[{"href":"https:\/\/theplayoffs.news\/fr\/wp-json\/wp\/v2\/types\/post"}],"author":[{"embeddable":true,"href":"https:\/\/theplayoffs.news\/fr\/wp-json\/wp\/v2\/users\/180310178"}],"replies":[{"embeddable":true,"href":"https:\/\/theplayoffs.news\/fr\/wp-json\/wp\/v2\/comments?post=1453714"}],"version-history":[{"count":3,"href":"https:\/\/theplayoffs.news\/fr\/wp-json\/wp\/v2\/posts\/1453714\/revisions"}],"predecessor-version":[{"id":1453719,"href":"https:\/\/theplayoffs.news\/fr\/wp-json\/wp\/v2\/posts\/1453714\/revisions\/1453719"}],"wp:featuredmedia":[{"embeddable":true,"href":"https:\/\/theplayoffs.news\/fr\/wp-json\/wp\/v2\/media\/1453715"}],"wp:attachment":[{"href":"https:\/\/theplayoffs.news\/fr\/wp-json\/wp\/v2\/media?parent=1453714"}],"wp:term":[{"taxonomy":"category","embeddable":true,"href":"https:\/\/theplayoffs.news\/fr\/wp-json\/wp\/v2\/categories?post=1453714"},{"taxonomy":"post_tag","embeddable":true,"href":"https:\/\/theplayoffs.news\/fr\/wp-json\/wp\/v2\/tags?post=1453714"},{"taxonomy":"sport","embeddable":true,"href":"https:\/\/theplayoffs.news\/fr\/wp-json\/wp\/v2\/sport?post=1453714"},{"taxonomy":"saison","embeddable":true,"href":"https:\/\/theplayoffs.news\/fr\/wp-json\/wp\/v2\/saison?post=1453714"}],"curies":[{"name":"wp","href":"https:\/\/api.w.org\/{rel}","templated":true}]}}