{"id":1453672,"date":"2024-08-27T16:36:47","date_gmt":"2024-08-27T14:36:47","guid":{"rendered":"https:\/\/theplayoffs.news\/fr\/?p=1453672"},"modified":"2024-08-27T16:36:47","modified_gmt":"2024-08-27T14:36:47","slug":"les-commanders-changent-le-nom-de-leur-stade","status":"publish","type":"post","link":"https:\/\/theplayoffs.news\/fr\/actualite-nfl\/les-commanders-changent-le-nom-de-leur-stade\/","title":{"rendered":"Les Commanders changent le nom de leur stade"},"content":{"rendered":"<h2 class=\"p1\"><span class=\"s1\">Les Washington Commanders ont r&eacute;cemment annonc&eacute; le changement de nom de leur stade, qui s&rsquo;appelle d&eacute;sormais Northwest Stadium.<\/span><\/h2><p class=\"p1\"><span class=\"s1\">Ce nouveau nom est le fruit d&rsquo;un accord de huit ans au sujet des droits de titre de stade entre les Commanders la compagnie Northwest Federal Credit Union. Auparavant connu sous le nom de FedEx Field depuis 1999, le stade a chang&eacute; de nom apr&egrave;s que FedEx a d&eacute;cid&eacute; de mettre fin &agrave; leur partenariat en raison du changement de propri&eacute;taire de l&rsquo;&eacute;quipe.<\/span><\/p><p class=\"p1\"><span class=\"s1\">L&rsquo;accord avec Northwest Federal Credit Union s&rsquo;&eacute;tend jusqu&rsquo;&agrave; la saison 2031, bien que les d&eacute;tails financiers n&rsquo;aient pas &eacute;t&eacute; enti&egrave;rement divulgu&eacute;s. <a href=\"https:\/\/www.espn.com\/nfl\/story\/_\/id\/41013133\/washington-commanders-home-renamed-northwest-stadium\" class=\"trk-cta-link\" data-cta-trk='{\"ctaType\":\"Link\",\"ctaSubType\":\"main\"}'>John Keim<\/a> d&rsquo;ESPN a toutefois r&eacute;v&eacute;l&eacute; que la valeur moyenne de l&rsquo;accord d&eacute;passe les 205 millions de dollars pay&eacute;s par FedEx, avec une moyenne annuelle d&rsquo;environ 7,5 millions de dollars. Malgr&eacute; cet accord, les Commanders continuent de chercher un nouveau stade, qui pourrait &ecirc;tre construit avant la fin de l&rsquo;accord actuel.<\/span><\/p><p class=\"p1\"><span class=\"s1\">Les dirigeants des Commanders envisagent plusieurs sites pour leur futur stade, notamment &agrave; Washington, D.C., au Maryland et en Virginie. Le premier match &agrave; domicile sous le nouveau nom aura lieu le 15 septembre contre les New York Giants. Le propri&eacute;taire Josh Harris, qui a achet&eacute; la franchise &agrave; <a href=\"https:\/\/theplayoffs.news\/fr\/nfl\/dan-snyder-condamne-amende-60-millions-dollars\/\" class=\"trk-cta-link\" data-cta-trk='{\"ctaType\":\"Link\",\"ctaSubType\":\"main\"}'>Dan Snyder<\/a> il y a un an, a d&eacute;j&agrave; investi environ 75 millions de dollars dans des am&eacute;liorations du stade pour cette saison.<\/span><\/p><p class=\"p1\"><span class=\"s1\">Ces am&eacute;liorations comprennent une meilleure gestion des services de restauration, une efficacit&eacute; accrue pour les contr&ocirc;les de s&eacute;curit&eacute;, ainsi que la r&eacute;solution des probl&egrave;mes structurels dans un stade qui est souvent consid&eacute;r&eacute; comme l&rsquo;un des plus vieillissants de la NFL.<\/span><\/p><p class=\"p1\"><span class=\"s1\">Josh Harris a exprim&eacute; son enthousiasme pour cette nouvelle phase.<\/span><\/p><blockquote>\n<p class=\"p1\"><span class=\"s1\">&laquo;Alors que nous continuons &agrave; travailler &agrave; la r&eacute;alisation de notre objectif de faire des Commanders une franchise d&rsquo;&eacute;lite qui concourt constamment pour les championnats, nous sommes ravis d&rsquo;accueillir notre &eacute;quipe et nos fans au Northwest Stadium et nous sommes impatients de cr&eacute;er des souvenirs incroyables ensemble sur le terrain et dans les communaut&eacute;s que nous servons.&nbsp;&raquo;<\/span><\/p>\n<\/blockquote><p class=\"p1\"><span class=\"s1\"> Le pr&eacute;sident de Northwest Federal Credit Union, Jeff Bentley, a &eacute;galement exprim&eacute; sa fiert&eacute;, soulignant que le nouveau stade sera un lieu embl&eacute;matique pour les fans de football, favorisant un esprit communautaire et cr&eacute;ant des souvenirs inoubliables.<\/span><\/p>\n","protected":false},"excerpt":{"rendered":"","protected":false},"author":180310252,"featured_media":1453676,"comment_status":"open","ping_status":"closed","sticky":false,"template":"","format":"standard","meta":{"inline_featured_image":false,"kia_subtitle":"","_mux_skip_reasons":[],"proofreadBy":0,"footnotes":""},"categories":[118,40],"tags":[],"sport":[2785],"saison":[6111],"class_list":["post-1453672","post","type-post","status-publish","format-standard","has-post-thumbnail","hentry","category-actualite-nfl","category-nfl","sport-nfl","saison-6111"],"acf":[],"yoast_head":"<!-- This site is optimized with the Yoast SEO plugin v24.2 - https:\/\/yoast.com\/wordpress\/plugins\/seo\/ -->\n<title>Les Commanders changent le nom de leur stade - The Playoffs FR<\/title>\n<meta name=\"robots\" content=\"index, follow, max-snippet:-1, max-image-preview:large, max-video-preview:-1\" \/>\n<link rel=\"canonical\" href=\"https:\/\/theplayoffs.news\/fr\/actualite-nfl\/les-commanders-changent-le-nom-de-leur-stade\/\" \/>\n<meta property=\"og:locale\" content=\"fr_FR\" \/>\n<meta property=\"og:type\" content=\"article\" \/>\n<meta property=\"og:title\" content=\"Les Commanders changent le nom de leur stade - The Playoffs FR\" \/>\n<meta property=\"og:url\" content=\"https:\/\/theplayoffs.news\/fr\/actualite-nfl\/les-commanders-changent-le-nom-de-leur-stade\/\" \/>\n<meta property=\"og:site_name\" content=\"The Playoffs FR\" \/>\n<meta property=\"article:publisher\" content=\"https:\/\/www.facebook.com\/TheFreeAgentFR\/\" \/>\n<meta property=\"article:modified_time\" content=\"2024-08-27T16:36:47+02:00\" \/>\n<meta property=\"og:image\" content=\"https:\/\/theplayoffs.news\/fr\/wp-content\/uploads\/2024\/08\/USATSI_24023260.jpg\" \/>\n\t<meta property=\"og:image:width\" content=\"1920\" \/>\n\t<meta property=\"og:image:height\" content=\"1280\" \/>\n\t<meta property=\"og:image:type\" content=\"image\/jpeg\" \/>\n<meta name=\"author\" content=\"Hugo Da Silva\" \/>\n<meta name=\"twitter:card\" content=\"summary_large_image\" \/>\n<meta name=\"twitter:creator\" content=\"@TheFreeAgentFR\" \/>\n<meta name=\"twitter:site\" content=\"@TheFreeAgentFR\" \/>\n<meta name=\"twitter:label1\" content=\"\u00c9crit par\" \/>\n\t<meta name=\"twitter:data1\" content=\"Hugo Da Silva\" \/>\n\t<meta name=\"twitter:label2\" content=\"Dur\u00e9e de lecture estim\u00e9e\" \/>\n\t<meta name=\"twitter:data2\" content=\"2 minutes\" \/>\n<script type=\"application\/ld+json\" class=\"yoast-schema-graph\">{\"@context\":\"https:\/\/schema.org\",\"@graph\":[{\"@type\":\"WebPage\",\"@id\":\"https:\/\/theplayoffs.news\/fr\/actualite-nfl\/les-commanders-changent-le-nom-de-leur-stade\/\",\"url\":\"https:\/\/theplayoffs.news\/fr\/actualite-nfl\/les-commanders-changent-le-nom-de-leur-stade\/\",\"name\":\"Les Commanders changent le nom de leur stade - The Playoffs FR\",\"isPartOf\":{\"@id\":\"https:\/\/theplayoffs.news\/fr\/#website\"},\"primaryImageOfPage\":{\"@id\":\"https:\/\/theplayoffs.news\/fr\/actualite-nfl\/les-commanders-changent-le-nom-de-leur-stade\/#primaryimage\"},\"image\":{\"@id\":\"https:\/\/theplayoffs.news\/fr\/actualite-nfl\/les-commanders-changent-le-nom-de-leur-stade\/#primaryimage\"},\"thumbnailUrl\":\"https:\/\/theplayoffs.news\/fr\/wp-content\/uploads\/2024\/08\/USATSI_24023260.jpg\",\"datePublished\":\"2024-08-27T14:36:47+00:00\",\"dateModified\":\"2024-08-27T14:36:47+00:00\",\"author\":{\"@id\":\"https:\/\/theplayoffs.news\/fr\/#\/schema\/person\/6873025fdeeef5a5a119a678d88f9eb8\"},\"breadcrumb\":{\"@id\":\"https:\/\/theplayoffs.news\/fr\/actualite-nfl\/les-commanders-changent-le-nom-de-leur-stade\/#breadcrumb\"},\"inLanguage\":\"fr-FR\",\"potentialAction\":[{\"@type\":\"ReadAction\",\"target\":[\"https:\/\/theplayoffs.news\/fr\/actualite-nfl\/les-commanders-changent-le-nom-de-leur-stade\/\"]}]},{\"@type\":\"ImageObject\",\"inLanguage\":\"fr-FR\",\"@id\":\"https:\/\/theplayoffs.news\/fr\/actualite-nfl\/les-commanders-changent-le-nom-de-leur-stade\/#primaryimage\",\"url\":\"https:\/\/theplayoffs.news\/fr\/wp-content\/uploads\/2024\/08\/USATSI_24023260.jpg\",\"contentUrl\":\"https:\/\/theplayoffs.news\/fr\/wp-content\/uploads\/2024\/08\/USATSI_24023260.jpg\",\"width\":1920,\"height\":1280,\"caption\":\"Aug 17, 2024; Miami Gardens, Florida, USA; Washington Commanders head coach Dan Quinn along the sideline during the third quarter against the Miami Dolphins at Hard Rock Stadium. Mandatory Credit: Jim Rassol-USA TODAY Sports\"},{\"@type\":\"BreadcrumbList\",\"@id\":\"https:\/\/theplayoffs.news\/fr\/actualite-nfl\/les-commanders-changent-le-nom-de-leur-stade\/#breadcrumb\",\"itemListElement\":[{\"@type\":\"ListItem\",\"position\":1,\"name\":\"Accueil\",\"item\":\"https:\/\/theplayoffs.news\/fr\/\"},{\"@type\":\"ListItem\",\"position\":2,\"name\":\"Les Commanders changent le nom de leur stade\"}]},{\"@type\":\"WebSite\",\"@id\":\"https:\/\/theplayoffs.news\/fr\/#website\",\"url\":\"https:\/\/theplayoffs.news\/fr\/\",\"name\":\"The Playoffs FR\",\"description\":\"NBA-NFL-NHL-MLB\",\"potentialAction\":[{\"@type\":\"SearchAction\",\"target\":{\"@type\":\"EntryPoint\",\"urlTemplate\":\"https:\/\/theplayoffs.news\/fr\/?s={search_term_string}\"},\"query-input\":{\"@type\":\"PropertyValueSpecification\",\"valueRequired\":true,\"valueName\":\"search_term_string\"}}],\"inLanguage\":\"fr-FR\"},{\"@type\":\"Person\",\"@id\":\"https:\/\/theplayoffs.news\/fr\/#\/schema\/person\/6873025fdeeef5a5a119a678d88f9eb8\",\"name\":\"Hugo Da Silva\",\"image\":{\"@type\":\"ImageObject\",\"inLanguage\":\"fr-FR\",\"@id\":\"https:\/\/theplayoffs.news\/fr\/#\/schema\/person\/image\/\",\"url\":\"https:\/\/secure.gravatar.com\/avatar\/42645c167f2d0d025c99c89a9d5af905f285255ee846e7a777caaecca00b1837?s=96&d=mm&r=g\",\"contentUrl\":\"https:\/\/secure.gravatar.com\/avatar\/42645c167f2d0d025c99c89a9d5af905f285255ee846e7a777caaecca00b1837?s=96&d=mm&r=g\",\"caption\":\"Hugo Da Silva\"},\"url\":\"https:\/\/theplayoffs.news\/fr\/author\/hugodasilva0903gmail-com\/\"}]}<\/script>\n<!-- \/ Yoast SEO plugin. -->","yoast_head_json":{"title":"Les Commanders changent le nom de leur stade - The Playoffs FR","robots":{"index":"index","follow":"follow","max-snippet":"max-snippet:-1","max-image-preview":"max-image-preview:large","max-video-preview":"max-video-preview:-1"},"canonical":"https:\/\/theplayoffs.news\/fr\/actualite-nfl\/les-commanders-changent-le-nom-de-leur-stade\/","og_locale":"fr_FR","og_type":"article","og_title":"Les Commanders changent le nom de leur stade - The Playoffs FR","og_url":"https:\/\/theplayoffs.news\/fr\/actualite-nfl\/les-commanders-changent-le-nom-de-leur-stade\/","og_site_name":"The Playoffs FR","article_publisher":"https:\/\/www.facebook.com\/TheFreeAgentFR\/","og_image":[{"width":1920,"height":1280,"url":"https:\/\/theplayoffs.news\/fr\/wp-content\/uploads\/2024\/08\/USATSI_24023260.jpg","type":"image\/jpeg"}],"author":"Hugo Da Silva","twitter_card":"summary_large_image","twitter_creator":"@TheFreeAgentFR","twitter_site":"@TheFreeAgentFR","twitter_misc":{"\u00c9crit par":"Hugo Da Silva","Dur\u00e9e de lecture estim\u00e9e":"2 minutes"},"schema":{"@context":"https:\/\/schema.org","@graph":[{"@type":"WebPage","@id":"https:\/\/theplayoffs.news\/fr\/actualite-nfl\/les-commanders-changent-le-nom-de-leur-stade\/","url":"https:\/\/theplayoffs.news\/fr\/actualite-nfl\/les-commanders-changent-le-nom-de-leur-stade\/","name":"Les Commanders changent le nom de leur stade - The Playoffs FR","isPartOf":{"@id":"https:\/\/theplayoffs.news\/fr\/#website"},"primaryImageOfPage":{"@id":"https:\/\/theplayoffs.news\/fr\/actualite-nfl\/les-commanders-changent-le-nom-de-leur-stade\/#primaryimage"},"image":{"@id":"https:\/\/theplayoffs.news\/fr\/actualite-nfl\/les-commanders-changent-le-nom-de-leur-stade\/#primaryimage"},"thumbnailUrl":"https:\/\/theplayoffs.news\/fr\/wp-content\/uploads\/2024\/08\/USATSI_24023260.jpg","datePublished":"2024-08-27T14:36:47+00:00","dateModified":"2024-08-27T14:36:47+00:00","author":{"@id":"https:\/\/theplayoffs.news\/fr\/#\/schema\/person\/6873025fdeeef5a5a119a678d88f9eb8"},"breadcrumb":{"@id":"https:\/\/theplayoffs.news\/fr\/actualite-nfl\/les-commanders-changent-le-nom-de-leur-stade\/#breadcrumb"},"inLanguage":"fr-FR","potentialAction":[{"@type":"ReadAction","target":["https:\/\/theplayoffs.news\/fr\/actualite-nfl\/les-commanders-changent-le-nom-de-leur-stade\/"]}]},{"@type":"ImageObject","inLanguage":"fr-FR","@id":"https:\/\/theplayoffs.news\/fr\/actualite-nfl\/les-commanders-changent-le-nom-de-leur-stade\/#primaryimage","url":"https:\/\/theplayoffs.news\/fr\/wp-content\/uploads\/2024\/08\/USATSI_24023260.jpg","contentUrl":"https:\/\/theplayoffs.news\/fr\/wp-content\/uploads\/2024\/08\/USATSI_24023260.jpg","width":1920,"height":1280,"caption":"Aug 17, 2024; Miami Gardens, Florida, USA; Washington Commanders head coach Dan Quinn along the sideline during the third quarter against the Miami Dolphins at Hard Rock Stadium. Mandatory Credit: Jim Rassol-USA TODAY Sports"},{"@type":"BreadcrumbList","@id":"https:\/\/theplayoffs.news\/fr\/actualite-nfl\/les-commanders-changent-le-nom-de-leur-stade\/#breadcrumb","itemListElement":[{"@type":"ListItem","position":1,"name":"Accueil","item":"https:\/\/theplayoffs.news\/fr\/"},{"@type":"ListItem","position":2,"name":"Les Commanders changent le nom de leur stade"}]},{"@type":"WebSite","@id":"https:\/\/theplayoffs.news\/fr\/#website","url":"https:\/\/theplayoffs.news\/fr\/","name":"The Playoffs FR","description":"NBA-NFL-NHL-MLB","potentialAction":[{"@type":"SearchAction","target":{"@type":"EntryPoint","urlTemplate":"https:\/\/theplayoffs.news\/fr\/?s={search_term_string}"},"query-input":{"@type":"PropertyValueSpecification","valueRequired":true,"valueName":"search_term_string"}}],"inLanguage":"fr-FR"},{"@type":"Person","@id":"https:\/\/theplayoffs.news\/fr\/#\/schema\/person\/6873025fdeeef5a5a119a678d88f9eb8","name":"Hugo Da Silva","image":{"@type":"ImageObject","inLanguage":"fr-FR","@id":"https:\/\/theplayoffs.news\/fr\/#\/schema\/person\/image\/","url":"https:\/\/secure.gravatar.com\/avatar\/42645c167f2d0d025c99c89a9d5af905f285255ee846e7a777caaecca00b1837?s=96&d=mm&r=g","contentUrl":"https:\/\/secure.gravatar.com\/avatar\/42645c167f2d0d025c99c89a9d5af905f285255ee846e7a777caaecca00b1837?s=96&d=mm&r=g","caption":"Hugo Da Silva"},"url":"https:\/\/theplayoffs.news\/fr\/author\/hugodasilva0903gmail-com\/"}]}},"_links":{"self":[{"href":"https:\/\/theplayoffs.news\/fr\/wp-json\/wp\/v2\/posts\/1453672","targetHints":{"allow":["GET"]}}],"collection":[{"href":"https:\/\/theplayoffs.news\/fr\/wp-json\/wp\/v2\/posts"}],"about":[{"href":"https:\/\/theplayoffs.news\/fr\/wp-json\/wp\/v2\/types\/post"}],"author":[{"embeddable":true,"href":"https:\/\/theplayoffs.news\/fr\/wp-json\/wp\/v2\/users\/180310252"}],"replies":[{"embeddable":true,"href":"https:\/\/theplayoffs.news\/fr\/wp-json\/wp\/v2\/comments?post=1453672"}],"version-history":[{"count":2,"href":"https:\/\/theplayoffs.news\/fr\/wp-json\/wp\/v2\/posts\/1453672\/revisions"}],"predecessor-version":[{"id":1462312,"href":"https:\/\/theplayoffs.news\/fr\/wp-json\/wp\/v2\/posts\/1453672\/revisions\/1462312"}],"wp:featuredmedia":[{"embeddable":true,"href":"https:\/\/theplayoffs.news\/fr\/wp-json\/wp\/v2\/media\/1453676"}],"wp:attachment":[{"href":"https:\/\/theplayoffs.news\/fr\/wp-json\/wp\/v2\/media?parent=1453672"}],"wp:term":[{"taxonomy":"category","embeddable":true,"href":"https:\/\/theplayoffs.news\/fr\/wp-json\/wp\/v2\/categories?post=1453672"},{"taxonomy":"post_tag","embeddable":true,"href":"https:\/\/theplayoffs.news\/fr\/wp-json\/wp\/v2\/tags?post=1453672"},{"taxonomy":"sport","embeddable":true,"href":"https:\/\/theplayoffs.news\/fr\/wp-json\/wp\/v2\/sport?post=1453672"},{"taxonomy":"saison","embeddable":true,"href":"https:\/\/theplayoffs.news\/fr\/wp-json\/wp\/v2\/saison?post=1453672"}],"curies":[{"name":"wp","href":"https:\/\/api.w.org\/{rel}","templated":true}]}}