{"id":1453649,"date":"2024-08-27T15:14:13","date_gmt":"2024-08-27T13:14:13","guid":{"rendered":"https:\/\/theplayoffs.news\/fr\/?p=1453649"},"modified":"2024-08-27T15:14:13","modified_gmt":"2024-08-27T13:14:13","slug":"giants-conserveront-trois-quarterbacks","status":"publish","type":"post","link":"https:\/\/theplayoffs.news\/fr\/actualite-nfl\/giants-conserveront-trois-quarterbacks\/","title":{"rendered":"Les Giants conserveront-ils trois quarterbacks dans l\u2019effectif final ?"},"content":{"rendered":"<h2><strong>NFL &ndash; Il ne reste plus que quelques heures aux 32 franchises pour &eacute;toffer leur effectif final. &Agrave; cet &eacute;gard, les Giants de New York doivent d&eacute;cider s&rsquo;ils souhaitent conserver trois quarterbacks.<\/strong><\/h2><p><strong>&nbsp;<\/strong><\/p><p>Ce n&rsquo;est peut-&ecirc;tre pas chez les Giants que la question du quarterback est la plus passionnante, mais tout de m&ecirc;me. Brian Daboll, entra&icirc;neur de cette &eacute;quipe, et tout son staff sont aujourd&rsquo;hui confronter &agrave; une d&eacute;cision cruciale concernant le poste le plus important de leur effectif&nbsp;: faut-il conserver deux ou trois quarterbacks dans l&rsquo;effectif final de 53 joueurs qui doit &ecirc;tre annonc&eacute; au plus tard ce soir&nbsp;?<\/p><p>&nbsp;<\/p><h3><strong>Les deux premi&egrave;res places sont verrouill&eacute;es<\/strong><\/h3><p><strong>&nbsp;<\/strong><\/p><p>Si la question qui est pos&eacute;e peut laisser penser qu&rsquo;il y aura trois places pour deux joueurs, la r&eacute;alit&eacute; est plut&ocirc;t diff&eacute;rente. En effet, il n&rsquo;y a pas de doutes sur l&rsquo;identit&eacute; des deux premiers quarterbacks qui seront retenus par les Giants.<\/p><p>D&rsquo;abord Daniel Jones, qui sera le titulaire logique au poste cette saison et que l&rsquo;on attend un brin revanchard apr&egrave;s n&rsquo;avoir disput&eacute; que 6 rencontres (pour autant d&rsquo;interceptions lanc&eacute;es et une seule victoire) et apr&egrave;s avoir sign&eacute; un contrat de 160 millions de dollars l&rsquo;an pass&eacute;.<\/p><p>Derri&egrave;re lui, le natif de Charlotte aura Drew Lock qui sera pr&ecirc;t &agrave; lui passer devant en cas de nouvelles m&eacute;saventures. Le quarterback de 27 ans est arriv&eacute; au printemps de Seattle o&ugrave; il y a disput&eacute; 7 matchs l&rsquo;an dernier en profitant des blessures de Geno Smith.<\/p><p>Convaincant sans &ecirc;tre flamboyant, Lock a empoch&eacute; l&rsquo;an dernier 543 yards dans les airs, 3 touchdowns, 3 interceptions &agrave; 63.2% de r&eacute;ussite pour un bilan de 3 victoires et 4 d&eacute;faites et &agrave; son cr&eacute;dit une superbe performance lors d&rsquo;une victoire face aux Eagles. Son contrat de 5M de $ sur un an devrait le lib&eacute;rer de toute pression et il restera &agrave; l&rsquo;aff&ucirc;t de Daniel Jones toute la saison. Sa pr&eacute;sence dans l&rsquo;effectif final ne fait &eacute;galement aucun doute.<\/p><blockquote class=\"twitter-tweet\" data-width=\"500\" data-dnt=\"true\">\n<p lang=\"en\" dir=\"ltr\">.<a href=\"https:\/\/twitter.com\/DrewLock23?ref_src=twsrc%5Etfw\" class=\"trk-cta-link\" data-cta-trk='{\"ctaType\":\"Link\",\"ctaSubType\":\"main\"}'>@DrewLock23<\/a> led the <a href=\"https:\/\/twitter.com\/Seahawks?ref_src=twsrc%5Etfw\" class=\"trk-cta-link\" data-cta-trk='{\"ctaType\":\"Link\",\"ctaSubType\":\"main\"}'>@Seahawks<\/a> to a 92-yard game-winning drive with under two minutes to go &#128079; <a href=\"https:\/\/twitter.com\/hashtag\/PHIvsSEA?src=hash&amp;ref_src=twsrc%5Etfw\" class=\"trk-cta-link\" data-cta-trk='{\"ctaType\":\"Link\",\"ctaSubType\":\"main\"}'>#PHIvsSEA<\/a> <a href=\"https:\/\/t.co\/FlUgg0wO22\" class=\"trk-cta-link\" data-cta-trk='{\"ctaType\":\"Link\",\"ctaSubType\":\"main\"}'>pic.twitter.com\/FlUgg0wO22<\/a><\/p>\n<p>&mdash; NFL (@NFL) <a href=\"https:\/\/twitter.com\/NFL\/status\/1736975332576567600?ref_src=twsrc%5Etfw\" class=\"trk-cta-link\" data-cta-trk='{\"ctaType\":\"Link\",\"ctaSubType\":\"main\"}'>December 19, 2023<\/a><\/p><\/blockquote><p><script async src=\"https:\/\/platform.twitter.com\/widgets.js\" charset=\"utf-8\"><\/script><\/p><h3><strong>La pression est sur Tommy DeVito<\/strong><\/h3><p>&nbsp;<\/p><p>Tout cela nous am&egrave;ne donc &agrave; nous poser la question telle qu&rsquo;elle devrait l&rsquo;&ecirc;tre&nbsp;: Tommy DeVito int&egrave;grera-t-il les 53&nbsp;? La r&eacute;ponse finale appartiendra au board des Giants, mais nous pouvons tout de m&ecirc;me rappeler l&rsquo;&eacute;tat des lieux.<\/p><p>Le quarterback d&rsquo;origine italienne est arriv&eacute; l&rsquo;an dernier chez les Giants en tant que joueur non-draft&eacute;. Sorti de l&rsquo;universit&eacute; d&rsquo;Illinois, il a rapidement profit&eacute; des d&eacute;boires new-yorkais au poste l&rsquo;an dernier pour saisir une opportunit&eacute; inattendue.<\/p><p>Il a ainsi pu disputer 9 rencontres sous la tunique du Big Blue et a rapidement suscit&eacute; une forme d&rsquo;euphorie loufoque dans la ville qui ne dort jamais apr&egrave;s plusieurs performances encourageantes (246 yards face &agrave; Washington puis 191 face &agrave; New England, le tout dans une s&eacute;rie de 3 victoires cons&eacute;cutives) et un engouement populaire autour de son personnage (il avait notamment visit&eacute; un pizzeria). Mais rapidement, l&rsquo;euphorie est retomb&eacute;e.<\/p><p>L&rsquo;inexp&eacute;riment&eacute; quarterback de 26 ans a rencontr&eacute; des difficult&eacute;s face aux Saints et aux Eagles (bien qu&rsquo;il ne f&ucirc;t pas aid&eacute; par sa ligne offensive) avec respectivement 5.2 yards et 3.4 yards en moyenne par passe et la d&eacute;faite sur les deux matchs. Cela lui a notamment valu d&rsquo;&ecirc;tre mis sur le banc pour la derni&egrave;re face aux Eagles.<\/p><p>Sit&ocirc;t la saison termin&eacute;e, les Giants sont donc all&eacute;s chercher Drew Lock en rempla&ccedil;ant de Jones et DeVito s&rsquo;est vu &ecirc;tre mis dans une position de jeune joueur devant d&eacute;fendre co&ucirc;te que co&ucirc;te sa place lors de l&rsquo;intersaison, &agrave; la fa&ccedil;on d&rsquo;un rookie.<\/p><p>Tommy DeVito jouait donc gros durant la pr&eacute;-saison o&ugrave; il a pu d&eacute;marrer un match et prendre part &agrave; l&rsquo;ensemble des deux autres.<\/p><p>Ainsi, en 61 passes envoy&eacute;es, le natif du New Jersey en a r&eacute;ussi 32 pour 270 yards (52 au sol) pour 0 interception et 0 touchdown. Il a tout de m&ecirc;me &eacute;t&eacute; sack&eacute; 10 fois et finit la pr&eacute;-saison avec une &laquo;&nbsp;&eacute;valuation QB&nbsp;&raquo; de 64.2 et un bilan d&rsquo;une victoire et deux d&eacute;faites.<\/p><blockquote class=\"twitter-tweet\" data-width=\"500\" data-dnt=\"true\">\n<p lang=\"en\" dir=\"ltr\">Tommy DeVito shows his frustration after being sacked for the fourth time <a href=\"https:\/\/twitter.com\/hashtag\/Devito?src=hash&amp;ref_src=twsrc%5Etfw\" class=\"trk-cta-link\" data-cta-trk='{\"ctaType\":\"Link\",\"ctaSubType\":\"main\"}'>#Devito<\/a> <a href=\"https:\/\/twitter.com\/hashtag\/NFL?src=hash&amp;ref_src=twsrc%5Etfw\" class=\"trk-cta-link\" data-cta-trk='{\"ctaType\":\"Link\",\"ctaSubType\":\"main\"}'>#NFL<\/a> <a href=\"https:\/\/t.co\/aBJleVPvHU\" class=\"trk-cta-link\" data-cta-trk='{\"ctaType\":\"Link\",\"ctaSubType\":\"main\"}'>pic.twitter.com\/aBJleVPvHU<\/a><\/p>\n<p>&mdash; Tanner Phifer (@TannerPhifer) <a href=\"https:\/\/twitter.com\/TannerPhifer\/status\/1827503906944938261?ref_src=twsrc%5Etfw\" class=\"trk-cta-link\" data-cta-trk='{\"ctaType\":\"Link\",\"ctaSubType\":\"main\"}'>August 25, 2024<\/a><\/p><\/blockquote><p><script async src=\"https:\/\/platform.twitter.com\/widgets.js\" charset=\"utf-8\"><\/script><\/p><p>DeVito aura fait ou pas de son mieux, mais il n&rsquo;a en tout cas aujourd&rsquo;hui plus de cartes &agrave; jouer &eacute;tant donn&eacute; que nous sommes le dernier jour avant la d&eacute;cision finale. Il devrait cependant b&eacute;n&eacute;ficier d&rsquo;une nouvelle r&egrave;gle qui concerne les trosi&egrave;mes quarterbacks.<\/p><p>&nbsp;<\/p><h3><strong>Une bataille administrative pourrait aider DeVito<\/strong><\/h3><p>&nbsp;<\/p><p>En effet, durant le printemps les propri&eacute;taires de franchise ont approuv&eacute; une r&egrave;gle permettant d&rsquo;inclure un 54<sup>&egrave;me<\/sup> joueur &agrave; l&rsquo;effectif qui aurait permis aux &eacute;quipes de faire appel quand elles le veulent &agrave; un &laquo;&nbsp;quarterback d&rsquo;urgence&nbsp;&raquo; (soit le 3<sup>&egrave;me<\/sup> quarterback) de l&rsquo;&eacute;quipe d&rsquo;entra&icirc;nement.<\/p><p>Mais la NFLPA, le syndicat des joueurs de la NFL, a pos&eacute; son v&eacute;to sur ce changement de r&egrave;gle, estimant qu&rsquo;elle permettait de placer un joueur au niveau NFL dans l&rsquo;&eacute;quipe d&rsquo;entra&icirc;nement. Gr&acirc;ce &agrave; ce v&eacute;to, les effectifs ne compteront que 53 joueurs, dont le &laquo;&nbsp;quarterback d&rsquo;urgence&nbsp;&raquo; qui devra y &ecirc;tre int&eacute;gr&eacute; si une &eacute;quipe fait le choix d&rsquo;en avoir un.<\/p><p>Comme le rappelait John Fennelly de <a href=\"https:\/\/giantswire.usatoday.com\/2024\/08\/27\/third-quarterback-rule-change-could-benefit-new-york-giants-tommy-devito\/\" class=\"trk-cta-link\" data-cta-trk='{\"ctaType\":\"Link\",\"ctaSubType\":\"main\"}'><em>GiantsWire<\/em><\/a>, Daboll et son staff ont fait le choix ces deux derni&egrave;res saisons de ne garder que deux quarterbacks dans l&rsquo;effectif final et d&rsquo;en placer un ou deux dans l&rsquo;&eacute;quipe d&rsquo;entra&icirc;nement.<\/p><p>Mais plusieurs signaux laissent penser que les Giants int&eacute;greront DeVito dans les 53. D&rsquo;abord, en le pla&ccedil;ant dans l&rsquo;&eacute;quipe d&rsquo;entra&icirc;nement, ils ne pourraient pas faire facilement appel &agrave; lui. Et deuxi&egrave;mement, (cela est en lien avec le premier point), l&rsquo;historique de blessure de Jones et l&rsquo;&eacute;tat de sant&eacute; de Lock, touch&eacute; l&eacute;g&egrave;rement pendant l&rsquo;&eacute;t&eacute;, laisse une porte ouverte &agrave; DeVito, dont ESPN pr&eacute;dit qu&rsquo;il sera retenu, notamment en vertu des bonnes choses montr&eacute;es l&rsquo;an dernier.<\/p><p>&nbsp;<\/p><p>\n<div id=\"attachment_1453651\" style=\"width: 755px\" class=\"wp-caption aligncenter\"><img loading=\"lazy\" decoding=\"async\" aria-describedby=\"caption-attachment-1453651\" class=\" wp-image-1453651\" src=\"https:\/\/theplayoffs.news\/fr\/wp-content\/uploads\/2024\/08\/USATSI_24027613-300x196.jpg\" alt=\"\" width=\"745\" height=\"487\" srcset=\"https:\/\/theplayoffs.news\/fr\/wp-content\/uploads\/2024\/08\/USATSI_24027613-300x196.jpg 300w, https:\/\/theplayoffs.news\/fr\/wp-content\/uploads\/2024\/08\/USATSI_24027613-1030x674.jpg 1030w, https:\/\/theplayoffs.news\/fr\/wp-content\/uploads\/2024\/08\/USATSI_24027613-768x503.jpg 768w, https:\/\/theplayoffs.news\/fr\/wp-content\/uploads\/2024\/08\/USATSI_24027613-1320x864.jpg 1320w, https:\/\/theplayoffs.news\/fr\/wp-content\/uploads\/2024\/08\/USATSI_24027613.jpg 1920w\" sizes=\"auto, (max-width: 745px) 100vw, 745px\" \/><p id=\"caption-attachment-1453651\" class=\"wp-caption-text\">Daniel Jones, ici lors d&rsquo;un match de pr&eacute;-saison 2024 face aux Texans, sera le quarterback titulaire des Giants en 2024.&nbsp; Mandatory Credit: Troy Taormina-USA TODAY Sports<\/p><\/div>\n<\/p><p>&nbsp;<\/p><p>Les Giants ont donc beaucoup de travail concernant le poste de quarterback, mais n&rsquo;ont plus que tr&egrave;s peu de temps pour prendre <a href=\"https:\/\/theplayoffs.news\/fr\/nfl\/cuts-effectifs-nfl-2024-tracker\/\" class=\"trk-cta-link\" data-cta-trk='{\"ctaType\":\"Link\",\"ctaSubType\":\"main\"}'>une d&eacute;cision<\/a>.<\/p><p>&nbsp;<\/p><div class=\"modal-image-setImageMetadata\">\n<p class=\"ng-binding\">&copy; Vincent Carchietta-USA TODAY Sports<\/p>\n<\/div>\n","protected":false},"excerpt":{"rendered":"","protected":false},"author":180310210,"featured_media":1453650,"comment_status":"open","ping_status":"closed","sticky":false,"template":"","format":"standard","meta":{"inline_featured_image":false,"kia_subtitle":"","_mux_skip_reasons":[],"proofreadBy":0,"footnotes":""},"categories":[118,40],"tags":[816,6633],"sport":[2785],"saison":[6111],"class_list":["post-1453649","post","type-post","status-publish","format-standard","has-post-thumbnail","hentry","category-actualite-nfl","category-nfl","tag-new-york-giants","tag-tommy-devito","sport-nfl","saison-6111"],"acf":[],"yoast_head":"<!-- This site is optimized with the Yoast SEO plugin v24.2 - https:\/\/yoast.com\/wordpress\/plugins\/seo\/ -->\n<title>Les Giants conserveront-ils trois quarterbacks dans l&rsquo;effectif final ? - The Playoffs FR<\/title>\n<meta name=\"robots\" content=\"index, follow, max-snippet:-1, max-image-preview:large, max-video-preview:-1\" \/>\n<link rel=\"canonical\" href=\"https:\/\/theplayoffs.news\/fr\/actualite-nfl\/giants-conserveront-trois-quarterbacks\/\" \/>\n<meta property=\"og:locale\" content=\"fr_FR\" \/>\n<meta property=\"og:type\" content=\"article\" \/>\n<meta property=\"og:title\" content=\"Les Giants conserveront-ils trois quarterbacks dans l&rsquo;effectif final ? - The Playoffs FR\" \/>\n<meta property=\"og:url\" content=\"https:\/\/theplayoffs.news\/fr\/actualite-nfl\/giants-conserveront-trois-quarterbacks\/\" \/>\n<meta property=\"og:site_name\" content=\"The Playoffs FR\" \/>\n<meta property=\"article:publisher\" content=\"https:\/\/www.facebook.com\/TheFreeAgentFR\/\" \/>\n<meta property=\"article:modified_time\" content=\"2024-08-27T15:14:13+02:00\" \/>\n<meta property=\"og:image\" content=\"https:\/\/theplayoffs.news\/fr\/wp-content\/uploads\/2024\/08\/USATSI_23817267.jpg\" \/>\n\t<meta property=\"og:image:width\" content=\"1920\" \/>\n\t<meta property=\"og:image:height\" content=\"1280\" \/>\n\t<meta property=\"og:image:type\" content=\"image\/jpeg\" \/>\n<meta name=\"author\" content=\"Romain Balle\" \/>\n<meta name=\"twitter:card\" content=\"summary_large_image\" \/>\n<meta name=\"twitter:creator\" content=\"@TheFreeAgentFR\" \/>\n<meta name=\"twitter:site\" content=\"@TheFreeAgentFR\" \/>\n<meta name=\"twitter:label1\" content=\"\u00c9crit par\" \/>\n\t<meta name=\"twitter:data1\" content=\"Romain Balle\" \/>\n\t<meta name=\"twitter:label2\" content=\"Dur\u00e9e de lecture estim\u00e9e\" \/>\n\t<meta name=\"twitter:data2\" content=\"5 minutes\" \/>\n<script type=\"application\/ld+json\" class=\"yoast-schema-graph\">{\"@context\":\"https:\/\/schema.org\",\"@graph\":[{\"@type\":\"WebPage\",\"@id\":\"https:\/\/theplayoffs.news\/fr\/actualite-nfl\/giants-conserveront-trois-quarterbacks\/\",\"url\":\"https:\/\/theplayoffs.news\/fr\/actualite-nfl\/giants-conserveront-trois-quarterbacks\/\",\"name\":\"Les Giants conserveront-ils trois quarterbacks dans l\u2019effectif final ? - The Playoffs FR\",\"isPartOf\":{\"@id\":\"https:\/\/theplayoffs.news\/fr\/#website\"},\"primaryImageOfPage\":{\"@id\":\"https:\/\/theplayoffs.news\/fr\/actualite-nfl\/giants-conserveront-trois-quarterbacks\/#primaryimage\"},\"image\":{\"@id\":\"https:\/\/theplayoffs.news\/fr\/actualite-nfl\/giants-conserveront-trois-quarterbacks\/#primaryimage\"},\"thumbnailUrl\":\"https:\/\/theplayoffs.news\/fr\/wp-content\/uploads\/2024\/08\/USATSI_23817267.jpg\",\"datePublished\":\"2024-08-27T13:14:13+00:00\",\"dateModified\":\"2024-08-27T13:14:13+00:00\",\"author\":{\"@id\":\"https:\/\/theplayoffs.news\/fr\/#\/schema\/person\/6d5286c8c5dec1bbd3e6341f17a41111\"},\"breadcrumb\":{\"@id\":\"https:\/\/theplayoffs.news\/fr\/actualite-nfl\/giants-conserveront-trois-quarterbacks\/#breadcrumb\"},\"inLanguage\":\"fr-FR\",\"potentialAction\":[{\"@type\":\"ReadAction\",\"target\":[\"https:\/\/theplayoffs.news\/fr\/actualite-nfl\/giants-conserveront-trois-quarterbacks\/\"]}]},{\"@type\":\"ImageObject\",\"inLanguage\":\"fr-FR\",\"@id\":\"https:\/\/theplayoffs.news\/fr\/actualite-nfl\/giants-conserveront-trois-quarterbacks\/#primaryimage\",\"url\":\"https:\/\/theplayoffs.news\/fr\/wp-content\/uploads\/2024\/08\/USATSI_23817267.jpg\",\"contentUrl\":\"https:\/\/theplayoffs.news\/fr\/wp-content\/uploads\/2024\/08\/USATSI_23817267.jpg\",\"width\":1920,\"height\":1280,\"caption\":\"Jul 24, 2024; East Rutherford, NJ, USA; New York Giants quarterback Drew Lock (2) and quarterback Tommy DeVito (15) look on during training camp at Quest Diagnostics Training Facility. Mandatory Credit: Vincent Carchietta-USA TODAY Sports\"},{\"@type\":\"BreadcrumbList\",\"@id\":\"https:\/\/theplayoffs.news\/fr\/actualite-nfl\/giants-conserveront-trois-quarterbacks\/#breadcrumb\",\"itemListElement\":[{\"@type\":\"ListItem\",\"position\":1,\"name\":\"Accueil\",\"item\":\"https:\/\/theplayoffs.news\/fr\/\"},{\"@type\":\"ListItem\",\"position\":2,\"name\":\"Les Giants conserveront-ils trois quarterbacks dans l\u2019effectif final ?\"}]},{\"@type\":\"WebSite\",\"@id\":\"https:\/\/theplayoffs.news\/fr\/#website\",\"url\":\"https:\/\/theplayoffs.news\/fr\/\",\"name\":\"The Playoffs FR\",\"description\":\"NBA-NFL-NHL-MLB\",\"potentialAction\":[{\"@type\":\"SearchAction\",\"target\":{\"@type\":\"EntryPoint\",\"urlTemplate\":\"https:\/\/theplayoffs.news\/fr\/?s={search_term_string}\"},\"query-input\":{\"@type\":\"PropertyValueSpecification\",\"valueRequired\":true,\"valueName\":\"search_term_string\"}}],\"inLanguage\":\"fr-FR\"},{\"@type\":\"Person\",\"@id\":\"https:\/\/theplayoffs.news\/fr\/#\/schema\/person\/6d5286c8c5dec1bbd3e6341f17a41111\",\"name\":\"Romain Balle\",\"image\":{\"@type\":\"ImageObject\",\"inLanguage\":\"fr-FR\",\"@id\":\"https:\/\/theplayoffs.news\/fr\/#\/schema\/person\/image\/\",\"url\":\"https:\/\/secure.gravatar.com\/avatar\/05ddb849264c48c5ab2084b8927e8da5ec4ccb05c2bd91acb1c3d4c2785ce057?s=96&d=mm&r=g\",\"contentUrl\":\"https:\/\/secure.gravatar.com\/avatar\/05ddb849264c48c5ab2084b8927e8da5ec4ccb05c2bd91acb1c3d4c2785ce057?s=96&d=mm&r=g\",\"caption\":\"Romain Balle\"},\"url\":\"https:\/\/theplayoffs.news\/fr\/author\/romainballe02gmail-com\/\"}]}<\/script>\n<!-- \/ Yoast SEO plugin. -->","yoast_head_json":{"title":"Les Giants conserveront-ils trois quarterbacks dans l&rsquo;effectif final ? - The Playoffs FR","robots":{"index":"index","follow":"follow","max-snippet":"max-snippet:-1","max-image-preview":"max-image-preview:large","max-video-preview":"max-video-preview:-1"},"canonical":"https:\/\/theplayoffs.news\/fr\/actualite-nfl\/giants-conserveront-trois-quarterbacks\/","og_locale":"fr_FR","og_type":"article","og_title":"Les Giants conserveront-ils trois quarterbacks dans l&rsquo;effectif final ? - The Playoffs FR","og_url":"https:\/\/theplayoffs.news\/fr\/actualite-nfl\/giants-conserveront-trois-quarterbacks\/","og_site_name":"The Playoffs FR","article_publisher":"https:\/\/www.facebook.com\/TheFreeAgentFR\/","og_image":[{"width":1920,"height":1280,"url":"https:\/\/theplayoffs.news\/fr\/wp-content\/uploads\/2024\/08\/USATSI_23817267.jpg","type":"image\/jpeg"}],"author":"Romain Balle","twitter_card":"summary_large_image","twitter_creator":"@TheFreeAgentFR","twitter_site":"@TheFreeAgentFR","twitter_misc":{"\u00c9crit par":"Romain Balle","Dur\u00e9e de lecture estim\u00e9e":"5 minutes"},"schema":{"@context":"https:\/\/schema.org","@graph":[{"@type":"WebPage","@id":"https:\/\/theplayoffs.news\/fr\/actualite-nfl\/giants-conserveront-trois-quarterbacks\/","url":"https:\/\/theplayoffs.news\/fr\/actualite-nfl\/giants-conserveront-trois-quarterbacks\/","name":"Les Giants conserveront-ils trois quarterbacks dans l\u2019effectif final ? - The Playoffs FR","isPartOf":{"@id":"https:\/\/theplayoffs.news\/fr\/#website"},"primaryImageOfPage":{"@id":"https:\/\/theplayoffs.news\/fr\/actualite-nfl\/giants-conserveront-trois-quarterbacks\/#primaryimage"},"image":{"@id":"https:\/\/theplayoffs.news\/fr\/actualite-nfl\/giants-conserveront-trois-quarterbacks\/#primaryimage"},"thumbnailUrl":"https:\/\/theplayoffs.news\/fr\/wp-content\/uploads\/2024\/08\/USATSI_23817267.jpg","datePublished":"2024-08-27T13:14:13+00:00","dateModified":"2024-08-27T13:14:13+00:00","author":{"@id":"https:\/\/theplayoffs.news\/fr\/#\/schema\/person\/6d5286c8c5dec1bbd3e6341f17a41111"},"breadcrumb":{"@id":"https:\/\/theplayoffs.news\/fr\/actualite-nfl\/giants-conserveront-trois-quarterbacks\/#breadcrumb"},"inLanguage":"fr-FR","potentialAction":[{"@type":"ReadAction","target":["https:\/\/theplayoffs.news\/fr\/actualite-nfl\/giants-conserveront-trois-quarterbacks\/"]}]},{"@type":"ImageObject","inLanguage":"fr-FR","@id":"https:\/\/theplayoffs.news\/fr\/actualite-nfl\/giants-conserveront-trois-quarterbacks\/#primaryimage","url":"https:\/\/theplayoffs.news\/fr\/wp-content\/uploads\/2024\/08\/USATSI_23817267.jpg","contentUrl":"https:\/\/theplayoffs.news\/fr\/wp-content\/uploads\/2024\/08\/USATSI_23817267.jpg","width":1920,"height":1280,"caption":"Jul 24, 2024; East Rutherford, NJ, USA; New York Giants quarterback Drew Lock (2) and quarterback Tommy DeVito (15) look on during training camp at Quest Diagnostics Training Facility. Mandatory Credit: Vincent Carchietta-USA TODAY Sports"},{"@type":"BreadcrumbList","@id":"https:\/\/theplayoffs.news\/fr\/actualite-nfl\/giants-conserveront-trois-quarterbacks\/#breadcrumb","itemListElement":[{"@type":"ListItem","position":1,"name":"Accueil","item":"https:\/\/theplayoffs.news\/fr\/"},{"@type":"ListItem","position":2,"name":"Les Giants conserveront-ils trois quarterbacks dans l\u2019effectif final ?"}]},{"@type":"WebSite","@id":"https:\/\/theplayoffs.news\/fr\/#website","url":"https:\/\/theplayoffs.news\/fr\/","name":"The Playoffs FR","description":"NBA-NFL-NHL-MLB","potentialAction":[{"@type":"SearchAction","target":{"@type":"EntryPoint","urlTemplate":"https:\/\/theplayoffs.news\/fr\/?s={search_term_string}"},"query-input":{"@type":"PropertyValueSpecification","valueRequired":true,"valueName":"search_term_string"}}],"inLanguage":"fr-FR"},{"@type":"Person","@id":"https:\/\/theplayoffs.news\/fr\/#\/schema\/person\/6d5286c8c5dec1bbd3e6341f17a41111","name":"Romain Balle","image":{"@type":"ImageObject","inLanguage":"fr-FR","@id":"https:\/\/theplayoffs.news\/fr\/#\/schema\/person\/image\/","url":"https:\/\/secure.gravatar.com\/avatar\/05ddb849264c48c5ab2084b8927e8da5ec4ccb05c2bd91acb1c3d4c2785ce057?s=96&d=mm&r=g","contentUrl":"https:\/\/secure.gravatar.com\/avatar\/05ddb849264c48c5ab2084b8927e8da5ec4ccb05c2bd91acb1c3d4c2785ce057?s=96&d=mm&r=g","caption":"Romain Balle"},"url":"https:\/\/theplayoffs.news\/fr\/author\/romainballe02gmail-com\/"}]}},"_links":{"self":[{"href":"https:\/\/theplayoffs.news\/fr\/wp-json\/wp\/v2\/posts\/1453649","targetHints":{"allow":["GET"]}}],"collection":[{"href":"https:\/\/theplayoffs.news\/fr\/wp-json\/wp\/v2\/posts"}],"about":[{"href":"https:\/\/theplayoffs.news\/fr\/wp-json\/wp\/v2\/types\/post"}],"author":[{"embeddable":true,"href":"https:\/\/theplayoffs.news\/fr\/wp-json\/wp\/v2\/users\/180310210"}],"replies":[{"embeddable":true,"href":"https:\/\/theplayoffs.news\/fr\/wp-json\/wp\/v2\/comments?post=1453649"}],"version-history":[{"count":3,"href":"https:\/\/theplayoffs.news\/fr\/wp-json\/wp\/v2\/posts\/1453649\/revisions"}],"predecessor-version":[{"id":1453655,"href":"https:\/\/theplayoffs.news\/fr\/wp-json\/wp\/v2\/posts\/1453649\/revisions\/1453655"}],"wp:featuredmedia":[{"embeddable":true,"href":"https:\/\/theplayoffs.news\/fr\/wp-json\/wp\/v2\/media\/1453650"}],"wp:attachment":[{"href":"https:\/\/theplayoffs.news\/fr\/wp-json\/wp\/v2\/media?parent=1453649"}],"wp:term":[{"taxonomy":"category","embeddable":true,"href":"https:\/\/theplayoffs.news\/fr\/wp-json\/wp\/v2\/categories?post=1453649"},{"taxonomy":"post_tag","embeddable":true,"href":"https:\/\/theplayoffs.news\/fr\/wp-json\/wp\/v2\/tags?post=1453649"},{"taxonomy":"sport","embeddable":true,"href":"https:\/\/theplayoffs.news\/fr\/wp-json\/wp\/v2\/sport?post=1453649"},{"taxonomy":"saison","embeddable":true,"href":"https:\/\/theplayoffs.news\/fr\/wp-json\/wp\/v2\/saison?post=1453649"}],"curies":[{"name":"wp","href":"https:\/\/api.w.org\/{rel}","templated":true}]}}