{"id":1452663,"date":"2024-08-22T11:57:07","date_gmt":"2024-08-22T09:57:07","guid":{"rendered":"https:\/\/theplayoffs.news\/fr\/?p=1452663"},"modified":"2024-08-22T11:33:41","modified_gmt":"2024-08-22T09:33:41","slug":"les-49ers-face-a-lincertitude-avec-brandon-aiyuk-a-lapproche-de-la-premiere-semaine","status":"publish","type":"post","link":"https:\/\/theplayoffs.news\/fr\/actualite-nfl\/les-49ers-face-a-lincertitude-avec-brandon-aiyuk-a-lapproche-de-la-premiere-semaine\/","title":{"rendered":"Les 49ers face \u00e0 l\u2019incertitude avec Brandon Aiyuk \u00e0 l\u2019approche de la premi\u00e8re semaine"},"content":{"rendered":"<h2 class=\"p1\">&Agrave; l&rsquo;approche du d&eacute;but de la saison 2024 de la NFL, les San Francisco 49ers se retrouvent confront&eacute;s &agrave; un dilemme majeur: Brandon Aiyuk est toujours sans nouveau contrat.<\/h2><p class=\"p1\">Cela jette le doute sur sa participation au match d&rsquo;ouverture de l&rsquo;&eacute;quipe contre les New York Jets le 9 septembre.<\/p><p class=\"p1\">Les n&eacute;gociations ont atteint un point critique, Brandon Aiyuk s&rsquo;&eacute;tant abstenu de participer aux camps d&rsquo;entra&icirc;nement et aux matchs de pr&eacute;saison, soulignant ainsi son souhait d&rsquo;un nouveau contrat qui refl&egrave;te sa valeur sur le terrain. L&rsquo;absence potentielle de Brandon Aiyuk, un &eacute;l&eacute;ment cl&eacute; de l&rsquo;attaque des 49ers, serait sans aucun doute un coup dur pour l&rsquo;&eacute;quipe.<\/p><p class=\"p1\">Cependant, l&rsquo;entra&icirc;neur en chef Kyle Shanahan se pr&eacute;pare &agrave; cette &eacute;ventualit&eacute; en &eacute;valuant la profondeur de son corps de receveurs.<\/p><blockquote><p>&laquo; C&rsquo;est la raison pour laquelle tout le monde est en comp&eacute;tition en ce moment &raquo;, <a href=\"https:\/\/sports.yahoo.com\/shanahan-shares-49ers-contingency-plan-025700289.html\" class=\"trk-cta-link\" data-cta-trk='{\"ctaType\":\"Link\",\"ctaSubType\":\"main\"}'>a d&eacute;clar&eacute; Shanahan.<\/a> &laquo; Nous avons Jauan [Jennings], qui a fait beaucoup de bonnes choses pour nous au fil des ans. Quand le gars est en bonne sant&eacute;, il a toujours &eacute;t&eacute; notre receveur slot. Mais nous l&rsquo;avons aussi utilis&eacute; &agrave; l&rsquo;ext&eacute;rieur. Il a toujours &eacute;t&eacute; capable de jouer &agrave; l&rsquo;ext&eacute;rieur, et c&rsquo;est probablement le premier vers lequel nous nous tournerions parce qu&rsquo;il a &eacute;t&eacute; notre troisi&egrave;me receveur depuis que nous sommes ici, et parfois, dans des moments importants, nous l&rsquo;avons utilis&eacute; comme un num&eacute;ro 1 &raquo;.<\/p><\/blockquote><p class=\"p1\">Shanahan a &eacute;galement salu&eacute; <a href=\"https:\/\/theplayoffs.news\/fr\/joueur\/chris-conley-nfl-5157066\/\" class=\"trk-cta-link\" data-cta-trk='{\"ctaType\":\"Link\",\"ctaSubType\":\"main\"}'><strong>Chris Conley<\/strong><\/a>, qui a r&eacute;alis&eacute; un excellent camp d&rsquo;entra&icirc;nement et a d&eacute;montr&eacute; sa capacit&eacute; &agrave; contribuer dans des situations cl&eacute;s, ainsi qu&rsquo;un groupe de recrues prometteuses mais encore en d&eacute;veloppement.<\/p><p class=\"p1\">Bien que l&rsquo;&eacute;quipe reste optimiste quant &agrave; la conclusion rapide d&rsquo;un accord, le manque de progr&egrave;s a laiss&eacute; tout le monde, y compris Shanahan, sous pression.<\/p><p class=\"p1\">Les 49ers esp&egrave;rent que la situation se r&eacute;soudra avant d&rsquo;affecter de mani&egrave;re significative leur saison.<\/p><p>&nbsp;<\/p><p>Credit Photo : Stan Szeto-USA TODAY Sports<\/p>\n","protected":false},"excerpt":{"rendered":"","protected":false},"author":13,"featured_media":1452666,"comment_status":"open","ping_status":"closed","sticky":false,"template":"","format":"standard","meta":{"inline_featured_image":false,"kia_subtitle":"","_mux_skip_reasons":[],"proofreadBy":0,"footnotes":""},"categories":[118,40],"tags":[119,1555],"sport":[],"saison":[],"class_list":["post-1452663","post","type-post","status-publish","format-standard","has-post-thumbnail","hentry","category-actualite-nfl","category-nfl","tag-49ers","tag-brandon-aiyuk"],"acf":[],"yoast_head":"<!-- This site is optimized with the Yoast SEO plugin v24.2 - https:\/\/yoast.com\/wordpress\/plugins\/seo\/ -->\n<title>Les 49ers face &agrave; l&rsquo;incertitude avec Brandon Aiyuk &agrave; l&rsquo;approche de la premi&egrave;re semaine - The Playoffs FR<\/title>\n<meta name=\"robots\" content=\"index, follow, max-snippet:-1, max-image-preview:large, max-video-preview:-1\" \/>\n<link rel=\"canonical\" href=\"https:\/\/theplayoffs.news\/fr\/actualite-nfl\/les-49ers-face-a-lincertitude-avec-brandon-aiyuk-a-lapproche-de-la-premiere-semaine\/\" \/>\n<meta property=\"og:locale\" content=\"fr_FR\" \/>\n<meta property=\"og:type\" content=\"article\" \/>\n<meta property=\"og:title\" content=\"Les 49ers face &agrave; l&rsquo;incertitude avec Brandon Aiyuk &agrave; l&rsquo;approche de la premi&egrave;re semaine - The Playoffs FR\" \/>\n<meta property=\"og:url\" content=\"https:\/\/theplayoffs.news\/fr\/actualite-nfl\/les-49ers-face-a-lincertitude-avec-brandon-aiyuk-a-lapproche-de-la-premiere-semaine\/\" \/>\n<meta property=\"og:site_name\" content=\"The Playoffs FR\" \/>\n<meta property=\"article:publisher\" content=\"https:\/\/www.facebook.com\/TheFreeAgentFR\/\" \/>\n<meta property=\"article:modified_time\" content=\"2024-08-22T11:57:07+02:00\" \/>\n<meta property=\"og:image\" content=\"https:\/\/theplayoffs.news\/fr\/wp-content\/uploads\/2024\/08\/USATSI_17444763.jpg\" \/>\n\t<meta property=\"og:image:width\" content=\"1920\" \/>\n\t<meta property=\"og:image:height\" content=\"1280\" \/>\n\t<meta property=\"og:image:type\" content=\"image\/jpeg\" \/>\n<meta name=\"author\" content=\"Charles Taudin\" \/>\n<meta name=\"twitter:card\" content=\"summary_large_image\" \/>\n<meta name=\"twitter:creator\" content=\"@TheFreeAgentFR\" \/>\n<meta name=\"twitter:site\" content=\"@TheFreeAgentFR\" \/>\n<meta name=\"twitter:label1\" content=\"\u00c9crit par\" \/>\n\t<meta name=\"twitter:data1\" content=\"Charles Taudin\" \/>\n\t<meta name=\"twitter:label2\" content=\"Dur\u00e9e de lecture estim\u00e9e\" \/>\n\t<meta name=\"twitter:data2\" content=\"2 minutes\" \/>\n<script type=\"application\/ld+json\" class=\"yoast-schema-graph\">{\"@context\":\"https:\/\/schema.org\",\"@graph\":[{\"@type\":\"WebPage\",\"@id\":\"https:\/\/theplayoffs.news\/fr\/actualite-nfl\/les-49ers-face-a-lincertitude-avec-brandon-aiyuk-a-lapproche-de-la-premiere-semaine\/\",\"url\":\"https:\/\/theplayoffs.news\/fr\/actualite-nfl\/les-49ers-face-a-lincertitude-avec-brandon-aiyuk-a-lapproche-de-la-premiere-semaine\/\",\"name\":\"Les 49ers face \u00e0 l\u2019incertitude avec Brandon Aiyuk \u00e0 l\u2019approche de la premi\u00e8re semaine - The Playoffs FR\",\"isPartOf\":{\"@id\":\"https:\/\/theplayoffs.news\/fr\/#website\"},\"primaryImageOfPage\":{\"@id\":\"https:\/\/theplayoffs.news\/fr\/actualite-nfl\/les-49ers-face-a-lincertitude-avec-brandon-aiyuk-a-lapproche-de-la-premiere-semaine\/#primaryimage\"},\"image\":{\"@id\":\"https:\/\/theplayoffs.news\/fr\/actualite-nfl\/les-49ers-face-a-lincertitude-avec-brandon-aiyuk-a-lapproche-de-la-premiere-semaine\/#primaryimage\"},\"thumbnailUrl\":\"https:\/\/theplayoffs.news\/fr\/wp-content\/uploads\/2024\/08\/USATSI_17444763.jpg\",\"datePublished\":\"2024-08-22T09:57:07+00:00\",\"dateModified\":\"2024-08-22T11:57:07+02:00\",\"author\":{\"@id\":\"https:\/\/theplayoffs.news\/fr\/#\/schema\/person\/eee5b69ad5d3c51cabe881c839dbe133\"},\"breadcrumb\":{\"@id\":\"https:\/\/theplayoffs.news\/fr\/actualite-nfl\/les-49ers-face-a-lincertitude-avec-brandon-aiyuk-a-lapproche-de-la-premiere-semaine\/#breadcrumb\"},\"inLanguage\":\"fr-FR\",\"potentialAction\":[{\"@type\":\"ReadAction\",\"target\":[\"https:\/\/theplayoffs.news\/fr\/actualite-nfl\/les-49ers-face-a-lincertitude-avec-brandon-aiyuk-a-lapproche-de-la-premiere-semaine\/\"]}]},{\"@type\":\"ImageObject\",\"inLanguage\":\"fr-FR\",\"@id\":\"https:\/\/theplayoffs.news\/fr\/actualite-nfl\/les-49ers-face-a-lincertitude-avec-brandon-aiyuk-a-lapproche-de-la-premiere-semaine\/#primaryimage\",\"url\":\"https:\/\/theplayoffs.news\/fr\/wp-content\/uploads\/2024\/08\/USATSI_17444763.jpg\",\"contentUrl\":\"https:\/\/theplayoffs.news\/fr\/wp-content\/uploads\/2024\/08\/USATSI_17444763.jpg\",\"width\":1920,\"height\":1280,\"caption\":\"Jan 2, 2022; Santa Clara, California, USA; San Francisco 49ers wide receiver Brandon Aiyuk (11) runs with the football during the third quarter against the Houston Texans at Levi\\\\'s Stadium. Mandatory Credit: Stan Szeto-USA TODAY Sports\"},{\"@type\":\"BreadcrumbList\",\"@id\":\"https:\/\/theplayoffs.news\/fr\/actualite-nfl\/les-49ers-face-a-lincertitude-avec-brandon-aiyuk-a-lapproche-de-la-premiere-semaine\/#breadcrumb\",\"itemListElement\":[{\"@type\":\"ListItem\",\"position\":1,\"name\":\"Accueil\",\"item\":\"https:\/\/theplayoffs.news\/fr\/\"},{\"@type\":\"ListItem\",\"position\":2,\"name\":\"Les 49ers face \u00e0 l\u2019incertitude avec Brandon Aiyuk \u00e0 l\u2019approche de la premi\u00e8re semaine\"}]},{\"@type\":\"WebSite\",\"@id\":\"https:\/\/theplayoffs.news\/fr\/#website\",\"url\":\"https:\/\/theplayoffs.news\/fr\/\",\"name\":\"The Playoffs FR\",\"description\":\"NBA-NFL-NHL-MLB\",\"potentialAction\":[{\"@type\":\"SearchAction\",\"target\":{\"@type\":\"EntryPoint\",\"urlTemplate\":\"https:\/\/theplayoffs.news\/fr\/?s={search_term_string}\"},\"query-input\":{\"@type\":\"PropertyValueSpecification\",\"valueRequired\":true,\"valueName\":\"search_term_string\"}}],\"inLanguage\":\"fr-FR\"},{\"@type\":\"Person\",\"@id\":\"https:\/\/theplayoffs.news\/fr\/#\/schema\/person\/eee5b69ad5d3c51cabe881c839dbe133\",\"name\":\"Charles Taudin\",\"image\":{\"@type\":\"ImageObject\",\"inLanguage\":\"fr-FR\",\"@id\":\"https:\/\/theplayoffs.news\/fr\/#\/schema\/person\/image\/\",\"url\":\"https:\/\/secure.gravatar.com\/avatar\/59a1e772205ce9fd255edfcafc93013736822e20261f294c5753b20c41ede9f2?s=96&d=mm&r=g\",\"contentUrl\":\"https:\/\/secure.gravatar.com\/avatar\/59a1e772205ce9fd255edfcafc93013736822e20261f294c5753b20c41ede9f2?s=96&d=mm&r=g\",\"caption\":\"Charles Taudin\"},\"description\":\"R\u00e9dacteur en chef global de The Playoffs, j\u2019ai cr\u00e9\u00e9 The Free Agent, devenu The Playoffs FR, en 2020 durant la pand\u00e9mie. Amoureux depuis des ann\u00e9es des 4 sports majeurs am\u00e9ricains, j\u2019organise maintenant la strat\u00e9gie \u00e9ditoriale et les r\u00e9seaux sociaux de l\u2019ensemble des versions de The Playoffs. Il m\u2019arrive encore d\u2019\u00e9crire sur certains sports que j\u2019affectionne particuli\u00e8rement comme la NFL ou la MLB. Si vous devez retenir qu\u2019une chose : Eli Manning est le vrai GOAT pour avoir battu deux fois Tom Brady.\",\"sameAs\":[\"https:\/\/www.instagram.com\/ctaudin_\/\"],\"url\":\"https:\/\/theplayoffs.news\/fr\/author\/charles-taudin\/\"}]}<\/script>\n<!-- \/ Yoast SEO plugin. -->","yoast_head_json":{"title":"Les 49ers face &agrave; l&rsquo;incertitude avec Brandon Aiyuk &agrave; l&rsquo;approche de la premi&egrave;re semaine - The Playoffs FR","robots":{"index":"index","follow":"follow","max-snippet":"max-snippet:-1","max-image-preview":"max-image-preview:large","max-video-preview":"max-video-preview:-1"},"canonical":"https:\/\/theplayoffs.news\/fr\/actualite-nfl\/les-49ers-face-a-lincertitude-avec-brandon-aiyuk-a-lapproche-de-la-premiere-semaine\/","og_locale":"fr_FR","og_type":"article","og_title":"Les 49ers face &agrave; l&rsquo;incertitude avec Brandon Aiyuk &agrave; l&rsquo;approche de la premi&egrave;re semaine - The Playoffs FR","og_url":"https:\/\/theplayoffs.news\/fr\/actualite-nfl\/les-49ers-face-a-lincertitude-avec-brandon-aiyuk-a-lapproche-de-la-premiere-semaine\/","og_site_name":"The Playoffs FR","article_publisher":"https:\/\/www.facebook.com\/TheFreeAgentFR\/","article_modified_time":"2024-08-22T09:33:41+00:00","og_image":[{"width":1920,"height":1280,"url":"https:\/\/theplayoffs.news\/fr\/wp-content\/uploads\/2024\/08\/USATSI_17444763.jpg","type":"image\/jpeg"}],"author":"Charles Taudin","twitter_card":"summary_large_image","twitter_creator":"@TheFreeAgentFR","twitter_site":"@TheFreeAgentFR","twitter_misc":{"\u00c9crit par":"Charles Taudin","Dur\u00e9e de lecture estim\u00e9e":"2 minutes"},"schema":{"@context":"https:\/\/schema.org","@graph":[{"@type":"WebPage","@id":"https:\/\/theplayoffs.news\/fr\/actualite-nfl\/les-49ers-face-a-lincertitude-avec-brandon-aiyuk-a-lapproche-de-la-premiere-semaine\/","url":"https:\/\/theplayoffs.news\/fr\/actualite-nfl\/les-49ers-face-a-lincertitude-avec-brandon-aiyuk-a-lapproche-de-la-premiere-semaine\/","name":"Les 49ers face \u00e0 l\u2019incertitude avec Brandon Aiyuk \u00e0 l\u2019approche de la premi\u00e8re semaine - The Playoffs FR","isPartOf":{"@id":"https:\/\/theplayoffs.news\/fr\/#website"},"primaryImageOfPage":{"@id":"https:\/\/theplayoffs.news\/fr\/actualite-nfl\/les-49ers-face-a-lincertitude-avec-brandon-aiyuk-a-lapproche-de-la-premiere-semaine\/#primaryimage"},"image":{"@id":"https:\/\/theplayoffs.news\/fr\/actualite-nfl\/les-49ers-face-a-lincertitude-avec-brandon-aiyuk-a-lapproche-de-la-premiere-semaine\/#primaryimage"},"thumbnailUrl":"https:\/\/theplayoffs.news\/fr\/wp-content\/uploads\/2024\/08\/USATSI_17444763.jpg","datePublished":"2024-08-22T09:57:07+00:00","dateModified":"2024-08-22T11:57:07+02:00","author":{"@id":"https:\/\/theplayoffs.news\/fr\/#\/schema\/person\/eee5b69ad5d3c51cabe881c839dbe133"},"breadcrumb":{"@id":"https:\/\/theplayoffs.news\/fr\/actualite-nfl\/les-49ers-face-a-lincertitude-avec-brandon-aiyuk-a-lapproche-de-la-premiere-semaine\/#breadcrumb"},"inLanguage":"fr-FR","potentialAction":[{"@type":"ReadAction","target":["https:\/\/theplayoffs.news\/fr\/actualite-nfl\/les-49ers-face-a-lincertitude-avec-brandon-aiyuk-a-lapproche-de-la-premiere-semaine\/"]}]},{"@type":"ImageObject","inLanguage":"fr-FR","@id":"https:\/\/theplayoffs.news\/fr\/actualite-nfl\/les-49ers-face-a-lincertitude-avec-brandon-aiyuk-a-lapproche-de-la-premiere-semaine\/#primaryimage","url":"https:\/\/theplayoffs.news\/fr\/wp-content\/uploads\/2024\/08\/USATSI_17444763.jpg","contentUrl":"https:\/\/theplayoffs.news\/fr\/wp-content\/uploads\/2024\/08\/USATSI_17444763.jpg","width":1920,"height":1280,"caption":"Jan 2, 2022; Santa Clara, California, USA; San Francisco 49ers wide receiver Brandon Aiyuk (11) runs with the football during the third quarter against the Houston Texans at Levi\\'s Stadium. Mandatory Credit: Stan Szeto-USA TODAY Sports"},{"@type":"BreadcrumbList","@id":"https:\/\/theplayoffs.news\/fr\/actualite-nfl\/les-49ers-face-a-lincertitude-avec-brandon-aiyuk-a-lapproche-de-la-premiere-semaine\/#breadcrumb","itemListElement":[{"@type":"ListItem","position":1,"name":"Accueil","item":"https:\/\/theplayoffs.news\/fr\/"},{"@type":"ListItem","position":2,"name":"Les 49ers face \u00e0 l\u2019incertitude avec Brandon Aiyuk \u00e0 l\u2019approche de la premi\u00e8re semaine"}]},{"@type":"WebSite","@id":"https:\/\/theplayoffs.news\/fr\/#website","url":"https:\/\/theplayoffs.news\/fr\/","name":"The Playoffs FR","description":"NBA-NFL-NHL-MLB","potentialAction":[{"@type":"SearchAction","target":{"@type":"EntryPoint","urlTemplate":"https:\/\/theplayoffs.news\/fr\/?s={search_term_string}"},"query-input":{"@type":"PropertyValueSpecification","valueRequired":true,"valueName":"search_term_string"}}],"inLanguage":"fr-FR"},{"@type":"Person","@id":"https:\/\/theplayoffs.news\/fr\/#\/schema\/person\/eee5b69ad5d3c51cabe881c839dbe133","name":"Charles Taudin","image":{"@type":"ImageObject","inLanguage":"fr-FR","@id":"https:\/\/theplayoffs.news\/fr\/#\/schema\/person\/image\/","url":"https:\/\/secure.gravatar.com\/avatar\/59a1e772205ce9fd255edfcafc93013736822e20261f294c5753b20c41ede9f2?s=96&d=mm&r=g","contentUrl":"https:\/\/secure.gravatar.com\/avatar\/59a1e772205ce9fd255edfcafc93013736822e20261f294c5753b20c41ede9f2?s=96&d=mm&r=g","caption":"Charles Taudin"},"description":"R\u00e9dacteur en chef global de The Playoffs, j\u2019ai cr\u00e9\u00e9 The Free Agent, devenu The Playoffs FR, en 2020 durant la pand\u00e9mie. Amoureux depuis des ann\u00e9es des 4 sports majeurs am\u00e9ricains, j\u2019organise maintenant la strat\u00e9gie \u00e9ditoriale et les r\u00e9seaux sociaux de l\u2019ensemble des versions de The Playoffs. Il m\u2019arrive encore d\u2019\u00e9crire sur certains sports que j\u2019affectionne particuli\u00e8rement comme la NFL ou la MLB. Si vous devez retenir qu\u2019une chose : Eli Manning est le vrai GOAT pour avoir battu deux fois Tom Brady.","sameAs":["https:\/\/www.instagram.com\/ctaudin_\/"],"url":"https:\/\/theplayoffs.news\/fr\/author\/charles-taudin\/"}]}},"_links":{"self":[{"href":"https:\/\/theplayoffs.news\/fr\/wp-json\/wp\/v2\/posts\/1452663","targetHints":{"allow":["GET"]}}],"collection":[{"href":"https:\/\/theplayoffs.news\/fr\/wp-json\/wp\/v2\/posts"}],"about":[{"href":"https:\/\/theplayoffs.news\/fr\/wp-json\/wp\/v2\/types\/post"}],"author":[{"embeddable":true,"href":"https:\/\/theplayoffs.news\/fr\/wp-json\/wp\/v2\/users\/13"}],"replies":[{"embeddable":true,"href":"https:\/\/theplayoffs.news\/fr\/wp-json\/wp\/v2\/comments?post=1452663"}],"version-history":[{"count":3,"href":"https:\/\/theplayoffs.news\/fr\/wp-json\/wp\/v2\/posts\/1452663\/revisions"}],"predecessor-version":[{"id":1452674,"href":"https:\/\/theplayoffs.news\/fr\/wp-json\/wp\/v2\/posts\/1452663\/revisions\/1452674"}],"wp:featuredmedia":[{"embeddable":true,"href":"https:\/\/theplayoffs.news\/fr\/wp-json\/wp\/v2\/media\/1452666"}],"wp:attachment":[{"href":"https:\/\/theplayoffs.news\/fr\/wp-json\/wp\/v2\/media?parent=1452663"}],"wp:term":[{"taxonomy":"category","embeddable":true,"href":"https:\/\/theplayoffs.news\/fr\/wp-json\/wp\/v2\/categories?post=1452663"},{"taxonomy":"post_tag","embeddable":true,"href":"https:\/\/theplayoffs.news\/fr\/wp-json\/wp\/v2\/tags?post=1452663"},{"taxonomy":"sport","embeddable":true,"href":"https:\/\/theplayoffs.news\/fr\/wp-json\/wp\/v2\/sport?post=1452663"},{"taxonomy":"saison","embeddable":true,"href":"https:\/\/theplayoffs.news\/fr\/wp-json\/wp\/v2\/saison?post=1452663"}],"curies":[{"name":"wp","href":"https:\/\/api.w.org\/{rel}","templated":true}]}}