{"id":1452660,"date":"2024-08-22T11:11:24","date_gmt":"2024-08-22T09:11:24","guid":{"rendered":"https:\/\/theplayoffs.news\/fr\/?p=1452660"},"modified":"2024-08-22T11:11:24","modified_gmt":"2024-08-22T09:11:24","slug":"limpact-jj-redick-deja-present-aux-lakers","status":"publish","type":"post","link":"https:\/\/theplayoffs.news\/fr\/actualite-nba\/limpact-jj-redick-deja-present-aux-lakers\/","title":{"rendered":"L\u2019impact \u00ab\u00a0JJ Redick\u00a0\u00bb d\u00e9j\u00e0 pr\u00e9sent aux Lakers"},"content":{"rendered":"<h2 class=\"p1\"><span class=\"s1\">Les Lakers de Los Angeles ont r&eacute;cemment recrut&eacute; JJ Redick comme nouvel entra&icirc;neur-chef cet &eacute;t&eacute;. <\/span><\/h2><p class=\"p1\"><span class=\"s1\">Ils avaient pr&eacute;c&eacute;demment d&eacute;cid&eacute; de se s&eacute;parer de <a href=\"https:\/\/theplayoffs.news\/fr\/nba-basketball\/darvin-ham-rejoint-les-milwaukee-bucks-en-tant-quassistant-principal\/\" class=\"trk-cta-link\" data-cta-trk='{\"ctaType\":\"Link\",\"ctaSubType\":\"main\"}'>Darvin Ham<\/a> apr&egrave;s que l&rsquo;&eacute;quipe n&rsquo;a pas r&eacute;ussi &agrave; capitaliser sur sa progression vers la finale de la Conf&eacute;rence de l&rsquo;Ouest en 2023. JJ Redick a &eacute;t&eacute; charg&eacute; de rendre les Lakers comp&eacute;titifs tout en introduisant un nouveau syst&egrave;me ax&eacute; sur le d&eacute;veloppement des joueurs.<\/span><\/p><p class=\"p1\"><span class=\"s1\">D&rsquo;apr&egrave;s <a href=\"https:\/\/www.yardbarker.com\/nba\/articles\/jj_redicks_impact_is_already_being_felt_by_lakers\/s1_13132_40777712\" class=\"trk-cta-link\" data-cta-trk='{\"ctaType\":\"Link\",\"ctaSubType\":\"main\"}'>Dan Woike<\/a> du Los Angeles Times, l&rsquo;influence de JJ Redick se fait d&eacute;j&agrave; sentir parmi certains joueurs des Lakers, alors que l&rsquo;&eacute;quipe commence &agrave; se pr&eacute;parer pour le camp d&rsquo;entra&icirc;nement. Le rapport de Woike se base sur les nouveaux r&eacute;gimes d&rsquo;entra&icirc;nement que Redick a introduits pour les joueurs qui sont d&eacute;j&agrave; de retour &agrave; Los Angeles et s&rsquo;entra&icirc;nent avec l&rsquo;&eacute;quipe.<\/span><\/p><blockquote>\n<p class=\"p1\"><span class=\"s1\">&laquo;&nbsp;Ces s&eacute;ances marquent le d&eacute;but officiel de la relation entre JJ Redick, son staff, et les joueurs, et cette premi&egrave;re impression pourrait donner des indices sur la m&eacute;thode du nouvel entra&icirc;neur&nbsp;&raquo;, a rapport&eacute; Woike. &laquo;&nbsp;Les entra&icirc;nements ont mis davantage l&rsquo;accent sur des situations de jeu en direct &ndash; un contre un et trois contre trois &ndash; compar&eacute; aux &eacute;t&eacute;s pr&eacute;c&eacute;dents, o&ugrave; l&rsquo;accent &eacute;tait plus sur le travail individuel non comp&eacute;titif.&nbsp;&raquo;<\/span><\/p>\n<\/blockquote><p class=\"p1\"><span class=\"s1\">JJ Redick se pr&eacute;pare pour sa premi&egrave;re saison en tant qu&rsquo;entra&icirc;neur-chef. Malgr&eacute; son manque d&rsquo;exp&eacute;rience en tant qu&rsquo;entra&icirc;neur &agrave; un niveau professionnel, il a &eacute;t&eacute; plac&eacute; &agrave; la t&ecirc;te d&rsquo;une des &eacute;quipes les plus embl&eacute;matiques au monde. En d&rsquo;autres termes, il a &eacute;t&eacute; plong&eacute; directement dans une situation sous haute pression et devra rapidement s&rsquo;adapter pour r&eacute;ussir.<\/span><\/p><p class=\"p1\"><span class=\"s1\">Les Lakers avaient besoin d&rsquo;une nouvelle voix dans le vestiaire, et JJ Redick est respect&eacute; par ses joueurs en raison de son pass&eacute; dans la ligue. Il apporte &eacute;galement une approche moderne et a r&eacute;uni un staff d&rsquo;entra&icirc;neurs exp&eacute;riment&eacute;s pour l&rsquo;&eacute;pauler dans cette nouvelle aventure. Si JJ Redick met l&rsquo;accent sur le d&eacute;veloppement des joueurs et un style de jeu plus dynamique, il pourrait s&rsquo;av&eacute;rer &ecirc;tre un choix judicieux pour l&rsquo;avenir des Lakers.<\/span><\/p><p>&nbsp;<\/p><p>Credit Photo: Kirby Lee-USA TODAY Sports<\/p>\n","protected":false},"excerpt":{"rendered":"","protected":false},"author":180310252,"featured_media":1452661,"comment_status":"open","ping_status":"closed","sticky":false,"template":"","format":"standard","meta":{"inline_featured_image":false,"kia_subtitle":"","_mux_skip_reasons":[],"proofreadBy":0,"footnotes":""},"categories":[110,10],"tags":[],"sport":[2783],"saison":[6111],"class_list":["post-1452660","post","type-post","status-publish","format-standard","has-post-thumbnail","hentry","category-actualite-nba","category-nba","sport-nba","saison-6111"],"acf":[],"yoast_head":"<!-- This site is optimized with the Yoast SEO plugin v24.2 - https:\/\/yoast.com\/wordpress\/plugins\/seo\/ -->\n<title>L&rsquo;impact &quot;JJ Redick&quot; d&eacute;j&agrave; pr&eacute;sent aux Lakers - The Playoffs FR<\/title>\n<meta name=\"robots\" content=\"index, follow, max-snippet:-1, max-image-preview:large, max-video-preview:-1\" \/>\n<link rel=\"canonical\" href=\"https:\/\/theplayoffs.news\/fr\/actualite-nba\/limpact-jj-redick-deja-present-aux-lakers\/\" \/>\n<meta property=\"og:locale\" content=\"fr_FR\" \/>\n<meta property=\"og:type\" content=\"article\" \/>\n<meta property=\"og:title\" content=\"L&rsquo;impact &quot;JJ Redick&quot; d&eacute;j&agrave; pr&eacute;sent aux Lakers - The Playoffs FR\" \/>\n<meta property=\"og:url\" content=\"https:\/\/theplayoffs.news\/fr\/actualite-nba\/limpact-jj-redick-deja-present-aux-lakers\/\" \/>\n<meta property=\"og:site_name\" content=\"The Playoffs FR\" \/>\n<meta property=\"article:publisher\" content=\"https:\/\/www.facebook.com\/TheFreeAgentFR\/\" \/>\n<meta property=\"article:modified_time\" content=\"2024-08-22T11:11:24+02:00\" \/>\n<meta property=\"og:image\" content=\"https:\/\/theplayoffs.news\/fr\/wp-content\/uploads\/2024\/08\/USATSI_23667868.jpg\" \/>\n\t<meta property=\"og:image:width\" content=\"1920\" \/>\n\t<meta property=\"og:image:height\" content=\"1280\" \/>\n\t<meta property=\"og:image:type\" content=\"image\/jpeg\" \/>\n<meta name=\"author\" content=\"Hugo Da Silva\" \/>\n<meta name=\"twitter:card\" content=\"summary_large_image\" \/>\n<meta name=\"twitter:creator\" content=\"@TheFreeAgentFR\" \/>\n<meta name=\"twitter:site\" content=\"@TheFreeAgentFR\" \/>\n<meta name=\"twitter:label1\" content=\"\u00c9crit par\" \/>\n\t<meta name=\"twitter:data1\" content=\"Hugo Da Silva\" \/>\n\t<meta name=\"twitter:label2\" content=\"Dur\u00e9e de lecture estim\u00e9e\" \/>\n\t<meta name=\"twitter:data2\" content=\"2 minutes\" \/>\n<script type=\"application\/ld+json\" class=\"yoast-schema-graph\">{\"@context\":\"https:\/\/schema.org\",\"@graph\":[{\"@type\":\"WebPage\",\"@id\":\"https:\/\/theplayoffs.news\/fr\/actualite-nba\/limpact-jj-redick-deja-present-aux-lakers\/\",\"url\":\"https:\/\/theplayoffs.news\/fr\/actualite-nba\/limpact-jj-redick-deja-present-aux-lakers\/\",\"name\":\"L\u2019impact \\\\\\\"JJ Redick\\\\\\\" d\u00e9j\u00e0 pr\u00e9sent aux Lakers - The Playoffs FR\",\"isPartOf\":{\"@id\":\"https:\/\/theplayoffs.news\/fr\/#website\"},\"primaryImageOfPage\":{\"@id\":\"https:\/\/theplayoffs.news\/fr\/actualite-nba\/limpact-jj-redick-deja-present-aux-lakers\/#primaryimage\"},\"image\":{\"@id\":\"https:\/\/theplayoffs.news\/fr\/actualite-nba\/limpact-jj-redick-deja-present-aux-lakers\/#primaryimage\"},\"thumbnailUrl\":\"https:\/\/theplayoffs.news\/fr\/wp-content\/uploads\/2024\/08\/USATSI_23667868.jpg\",\"datePublished\":\"2024-08-22T09:11:24+00:00\",\"dateModified\":\"2024-08-22T09:11:24+00:00\",\"author\":{\"@id\":\"https:\/\/theplayoffs.news\/fr\/#\/schema\/person\/6873025fdeeef5a5a119a678d88f9eb8\"},\"breadcrumb\":{\"@id\":\"https:\/\/theplayoffs.news\/fr\/actualite-nba\/limpact-jj-redick-deja-present-aux-lakers\/#breadcrumb\"},\"inLanguage\":\"fr-FR\",\"potentialAction\":[{\"@type\":\"ReadAction\",\"target\":[\"https:\/\/theplayoffs.news\/fr\/actualite-nba\/limpact-jj-redick-deja-present-aux-lakers\/\"]}]},{\"@type\":\"ImageObject\",\"inLanguage\":\"fr-FR\",\"@id\":\"https:\/\/theplayoffs.news\/fr\/actualite-nba\/limpact-jj-redick-deja-present-aux-lakers\/#primaryimage\",\"url\":\"https:\/\/theplayoffs.news\/fr\/wp-content\/uploads\/2024\/08\/USATSI_23667868.jpg\",\"contentUrl\":\"https:\/\/theplayoffs.news\/fr\/wp-content\/uploads\/2024\/08\/USATSI_23667868.jpg\",\"width\":1920,\"height\":1280,\"caption\":\"Jul 2, 2024; El Segundo, CA, USA; Los Angeles Lakers coach JJ Redick at a press conference at the UCLA Health Training Center. Mandatory Credit: Kirby Lee-USA TODAY Sports\"},{\"@type\":\"BreadcrumbList\",\"@id\":\"https:\/\/theplayoffs.news\/fr\/actualite-nba\/limpact-jj-redick-deja-present-aux-lakers\/#breadcrumb\",\"itemListElement\":[{\"@type\":\"ListItem\",\"position\":1,\"name\":\"Accueil\",\"item\":\"https:\/\/theplayoffs.news\/fr\/\"},{\"@type\":\"ListItem\",\"position\":2,\"name\":\"L\u2019impact \u00ab\u00a0JJ Redick\u00a0\u00bb d\u00e9j\u00e0 pr\u00e9sent aux Lakers\"}]},{\"@type\":\"WebSite\",\"@id\":\"https:\/\/theplayoffs.news\/fr\/#website\",\"url\":\"https:\/\/theplayoffs.news\/fr\/\",\"name\":\"The Playoffs FR\",\"description\":\"NBA-NFL-NHL-MLB\",\"potentialAction\":[{\"@type\":\"SearchAction\",\"target\":{\"@type\":\"EntryPoint\",\"urlTemplate\":\"https:\/\/theplayoffs.news\/fr\/?s={search_term_string}\"},\"query-input\":{\"@type\":\"PropertyValueSpecification\",\"valueRequired\":true,\"valueName\":\"search_term_string\"}}],\"inLanguage\":\"fr-FR\"},{\"@type\":\"Person\",\"@id\":\"https:\/\/theplayoffs.news\/fr\/#\/schema\/person\/6873025fdeeef5a5a119a678d88f9eb8\",\"name\":\"Hugo Da Silva\",\"image\":{\"@type\":\"ImageObject\",\"inLanguage\":\"fr-FR\",\"@id\":\"https:\/\/theplayoffs.news\/fr\/#\/schema\/person\/image\/\",\"url\":\"https:\/\/secure.gravatar.com\/avatar\/42645c167f2d0d025c99c89a9d5af905f285255ee846e7a777caaecca00b1837?s=96&d=mm&r=g\",\"contentUrl\":\"https:\/\/secure.gravatar.com\/avatar\/42645c167f2d0d025c99c89a9d5af905f285255ee846e7a777caaecca00b1837?s=96&d=mm&r=g\",\"caption\":\"Hugo Da Silva\"},\"url\":\"https:\/\/theplayoffs.news\/fr\/author\/hugodasilva0903gmail-com\/\"}]}<\/script>\n<!-- \/ Yoast SEO plugin. -->","yoast_head_json":{"title":"L&rsquo;impact &quot;JJ Redick&quot; d&eacute;j&agrave; pr&eacute;sent aux Lakers - The Playoffs FR","robots":{"index":"index","follow":"follow","max-snippet":"max-snippet:-1","max-image-preview":"max-image-preview:large","max-video-preview":"max-video-preview:-1"},"canonical":"https:\/\/theplayoffs.news\/fr\/actualite-nba\/limpact-jj-redick-deja-present-aux-lakers\/","og_locale":"fr_FR","og_type":"article","og_title":"L&rsquo;impact &quot;JJ Redick&quot; d&eacute;j&agrave; pr&eacute;sent aux Lakers - The Playoffs FR","og_url":"https:\/\/theplayoffs.news\/fr\/actualite-nba\/limpact-jj-redick-deja-present-aux-lakers\/","og_site_name":"The Playoffs FR","article_publisher":"https:\/\/www.facebook.com\/TheFreeAgentFR\/","og_image":[{"width":1920,"height":1280,"url":"https:\/\/theplayoffs.news\/fr\/wp-content\/uploads\/2024\/08\/USATSI_23667868.jpg","type":"image\/jpeg"}],"author":"Hugo Da Silva","twitter_card":"summary_large_image","twitter_creator":"@TheFreeAgentFR","twitter_site":"@TheFreeAgentFR","twitter_misc":{"\u00c9crit par":"Hugo Da Silva","Dur\u00e9e de lecture estim\u00e9e":"2 minutes"},"schema":{"@context":"https:\/\/schema.org","@graph":[{"@type":"WebPage","@id":"https:\/\/theplayoffs.news\/fr\/actualite-nba\/limpact-jj-redick-deja-present-aux-lakers\/","url":"https:\/\/theplayoffs.news\/fr\/actualite-nba\/limpact-jj-redick-deja-present-aux-lakers\/","name":"L\u2019impact \\\"JJ Redick\\\" d\u00e9j\u00e0 pr\u00e9sent aux Lakers - The Playoffs FR","isPartOf":{"@id":"https:\/\/theplayoffs.news\/fr\/#website"},"primaryImageOfPage":{"@id":"https:\/\/theplayoffs.news\/fr\/actualite-nba\/limpact-jj-redick-deja-present-aux-lakers\/#primaryimage"},"image":{"@id":"https:\/\/theplayoffs.news\/fr\/actualite-nba\/limpact-jj-redick-deja-present-aux-lakers\/#primaryimage"},"thumbnailUrl":"https:\/\/theplayoffs.news\/fr\/wp-content\/uploads\/2024\/08\/USATSI_23667868.jpg","datePublished":"2024-08-22T09:11:24+00:00","dateModified":"2024-08-22T09:11:24+00:00","author":{"@id":"https:\/\/theplayoffs.news\/fr\/#\/schema\/person\/6873025fdeeef5a5a119a678d88f9eb8"},"breadcrumb":{"@id":"https:\/\/theplayoffs.news\/fr\/actualite-nba\/limpact-jj-redick-deja-present-aux-lakers\/#breadcrumb"},"inLanguage":"fr-FR","potentialAction":[{"@type":"ReadAction","target":["https:\/\/theplayoffs.news\/fr\/actualite-nba\/limpact-jj-redick-deja-present-aux-lakers\/"]}]},{"@type":"ImageObject","inLanguage":"fr-FR","@id":"https:\/\/theplayoffs.news\/fr\/actualite-nba\/limpact-jj-redick-deja-present-aux-lakers\/#primaryimage","url":"https:\/\/theplayoffs.news\/fr\/wp-content\/uploads\/2024\/08\/USATSI_23667868.jpg","contentUrl":"https:\/\/theplayoffs.news\/fr\/wp-content\/uploads\/2024\/08\/USATSI_23667868.jpg","width":1920,"height":1280,"caption":"Jul 2, 2024; El Segundo, CA, USA; Los Angeles Lakers coach JJ Redick at a press conference at the UCLA Health Training Center. Mandatory Credit: Kirby Lee-USA TODAY Sports"},{"@type":"BreadcrumbList","@id":"https:\/\/theplayoffs.news\/fr\/actualite-nba\/limpact-jj-redick-deja-present-aux-lakers\/#breadcrumb","itemListElement":[{"@type":"ListItem","position":1,"name":"Accueil","item":"https:\/\/theplayoffs.news\/fr\/"},{"@type":"ListItem","position":2,"name":"L\u2019impact \u00ab\u00a0JJ Redick\u00a0\u00bb d\u00e9j\u00e0 pr\u00e9sent aux Lakers"}]},{"@type":"WebSite","@id":"https:\/\/theplayoffs.news\/fr\/#website","url":"https:\/\/theplayoffs.news\/fr\/","name":"The Playoffs FR","description":"NBA-NFL-NHL-MLB","potentialAction":[{"@type":"SearchAction","target":{"@type":"EntryPoint","urlTemplate":"https:\/\/theplayoffs.news\/fr\/?s={search_term_string}"},"query-input":{"@type":"PropertyValueSpecification","valueRequired":true,"valueName":"search_term_string"}}],"inLanguage":"fr-FR"},{"@type":"Person","@id":"https:\/\/theplayoffs.news\/fr\/#\/schema\/person\/6873025fdeeef5a5a119a678d88f9eb8","name":"Hugo Da Silva","image":{"@type":"ImageObject","inLanguage":"fr-FR","@id":"https:\/\/theplayoffs.news\/fr\/#\/schema\/person\/image\/","url":"https:\/\/secure.gravatar.com\/avatar\/42645c167f2d0d025c99c89a9d5af905f285255ee846e7a777caaecca00b1837?s=96&d=mm&r=g","contentUrl":"https:\/\/secure.gravatar.com\/avatar\/42645c167f2d0d025c99c89a9d5af905f285255ee846e7a777caaecca00b1837?s=96&d=mm&r=g","caption":"Hugo Da Silva"},"url":"https:\/\/theplayoffs.news\/fr\/author\/hugodasilva0903gmail-com\/"}]}},"_links":{"self":[{"href":"https:\/\/theplayoffs.news\/fr\/wp-json\/wp\/v2\/posts\/1452660","targetHints":{"allow":["GET"]}}],"collection":[{"href":"https:\/\/theplayoffs.news\/fr\/wp-json\/wp\/v2\/posts"}],"about":[{"href":"https:\/\/theplayoffs.news\/fr\/wp-json\/wp\/v2\/types\/post"}],"author":[{"embeddable":true,"href":"https:\/\/theplayoffs.news\/fr\/wp-json\/wp\/v2\/users\/180310252"}],"replies":[{"embeddable":true,"href":"https:\/\/theplayoffs.news\/fr\/wp-json\/wp\/v2\/comments?post=1452660"}],"version-history":[{"count":2,"href":"https:\/\/theplayoffs.news\/fr\/wp-json\/wp\/v2\/posts\/1452660\/revisions"}],"predecessor-version":[{"id":1452681,"href":"https:\/\/theplayoffs.news\/fr\/wp-json\/wp\/v2\/posts\/1452660\/revisions\/1452681"}],"wp:featuredmedia":[{"embeddable":true,"href":"https:\/\/theplayoffs.news\/fr\/wp-json\/wp\/v2\/media\/1452661"}],"wp:attachment":[{"href":"https:\/\/theplayoffs.news\/fr\/wp-json\/wp\/v2\/media?parent=1452660"}],"wp:term":[{"taxonomy":"category","embeddable":true,"href":"https:\/\/theplayoffs.news\/fr\/wp-json\/wp\/v2\/categories?post=1452660"},{"taxonomy":"post_tag","embeddable":true,"href":"https:\/\/theplayoffs.news\/fr\/wp-json\/wp\/v2\/tags?post=1452660"},{"taxonomy":"sport","embeddable":true,"href":"https:\/\/theplayoffs.news\/fr\/wp-json\/wp\/v2\/sport?post=1452660"},{"taxonomy":"saison","embeddable":true,"href":"https:\/\/theplayoffs.news\/fr\/wp-json\/wp\/v2\/saison?post=1452660"}],"curies":[{"name":"wp","href":"https:\/\/api.w.org\/{rel}","templated":true}]}}