{"id":1452646,"date":"2024-08-22T10:44:35","date_gmt":"2024-08-22T08:44:35","guid":{"rendered":"https:\/\/theplayoffs.news\/fr\/?p=1452646"},"modified":"2024-08-22T10:44:35","modified_gmt":"2024-08-22T08:44:35","slug":"jayson-tatum-un-ete-memorable","status":"publish","type":"post","link":"https:\/\/theplayoffs.news\/fr\/actualite-nba\/jayson-tatum-un-ete-memorable\/","title":{"rendered":"Jayson Tatum: Un \u00e9t\u00e9 m\u00e9morable"},"content":{"rendered":"<h2 class=\"p1\"><span class=\"s1\">Jayson Tatum a v&eacute;cu une p&eacute;riode exceptionnelle ces derniers mois, remportant son premier titre NBA avec les Celtics de Boston en juin, suivi de sa deuxi&egrave;me m&eacute;daille d&rsquo;or aux Jeux olympiques avec l&rsquo;&eacute;quipe de basket-ball des &Eacute;tats-Unis en ao&ucirc;t. <\/span><\/h2><blockquote>\n<p class=\"p1\"><span class=\"s1\">&laquo;&nbsp;Cet &eacute;t&eacute; a &eacute;t&eacute; absolument fou&nbsp;&raquo;, a-t-il confi&eacute; au <a href=\"https:\/\/x.com\/noadalzell\/status\/1826353258191094233?s=46&amp;t=ZGxLohEAI--IIBna2HD0bA\" class=\"trk-cta-link\" data-cta-trk='{\"ctaType\":\"Link\",\"ctaSubType\":\"main\"}'>St. Louis Post-Dispatch<\/a> mercredi, relay&eacute; par Noa Dalzell de SB Nation. &laquo;&nbsp;Je suis vraiment chanceux d&rsquo;avoir gagn&eacute; ma deuxi&egrave;me m&eacute;daille d&rsquo;or avec l&rsquo;&eacute;quipe nationale. L&rsquo;exp&eacute;rience a &eacute;t&eacute; incroyable. Et enfin, j&rsquo;ai d&eacute;croch&eacute; un championnat NBA, un objectif que je poursuis depuis tr&egrave;s longtemps. J&rsquo;ai &eacute;t&eacute; tout pr&egrave;s &agrave; plusieurs reprises, mais cette fois-ci, j&rsquo;ai franchi le cap. Cela m&rsquo;a enlev&eacute; un &eacute;norme poids des &eacute;paules.&nbsp;&raquo;<\/span><\/p>\n<\/blockquote><p class=\"p1\"><span class=\"s1\"><a href=\"https:\/\/theplayoffs.news\/fr\/nba-basketball\/jayson-tatum-son-choix-pour-2028-ne-sera-pas-affecte-par-son-role-limite-en-2024\/\" class=\"trk-cta-link\" data-cta-trk='{\"ctaType\":\"Link\",\"ctaSubType\":\"main\"}'>Jayson Tatum<\/a> n&rsquo;a pas eu un r&ocirc;le de premier plan avec l&rsquo;&eacute;quipe des &Eacute;tats-Unis, participant &agrave; quatre des six matchs et affichant en moyenne 5,3 points et 5,3 rebonds en 17,7 minutes par rencontre. L&rsquo;entra&icirc;neur-chef Steve Kerr a privil&eacute;gi&eacute; d&rsquo;autres options, telles que <a href=\"https:\/\/theplayoffs.news\/fr\/nba-basketball\/rumeurs-autour-de-lebron-james-linfluence-de-rich-paul-agent-sur-les-pourparlers-entre-lakers-et-warriors\/\" class=\"trk-cta-link\" data-cta-trk='{\"ctaType\":\"Link\",\"ctaSubType\":\"main\"}'>LeBron James<\/a>, <a href=\"https:\/\/theplayoffs.news\/fr\/divers\/kevin-durant-la-reference-doree-de-team-usa\/\" class=\"trk-cta-link\" data-cta-trk='{\"ctaType\":\"Link\",\"ctaSubType\":\"main\"}'>Kevin Durant<\/a>, Anthony Edwards, Devin Booker et Jrue Holiday. Bien que l&rsquo;&eacute;quipe des &Eacute;tats-Unis ait connu quelques moments difficiles, ce qui a suscit&eacute; un fort engouement parmi les supporters de Tatum pour qu&rsquo;il joue davantage, Steve Kerr a finalement pris les bonnes d&eacute;cisions, menant l&rsquo;&eacute;quipe &agrave; une cinqui&egrave;me m&eacute;daille d&rsquo;or cons&eacute;cutive.<\/span><\/p><p>\n<div id=\"attachment_1452647\" style=\"width: 310px\" class=\"wp-caption alignnone\"><img loading=\"lazy\" decoding=\"async\" aria-describedby=\"caption-attachment-1452647\" class=\"size-medium wp-image-1452647\" src=\"https:\/\/theplayoffs.news\/fr\/wp-content\/uploads\/2024\/08\/USATSI_23928298-1-300x200.jpg\" alt=\"\" width=\"300\" height=\"200\" srcset=\"https:\/\/theplayoffs.news\/fr\/wp-content\/uploads\/2024\/08\/USATSI_23928298-1-300x200.jpg 300w, https:\/\/theplayoffs.news\/fr\/wp-content\/uploads\/2024\/08\/USATSI_23928298-1-1030x687.jpg 1030w, https:\/\/theplayoffs.news\/fr\/wp-content\/uploads\/2024\/08\/USATSI_23928298-1-768x512.jpg 768w, https:\/\/theplayoffs.news\/fr\/wp-content\/uploads\/2024\/08\/USATSI_23928298-1-1320x880.jpg 1320w, https:\/\/theplayoffs.news\/fr\/wp-content\/uploads\/2024\/08\/USATSI_23928298-1.jpg 1920w\" sizes=\"auto, (max-width: 300px) 100vw, 300px\" \/><p id=\"caption-attachment-1452647\" class=\"wp-caption-text\">Credit Photo: Kyle Terada-USA TODAY Sports<\/p><\/div>\n<\/p><p class=\"p1\"><span class=\"s1\">Malgr&eacute; cela, Jayson Tatum a profit&eacute; de cette exp&eacute;rience, la qualifiant de pr&eacute;cieuse pour son d&eacute;veloppement. La gestion des rotations par Kerr a fait l&rsquo;objet de d&eacute;bats, mais son approche a fini par porter ses fruits. Tatum a montr&eacute; sa capacit&eacute; &agrave; contribuer, m&ecirc;me en jouant un r&ocirc;le plus restreint.<\/span><\/p><p class=\"p1\"><span class=\"s1\">En regardant vers l&rsquo;avenir, Jayson Tatum esp&egrave;re que ces succ&egrave;s renforceront sa confiance et son jeu &agrave; Boston. Le championnat NBA et les Jeux olympiques sont d&eacute;sormais derri&egrave;re lui, mais ils ont laiss&eacute; une empreinte ind&eacute;l&eacute;bile sur sa carri&egrave;re. Il est d&eacute;termin&eacute; &agrave; poursuivre sur cette lanc&eacute;e et &agrave; continuer de progresser, tant au niveau national qu&rsquo;international. Ses succ&egrave;s r&eacute;cents ne sont que le d&eacute;but de ce qu&rsquo;il esp&egrave;re &ecirc;tre une longue et brillante carri&egrave;re.<\/span><\/p><p>&nbsp;<\/p><p>Credit Photo: Bob DeChiara-USA TODAY Sports<\/p>\n","protected":false},"excerpt":{"rendered":"","protected":false},"author":180310252,"featured_media":1452649,"comment_status":"open","ping_status":"closed","sticky":false,"template":"","format":"standard","meta":{"inline_featured_image":false,"kia_subtitle":"","_mux_skip_reasons":[],"proofreadBy":0,"footnotes":""},"categories":[110,10],"tags":[],"sport":[2783],"saison":[6111],"class_list":["post-1452646","post","type-post","status-publish","format-standard","has-post-thumbnail","hentry","category-actualite-nba","category-nba","sport-nba","saison-6111"],"acf":[],"yoast_head":"<!-- This site is optimized with the Yoast SEO plugin v24.2 - https:\/\/yoast.com\/wordpress\/plugins\/seo\/ -->\n<title>Jayson Tatum: Un &eacute;t&eacute; m&eacute;morable - The Playoffs FR<\/title>\n<meta name=\"robots\" content=\"index, follow, max-snippet:-1, max-image-preview:large, max-video-preview:-1\" \/>\n<link rel=\"canonical\" href=\"https:\/\/theplayoffs.news\/fr\/actualite-nba\/jayson-tatum-un-ete-memorable\/\" \/>\n<meta property=\"og:locale\" content=\"fr_FR\" \/>\n<meta property=\"og:type\" content=\"article\" \/>\n<meta property=\"og:title\" content=\"Jayson Tatum: Un &eacute;t&eacute; m&eacute;morable - The Playoffs FR\" \/>\n<meta property=\"og:url\" content=\"https:\/\/theplayoffs.news\/fr\/actualite-nba\/jayson-tatum-un-ete-memorable\/\" \/>\n<meta property=\"og:site_name\" content=\"The Playoffs FR\" \/>\n<meta property=\"article:publisher\" content=\"https:\/\/www.facebook.com\/TheFreeAgentFR\/\" \/>\n<meta property=\"article:modified_time\" content=\"2024-08-22T10:44:35+02:00\" \/>\n<meta property=\"og:image\" content=\"https:\/\/theplayoffs.news\/fr\/wp-content\/uploads\/2024\/08\/USATSI_23593318.jpg\" \/>\n\t<meta property=\"og:image:width\" content=\"1920\" \/>\n\t<meta property=\"og:image:height\" content=\"1280\" \/>\n\t<meta property=\"og:image:type\" content=\"image\/jpeg\" \/>\n<meta name=\"author\" content=\"Hugo Da Silva\" \/>\n<meta name=\"twitter:card\" content=\"summary_large_image\" \/>\n<meta name=\"twitter:creator\" content=\"@TheFreeAgentFR\" \/>\n<meta name=\"twitter:site\" content=\"@TheFreeAgentFR\" \/>\n<meta name=\"twitter:label1\" content=\"\u00c9crit par\" \/>\n\t<meta name=\"twitter:data1\" content=\"Hugo Da Silva\" \/>\n\t<meta name=\"twitter:label2\" content=\"Dur\u00e9e de lecture estim\u00e9e\" \/>\n\t<meta name=\"twitter:data2\" content=\"2 minutes\" \/>\n<script type=\"application\/ld+json\" class=\"yoast-schema-graph\">{\"@context\":\"https:\/\/schema.org\",\"@graph\":[{\"@type\":\"WebPage\",\"@id\":\"https:\/\/theplayoffs.news\/fr\/actualite-nba\/jayson-tatum-un-ete-memorable\/\",\"url\":\"https:\/\/theplayoffs.news\/fr\/actualite-nba\/jayson-tatum-un-ete-memorable\/\",\"name\":\"Jayson Tatum: Un \u00e9t\u00e9 m\u00e9morable - The Playoffs FR\",\"isPartOf\":{\"@id\":\"https:\/\/theplayoffs.news\/fr\/#website\"},\"primaryImageOfPage\":{\"@id\":\"https:\/\/theplayoffs.news\/fr\/actualite-nba\/jayson-tatum-un-ete-memorable\/#primaryimage\"},\"image\":{\"@id\":\"https:\/\/theplayoffs.news\/fr\/actualite-nba\/jayson-tatum-un-ete-memorable\/#primaryimage\"},\"thumbnailUrl\":\"https:\/\/theplayoffs.news\/fr\/wp-content\/uploads\/2024\/08\/USATSI_23593318.jpg\",\"datePublished\":\"2024-08-22T08:44:35+00:00\",\"dateModified\":\"2024-08-22T08:44:35+00:00\",\"author\":{\"@id\":\"https:\/\/theplayoffs.news\/fr\/#\/schema\/person\/6873025fdeeef5a5a119a678d88f9eb8\"},\"breadcrumb\":{\"@id\":\"https:\/\/theplayoffs.news\/fr\/actualite-nba\/jayson-tatum-un-ete-memorable\/#breadcrumb\"},\"inLanguage\":\"fr-FR\",\"potentialAction\":[{\"@type\":\"ReadAction\",\"target\":[\"https:\/\/theplayoffs.news\/fr\/actualite-nba\/jayson-tatum-un-ete-memorable\/\"]}]},{\"@type\":\"ImageObject\",\"inLanguage\":\"fr-FR\",\"@id\":\"https:\/\/theplayoffs.news\/fr\/actualite-nba\/jayson-tatum-un-ete-memorable\/#primaryimage\",\"url\":\"https:\/\/theplayoffs.news\/fr\/wp-content\/uploads\/2024\/08\/USATSI_23593318.jpg\",\"contentUrl\":\"https:\/\/theplayoffs.news\/fr\/wp-content\/uploads\/2024\/08\/USATSI_23593318.jpg\",\"width\":1920,\"height\":1280,\"caption\":\"Jun 21, 2024; Boston, MA, USA; Boston Celtics player Jayson Tatum holds the Larry O\u0092Brien trophy during the Boston Celtics Championship parade. Mandatory Credit: Bob DeChiara-USA TODAY Sports\"},{\"@type\":\"BreadcrumbList\",\"@id\":\"https:\/\/theplayoffs.news\/fr\/actualite-nba\/jayson-tatum-un-ete-memorable\/#breadcrumb\",\"itemListElement\":[{\"@type\":\"ListItem\",\"position\":1,\"name\":\"Accueil\",\"item\":\"https:\/\/theplayoffs.news\/fr\/\"},{\"@type\":\"ListItem\",\"position\":2,\"name\":\"Jayson Tatum: Un \u00e9t\u00e9 m\u00e9morable\"}]},{\"@type\":\"WebSite\",\"@id\":\"https:\/\/theplayoffs.news\/fr\/#website\",\"url\":\"https:\/\/theplayoffs.news\/fr\/\",\"name\":\"The Playoffs FR\",\"description\":\"NBA-NFL-NHL-MLB\",\"potentialAction\":[{\"@type\":\"SearchAction\",\"target\":{\"@type\":\"EntryPoint\",\"urlTemplate\":\"https:\/\/theplayoffs.news\/fr\/?s={search_term_string}\"},\"query-input\":{\"@type\":\"PropertyValueSpecification\",\"valueRequired\":true,\"valueName\":\"search_term_string\"}}],\"inLanguage\":\"fr-FR\"},{\"@type\":\"Person\",\"@id\":\"https:\/\/theplayoffs.news\/fr\/#\/schema\/person\/6873025fdeeef5a5a119a678d88f9eb8\",\"name\":\"Hugo Da Silva\",\"image\":{\"@type\":\"ImageObject\",\"inLanguage\":\"fr-FR\",\"@id\":\"https:\/\/theplayoffs.news\/fr\/#\/schema\/person\/image\/\",\"url\":\"https:\/\/secure.gravatar.com\/avatar\/42645c167f2d0d025c99c89a9d5af905f285255ee846e7a777caaecca00b1837?s=96&d=mm&r=g\",\"contentUrl\":\"https:\/\/secure.gravatar.com\/avatar\/42645c167f2d0d025c99c89a9d5af905f285255ee846e7a777caaecca00b1837?s=96&d=mm&r=g\",\"caption\":\"Hugo Da Silva\"},\"url\":\"https:\/\/theplayoffs.news\/fr\/author\/hugodasilva0903gmail-com\/\"}]}<\/script>\n<!-- \/ Yoast SEO plugin. -->","yoast_head_json":{"title":"Jayson Tatum: Un &eacute;t&eacute; m&eacute;morable - The Playoffs FR","robots":{"index":"index","follow":"follow","max-snippet":"max-snippet:-1","max-image-preview":"max-image-preview:large","max-video-preview":"max-video-preview:-1"},"canonical":"https:\/\/theplayoffs.news\/fr\/actualite-nba\/jayson-tatum-un-ete-memorable\/","og_locale":"fr_FR","og_type":"article","og_title":"Jayson Tatum: Un &eacute;t&eacute; m&eacute;morable - The Playoffs FR","og_url":"https:\/\/theplayoffs.news\/fr\/actualite-nba\/jayson-tatum-un-ete-memorable\/","og_site_name":"The Playoffs FR","article_publisher":"https:\/\/www.facebook.com\/TheFreeAgentFR\/","og_image":[{"width":1920,"height":1280,"url":"https:\/\/theplayoffs.news\/fr\/wp-content\/uploads\/2024\/08\/USATSI_23593318.jpg","type":"image\/jpeg"}],"author":"Hugo Da Silva","twitter_card":"summary_large_image","twitter_creator":"@TheFreeAgentFR","twitter_site":"@TheFreeAgentFR","twitter_misc":{"\u00c9crit par":"Hugo Da Silva","Dur\u00e9e de lecture estim\u00e9e":"2 minutes"},"schema":{"@context":"https:\/\/schema.org","@graph":[{"@type":"WebPage","@id":"https:\/\/theplayoffs.news\/fr\/actualite-nba\/jayson-tatum-un-ete-memorable\/","url":"https:\/\/theplayoffs.news\/fr\/actualite-nba\/jayson-tatum-un-ete-memorable\/","name":"Jayson Tatum: Un \u00e9t\u00e9 m\u00e9morable - The Playoffs FR","isPartOf":{"@id":"https:\/\/theplayoffs.news\/fr\/#website"},"primaryImageOfPage":{"@id":"https:\/\/theplayoffs.news\/fr\/actualite-nba\/jayson-tatum-un-ete-memorable\/#primaryimage"},"image":{"@id":"https:\/\/theplayoffs.news\/fr\/actualite-nba\/jayson-tatum-un-ete-memorable\/#primaryimage"},"thumbnailUrl":"https:\/\/theplayoffs.news\/fr\/wp-content\/uploads\/2024\/08\/USATSI_23593318.jpg","datePublished":"2024-08-22T08:44:35+00:00","dateModified":"2024-08-22T08:44:35+00:00","author":{"@id":"https:\/\/theplayoffs.news\/fr\/#\/schema\/person\/6873025fdeeef5a5a119a678d88f9eb8"},"breadcrumb":{"@id":"https:\/\/theplayoffs.news\/fr\/actualite-nba\/jayson-tatum-un-ete-memorable\/#breadcrumb"},"inLanguage":"fr-FR","potentialAction":[{"@type":"ReadAction","target":["https:\/\/theplayoffs.news\/fr\/actualite-nba\/jayson-tatum-un-ete-memorable\/"]}]},{"@type":"ImageObject","inLanguage":"fr-FR","@id":"https:\/\/theplayoffs.news\/fr\/actualite-nba\/jayson-tatum-un-ete-memorable\/#primaryimage","url":"https:\/\/theplayoffs.news\/fr\/wp-content\/uploads\/2024\/08\/USATSI_23593318.jpg","contentUrl":"https:\/\/theplayoffs.news\/fr\/wp-content\/uploads\/2024\/08\/USATSI_23593318.jpg","width":1920,"height":1280,"caption":"Jun 21, 2024; Boston, MA, USA; Boston Celtics player Jayson Tatum holds the Larry O\u0092Brien trophy during the Boston Celtics Championship parade. Mandatory Credit: Bob DeChiara-USA TODAY Sports"},{"@type":"BreadcrumbList","@id":"https:\/\/theplayoffs.news\/fr\/actualite-nba\/jayson-tatum-un-ete-memorable\/#breadcrumb","itemListElement":[{"@type":"ListItem","position":1,"name":"Accueil","item":"https:\/\/theplayoffs.news\/fr\/"},{"@type":"ListItem","position":2,"name":"Jayson Tatum: Un \u00e9t\u00e9 m\u00e9morable"}]},{"@type":"WebSite","@id":"https:\/\/theplayoffs.news\/fr\/#website","url":"https:\/\/theplayoffs.news\/fr\/","name":"The Playoffs FR","description":"NBA-NFL-NHL-MLB","potentialAction":[{"@type":"SearchAction","target":{"@type":"EntryPoint","urlTemplate":"https:\/\/theplayoffs.news\/fr\/?s={search_term_string}"},"query-input":{"@type":"PropertyValueSpecification","valueRequired":true,"valueName":"search_term_string"}}],"inLanguage":"fr-FR"},{"@type":"Person","@id":"https:\/\/theplayoffs.news\/fr\/#\/schema\/person\/6873025fdeeef5a5a119a678d88f9eb8","name":"Hugo Da Silva","image":{"@type":"ImageObject","inLanguage":"fr-FR","@id":"https:\/\/theplayoffs.news\/fr\/#\/schema\/person\/image\/","url":"https:\/\/secure.gravatar.com\/avatar\/42645c167f2d0d025c99c89a9d5af905f285255ee846e7a777caaecca00b1837?s=96&d=mm&r=g","contentUrl":"https:\/\/secure.gravatar.com\/avatar\/42645c167f2d0d025c99c89a9d5af905f285255ee846e7a777caaecca00b1837?s=96&d=mm&r=g","caption":"Hugo Da Silva"},"url":"https:\/\/theplayoffs.news\/fr\/author\/hugodasilva0903gmail-com\/"}]}},"_links":{"self":[{"href":"https:\/\/theplayoffs.news\/fr\/wp-json\/wp\/v2\/posts\/1452646","targetHints":{"allow":["GET"]}}],"collection":[{"href":"https:\/\/theplayoffs.news\/fr\/wp-json\/wp\/v2\/posts"}],"about":[{"href":"https:\/\/theplayoffs.news\/fr\/wp-json\/wp\/v2\/types\/post"}],"author":[{"embeddable":true,"href":"https:\/\/theplayoffs.news\/fr\/wp-json\/wp\/v2\/users\/180310252"}],"replies":[{"embeddable":true,"href":"https:\/\/theplayoffs.news\/fr\/wp-json\/wp\/v2\/comments?post=1452646"}],"version-history":[{"count":2,"href":"https:\/\/theplayoffs.news\/fr\/wp-json\/wp\/v2\/posts\/1452646\/revisions"}],"predecessor-version":[{"id":1452655,"href":"https:\/\/theplayoffs.news\/fr\/wp-json\/wp\/v2\/posts\/1452646\/revisions\/1452655"}],"wp:featuredmedia":[{"embeddable":true,"href":"https:\/\/theplayoffs.news\/fr\/wp-json\/wp\/v2\/media\/1452649"}],"wp:attachment":[{"href":"https:\/\/theplayoffs.news\/fr\/wp-json\/wp\/v2\/media?parent=1452646"}],"wp:term":[{"taxonomy":"category","embeddable":true,"href":"https:\/\/theplayoffs.news\/fr\/wp-json\/wp\/v2\/categories?post=1452646"},{"taxonomy":"post_tag","embeddable":true,"href":"https:\/\/theplayoffs.news\/fr\/wp-json\/wp\/v2\/tags?post=1452646"},{"taxonomy":"sport","embeddable":true,"href":"https:\/\/theplayoffs.news\/fr\/wp-json\/wp\/v2\/sport?post=1452646"},{"taxonomy":"saison","embeddable":true,"href":"https:\/\/theplayoffs.news\/fr\/wp-json\/wp\/v2\/saison?post=1452646"}],"curies":[{"name":"wp","href":"https:\/\/api.w.org\/{rel}","templated":true}]}}