{"id":1452642,"date":"2024-08-22T11:48:55","date_gmt":"2024-08-22T09:48:55","guid":{"rendered":"https:\/\/theplayoffs.news\/fr\/?p=1452642"},"modified":"2024-08-22T10:57:23","modified_gmt":"2024-08-22T08:57:23","slug":"stephen-curry-un-changement-de-bio-instagram-qui-fait-beaucoup-parler","status":"publish","type":"post","link":"https:\/\/theplayoffs.news\/fr\/actualite-nba\/stephen-curry-un-changement-de-bio-instagram-qui-fait-beaucoup-parler\/","title":{"rendered":"Stephen Curry, un changement de bio Instagram qui fait beaucoup parler"},"content":{"rendered":"<h2>Le meneur des Golden State Warriors, Stephen Curry, l&rsquo;un des joueurs les plus embl&eacute;matiques de l&rsquo;histoire de la NBA, a r&eacute;cemment apport&eacute; un changement subtil mais significatif &agrave; sa pr&eacute;sence sur les m&eacute;dias sociaux. Curry, qui a pass&eacute; ses 15 ans de carri&egrave;re en NBA avec les Warriors, a supprim&eacute; l&rsquo;affiliation de l&rsquo;&eacute;quipe de sa biographie sur Instagram, la rempla&ccedil;ant par une mention de sa r&eacute;cente m&eacute;daille d&rsquo;or avec Team USA aux Jeux olympiques de 2024 &agrave; Paris.<\/h2><p>Cette d&eacute;cision a suscit&eacute; de nombreuses sp&eacute;culations sur <a href=\"https:\/\/theplayoffs.news\/fr\/nba-basketball\/golden-state-warriors-quel-avenir\/\" class=\"trk-cta-link\" data-cta-trk='{\"ctaType\":\"Link\",\"ctaSubType\":\"main\"}'>l&rsquo;avenir de Stephen Curry<\/a> avec les Warriors, une &eacute;quipe qu&rsquo;il a aid&eacute; &agrave; transformer en l&rsquo;une des dynasties les plus dominantes de l&rsquo;histoire de la NBA.<\/p><p>La d&eacute;cision de souligner sa r&eacute;ussite olympique au-del&agrave; de son association de longue date avec les Warriors soul&egrave;ve des questions quant &agrave; l&rsquo;orientation de sa carri&egrave;re alors que la franchise entre dans une p&eacute;riode d&rsquo;incertitude.<\/p><p><a href=\"https:\/\/www.basketballinsiders.com\/news\/steph-curry-removes-warriors-affiliation-from-social-media-sparking-speculation\/\" class=\"trk-cta-link\" data-cta-trk='{\"ctaType\":\"Link\",\"ctaSubType\":\"main\"}'>Le parcours de Curry avec les Warriors<\/a> a commenc&eacute; lorsqu&rsquo;il a &eacute;t&eacute; s&eacute;lectionn&eacute; comme septi&egrave;me choix&nbsp; lors de la Draft NBA de 2009.<\/p><p>Au fil des ann&eacute;es, il est devenu le symbole de l&rsquo;&eacute;quipe, les menant &agrave; quatre championnats NBA en 2015, 2017, 2018 et 2022. Sa qualit&eacute; au tir a r&eacute;volutionn&eacute; le jeu, faisant du tir &agrave; trois points un point essentiel du basketball moderne.<\/p><p><a href=\"https:\/\/twitter.com\/30problemz\/status\/1826342208594919693?ref_src=twsrc%5Etfw%7Ctwcamp%5Etweetembed%7Ctwterm%5E1826342208594919693%7Ctwgr%5E33a74cb00de86721e17734b55841ac6fbe158c12%7Ctwcon%5Es1_c10&amp;ref_url=https%3A%2F%2Fwww.basketballinsiders.com%2Fnews%2Fsteph-curry-removes-warriors-affiliation-from-social-media-sparking-speculation%2F\" class=\"trk-cta-link\" data-cta-trk='{\"ctaType\":\"Link\",\"ctaSubType\":\"main\"}'>https:\/\/twitter.com\/30problemz\/status\/1826342208594919693?ref_src=twsrc%5Etfw%7Ctwcamp%5Etweetembed%7Ctwterm%5E1826342208594919693%7Ctwgr%5E33a74cb00de86721e17734b55841ac6fbe158c12%7Ctwcon%5Es1_c10&amp;ref_url=https%3A%2F%2Fwww.basketballinsiders.com%2Fnews%2Fsteph-curry-removes-warriors-affiliation-from-social-media-sparking-speculation%2F<\/a><\/p><p>En 2022, Curry a obtenu son premier titre de MVP des Finales, &agrave; la cl&eacute; un impressionnant 31,2 points par match sur 48,2 % de tirs r&eacute;ussis et 43,7 % de l&rsquo;autre c&ocirc;t&eacute; de l&rsquo;arc dans la s&eacute;rie contre les Celtics de Boston.<\/p><p>Sa performance a solidifi&eacute; sa place parmi les plus grands de tous les temps, et son leadership a &eacute;t&eacute; d&eacute;terminant pour &eacute;tablir les Warriors comme un concurrent p&eacute;renne.<\/p><p>Malgr&eacute; le g&eacute;nie individuel de Stephen Curry, les Warriors ont d&ucirc; faire face &agrave; des d&eacute;fis ces derni&egrave;res ann&eacute;es.<\/p><p>La saison 2023-2024 a &eacute;t&eacute; particuli&egrave;rement d&eacute;cevante, l&rsquo;&eacute;quipe ayant termin&eacute; avec un bilan de 46-36 et n&rsquo;ayant pas r&eacute;ussi &agrave; se qualifier pour les playoffs.<\/p><p>Cela a marqu&eacute; un contraste frappant avec leurs succ&egrave;s pr&eacute;c&eacute;dents et a mis en &eacute;vidence les difficult&eacute;s de maintenir une dynastie si longtemps dans une NBA toujours plus comp&eacute;titive.<\/p><p>La fin de saison a vu d&rsquo;autres bouleversements, notamment avec Klay Thompson, le partenaire de longue date de StephenCurry sur le backcourt, laissant les Warriors pour rejoindre les Dallas Mavericks.<\/p><p>Le d&eacute;part de Thompson a mis fin &agrave; une &egrave;re pour Golden State, car le duo avait jou&eacute; un r&ocirc;le d&eacute;terminant dans le succ&egrave;s de l&rsquo;&eacute;quipe au cours de la derni&egrave;re d&eacute;cennie.<\/p><p>La perte de Klay Thompson, associ&eacute;e aux difficult&eacute;s de l&rsquo;&eacute;quipe, a suscit&eacute; des questions sur l&rsquo;avenir des Warriors et sur la possible fin comme pr&eacute;tendant au titre chaque ann&eacute;e.<\/p><p>La d&eacute;cision de Stephen Curry de mettre &agrave; jour sa biographie sur Instagram est le dernier d&rsquo;une s&eacute;rie de changements qui ont aliment&eacute; les sp&eacute;culations sur son avenir avec les Warriors.<\/p><p>Bien que le changement puisse sembler mineur, il n&rsquo;est pas pass&eacute; inaper&ccedil;u par les fans et les analystes qui &eacute;tudient ses potentielles retomb&eacute;es.<\/p><p>Le moment de la mise &agrave; jour, peu apr&egrave;s la saison 2023-24 d&eacute;cevante et le d&eacute;part de Thompson, a amen&eacute; certains &agrave; se demander si Stephen Curry envisage lui-m&ecirc;me un changement.<\/p><p>En soulignant son succ&egrave;s olympique, Stephen Curry pourrait signaler un changement de point de vue ou le d&eacute;sir d&rsquo;explorer de nouvelles opportunit&eacute;s alors que sa carri&egrave;re entre dans ses derni&egrave;res belles ann&eacute;es.<\/p><p>&nbsp;<\/p><p>Cr&eacute;dit Photo : Cary Edmondson-USA TODAY Sports<\/p>\n","protected":false},"excerpt":{"rendered":"","protected":false},"author":180310255,"featured_media":1452654,"comment_status":"open","ping_status":"closed","sticky":false,"template":"","format":"standard","meta":{"inline_featured_image":false,"kia_subtitle":"","_mux_skip_reasons":[],"proofreadBy":0,"footnotes":""},"categories":[110,10],"tags":[],"sport":[],"saison":[],"class_list":["post-1452642","post","type-post","status-publish","format-standard","has-post-thumbnail","hentry","category-actualite-nba","category-nba"],"acf":[],"yoast_head":"<!-- This site is optimized with the Yoast SEO plugin v24.2 - https:\/\/yoast.com\/wordpress\/plugins\/seo\/ -->\n<title>Stephen Curry, un changement de bio Instagram qui fait beaucoup parler - The Playoffs FR<\/title>\n<meta name=\"robots\" content=\"index, follow, max-snippet:-1, max-image-preview:large, max-video-preview:-1\" \/>\n<link rel=\"canonical\" href=\"https:\/\/theplayoffs.news\/fr\/actualite-nba\/stephen-curry-un-changement-de-bio-instagram-qui-fait-beaucoup-parler\/\" \/>\n<meta property=\"og:locale\" content=\"fr_FR\" \/>\n<meta property=\"og:type\" content=\"article\" \/>\n<meta property=\"og:title\" content=\"Stephen Curry, un changement de bio Instagram qui fait beaucoup parler - The Playoffs FR\" \/>\n<meta property=\"og:url\" content=\"https:\/\/theplayoffs.news\/fr\/actualite-nba\/stephen-curry-un-changement-de-bio-instagram-qui-fait-beaucoup-parler\/\" \/>\n<meta property=\"og:site_name\" content=\"The Playoffs FR\" \/>\n<meta property=\"article:publisher\" content=\"https:\/\/www.facebook.com\/TheFreeAgentFR\/\" \/>\n<meta property=\"article:modified_time\" content=\"2024-08-22T11:48:55+02:00\" \/>\n<meta property=\"og:image\" content=\"https:\/\/theplayoffs.news\/fr\/wp-content\/uploads\/2024\/08\/USATSI_23045013.jpg\" \/>\n\t<meta property=\"og:image:width\" content=\"1920\" \/>\n\t<meta property=\"og:image:height\" content=\"1280\" \/>\n\t<meta property=\"og:image:type\" content=\"image\/jpeg\" \/>\n<meta name=\"author\" content=\"Elouan Girard\" \/>\n<meta name=\"twitter:card\" content=\"summary_large_image\" \/>\n<meta name=\"twitter:creator\" content=\"@TheFreeAgentFR\" \/>\n<meta name=\"twitter:site\" content=\"@TheFreeAgentFR\" \/>\n<meta name=\"twitter:label1\" content=\"\u00c9crit par\" \/>\n\t<meta name=\"twitter:data1\" content=\"Elouan Girard\" \/>\n\t<meta name=\"twitter:label2\" content=\"Dur\u00e9e de lecture estim\u00e9e\" \/>\n\t<meta name=\"twitter:data2\" content=\"3 minutes\" \/>\n<script type=\"application\/ld+json\" class=\"yoast-schema-graph\">{\"@context\":\"https:\/\/schema.org\",\"@graph\":[{\"@type\":\"WebPage\",\"@id\":\"https:\/\/theplayoffs.news\/fr\/actualite-nba\/stephen-curry-un-changement-de-bio-instagram-qui-fait-beaucoup-parler\/\",\"url\":\"https:\/\/theplayoffs.news\/fr\/actualite-nba\/stephen-curry-un-changement-de-bio-instagram-qui-fait-beaucoup-parler\/\",\"name\":\"Stephen Curry, un changement de bio Instagram qui fait beaucoup parler - The Playoffs FR\",\"isPartOf\":{\"@id\":\"https:\/\/theplayoffs.news\/fr\/#website\"},\"primaryImageOfPage\":{\"@id\":\"https:\/\/theplayoffs.news\/fr\/actualite-nba\/stephen-curry-un-changement-de-bio-instagram-qui-fait-beaucoup-parler\/#primaryimage\"},\"image\":{\"@id\":\"https:\/\/theplayoffs.news\/fr\/actualite-nba\/stephen-curry-un-changement-de-bio-instagram-qui-fait-beaucoup-parler\/#primaryimage\"},\"thumbnailUrl\":\"https:\/\/theplayoffs.news\/fr\/wp-content\/uploads\/2024\/08\/USATSI_23045013.jpg\",\"datePublished\":\"2024-08-22T09:48:55+00:00\",\"dateModified\":\"2024-08-22T11:48:55+02:00\",\"author\":{\"@id\":\"https:\/\/theplayoffs.news\/fr\/#\/schema\/person\/6c4db0b49aa9ade4e6a3ddef3b2842a8\"},\"breadcrumb\":{\"@id\":\"https:\/\/theplayoffs.news\/fr\/actualite-nba\/stephen-curry-un-changement-de-bio-instagram-qui-fait-beaucoup-parler\/#breadcrumb\"},\"inLanguage\":\"fr-FR\",\"potentialAction\":[{\"@type\":\"ReadAction\",\"target\":[\"https:\/\/theplayoffs.news\/fr\/actualite-nba\/stephen-curry-un-changement-de-bio-instagram-qui-fait-beaucoup-parler\/\"]}]},{\"@type\":\"ImageObject\",\"inLanguage\":\"fr-FR\",\"@id\":\"https:\/\/theplayoffs.news\/fr\/actualite-nba\/stephen-curry-un-changement-de-bio-instagram-qui-fait-beaucoup-parler\/#primaryimage\",\"url\":\"https:\/\/theplayoffs.news\/fr\/wp-content\/uploads\/2024\/08\/USATSI_23045013.jpg\",\"contentUrl\":\"https:\/\/theplayoffs.news\/fr\/wp-content\/uploads\/2024\/08\/USATSI_23045013.jpg\",\"width\":1920,\"height\":1280,\"caption\":\"Apr 16, 2024; Sacramento, California, USA; Golden State Warriors guard Stephen Curry (30) walks towards the team bench during a timeout against the Sacramento Kings in the fourth quarter during a play-in game of the 2024 NBA playoffs at the Golden 1 Center. Mandatory Credit: Cary Edmondson-USA TODAY Sports\"},{\"@type\":\"BreadcrumbList\",\"@id\":\"https:\/\/theplayoffs.news\/fr\/actualite-nba\/stephen-curry-un-changement-de-bio-instagram-qui-fait-beaucoup-parler\/#breadcrumb\",\"itemListElement\":[{\"@type\":\"ListItem\",\"position\":1,\"name\":\"Accueil\",\"item\":\"https:\/\/theplayoffs.news\/fr\/\"},{\"@type\":\"ListItem\",\"position\":2,\"name\":\"Stephen Curry, un changement de bio Instagram qui fait beaucoup parler\"}]},{\"@type\":\"WebSite\",\"@id\":\"https:\/\/theplayoffs.news\/fr\/#website\",\"url\":\"https:\/\/theplayoffs.news\/fr\/\",\"name\":\"The Playoffs FR\",\"description\":\"NBA-NFL-NHL-MLB\",\"potentialAction\":[{\"@type\":\"SearchAction\",\"target\":{\"@type\":\"EntryPoint\",\"urlTemplate\":\"https:\/\/theplayoffs.news\/fr\/?s={search_term_string}\"},\"query-input\":{\"@type\":\"PropertyValueSpecification\",\"valueRequired\":true,\"valueName\":\"search_term_string\"}}],\"inLanguage\":\"fr-FR\"},{\"@type\":\"Person\",\"@id\":\"https:\/\/theplayoffs.news\/fr\/#\/schema\/person\/6c4db0b49aa9ade4e6a3ddef3b2842a8\",\"name\":\"Elouan Girard\",\"image\":{\"@type\":\"ImageObject\",\"inLanguage\":\"fr-FR\",\"@id\":\"https:\/\/theplayoffs.news\/fr\/#\/schema\/person\/image\/\",\"url\":\"https:\/\/secure.gravatar.com\/avatar\/230f939104da8456d40e879fa1d9fc19f13fb1470c5c2b6b1cb611f0f579870b?s=96&d=mm&r=g\",\"contentUrl\":\"https:\/\/secure.gravatar.com\/avatar\/230f939104da8456d40e879fa1d9fc19f13fb1470c5c2b6b1cb611f0f579870b?s=96&d=mm&r=g\",\"caption\":\"Elouan Girard\"},\"url\":\"https:\/\/theplayoffs.news\/fr\/author\/elou-girard59gmail-com\/\"}]}<\/script>\n<!-- \/ Yoast SEO plugin. -->","yoast_head_json":{"title":"Stephen Curry, un changement de bio Instagram qui fait beaucoup parler - The Playoffs FR","robots":{"index":"index","follow":"follow","max-snippet":"max-snippet:-1","max-image-preview":"max-image-preview:large","max-video-preview":"max-video-preview:-1"},"canonical":"https:\/\/theplayoffs.news\/fr\/actualite-nba\/stephen-curry-un-changement-de-bio-instagram-qui-fait-beaucoup-parler\/","og_locale":"fr_FR","og_type":"article","og_title":"Stephen Curry, un changement de bio Instagram qui fait beaucoup parler - The Playoffs FR","og_url":"https:\/\/theplayoffs.news\/fr\/actualite-nba\/stephen-curry-un-changement-de-bio-instagram-qui-fait-beaucoup-parler\/","og_site_name":"The Playoffs FR","article_publisher":"https:\/\/www.facebook.com\/TheFreeAgentFR\/","article_modified_time":"2024-08-22T08:57:23+00:00","og_image":[{"width":1920,"height":1280,"url":"https:\/\/theplayoffs.news\/fr\/wp-content\/uploads\/2024\/08\/USATSI_23045013.jpg","type":"image\/jpeg"}],"author":"Elouan Girard","twitter_card":"summary_large_image","twitter_creator":"@TheFreeAgentFR","twitter_site":"@TheFreeAgentFR","twitter_misc":{"\u00c9crit par":"Elouan Girard","Dur\u00e9e de lecture estim\u00e9e":"3 minutes"},"schema":{"@context":"https:\/\/schema.org","@graph":[{"@type":"WebPage","@id":"https:\/\/theplayoffs.news\/fr\/actualite-nba\/stephen-curry-un-changement-de-bio-instagram-qui-fait-beaucoup-parler\/","url":"https:\/\/theplayoffs.news\/fr\/actualite-nba\/stephen-curry-un-changement-de-bio-instagram-qui-fait-beaucoup-parler\/","name":"Stephen Curry, un changement de bio Instagram qui fait beaucoup parler - The Playoffs FR","isPartOf":{"@id":"https:\/\/theplayoffs.news\/fr\/#website"},"primaryImageOfPage":{"@id":"https:\/\/theplayoffs.news\/fr\/actualite-nba\/stephen-curry-un-changement-de-bio-instagram-qui-fait-beaucoup-parler\/#primaryimage"},"image":{"@id":"https:\/\/theplayoffs.news\/fr\/actualite-nba\/stephen-curry-un-changement-de-bio-instagram-qui-fait-beaucoup-parler\/#primaryimage"},"thumbnailUrl":"https:\/\/theplayoffs.news\/fr\/wp-content\/uploads\/2024\/08\/USATSI_23045013.jpg","datePublished":"2024-08-22T09:48:55+00:00","dateModified":"2024-08-22T11:48:55+02:00","author":{"@id":"https:\/\/theplayoffs.news\/fr\/#\/schema\/person\/6c4db0b49aa9ade4e6a3ddef3b2842a8"},"breadcrumb":{"@id":"https:\/\/theplayoffs.news\/fr\/actualite-nba\/stephen-curry-un-changement-de-bio-instagram-qui-fait-beaucoup-parler\/#breadcrumb"},"inLanguage":"fr-FR","potentialAction":[{"@type":"ReadAction","target":["https:\/\/theplayoffs.news\/fr\/actualite-nba\/stephen-curry-un-changement-de-bio-instagram-qui-fait-beaucoup-parler\/"]}]},{"@type":"ImageObject","inLanguage":"fr-FR","@id":"https:\/\/theplayoffs.news\/fr\/actualite-nba\/stephen-curry-un-changement-de-bio-instagram-qui-fait-beaucoup-parler\/#primaryimage","url":"https:\/\/theplayoffs.news\/fr\/wp-content\/uploads\/2024\/08\/USATSI_23045013.jpg","contentUrl":"https:\/\/theplayoffs.news\/fr\/wp-content\/uploads\/2024\/08\/USATSI_23045013.jpg","width":1920,"height":1280,"caption":"Apr 16, 2024; Sacramento, California, USA; Golden State Warriors guard Stephen Curry (30) walks towards the team bench during a timeout against the Sacramento Kings in the fourth quarter during a play-in game of the 2024 NBA playoffs at the Golden 1 Center. Mandatory Credit: Cary Edmondson-USA TODAY Sports"},{"@type":"BreadcrumbList","@id":"https:\/\/theplayoffs.news\/fr\/actualite-nba\/stephen-curry-un-changement-de-bio-instagram-qui-fait-beaucoup-parler\/#breadcrumb","itemListElement":[{"@type":"ListItem","position":1,"name":"Accueil","item":"https:\/\/theplayoffs.news\/fr\/"},{"@type":"ListItem","position":2,"name":"Stephen Curry, un changement de bio Instagram qui fait beaucoup parler"}]},{"@type":"WebSite","@id":"https:\/\/theplayoffs.news\/fr\/#website","url":"https:\/\/theplayoffs.news\/fr\/","name":"The Playoffs FR","description":"NBA-NFL-NHL-MLB","potentialAction":[{"@type":"SearchAction","target":{"@type":"EntryPoint","urlTemplate":"https:\/\/theplayoffs.news\/fr\/?s={search_term_string}"},"query-input":{"@type":"PropertyValueSpecification","valueRequired":true,"valueName":"search_term_string"}}],"inLanguage":"fr-FR"},{"@type":"Person","@id":"https:\/\/theplayoffs.news\/fr\/#\/schema\/person\/6c4db0b49aa9ade4e6a3ddef3b2842a8","name":"Elouan Girard","image":{"@type":"ImageObject","inLanguage":"fr-FR","@id":"https:\/\/theplayoffs.news\/fr\/#\/schema\/person\/image\/","url":"https:\/\/secure.gravatar.com\/avatar\/230f939104da8456d40e879fa1d9fc19f13fb1470c5c2b6b1cb611f0f579870b?s=96&d=mm&r=g","contentUrl":"https:\/\/secure.gravatar.com\/avatar\/230f939104da8456d40e879fa1d9fc19f13fb1470c5c2b6b1cb611f0f579870b?s=96&d=mm&r=g","caption":"Elouan Girard"},"url":"https:\/\/theplayoffs.news\/fr\/author\/elou-girard59gmail-com\/"}]}},"_links":{"self":[{"href":"https:\/\/theplayoffs.news\/fr\/wp-json\/wp\/v2\/posts\/1452642","targetHints":{"allow":["GET"]}}],"collection":[{"href":"https:\/\/theplayoffs.news\/fr\/wp-json\/wp\/v2\/posts"}],"about":[{"href":"https:\/\/theplayoffs.news\/fr\/wp-json\/wp\/v2\/types\/post"}],"author":[{"embeddable":true,"href":"https:\/\/theplayoffs.news\/fr\/wp-json\/wp\/v2\/users\/180310255"}],"replies":[{"embeddable":true,"href":"https:\/\/theplayoffs.news\/fr\/wp-json\/wp\/v2\/comments?post=1452642"}],"version-history":[{"count":2,"href":"https:\/\/theplayoffs.news\/fr\/wp-json\/wp\/v2\/posts\/1452642\/revisions"}],"predecessor-version":[{"id":1452658,"href":"https:\/\/theplayoffs.news\/fr\/wp-json\/wp\/v2\/posts\/1452642\/revisions\/1452658"}],"wp:featuredmedia":[{"embeddable":true,"href":"https:\/\/theplayoffs.news\/fr\/wp-json\/wp\/v2\/media\/1452654"}],"wp:attachment":[{"href":"https:\/\/theplayoffs.news\/fr\/wp-json\/wp\/v2\/media?parent=1452642"}],"wp:term":[{"taxonomy":"category","embeddable":true,"href":"https:\/\/theplayoffs.news\/fr\/wp-json\/wp\/v2\/categories?post=1452642"},{"taxonomy":"post_tag","embeddable":true,"href":"https:\/\/theplayoffs.news\/fr\/wp-json\/wp\/v2\/tags?post=1452642"},{"taxonomy":"sport","embeddable":true,"href":"https:\/\/theplayoffs.news\/fr\/wp-json\/wp\/v2\/sport?post=1452642"},{"taxonomy":"saison","embeddable":true,"href":"https:\/\/theplayoffs.news\/fr\/wp-json\/wp\/v2\/saison?post=1452642"}],"curies":[{"name":"wp","href":"https:\/\/api.w.org\/{rel}","templated":true}]}}