{"id":1451773,"date":"2024-08-18T20:18:21","date_gmt":"2024-08-18T18:18:21","guid":{"rendered":"https:\/\/theplayoffs.news\/fr\/?p=1451773"},"modified":"2024-08-18T20:09:14","modified_gmt":"2024-08-18T18:09:14","slug":"le-renvoi-de-randy-gregory-un-non-evenement-pour-la-defense-des-buccaneers","status":"publish","type":"post","link":"https:\/\/theplayoffs.news\/fr\/actualite-nfl\/le-renvoi-de-randy-gregory-un-non-evenement-pour-la-defense-des-buccaneers\/","title":{"rendered":"Le renvoi de Randy Gregory : un non-\u00e9v\u00e9nement pour la d\u00e9fense des Buccaneers"},"content":{"rendered":"<h2 class=\"p1\">Les Tampa Bay Buccaneers ont r&eacute;cemment fait la une avec le renvoi de Randy Gregory, une d&eacute;cision qui, selon l&rsquo;entra&icirc;neur principal Todd Bowles, n&rsquo;aura pas d&rsquo;impact significatif sur les plans d&eacute;fensifs de l&rsquo;&eacute;quipe.<\/h2><p class=\"p1\"><a href=\"https:\/\/theplayoffs.news\/fr\/joueur\/randy-gregory-nfl-6080958\/\" class=\"trk-cta-link\" data-cta-trk='{\"ctaType\":\"Link\",\"ctaSubType\":\"main\"}'><strong>Randy Gregory<\/strong><\/a>, qui est actuellement engag&eacute; dans une bataille juridique avec la NFL et les Denver Broncos concernant une pr&eacute;tendue discrimination li&eacute;e &agrave; son utilisation d&rsquo;un m&eacute;dicament contenant du THC, ne s&rsquo;est pas pr&eacute;sent&eacute; au camp d&rsquo;entra&icirc;nement et a manqu&eacute; les matchs de pr&eacute;-saison des Buccaneers.<\/p><p class=\"p1\">Ces absences ont finalement conduit &agrave; son renvoi, mais Bowles ne s&rsquo;en inqui&egrave;te pas.<\/p><p class=\"p1\">Lors d&rsquo;une conf&eacute;rence de presse, Bowles a exprim&eacute; peu de surprise ou d&rsquo;inqui&eacute;tude quant au d&eacute;part de Randy Gregory, <a href=\"https:\/\/www.espn.com\/nfl\/story\/_\/id\/40905723\/bowles-released-randy-gregory-miss-never-had\" class=\"trk-cta-link\" data-cta-trk='{\"ctaType\":\"Link\",\"ctaSubType\":\"main\"}'>d&eacute;clarant de mani&egrave;re assez abrupte<\/a>:<\/p><blockquote>\n<p class=\"p1\">&ldquo;On ne peut pas regretter ce qu&rsquo;on n&rsquo;a jamais eu.&rdquo;<\/p>\n<\/blockquote><p class=\"p1\">Cette r&eacute;ponse souligne la confiance de Bowles dans la profondeur du corps de linebackers des Buccaneers, qu&rsquo;il consid&egrave;re comme l&rsquo;une des unit&eacute;s les plus solides de l&rsquo;&eacute;quipe. Le renvoi de Randy Gregory, &agrave; son avis, lib&egrave;re simplement une place sur la liste pour un autre joueur m&eacute;ritant qui a bien perform&eacute; pendant la pr&eacute;-saison.<\/p><p class=\"p1\">La carri&egrave;re de Randy Gregory a &eacute;t&eacute; marqu&eacute;e par des &eacute;clairs de talent, avec un total de 117 plaquages et 22 sacks &agrave; son actif. Cependant, sa capacit&eacute; &agrave; contribuer de mani&egrave;re constante a &eacute;t&eacute; compromise par de multiples suspensions et des probl&egrave;mes en dehors du terrain.<\/p><p>&nbsp;<\/p><p>Credit Photo : Darren Yamashita-USA TODAY Sports<\/p>\n","protected":false},"excerpt":{"rendered":"","protected":false},"author":13,"featured_media":1451774,"comment_status":"open","ping_status":"closed","sticky":false,"template":"","format":"standard","meta":{"inline_featured_image":false,"kia_subtitle":"","_mux_skip_reasons":[],"proofreadBy":0,"footnotes":""},"categories":[118,40],"tags":[3754,801],"sport":[],"saison":[],"class_list":["post-1451773","post","type-post","status-publish","format-standard","has-post-thumbnail","hentry","category-actualite-nfl","category-nfl","tag-randy-gregory","tag-tampa-bay-buccaneers"],"acf":[],"yoast_head":"<!-- This site is optimized with the Yoast SEO plugin v24.2 - https:\/\/yoast.com\/wordpress\/plugins\/seo\/ -->\n<title>Le renvoi de Randy Gregory : un non-&eacute;v&eacute;nement pour la d&eacute;fense des Buccaneers - The Playoffs FR<\/title>\n<meta name=\"robots\" content=\"index, follow, max-snippet:-1, max-image-preview:large, max-video-preview:-1\" \/>\n<link rel=\"canonical\" href=\"https:\/\/theplayoffs.news\/fr\/actualite-nfl\/le-renvoi-de-randy-gregory-un-non-evenement-pour-la-defense-des-buccaneers\/\" \/>\n<meta property=\"og:locale\" content=\"fr_FR\" \/>\n<meta property=\"og:type\" content=\"article\" \/>\n<meta property=\"og:title\" content=\"Le renvoi de Randy Gregory : un non-&eacute;v&eacute;nement pour la d&eacute;fense des Buccaneers - The Playoffs FR\" \/>\n<meta property=\"og:url\" content=\"https:\/\/theplayoffs.news\/fr\/actualite-nfl\/le-renvoi-de-randy-gregory-un-non-evenement-pour-la-defense-des-buccaneers\/\" \/>\n<meta property=\"og:site_name\" content=\"The Playoffs FR\" \/>\n<meta property=\"article:publisher\" content=\"https:\/\/www.facebook.com\/TheFreeAgentFR\/\" \/>\n<meta property=\"article:modified_time\" content=\"2024-08-18T20:18:21+02:00\" \/>\n<meta property=\"og:image\" content=\"https:\/\/theplayoffs.news\/fr\/wp-content\/uploads\/2024\/08\/USATSI_22108526.jpg\" \/>\n\t<meta property=\"og:image:width\" content=\"1920\" \/>\n\t<meta property=\"og:image:height\" content=\"1280\" \/>\n\t<meta property=\"og:image:type\" content=\"image\/jpeg\" \/>\n<meta name=\"author\" content=\"Charles Taudin\" \/>\n<meta name=\"twitter:card\" content=\"summary_large_image\" \/>\n<meta name=\"twitter:creator\" content=\"@TheFreeAgentFR\" \/>\n<meta name=\"twitter:site\" content=\"@TheFreeAgentFR\" \/>\n<meta name=\"twitter:label1\" content=\"\u00c9crit par\" \/>\n\t<meta name=\"twitter:data1\" content=\"Charles Taudin\" \/>\n\t<meta name=\"twitter:label2\" content=\"Dur\u00e9e de lecture estim\u00e9e\" \/>\n\t<meta name=\"twitter:data2\" content=\"1 minute\" \/>\n<script type=\"application\/ld+json\" class=\"yoast-schema-graph\">{\"@context\":\"https:\/\/schema.org\",\"@graph\":[{\"@type\":\"WebPage\",\"@id\":\"https:\/\/theplayoffs.news\/fr\/actualite-nfl\/le-renvoi-de-randy-gregory-un-non-evenement-pour-la-defense-des-buccaneers\/\",\"url\":\"https:\/\/theplayoffs.news\/fr\/actualite-nfl\/le-renvoi-de-randy-gregory-un-non-evenement-pour-la-defense-des-buccaneers\/\",\"name\":\"Le renvoi de Randy Gregory : un non-\u00e9v\u00e9nement pour la d\u00e9fense des Buccaneers - The Playoffs FR\",\"isPartOf\":{\"@id\":\"https:\/\/theplayoffs.news\/fr\/#website\"},\"primaryImageOfPage\":{\"@id\":\"https:\/\/theplayoffs.news\/fr\/actualite-nfl\/le-renvoi-de-randy-gregory-un-non-evenement-pour-la-defense-des-buccaneers\/#primaryimage\"},\"image\":{\"@id\":\"https:\/\/theplayoffs.news\/fr\/actualite-nfl\/le-renvoi-de-randy-gregory-un-non-evenement-pour-la-defense-des-buccaneers\/#primaryimage\"},\"thumbnailUrl\":\"https:\/\/theplayoffs.news\/fr\/wp-content\/uploads\/2024\/08\/USATSI_22108526.jpg\",\"datePublished\":\"2024-08-18T18:18:21+00:00\",\"dateModified\":\"2024-08-18T20:18:21+02:00\",\"author\":{\"@id\":\"https:\/\/theplayoffs.news\/fr\/#\/schema\/person\/eee5b69ad5d3c51cabe881c839dbe133\"},\"breadcrumb\":{\"@id\":\"https:\/\/theplayoffs.news\/fr\/actualite-nfl\/le-renvoi-de-randy-gregory-un-non-evenement-pour-la-defense-des-buccaneers\/#breadcrumb\"},\"inLanguage\":\"fr-FR\",\"potentialAction\":[{\"@type\":\"ReadAction\",\"target\":[\"https:\/\/theplayoffs.news\/fr\/actualite-nfl\/le-renvoi-de-randy-gregory-un-non-evenement-pour-la-defense-des-buccaneers\/\"]}]},{\"@type\":\"ImageObject\",\"inLanguage\":\"fr-FR\",\"@id\":\"https:\/\/theplayoffs.news\/fr\/actualite-nfl\/le-renvoi-de-randy-gregory-un-non-evenement-pour-la-defense-des-buccaneers\/#primaryimage\",\"url\":\"https:\/\/theplayoffs.news\/fr\/wp-content\/uploads\/2024\/08\/USATSI_22108526.jpg\",\"contentUrl\":\"https:\/\/theplayoffs.news\/fr\/wp-content\/uploads\/2024\/08\/USATSI_22108526.jpg\",\"width\":1920,\"height\":1280,\"caption\":\"Dec 10, 2023; Santa Clara, California, USA; San Francisco 49ers linebacker Randy Gregory (5) before the game against the Seattle Seahawks at Levi\\\\'s Stadium. Mandatory Credit: Darren Yamashita-USA TODAY Sports\"},{\"@type\":\"BreadcrumbList\",\"@id\":\"https:\/\/theplayoffs.news\/fr\/actualite-nfl\/le-renvoi-de-randy-gregory-un-non-evenement-pour-la-defense-des-buccaneers\/#breadcrumb\",\"itemListElement\":[{\"@type\":\"ListItem\",\"position\":1,\"name\":\"Accueil\",\"item\":\"https:\/\/theplayoffs.news\/fr\/\"},{\"@type\":\"ListItem\",\"position\":2,\"name\":\"Le renvoi de Randy Gregory : un non-\u00e9v\u00e9nement pour la d\u00e9fense des Buccaneers\"}]},{\"@type\":\"WebSite\",\"@id\":\"https:\/\/theplayoffs.news\/fr\/#website\",\"url\":\"https:\/\/theplayoffs.news\/fr\/\",\"name\":\"The Playoffs FR\",\"description\":\"NBA-NFL-NHL-MLB\",\"potentialAction\":[{\"@type\":\"SearchAction\",\"target\":{\"@type\":\"EntryPoint\",\"urlTemplate\":\"https:\/\/theplayoffs.news\/fr\/?s={search_term_string}\"},\"query-input\":{\"@type\":\"PropertyValueSpecification\",\"valueRequired\":true,\"valueName\":\"search_term_string\"}}],\"inLanguage\":\"fr-FR\"},{\"@type\":\"Person\",\"@id\":\"https:\/\/theplayoffs.news\/fr\/#\/schema\/person\/eee5b69ad5d3c51cabe881c839dbe133\",\"name\":\"Charles Taudin\",\"image\":{\"@type\":\"ImageObject\",\"inLanguage\":\"fr-FR\",\"@id\":\"https:\/\/theplayoffs.news\/fr\/#\/schema\/person\/image\/\",\"url\":\"https:\/\/secure.gravatar.com\/avatar\/59a1e772205ce9fd255edfcafc93013736822e20261f294c5753b20c41ede9f2?s=96&d=mm&r=g\",\"contentUrl\":\"https:\/\/secure.gravatar.com\/avatar\/59a1e772205ce9fd255edfcafc93013736822e20261f294c5753b20c41ede9f2?s=96&d=mm&r=g\",\"caption\":\"Charles Taudin\"},\"description\":\"R\u00e9dacteur en chef global de The Playoffs, j\u2019ai cr\u00e9\u00e9 The Free Agent, devenu The Playoffs FR, en 2020 durant la pand\u00e9mie. Amoureux depuis des ann\u00e9es des 4 sports majeurs am\u00e9ricains, j\u2019organise maintenant la strat\u00e9gie \u00e9ditoriale et les r\u00e9seaux sociaux de l\u2019ensemble des versions de The Playoffs. Il m\u2019arrive encore d\u2019\u00e9crire sur certains sports que j\u2019affectionne particuli\u00e8rement comme la NFL ou la MLB. Si vous devez retenir qu\u2019une chose : Eli Manning est le vrai GOAT pour avoir battu deux fois Tom Brady.\",\"sameAs\":[\"https:\/\/www.instagram.com\/ctaudin_\/\"],\"url\":\"https:\/\/theplayoffs.news\/fr\/author\/charles-taudin\/\"}]}<\/script>\n<!-- \/ Yoast SEO plugin. -->","yoast_head_json":{"title":"Le renvoi de Randy Gregory : un non-&eacute;v&eacute;nement pour la d&eacute;fense des Buccaneers - The Playoffs FR","robots":{"index":"index","follow":"follow","max-snippet":"max-snippet:-1","max-image-preview":"max-image-preview:large","max-video-preview":"max-video-preview:-1"},"canonical":"https:\/\/theplayoffs.news\/fr\/actualite-nfl\/le-renvoi-de-randy-gregory-un-non-evenement-pour-la-defense-des-buccaneers\/","og_locale":"fr_FR","og_type":"article","og_title":"Le renvoi de Randy Gregory : un non-&eacute;v&eacute;nement pour la d&eacute;fense des Buccaneers - The Playoffs FR","og_url":"https:\/\/theplayoffs.news\/fr\/actualite-nfl\/le-renvoi-de-randy-gregory-un-non-evenement-pour-la-defense-des-buccaneers\/","og_site_name":"The Playoffs FR","article_publisher":"https:\/\/www.facebook.com\/TheFreeAgentFR\/","article_modified_time":"2024-08-18T18:09:14+00:00","og_image":[{"width":1920,"height":1280,"url":"https:\/\/theplayoffs.news\/fr\/wp-content\/uploads\/2024\/08\/USATSI_22108526.jpg","type":"image\/jpeg"}],"author":"Charles Taudin","twitter_card":"summary_large_image","twitter_creator":"@TheFreeAgentFR","twitter_site":"@TheFreeAgentFR","twitter_misc":{"\u00c9crit par":"Charles Taudin","Dur\u00e9e de lecture estim\u00e9e":"1 minute"},"schema":{"@context":"https:\/\/schema.org","@graph":[{"@type":"WebPage","@id":"https:\/\/theplayoffs.news\/fr\/actualite-nfl\/le-renvoi-de-randy-gregory-un-non-evenement-pour-la-defense-des-buccaneers\/","url":"https:\/\/theplayoffs.news\/fr\/actualite-nfl\/le-renvoi-de-randy-gregory-un-non-evenement-pour-la-defense-des-buccaneers\/","name":"Le renvoi de Randy Gregory : un non-\u00e9v\u00e9nement pour la d\u00e9fense des Buccaneers - The Playoffs FR","isPartOf":{"@id":"https:\/\/theplayoffs.news\/fr\/#website"},"primaryImageOfPage":{"@id":"https:\/\/theplayoffs.news\/fr\/actualite-nfl\/le-renvoi-de-randy-gregory-un-non-evenement-pour-la-defense-des-buccaneers\/#primaryimage"},"image":{"@id":"https:\/\/theplayoffs.news\/fr\/actualite-nfl\/le-renvoi-de-randy-gregory-un-non-evenement-pour-la-defense-des-buccaneers\/#primaryimage"},"thumbnailUrl":"https:\/\/theplayoffs.news\/fr\/wp-content\/uploads\/2024\/08\/USATSI_22108526.jpg","datePublished":"2024-08-18T18:18:21+00:00","dateModified":"2024-08-18T20:18:21+02:00","author":{"@id":"https:\/\/theplayoffs.news\/fr\/#\/schema\/person\/eee5b69ad5d3c51cabe881c839dbe133"},"breadcrumb":{"@id":"https:\/\/theplayoffs.news\/fr\/actualite-nfl\/le-renvoi-de-randy-gregory-un-non-evenement-pour-la-defense-des-buccaneers\/#breadcrumb"},"inLanguage":"fr-FR","potentialAction":[{"@type":"ReadAction","target":["https:\/\/theplayoffs.news\/fr\/actualite-nfl\/le-renvoi-de-randy-gregory-un-non-evenement-pour-la-defense-des-buccaneers\/"]}]},{"@type":"ImageObject","inLanguage":"fr-FR","@id":"https:\/\/theplayoffs.news\/fr\/actualite-nfl\/le-renvoi-de-randy-gregory-un-non-evenement-pour-la-defense-des-buccaneers\/#primaryimage","url":"https:\/\/theplayoffs.news\/fr\/wp-content\/uploads\/2024\/08\/USATSI_22108526.jpg","contentUrl":"https:\/\/theplayoffs.news\/fr\/wp-content\/uploads\/2024\/08\/USATSI_22108526.jpg","width":1920,"height":1280,"caption":"Dec 10, 2023; Santa Clara, California, USA; San Francisco 49ers linebacker Randy Gregory (5) before the game against the Seattle Seahawks at Levi\\'s Stadium. Mandatory Credit: Darren Yamashita-USA TODAY Sports"},{"@type":"BreadcrumbList","@id":"https:\/\/theplayoffs.news\/fr\/actualite-nfl\/le-renvoi-de-randy-gregory-un-non-evenement-pour-la-defense-des-buccaneers\/#breadcrumb","itemListElement":[{"@type":"ListItem","position":1,"name":"Accueil","item":"https:\/\/theplayoffs.news\/fr\/"},{"@type":"ListItem","position":2,"name":"Le renvoi de Randy Gregory : un non-\u00e9v\u00e9nement pour la d\u00e9fense des Buccaneers"}]},{"@type":"WebSite","@id":"https:\/\/theplayoffs.news\/fr\/#website","url":"https:\/\/theplayoffs.news\/fr\/","name":"The Playoffs FR","description":"NBA-NFL-NHL-MLB","potentialAction":[{"@type":"SearchAction","target":{"@type":"EntryPoint","urlTemplate":"https:\/\/theplayoffs.news\/fr\/?s={search_term_string}"},"query-input":{"@type":"PropertyValueSpecification","valueRequired":true,"valueName":"search_term_string"}}],"inLanguage":"fr-FR"},{"@type":"Person","@id":"https:\/\/theplayoffs.news\/fr\/#\/schema\/person\/eee5b69ad5d3c51cabe881c839dbe133","name":"Charles Taudin","image":{"@type":"ImageObject","inLanguage":"fr-FR","@id":"https:\/\/theplayoffs.news\/fr\/#\/schema\/person\/image\/","url":"https:\/\/secure.gravatar.com\/avatar\/59a1e772205ce9fd255edfcafc93013736822e20261f294c5753b20c41ede9f2?s=96&d=mm&r=g","contentUrl":"https:\/\/secure.gravatar.com\/avatar\/59a1e772205ce9fd255edfcafc93013736822e20261f294c5753b20c41ede9f2?s=96&d=mm&r=g","caption":"Charles Taudin"},"description":"R\u00e9dacteur en chef global de The Playoffs, j\u2019ai cr\u00e9\u00e9 The Free Agent, devenu The Playoffs FR, en 2020 durant la pand\u00e9mie. Amoureux depuis des ann\u00e9es des 4 sports majeurs am\u00e9ricains, j\u2019organise maintenant la strat\u00e9gie \u00e9ditoriale et les r\u00e9seaux sociaux de l\u2019ensemble des versions de The Playoffs. Il m\u2019arrive encore d\u2019\u00e9crire sur certains sports que j\u2019affectionne particuli\u00e8rement comme la NFL ou la MLB. Si vous devez retenir qu\u2019une chose : Eli Manning est le vrai GOAT pour avoir battu deux fois Tom Brady.","sameAs":["https:\/\/www.instagram.com\/ctaudin_\/"],"url":"https:\/\/theplayoffs.news\/fr\/author\/charles-taudin\/"}]}},"_links":{"self":[{"href":"https:\/\/theplayoffs.news\/fr\/wp-json\/wp\/v2\/posts\/1451773","targetHints":{"allow":["GET"]}}],"collection":[{"href":"https:\/\/theplayoffs.news\/fr\/wp-json\/wp\/v2\/posts"}],"about":[{"href":"https:\/\/theplayoffs.news\/fr\/wp-json\/wp\/v2\/types\/post"}],"author":[{"embeddable":true,"href":"https:\/\/theplayoffs.news\/fr\/wp-json\/wp\/v2\/users\/13"}],"replies":[{"embeddable":true,"href":"https:\/\/theplayoffs.news\/fr\/wp-json\/wp\/v2\/comments?post=1451773"}],"version-history":[{"count":2,"href":"https:\/\/theplayoffs.news\/fr\/wp-json\/wp\/v2\/posts\/1451773\/revisions"}],"predecessor-version":[{"id":1451776,"href":"https:\/\/theplayoffs.news\/fr\/wp-json\/wp\/v2\/posts\/1451773\/revisions\/1451776"}],"wp:featuredmedia":[{"embeddable":true,"href":"https:\/\/theplayoffs.news\/fr\/wp-json\/wp\/v2\/media\/1451774"}],"wp:attachment":[{"href":"https:\/\/theplayoffs.news\/fr\/wp-json\/wp\/v2\/media?parent=1451773"}],"wp:term":[{"taxonomy":"category","embeddable":true,"href":"https:\/\/theplayoffs.news\/fr\/wp-json\/wp\/v2\/categories?post=1451773"},{"taxonomy":"post_tag","embeddable":true,"href":"https:\/\/theplayoffs.news\/fr\/wp-json\/wp\/v2\/tags?post=1451773"},{"taxonomy":"sport","embeddable":true,"href":"https:\/\/theplayoffs.news\/fr\/wp-json\/wp\/v2\/sport?post=1451773"},{"taxonomy":"saison","embeddable":true,"href":"https:\/\/theplayoffs.news\/fr\/wp-json\/wp\/v2\/saison?post=1451773"}],"curies":[{"name":"wp","href":"https:\/\/api.w.org\/{rel}","templated":true}]}}