{"id":1451303,"date":"2024-08-15T11:35:50","date_gmt":"2024-08-15T09:35:50","guid":{"rendered":"https:\/\/theplayoffs.news\/fr\/?p=1451303"},"modified":"2024-08-15T11:37:44","modified_gmt":"2024-08-15T09:37:44","slug":"auston-matthews-capitaine-maple-leafs","status":"publish","type":"post","link":"https:\/\/theplayoffs.news\/fr\/actualite-nhl\/auston-matthews-capitaine-maple-leafs\/","title":{"rendered":"Auston matthews officiellement introduit comme nouveau capitaine des Maple Leafs"},"content":{"rendered":"<h2 class=\"p1\">Les Maple Leafs de Toronto ont inaugur&eacute; un nouveau chapitre de leur histoire en nommant Auston Matthews comme 26e capitaine de la franchise.<\/h2><p class=\"p1\">Cette d&eacute;cision marque un moment important non seulement pour l&rsquo;&eacute;quipe mais aussi pour toute la ville, car Auston Matthews devient le premier joueur n&eacute; aux &Eacute;tats-Unis &agrave; porter le &ldquo;C&rdquo; pour les Leafs, succ&eacute;dant &agrave; <a href=\"https:\/\/theplayoffs.news\/fr\/joueur\/john-tavares-toronto-maple-leafs-nhl-2\/\" class=\"trk-cta-link\" data-cta-trk='{\"ctaType\":\"Link\",\"ctaSubType\":\"main\"}'><strong>John Tavares<\/strong><\/a>.<\/p><p class=\"p1\">Tavares, qui a &eacute;t&eacute; capitaine depuis 2019, a d&eacute;missionn&eacute; de son r&ocirc;le, reconnaissant que Matthews est pr&ecirc;t &agrave; diriger l&rsquo;&eacute;quipe vers l&rsquo;avenir.<\/p><p class=\"p1\">La nomination de Matthews en tant que capitaine intervient &agrave; un moment o&ugrave; les Maple Leafs s&rsquo;efforcent de briser une longue disette de championnats qui remonte &agrave; 1967. Avec trois troph&eacute;es Maurice &ldquo;Rocket&rdquo; Richard &agrave; son actif et un troph&eacute;e Hart Memorial en tant que joueur le plus pr&eacute;cieux de la LNH, Auston Matthews a prouv&eacute; sa valeur sur la glace. Son talent pour marquer des buts est in&eacute;gal&eacute;, comme en t&eacute;moigne son record personnel de 69 buts lors de la saison 2023-24.<\/p><blockquote><p>&laquo; C&rsquo;est avec beaucoup d&rsquo;humilit&eacute; que j&rsquo;ai &eacute;t&eacute; nomm&eacute; capitaine des Maple Leafs de Toronto &raquo;, <a href=\"https:\/\/www.espn.com\/nhl\/story\/_\/id\/40858915\/maple-leafs-officially-name-auston-matthews-their-26th-captain\" class=\"trk-cta-link\" data-cta-trk='{\"ctaType\":\"Link\",\"ctaSubType\":\"main\"}'>a d&eacute;clar&eacute; Matthews<\/a>. &laquo; Je suis honor&eacute; de suivre les traces de John et de poursuivre notre travail &agrave; la t&ecirc;te de cette &eacute;quipe avec tant d&rsquo;autres leaders au sein de notre vestiaire. Cette &eacute;quipe, cette ville et nos fans repr&eacute;sentent tout pour moi. Nous sommes tous attach&eacute;s &agrave; l&rsquo;histoire de cette franchise et nous sommes d&eacute;termin&eacute;s &agrave; faire le travail. &raquo;<\/p><\/blockquote><p class=\"p1\">John Tavares, qui reste une pi&egrave;ce ma&icirc;tresse de l&rsquo;&eacute;quipe, a exprim&eacute; son plein soutien &agrave; Matthews, soulignant l&rsquo;esprit de collaboration qui continuera de guider l&rsquo;&eacute;quipe. Le soutien de Tavares &agrave; Matthews signale une transition en douceur dans le leadership, ce qui maintient l&rsquo;accent sur l&rsquo;objectif ultime : remporter la Coupe Stanley.<\/p><p>&nbsp;<\/p><p>Credit Photo : Sam Navarro-USA TODAY Sports<\/p>\n","protected":false},"excerpt":{"rendered":"","protected":false},"author":13,"featured_media":1451304,"comment_status":"open","ping_status":"closed","sticky":false,"template":"","format":"standard","meta":{"inline_featured_image":false,"kia_subtitle":"","_mux_skip_reasons":[],"proofreadBy":0,"footnotes":""},"categories":[187,26],"tags":[1313,7640],"sport":[],"saison":[],"class_list":["post-1451303","post","type-post","status-publish","format-standard","has-post-thumbnail","hentry","category-actualite-nhl","category-nhl","tag-auston-matthews","tag-toronto-maple-lefs"],"acf":[],"yoast_head":"<!-- This site is optimized with the Yoast SEO plugin v24.2 - https:\/\/yoast.com\/wordpress\/plugins\/seo\/ -->\n<title>Auston matthews officiellement introduit comme nouveau capitaine des Maple Leafs - The Playoffs FR<\/title>\n<meta name=\"robots\" content=\"index, follow, max-snippet:-1, max-image-preview:large, max-video-preview:-1\" \/>\n<link rel=\"canonical\" href=\"https:\/\/theplayoffs.news\/fr\/actualite-nhl\/auston-matthews-capitaine-maple-leafs\/\" \/>\n<meta property=\"og:locale\" content=\"fr_FR\" \/>\n<meta property=\"og:type\" content=\"article\" \/>\n<meta property=\"og:title\" content=\"Auston matthews officiellement introduit comme nouveau capitaine des Maple Leafs - The Playoffs FR\" \/>\n<meta property=\"og:url\" content=\"https:\/\/theplayoffs.news\/fr\/actualite-nhl\/auston-matthews-capitaine-maple-leafs\/\" \/>\n<meta property=\"og:site_name\" content=\"The Playoffs FR\" \/>\n<meta property=\"article:publisher\" content=\"https:\/\/www.facebook.com\/TheFreeAgentFR\/\" \/>\n<meta property=\"article:modified_time\" content=\"2024-08-15T11:37:44+02:00\" \/>\n<meta property=\"og:image\" content=\"https:\/\/theplayoffs.news\/fr\/wp-content\/uploads\/2024\/08\/USATSI_23043933.jpg\" \/>\n\t<meta property=\"og:image:width\" content=\"1920\" \/>\n\t<meta property=\"og:image:height\" content=\"1280\" \/>\n\t<meta property=\"og:image:type\" content=\"image\/jpeg\" \/>\n<meta name=\"author\" content=\"Charles Taudin\" \/>\n<meta name=\"twitter:card\" content=\"summary_large_image\" \/>\n<meta name=\"twitter:creator\" content=\"@TheFreeAgentFR\" \/>\n<meta name=\"twitter:site\" content=\"@TheFreeAgentFR\" \/>\n<meta name=\"twitter:label1\" content=\"\u00c9crit par\" \/>\n\t<meta name=\"twitter:data1\" content=\"Charles Taudin\" \/>\n\t<meta name=\"twitter:label2\" content=\"Dur\u00e9e de lecture estim\u00e9e\" \/>\n\t<meta name=\"twitter:data2\" content=\"2 minutes\" \/>\n<script type=\"application\/ld+json\" class=\"yoast-schema-graph\">{\"@context\":\"https:\/\/schema.org\",\"@graph\":[{\"@type\":\"WebPage\",\"@id\":\"https:\/\/theplayoffs.news\/fr\/actualite-nhl\/auston-matthews-capitaine-maple-leafs\/\",\"url\":\"https:\/\/theplayoffs.news\/fr\/actualite-nhl\/auston-matthews-capitaine-maple-leafs\/\",\"name\":\"Auston matthews officiellement introduit comme nouveau capitaine des Maple Leafs - The Playoffs FR\",\"isPartOf\":{\"@id\":\"https:\/\/theplayoffs.news\/fr\/#website\"},\"primaryImageOfPage\":{\"@id\":\"https:\/\/theplayoffs.news\/fr\/actualite-nhl\/auston-matthews-capitaine-maple-leafs\/#primaryimage\"},\"image\":{\"@id\":\"https:\/\/theplayoffs.news\/fr\/actualite-nhl\/auston-matthews-capitaine-maple-leafs\/#primaryimage\"},\"thumbnailUrl\":\"https:\/\/theplayoffs.news\/fr\/wp-content\/uploads\/2024\/08\/USATSI_23043933.jpg\",\"datePublished\":\"2024-08-15T09:35:50+00:00\",\"dateModified\":\"2024-08-15T09:37:44+00:00\",\"author\":{\"@id\":\"https:\/\/theplayoffs.news\/fr\/#\/schema\/person\/eee5b69ad5d3c51cabe881c839dbe133\"},\"breadcrumb\":{\"@id\":\"https:\/\/theplayoffs.news\/fr\/actualite-nhl\/auston-matthews-capitaine-maple-leafs\/#breadcrumb\"},\"inLanguage\":\"fr-FR\",\"potentialAction\":[{\"@type\":\"ReadAction\",\"target\":[\"https:\/\/theplayoffs.news\/fr\/actualite-nhl\/auston-matthews-capitaine-maple-leafs\/\"]}]},{\"@type\":\"ImageObject\",\"inLanguage\":\"fr-FR\",\"@id\":\"https:\/\/theplayoffs.news\/fr\/actualite-nhl\/auston-matthews-capitaine-maple-leafs\/#primaryimage\",\"url\":\"https:\/\/theplayoffs.news\/fr\/wp-content\/uploads\/2024\/08\/USATSI_23043933.jpg\",\"contentUrl\":\"https:\/\/theplayoffs.news\/fr\/wp-content\/uploads\/2024\/08\/USATSI_23043933.jpg\",\"width\":1920,\"height\":1280,\"caption\":\"Apr 16, 2024; Sunrise, Florida, USA; Toronto Maple Leafs center Auston Matthews (34) looks on against the Florida Panthers during the third period at Amerant Bank Arena. Mandatory Credit: Sam Navarro-USA TODAY Sports\"},{\"@type\":\"BreadcrumbList\",\"@id\":\"https:\/\/theplayoffs.news\/fr\/actualite-nhl\/auston-matthews-capitaine-maple-leafs\/#breadcrumb\",\"itemListElement\":[{\"@type\":\"ListItem\",\"position\":1,\"name\":\"Accueil\",\"item\":\"https:\/\/theplayoffs.news\/fr\/\"},{\"@type\":\"ListItem\",\"position\":2,\"name\":\"Auston matthews officiellement introduit comme nouveau capitaine des Maple Leafs\"}]},{\"@type\":\"WebSite\",\"@id\":\"https:\/\/theplayoffs.news\/fr\/#website\",\"url\":\"https:\/\/theplayoffs.news\/fr\/\",\"name\":\"The Playoffs FR\",\"description\":\"NBA-NFL-NHL-MLB\",\"potentialAction\":[{\"@type\":\"SearchAction\",\"target\":{\"@type\":\"EntryPoint\",\"urlTemplate\":\"https:\/\/theplayoffs.news\/fr\/?s={search_term_string}\"},\"query-input\":{\"@type\":\"PropertyValueSpecification\",\"valueRequired\":true,\"valueName\":\"search_term_string\"}}],\"inLanguage\":\"fr-FR\"},{\"@type\":\"Person\",\"@id\":\"https:\/\/theplayoffs.news\/fr\/#\/schema\/person\/eee5b69ad5d3c51cabe881c839dbe133\",\"name\":\"Charles Taudin\",\"image\":{\"@type\":\"ImageObject\",\"inLanguage\":\"fr-FR\",\"@id\":\"https:\/\/theplayoffs.news\/fr\/#\/schema\/person\/image\/\",\"url\":\"https:\/\/secure.gravatar.com\/avatar\/59a1e772205ce9fd255edfcafc93013736822e20261f294c5753b20c41ede9f2?s=96&d=mm&r=g\",\"contentUrl\":\"https:\/\/secure.gravatar.com\/avatar\/59a1e772205ce9fd255edfcafc93013736822e20261f294c5753b20c41ede9f2?s=96&d=mm&r=g\",\"caption\":\"Charles Taudin\"},\"description\":\"R\u00e9dacteur en chef global de The Playoffs, j\u2019ai cr\u00e9\u00e9 The Free Agent, devenu The Playoffs FR, en 2020 durant la pand\u00e9mie. Amoureux depuis des ann\u00e9es des 4 sports majeurs am\u00e9ricains, j\u2019organise maintenant la strat\u00e9gie \u00e9ditoriale et les r\u00e9seaux sociaux de l\u2019ensemble des versions de The Playoffs. Il m\u2019arrive encore d\u2019\u00e9crire sur certains sports que j\u2019affectionne particuli\u00e8rement comme la NFL ou la MLB. Si vous devez retenir qu\u2019une chose : Eli Manning est le vrai GOAT pour avoir battu deux fois Tom Brady.\",\"sameAs\":[\"https:\/\/www.instagram.com\/ctaudin_\/\"],\"url\":\"https:\/\/theplayoffs.news\/fr\/author\/charles-taudin\/\"}]}<\/script>\n<!-- \/ Yoast SEO plugin. -->","yoast_head_json":{"title":"Auston matthews officiellement introduit comme nouveau capitaine des Maple Leafs - The Playoffs FR","robots":{"index":"index","follow":"follow","max-snippet":"max-snippet:-1","max-image-preview":"max-image-preview:large","max-video-preview":"max-video-preview:-1"},"canonical":"https:\/\/theplayoffs.news\/fr\/actualite-nhl\/auston-matthews-capitaine-maple-leafs\/","og_locale":"fr_FR","og_type":"article","og_title":"Auston matthews officiellement introduit comme nouveau capitaine des Maple Leafs - The Playoffs FR","og_url":"https:\/\/theplayoffs.news\/fr\/actualite-nhl\/auston-matthews-capitaine-maple-leafs\/","og_site_name":"The Playoffs FR","article_publisher":"https:\/\/www.facebook.com\/TheFreeAgentFR\/","article_modified_time":"2024-08-15T09:37:44+00:00","og_image":[{"width":1920,"height":1280,"url":"https:\/\/theplayoffs.news\/fr\/wp-content\/uploads\/2024\/08\/USATSI_23043933.jpg","type":"image\/jpeg"}],"author":"Charles Taudin","twitter_card":"summary_large_image","twitter_creator":"@TheFreeAgentFR","twitter_site":"@TheFreeAgentFR","twitter_misc":{"\u00c9crit par":"Charles Taudin","Dur\u00e9e de lecture estim\u00e9e":"2 minutes"},"schema":{"@context":"https:\/\/schema.org","@graph":[{"@type":"WebPage","@id":"https:\/\/theplayoffs.news\/fr\/actualite-nhl\/auston-matthews-capitaine-maple-leafs\/","url":"https:\/\/theplayoffs.news\/fr\/actualite-nhl\/auston-matthews-capitaine-maple-leafs\/","name":"Auston matthews officiellement introduit comme nouveau capitaine des Maple Leafs - The Playoffs FR","isPartOf":{"@id":"https:\/\/theplayoffs.news\/fr\/#website"},"primaryImageOfPage":{"@id":"https:\/\/theplayoffs.news\/fr\/actualite-nhl\/auston-matthews-capitaine-maple-leafs\/#primaryimage"},"image":{"@id":"https:\/\/theplayoffs.news\/fr\/actualite-nhl\/auston-matthews-capitaine-maple-leafs\/#primaryimage"},"thumbnailUrl":"https:\/\/theplayoffs.news\/fr\/wp-content\/uploads\/2024\/08\/USATSI_23043933.jpg","datePublished":"2024-08-15T09:35:50+00:00","dateModified":"2024-08-15T09:37:44+00:00","author":{"@id":"https:\/\/theplayoffs.news\/fr\/#\/schema\/person\/eee5b69ad5d3c51cabe881c839dbe133"},"breadcrumb":{"@id":"https:\/\/theplayoffs.news\/fr\/actualite-nhl\/auston-matthews-capitaine-maple-leafs\/#breadcrumb"},"inLanguage":"fr-FR","potentialAction":[{"@type":"ReadAction","target":["https:\/\/theplayoffs.news\/fr\/actualite-nhl\/auston-matthews-capitaine-maple-leafs\/"]}]},{"@type":"ImageObject","inLanguage":"fr-FR","@id":"https:\/\/theplayoffs.news\/fr\/actualite-nhl\/auston-matthews-capitaine-maple-leafs\/#primaryimage","url":"https:\/\/theplayoffs.news\/fr\/wp-content\/uploads\/2024\/08\/USATSI_23043933.jpg","contentUrl":"https:\/\/theplayoffs.news\/fr\/wp-content\/uploads\/2024\/08\/USATSI_23043933.jpg","width":1920,"height":1280,"caption":"Apr 16, 2024; Sunrise, Florida, USA; Toronto Maple Leafs center Auston Matthews (34) looks on against the Florida Panthers during the third period at Amerant Bank Arena. Mandatory Credit: Sam Navarro-USA TODAY Sports"},{"@type":"BreadcrumbList","@id":"https:\/\/theplayoffs.news\/fr\/actualite-nhl\/auston-matthews-capitaine-maple-leafs\/#breadcrumb","itemListElement":[{"@type":"ListItem","position":1,"name":"Accueil","item":"https:\/\/theplayoffs.news\/fr\/"},{"@type":"ListItem","position":2,"name":"Auston matthews officiellement introduit comme nouveau capitaine des Maple Leafs"}]},{"@type":"WebSite","@id":"https:\/\/theplayoffs.news\/fr\/#website","url":"https:\/\/theplayoffs.news\/fr\/","name":"The Playoffs FR","description":"NBA-NFL-NHL-MLB","potentialAction":[{"@type":"SearchAction","target":{"@type":"EntryPoint","urlTemplate":"https:\/\/theplayoffs.news\/fr\/?s={search_term_string}"},"query-input":{"@type":"PropertyValueSpecification","valueRequired":true,"valueName":"search_term_string"}}],"inLanguage":"fr-FR"},{"@type":"Person","@id":"https:\/\/theplayoffs.news\/fr\/#\/schema\/person\/eee5b69ad5d3c51cabe881c839dbe133","name":"Charles Taudin","image":{"@type":"ImageObject","inLanguage":"fr-FR","@id":"https:\/\/theplayoffs.news\/fr\/#\/schema\/person\/image\/","url":"https:\/\/secure.gravatar.com\/avatar\/59a1e772205ce9fd255edfcafc93013736822e20261f294c5753b20c41ede9f2?s=96&d=mm&r=g","contentUrl":"https:\/\/secure.gravatar.com\/avatar\/59a1e772205ce9fd255edfcafc93013736822e20261f294c5753b20c41ede9f2?s=96&d=mm&r=g","caption":"Charles Taudin"},"description":"R\u00e9dacteur en chef global de The Playoffs, j\u2019ai cr\u00e9\u00e9 The Free Agent, devenu The Playoffs FR, en 2020 durant la pand\u00e9mie. Amoureux depuis des ann\u00e9es des 4 sports majeurs am\u00e9ricains, j\u2019organise maintenant la strat\u00e9gie \u00e9ditoriale et les r\u00e9seaux sociaux de l\u2019ensemble des versions de The Playoffs. Il m\u2019arrive encore d\u2019\u00e9crire sur certains sports que j\u2019affectionne particuli\u00e8rement comme la NFL ou la MLB. Si vous devez retenir qu\u2019une chose : Eli Manning est le vrai GOAT pour avoir battu deux fois Tom Brady.","sameAs":["https:\/\/www.instagram.com\/ctaudin_\/"],"url":"https:\/\/theplayoffs.news\/fr\/author\/charles-taudin\/"}]}},"_links":{"self":[{"href":"https:\/\/theplayoffs.news\/fr\/wp-json\/wp\/v2\/posts\/1451303","targetHints":{"allow":["GET"]}}],"collection":[{"href":"https:\/\/theplayoffs.news\/fr\/wp-json\/wp\/v2\/posts"}],"about":[{"href":"https:\/\/theplayoffs.news\/fr\/wp-json\/wp\/v2\/types\/post"}],"author":[{"embeddable":true,"href":"https:\/\/theplayoffs.news\/fr\/wp-json\/wp\/v2\/users\/13"}],"replies":[{"embeddable":true,"href":"https:\/\/theplayoffs.news\/fr\/wp-json\/wp\/v2\/comments?post=1451303"}],"version-history":[{"count":3,"href":"https:\/\/theplayoffs.news\/fr\/wp-json\/wp\/v2\/posts\/1451303\/revisions"}],"predecessor-version":[{"id":1451307,"href":"https:\/\/theplayoffs.news\/fr\/wp-json\/wp\/v2\/posts\/1451303\/revisions\/1451307"}],"wp:featuredmedia":[{"embeddable":true,"href":"https:\/\/theplayoffs.news\/fr\/wp-json\/wp\/v2\/media\/1451304"}],"wp:attachment":[{"href":"https:\/\/theplayoffs.news\/fr\/wp-json\/wp\/v2\/media?parent=1451303"}],"wp:term":[{"taxonomy":"category","embeddable":true,"href":"https:\/\/theplayoffs.news\/fr\/wp-json\/wp\/v2\/categories?post=1451303"},{"taxonomy":"post_tag","embeddable":true,"href":"https:\/\/theplayoffs.news\/fr\/wp-json\/wp\/v2\/tags?post=1451303"},{"taxonomy":"sport","embeddable":true,"href":"https:\/\/theplayoffs.news\/fr\/wp-json\/wp\/v2\/sport?post=1451303"},{"taxonomy":"saison","embeddable":true,"href":"https:\/\/theplayoffs.news\/fr\/wp-json\/wp\/v2\/saison?post=1451303"}],"curies":[{"name":"wp","href":"https:\/\/api.w.org\/{rel}","templated":true}]}}