{"id":1451267,"date":"2024-08-15T10:50:27","date_gmt":"2024-08-15T08:50:27","guid":{"rendered":"https:\/\/theplayoffs.news\/fr\/?p=1451267"},"modified":"2024-08-15T09:52:53","modified_gmt":"2024-08-15T07:52:53","slug":"badis-grami-je-veux-confirmer-saison-2024","status":"publish","type":"post","link":"https:\/\/theplayoffs.news\/fr\/d1\/badis-grami-je-veux-confirmer-saison-2024\/","title":{"rendered":"Badis Grami: &lsquo;Je veux pouvoir confirmer ma bonne saison 2024&rsquo;"},"content":{"rendered":"<h2>D1 Elite &ndash; Dans une interview accord&eacute; &agrave; The Free Agent, Badis Grami, ex quarterback du Flash de La Courneuve, revient sur sa d&eacute;cision de quitter son ancienne &eacute;quipe.<\/h2><p>La derni&egrave;re fois que nous avions vu Badis Grami sur un terrain, c&rsquo;&eacute;tait lors de la d&eacute;faite <a href=\"https:\/\/theplayoffs.news\/fr\/nfl\/d1-elite-resume-finale\/\" class=\"trk-cta-link\" data-cta-trk='{\"ctaType\":\"Link\",\"ctaSubType\":\"main\"}'>37-33<\/a> de son &eacute;quipe du Flash de La Courneuve face aux Black Panthers de Thonon-les-Bains lors du Casque de Diamant, la grande finale du <a href=\"https:\/\/www.fffa.org\/classement-fffa-championnat-elite\/\" class=\"trk-cta-link\" data-cta-trk='{\"ctaType\":\"Link\",\"ctaSubType\":\"main\"}'>championnat de France de D1 Elite<\/a>, disput&eacute; &agrave; Perpignan. Ce que nous ne savions pas &agrave; cet instant c&rsquo;est que Badis Grami disputerait aussi &agrave; cette occasion son dernier match avec le Flash de La Courneuve, au moins pendant un petit moment. Car le quarterback a pris la d&eacute;cision d&rsquo;&eacute;tudier les offres venus d&rsquo;ailleurs et de changer de club pour la saison 2025.<\/p><h3>Badis Grami pas suffisamment r&eacute;compens&eacute; de sa bonne saison?<\/h3><p>Rappelons un petit peu l&rsquo;histoire de Badis Grami dans cette saison de D1 Elite 2024. Plac&eacute; comme quarterback titulaire apr&egrave;s la blessure de L&eacute;o Cremades, le jeune quarterback ne l&acirc;chera plus les r&ecirc;nes de l&rsquo;&eacute;quipe francilienne qu&rsquo;il conduira donc jusqu&rsquo;en finale du championnat de France. Une saison plut&ocirc;t r&eacute;ussie donc sur le plan collectif mais aussi sur le plan individuel avec 975 yards lanc&eacute;s et 10 touchdowns en seulement 5 matchs disput&eacute;s en saison r&eacute;guli&egrave;re.<\/p><p>Malheureusement pour Grami, ces bonnes performances n&rsquo;ont pas sembl&eacute; suffire. Lors d&rsquo;un entretien avec les dirigeants du Flash de La Courneuve, Badis Grami comprend que le r&ocirc;le qui lui sera confi&eacute; lors de la saison 2025 &agrave; venir n&rsquo;est pas vraiment celui qu&rsquo;il esp&eacute;rait. Nous n&rsquo;en saurons pas beaucoup plus si ce n&rsquo;est que le num&eacute;ro 10 du Flash aurait parfaitement pu concevoir d&rsquo;&ecirc;tre en concurrence avec L&eacute;o Cremades mais que ce n&rsquo;est pas &laquo;&nbsp;la direction que souhaite prendre l&rsquo;&eacute;quipe pour la prochaine saison&nbsp;&raquo;.<\/p><p>A partir de ce moment, le jeune quarterback fran&ccedil;ais a eu une d&eacute;cision &agrave; prendre: rester au Flash de La Courneuve pour embrasser ce nouveau projet qui ne semblait gu&egrave;re le convaincre ou &eacute;tudier les offres des autres &eacute;quipes qui pourraient s&rsquo;int&eacute;resser &agrave; lui. C&rsquo;est dans cette voie que l&rsquo;ancien quarterback du Flash a d&eacute;cid&eacute; de se plonger. Avec tout le succ&egrave;s que nous pouvons lui souhaiter.<\/p><h3>Des offres multiples pour une d&eacute;cision imminente!<\/h3><p>Restait maintenant &agrave; savoir pour Badis Grami si sa saison 2024 avait suffisamment convaincu les dirigeants des autres &eacute;quipes fran&ccedil;aises au point de pouvoir recevoir des offres multiples. Cela semble &ecirc;tre le cas puisque le jeune quarterback nous confie qu&rsquo;il aurait re&ccedil;u &laquo;&nbsp;5 &agrave; 6 offres d&rsquo;&eacute;quipes int&eacute;ress&eacute;s avec lesquelles je suis en discussion&nbsp;&raquo;. Des offres qui &eacute;manent de partout: D1 Elite mais aussi D2, Conf&eacute;rence Nord comme Conf&eacute;rence Sud, Grami semble avoir convaincu bien au-del&agrave; des fronti&egrave;res de l&rsquo;Ile-de-France.<\/p><p>M&ecirc;me si le nom de ces &eacute;quipes ne sont pas encore connues, les discussions semblent bien avanc&eacute;es avec plusieurs dirigeants. Mais Badis Grami ne veut pas se pr&eacute;cipiter pour faire son choix et se laisse jusqu&rsquo;&agrave; &laquo;&nbsp;la premi&egrave;re quinzaine de septembre&nbsp;&raquo; pour pouvoir se fixer sur une d&eacute;cision et annoncer sa prochaine destination.<\/p><p>Une chose est cependant certaine: Badis Grami a des objectifs personnels mais aussi collectifs pour les prochains mois. Lors de la saison 2025, il souhaite &agrave; titre personnel &laquo;&nbsp;confirmer sa bonne saison 2024&nbsp;&raquo; et &laquo;&nbsp;prouver que l&rsquo;on peut compter sur de bons quarterbacks fran&ccedil;ais sans forc&eacute;ment faire appel &agrave; un import am&eacute;ricain&nbsp;&raquo;. Mais il ambitionne aussi collectivement de &laquo;&nbsp;faire passer sa nouvelle &eacute;quipe &agrave; l&rsquo;&eacute;tage sup&eacute;rieur&nbsp;&raquo;: champion de France, playoffs ou accession en D1 Elite? Cela d&eacute;pendra de sa d&eacute;cision et de son choix pour sa nouvelle &eacute;quipe.<\/p><p>Un choix que nous devrions donc conna&icirc;tre dans moins d&rsquo;un mois.<\/p><p><em>Cr&eacute;dit photo: Anna Shnaider<\/em><\/p>\n","protected":false},"excerpt":{"rendered":"","protected":false},"author":180309964,"featured_media":1451279,"comment_status":"open","ping_status":"closed","sticky":false,"template":"","format":"standard","meta":{"inline_featured_image":false,"kia_subtitle":"","_mux_skip_reasons":[],"proofreadBy":0,"footnotes":""},"categories":[3324,40],"tags":[7639,5342],"sport":[2785],"saison":[6111],"class_list":["post-1451267","post","type-post","status-publish","format-standard","has-post-thumbnail","hentry","category-d1","category-nfl","tag-badis-grami","tag-d1-elite","sport-nfl","saison-6111"],"acf":[],"yoast_head":"<!-- This site is optimized with the Yoast SEO plugin v24.2 - https:\/\/yoast.com\/wordpress\/plugins\/seo\/ -->\n<title>Badis Grami: &#039;Je veux pouvoir confirmer ma bonne saison 2024&#039; - The Playoffs FR<\/title>\n<meta name=\"robots\" content=\"index, follow, max-snippet:-1, max-image-preview:large, max-video-preview:-1\" \/>\n<link rel=\"canonical\" href=\"https:\/\/theplayoffs.news\/fr\/d1\/badis-grami-je-veux-confirmer-saison-2024\/\" \/>\n<meta property=\"og:locale\" content=\"fr_FR\" \/>\n<meta property=\"og:type\" content=\"article\" \/>\n<meta property=\"og:title\" content=\"Badis Grami: &#039;Je veux pouvoir confirmer ma bonne saison 2024&#039; - The Playoffs FR\" \/>\n<meta property=\"og:url\" content=\"https:\/\/theplayoffs.news\/fr\/d1\/badis-grami-je-veux-confirmer-saison-2024\/\" \/>\n<meta property=\"og:site_name\" content=\"The Playoffs FR\" \/>\n<meta property=\"article:publisher\" content=\"https:\/\/www.facebook.com\/TheFreeAgentFR\/\" \/>\n<meta property=\"article:modified_time\" content=\"2024-08-15T10:50:27+02:00\" \/>\n<meta property=\"og:image\" content=\"https:\/\/theplayoffs.news\/fr\/wp-content\/uploads\/2024\/08\/Income-Great-Ideas-Low-Investment-YouTube-Thumbnail-1.jpg\" \/>\n\t<meta property=\"og:image:width\" content=\"1280\" \/>\n\t<meta property=\"og:image:height\" content=\"720\" \/>\n\t<meta property=\"og:image:type\" content=\"image\/jpeg\" \/>\n<meta name=\"author\" content=\"Flavien Jumeau\" \/>\n<meta name=\"twitter:card\" content=\"summary_large_image\" \/>\n<meta name=\"twitter:creator\" content=\"@TheFreeAgentFR\" \/>\n<meta name=\"twitter:site\" content=\"@TheFreeAgentFR\" \/>\n<meta name=\"twitter:label1\" content=\"\u00c9crit par\" \/>\n\t<meta name=\"twitter:data1\" content=\"Flavien Jumeau\" \/>\n\t<meta name=\"twitter:label2\" content=\"Dur\u00e9e de lecture estim\u00e9e\" \/>\n\t<meta name=\"twitter:data2\" content=\"3 minutes\" \/>\n<script type=\"application\/ld+json\" class=\"yoast-schema-graph\">{\"@context\":\"https:\/\/schema.org\",\"@graph\":[{\"@type\":\"WebPage\",\"@id\":\"https:\/\/theplayoffs.news\/fr\/d1\/badis-grami-je-veux-confirmer-saison-2024\/\",\"url\":\"https:\/\/theplayoffs.news\/fr\/d1\/badis-grami-je-veux-confirmer-saison-2024\/\",\"name\":\"Badis Grami: \\\\'Je veux pouvoir confirmer ma bonne saison 2024\\\\' - The Playoffs FR\",\"isPartOf\":{\"@id\":\"https:\/\/theplayoffs.news\/fr\/#website\"},\"primaryImageOfPage\":{\"@id\":\"https:\/\/theplayoffs.news\/fr\/d1\/badis-grami-je-veux-confirmer-saison-2024\/#primaryimage\"},\"image\":{\"@id\":\"https:\/\/theplayoffs.news\/fr\/d1\/badis-grami-je-veux-confirmer-saison-2024\/#primaryimage\"},\"thumbnailUrl\":\"https:\/\/theplayoffs.news\/fr\/wp-content\/uploads\/2024\/08\/Income-Great-Ideas-Low-Investment-YouTube-Thumbnail-1.jpg\",\"datePublished\":\"2024-08-15T08:50:27+00:00\",\"dateModified\":\"2024-08-15T10:50:27+02:00\",\"author\":{\"@id\":\"https:\/\/theplayoffs.news\/fr\/#\/schema\/person\/def63bc6746dc5957469b75feb99e66d\"},\"breadcrumb\":{\"@id\":\"https:\/\/theplayoffs.news\/fr\/d1\/badis-grami-je-veux-confirmer-saison-2024\/#breadcrumb\"},\"inLanguage\":\"fr-FR\",\"potentialAction\":[{\"@type\":\"ReadAction\",\"target\":[\"https:\/\/theplayoffs.news\/fr\/d1\/badis-grami-je-veux-confirmer-saison-2024\/\"]}]},{\"@type\":\"ImageObject\",\"inLanguage\":\"fr-FR\",\"@id\":\"https:\/\/theplayoffs.news\/fr\/d1\/badis-grami-je-veux-confirmer-saison-2024\/#primaryimage\",\"url\":\"https:\/\/theplayoffs.news\/fr\/wp-content\/uploads\/2024\/08\/Income-Great-Ideas-Low-Investment-YouTube-Thumbnail-1.jpg\",\"contentUrl\":\"https:\/\/theplayoffs.news\/fr\/wp-content\/uploads\/2024\/08\/Income-Great-Ideas-Low-Investment-YouTube-Thumbnail-1.jpg\",\"width\":1280,\"height\":720,\"caption\":\"badis grami\"},{\"@type\":\"BreadcrumbList\",\"@id\":\"https:\/\/theplayoffs.news\/fr\/d1\/badis-grami-je-veux-confirmer-saison-2024\/#breadcrumb\",\"itemListElement\":[{\"@type\":\"ListItem\",\"position\":1,\"name\":\"Accueil\",\"item\":\"https:\/\/theplayoffs.news\/fr\/\"},{\"@type\":\"ListItem\",\"position\":2,\"name\":\"Badis Grami: &lsquo;Je veux pouvoir confirmer ma bonne saison 2024&rsquo;\"}]},{\"@type\":\"WebSite\",\"@id\":\"https:\/\/theplayoffs.news\/fr\/#website\",\"url\":\"https:\/\/theplayoffs.news\/fr\/\",\"name\":\"The Playoffs FR\",\"description\":\"NBA-NFL-NHL-MLB\",\"potentialAction\":[{\"@type\":\"SearchAction\",\"target\":{\"@type\":\"EntryPoint\",\"urlTemplate\":\"https:\/\/theplayoffs.news\/fr\/?s={search_term_string}\"},\"query-input\":{\"@type\":\"PropertyValueSpecification\",\"valueRequired\":true,\"valueName\":\"search_term_string\"}}],\"inLanguage\":\"fr-FR\"},{\"@type\":\"Person\",\"@id\":\"https:\/\/theplayoffs.news\/fr\/#\/schema\/person\/def63bc6746dc5957469b75feb99e66d\",\"name\":\"Flavien Jumeau\",\"image\":{\"@type\":\"ImageObject\",\"inLanguage\":\"fr-FR\",\"@id\":\"https:\/\/theplayoffs.news\/fr\/#\/schema\/person\/image\/\",\"url\":\"https:\/\/secure.gravatar.com\/avatar\/e7fa8ba5a4b7e4ce35fe152f083f352db28ad0acce692004ed88a7a7d78893f7?s=96&d=mm&r=g\",\"contentUrl\":\"https:\/\/secure.gravatar.com\/avatar\/e7fa8ba5a4b7e4ce35fe152f083f352db28ad0acce692004ed88a7a7d78893f7?s=96&d=mm&r=g\",\"caption\":\"Flavien Jumeau\"},\"description\":\"Amoureux du sport (et de vraiment tous les sports) depuis mon plus jeune \u00e2ge, j\u2019ai longtemps h\u00e9site entre le snooker et le curling. Finalement c\u2019est le foot US que j\u2019ai d\u00e9cid\u00e9 de choisir! Responsable foot US sur TPO et animateur du podcast Tailgate j\u2019ai pour mission de vous faire d\u00e9couvrir ce sport passionnant si ce n\u2019est pas encore fait et de vous donner les derni\u00e8res actus. Le tout dans la bonne humeur et avec toujours un jeu de mots ou deux savamment distill\u00e9s! Fan des Saints, pour moi Drew Brees est le vrai GOAT!\",\"url\":\"https:\/\/theplayoffs.news\/fr\/author\/flavien-jumeaugmail-com\/\"}]}<\/script>\n<!-- \/ Yoast SEO plugin. -->","yoast_head_json":{"title":"Badis Grami: &#039;Je veux pouvoir confirmer ma bonne saison 2024&#039; - The Playoffs FR","robots":{"index":"index","follow":"follow","max-snippet":"max-snippet:-1","max-image-preview":"max-image-preview:large","max-video-preview":"max-video-preview:-1"},"canonical":"https:\/\/theplayoffs.news\/fr\/d1\/badis-grami-je-veux-confirmer-saison-2024\/","og_locale":"fr_FR","og_type":"article","og_title":"Badis Grami: &#039;Je veux pouvoir confirmer ma bonne saison 2024&#039; - The Playoffs FR","og_url":"https:\/\/theplayoffs.news\/fr\/d1\/badis-grami-je-veux-confirmer-saison-2024\/","og_site_name":"The Playoffs FR","article_publisher":"https:\/\/www.facebook.com\/TheFreeAgentFR\/","article_modified_time":"2024-08-15T07:52:53+00:00","og_image":[{"width":1280,"height":720,"url":"https:\/\/theplayoffs.news\/fr\/wp-content\/uploads\/2024\/08\/Income-Great-Ideas-Low-Investment-YouTube-Thumbnail-1.jpg","type":"image\/jpeg"}],"author":"Flavien Jumeau","twitter_card":"summary_large_image","twitter_creator":"@TheFreeAgentFR","twitter_site":"@TheFreeAgentFR","twitter_misc":{"\u00c9crit par":"Flavien Jumeau","Dur\u00e9e de lecture estim\u00e9e":"3 minutes"},"schema":{"@context":"https:\/\/schema.org","@graph":[{"@type":"WebPage","@id":"https:\/\/theplayoffs.news\/fr\/d1\/badis-grami-je-veux-confirmer-saison-2024\/","url":"https:\/\/theplayoffs.news\/fr\/d1\/badis-grami-je-veux-confirmer-saison-2024\/","name":"Badis Grami: \\'Je veux pouvoir confirmer ma bonne saison 2024\\' - The Playoffs FR","isPartOf":{"@id":"https:\/\/theplayoffs.news\/fr\/#website"},"primaryImageOfPage":{"@id":"https:\/\/theplayoffs.news\/fr\/d1\/badis-grami-je-veux-confirmer-saison-2024\/#primaryimage"},"image":{"@id":"https:\/\/theplayoffs.news\/fr\/d1\/badis-grami-je-veux-confirmer-saison-2024\/#primaryimage"},"thumbnailUrl":"https:\/\/theplayoffs.news\/fr\/wp-content\/uploads\/2024\/08\/Income-Great-Ideas-Low-Investment-YouTube-Thumbnail-1.jpg","datePublished":"2024-08-15T08:50:27+00:00","dateModified":"2024-08-15T10:50:27+02:00","author":{"@id":"https:\/\/theplayoffs.news\/fr\/#\/schema\/person\/def63bc6746dc5957469b75feb99e66d"},"breadcrumb":{"@id":"https:\/\/theplayoffs.news\/fr\/d1\/badis-grami-je-veux-confirmer-saison-2024\/#breadcrumb"},"inLanguage":"fr-FR","potentialAction":[{"@type":"ReadAction","target":["https:\/\/theplayoffs.news\/fr\/d1\/badis-grami-je-veux-confirmer-saison-2024\/"]}]},{"@type":"ImageObject","inLanguage":"fr-FR","@id":"https:\/\/theplayoffs.news\/fr\/d1\/badis-grami-je-veux-confirmer-saison-2024\/#primaryimage","url":"https:\/\/theplayoffs.news\/fr\/wp-content\/uploads\/2024\/08\/Income-Great-Ideas-Low-Investment-YouTube-Thumbnail-1.jpg","contentUrl":"https:\/\/theplayoffs.news\/fr\/wp-content\/uploads\/2024\/08\/Income-Great-Ideas-Low-Investment-YouTube-Thumbnail-1.jpg","width":1280,"height":720,"caption":"badis grami"},{"@type":"BreadcrumbList","@id":"https:\/\/theplayoffs.news\/fr\/d1\/badis-grami-je-veux-confirmer-saison-2024\/#breadcrumb","itemListElement":[{"@type":"ListItem","position":1,"name":"Accueil","item":"https:\/\/theplayoffs.news\/fr\/"},{"@type":"ListItem","position":2,"name":"Badis Grami: &lsquo;Je veux pouvoir confirmer ma bonne saison 2024&rsquo;"}]},{"@type":"WebSite","@id":"https:\/\/theplayoffs.news\/fr\/#website","url":"https:\/\/theplayoffs.news\/fr\/","name":"The Playoffs FR","description":"NBA-NFL-NHL-MLB","potentialAction":[{"@type":"SearchAction","target":{"@type":"EntryPoint","urlTemplate":"https:\/\/theplayoffs.news\/fr\/?s={search_term_string}"},"query-input":{"@type":"PropertyValueSpecification","valueRequired":true,"valueName":"search_term_string"}}],"inLanguage":"fr-FR"},{"@type":"Person","@id":"https:\/\/theplayoffs.news\/fr\/#\/schema\/person\/def63bc6746dc5957469b75feb99e66d","name":"Flavien Jumeau","image":{"@type":"ImageObject","inLanguage":"fr-FR","@id":"https:\/\/theplayoffs.news\/fr\/#\/schema\/person\/image\/","url":"https:\/\/secure.gravatar.com\/avatar\/e7fa8ba5a4b7e4ce35fe152f083f352db28ad0acce692004ed88a7a7d78893f7?s=96&d=mm&r=g","contentUrl":"https:\/\/secure.gravatar.com\/avatar\/e7fa8ba5a4b7e4ce35fe152f083f352db28ad0acce692004ed88a7a7d78893f7?s=96&d=mm&r=g","caption":"Flavien Jumeau"},"description":"Amoureux du sport (et de vraiment tous les sports) depuis mon plus jeune \u00e2ge, j\u2019ai longtemps h\u00e9site entre le snooker et le curling. Finalement c\u2019est le foot US que j\u2019ai d\u00e9cid\u00e9 de choisir! Responsable foot US sur TPO et animateur du podcast Tailgate j\u2019ai pour mission de vous faire d\u00e9couvrir ce sport passionnant si ce n\u2019est pas encore fait et de vous donner les derni\u00e8res actus. Le tout dans la bonne humeur et avec toujours un jeu de mots ou deux savamment distill\u00e9s! Fan des Saints, pour moi Drew Brees est le vrai GOAT!","url":"https:\/\/theplayoffs.news\/fr\/author\/flavien-jumeaugmail-com\/"}]}},"_links":{"self":[{"href":"https:\/\/theplayoffs.news\/fr\/wp-json\/wp\/v2\/posts\/1451267","targetHints":{"allow":["GET"]}}],"collection":[{"href":"https:\/\/theplayoffs.news\/fr\/wp-json\/wp\/v2\/posts"}],"about":[{"href":"https:\/\/theplayoffs.news\/fr\/wp-json\/wp\/v2\/types\/post"}],"author":[{"embeddable":true,"href":"https:\/\/theplayoffs.news\/fr\/wp-json\/wp\/v2\/users\/180309964"}],"replies":[{"embeddable":true,"href":"https:\/\/theplayoffs.news\/fr\/wp-json\/wp\/v2\/comments?post=1451267"}],"version-history":[{"count":3,"href":"https:\/\/theplayoffs.news\/fr\/wp-json\/wp\/v2\/posts\/1451267\/revisions"}],"predecessor-version":[{"id":1451278,"href":"https:\/\/theplayoffs.news\/fr\/wp-json\/wp\/v2\/posts\/1451267\/revisions\/1451278"}],"wp:featuredmedia":[{"embeddable":true,"href":"https:\/\/theplayoffs.news\/fr\/wp-json\/wp\/v2\/media\/1451279"}],"wp:attachment":[{"href":"https:\/\/theplayoffs.news\/fr\/wp-json\/wp\/v2\/media?parent=1451267"}],"wp:term":[{"taxonomy":"category","embeddable":true,"href":"https:\/\/theplayoffs.news\/fr\/wp-json\/wp\/v2\/categories?post=1451267"},{"taxonomy":"post_tag","embeddable":true,"href":"https:\/\/theplayoffs.news\/fr\/wp-json\/wp\/v2\/tags?post=1451267"},{"taxonomy":"sport","embeddable":true,"href":"https:\/\/theplayoffs.news\/fr\/wp-json\/wp\/v2\/sport?post=1451267"},{"taxonomy":"saison","embeddable":true,"href":"https:\/\/theplayoffs.news\/fr\/wp-json\/wp\/v2\/saison?post=1451267"}],"curies":[{"name":"wp","href":"https:\/\/api.w.org\/{rel}","templated":true}]}}