{"id":1451119,"date":"2024-08-14T15:51:06","date_gmt":"2024-08-14T13:51:06","guid":{"rendered":"https:\/\/theplayoffs.news\/fr\/?p=1451119"},"modified":"2024-08-14T15:51:06","modified_gmt":"2024-08-14T13:51:06","slug":"spurs-wembanyama-ouvriront-saison-mavericks","status":"publish","type":"post","link":"https:\/\/theplayoffs.news\/fr\/actualite-nba\/spurs-wembanyama-ouvriront-saison-mavericks\/","title":{"rendered":"Les Spurs de Victor Wembanyama ouvriront la saison 2024-2025 face aux Mavericks"},"content":{"rendered":"<h2><strong>NBA &ndash; &Agrave; quelques jours de la r&eacute;v&eacute;lation compl&egrave;te du calendrier 2024-2025 de la saison r&eacute;guli&egrave;re, les plus grosses affiches continuent de tomber. Les Spurs du fran&ccedil;ais Victor Wembanyama d&eacute;marreront pour leur part face aux Mavericks.<\/strong><\/h2><p>&nbsp;<\/p><p>Comme <a href=\"https:\/\/theplayoffs.news\/fr\/nba-basketball\/le-calendrier-nba-2024-25-devoile-ce-jeudi\/\" class=\"trk-cta-link\" data-cta-trk='{\"ctaType\":\"Link\",\"ctaSubType\":\"main\"}'>nous vous le rappelions dans la matin&eacute;e<\/a>, la calendrier complet de la saison r&eacute;guli&egrave;re de NBA 2024-2025 sera d&eacute;voil&eacute; jeudi. Le tr&egrave;s bien inform&eacute; Marc Spears de <a href=\"https:\/\/marcstein.substack.com\/\" class=\"trk-cta-link\" data-cta-trk='{\"ctaType\":\"Link\",\"ctaSubType\":\"main\"}'><em>TheSteinLine<\/em><\/a> nous a &eacute;galement r&eacute;v&eacute;l&eacute; la premi&egrave;re affiche de l&rsquo;an 2 des Spurs version Victor Wembanyama. Ce sera un affrontement face aux Mavericks de Dallas.<\/p><blockquote class=\"twitter-tweet\" data-width=\"500\" data-dnt=\"true\">\n<p lang=\"en\" dir=\"ltr\">The first game of Victor Wembanyama's second NBA season &mdash; which doubles as Chris Paul's official Spurs debut &mdash; is scheduled for Oct. 24 at Dallas, sources tell <a href=\"https:\/\/twitter.com\/TheSteinLine?ref_src=twsrc%5Etfw\" class=\"trk-cta-link\" data-cta-trk='{\"ctaType\":\"Link\",\"ctaSubType\":\"main\"}'>@TheSteinLine<\/a>. Opening Night for both teams on a TNT Thursday.<\/p>\n<p>More NBA: <a href=\"https:\/\/t.co\/A6ycVmnrjq\" class=\"trk-cta-link\" data-cta-trk='{\"ctaType\":\"Link\",\"ctaSubType\":\"main\"}'>https:\/\/t.co\/A6ycVmnrjq<\/a><\/p>\n<p>&#128247;: <a href=\"https:\/\/twitter.com\/bballforever_?ref_src=twsrc%5Etfw\" class=\"trk-cta-link\" data-cta-trk='{\"ctaType\":\"Link\",\"ctaSubType\":\"main\"}'>@bballforever_<\/a> <a href=\"https:\/\/t.co\/rNqKseXNX2\" class=\"trk-cta-link\" data-cta-trk='{\"ctaType\":\"Link\",\"ctaSubType\":\"main\"}'>pic.twitter.com\/rNqKseXNX2<\/a><\/p>\n<p>&mdash; Marc Stein (@TheSteinLine) <a href=\"https:\/\/twitter.com\/TheSteinLine\/status\/1823505177682268369?ref_src=twsrc%5Etfw\" class=\"trk-cta-link\" data-cta-trk='{\"ctaType\":\"Link\",\"ctaSubType\":\"main\"}'>August 13, 2024<\/a><\/p><\/blockquote><p><script async src=\"https:\/\/platform.twitter.com\/widgets.js\" charset=\"utf-8\"><\/script><\/p><h3><strong>Un match programm&eacute; le 24 Octobre en antenne nationale<\/strong><\/h3><p><strong>&nbsp;<\/strong><\/p><p>Les bonnes traditions ne se perdent donc pas. Comme ce fut le cas l&rsquo;an dernier, Victor Wembanyama ouvrira sa saison par un affrontement avec les Dallas Mavericks, d&eacute;sormais finalistes en titre.<\/p><p>Petit changement par rapport &agrave; l&rsquo;an dernier en revanche, l&rsquo;affiche aura lieu &agrave; l&rsquo;American Airlines Center de Dallas et non &agrave; San Antonio. Comme l&rsquo;an dernier, cette rencontre sera la premi&egrave;re de la saison pour les deux &eacute;quipes et donc la premi&egrave;re de Luka Don&#269;i&#263; pour cette saison entre autres.<\/p><p>On esp&egrave;re tout de m&ecirc;me pour notre Wembanyama national que l&rsquo;issue sera plus heureuse que celle de l&rsquo;an pass&eacute; o&ugrave; un trois points assassin du slov&egrave;ne avait inflig&eacute; la premi&egrave;re d&eacute;faite de &laquo;&nbsp;Wemby&nbsp;&raquo; en carri&egrave;re.<\/p><blockquote class=\"twitter-tweet\" data-width=\"500\" data-dnt=\"true\">\n<p lang=\"en\" dir=\"ltr\">Luka Doncic with a Clutch Stepback to pack up the Spurs &#128064;<\/p>\n<p> <a href=\"https:\/\/t.co\/q06CGLGsmN\" class=\"trk-cta-link\" data-cta-trk='{\"ctaType\":\"Link\",\"ctaSubType\":\"main\"}'>pic.twitter.com\/q06CGLGsmN<\/a><\/p>\n<p>&mdash; SHOOT &#128640; (@SH00T_) <a href=\"https:\/\/twitter.com\/SH00T_\/status\/1717394826168025118?ref_src=twsrc%5Etfw\" class=\"trk-cta-link\" data-cta-trk='{\"ctaType\":\"Link\",\"ctaSubType\":\"main\"}'>October 26, 2023<\/a><\/p><\/blockquote><p><script async src=\"https:\/\/platform.twitter.com\/widgets.js\" charset=\"utf-8\"><\/script><\/p><p>Pour ce qui est des d&eacute;tails, Marc Stein nous rapporte que le match aura lieu le 24 Octobre (donc dans la nuit du 24 au 25 pour nous vraisemblablement) et que celui-ci sera diffus&eacute; en antenne nationale, sur TNT, preuve une nouvelle fois du poids m&eacute;diatique et populaire de Victor Wembanyama.<\/p><p>&nbsp;<\/p><h3><strong>La premi&egrave;re de Chris Paul sous le maillot des Spurs<\/strong><\/h3><p><strong>&nbsp;<\/strong><\/p><p>Enfin, cette rencontre sera la premi&egrave;re occasion de voir le meneur 12 fois All-Star, 4 fois All-NBA First Team et double champion olympique, Chris Paul faire ses d&eacute;buts sous le maillot des San Antonio Spurs.<\/p><p>Ce sera la 7<sup>&egrave;me<\/sup> franchise connue par Paul dans sa carri&egrave;re apr&egrave;s la courte pige d&rsquo;un an, peu concluante, chez les Warriors. Cela permettra aussi de voir Chris Paul sous les ordres de la l&eacute;gende Gregg Popovich qui a probablement un plan en t&ecirc;te avec son meneur d&rsquo;exp&eacute;rience.<\/p><blockquote class=\"twitter-tweet\" data-width=\"500\" data-dnt=\"true\">\n<p lang=\"en\" dir=\"ltr\">Breaking: Chris Paul has agreed on a one-year, $11 million-plus deal with the San Antonio Spurs, sources tell <a href=\"https:\/\/twitter.com\/wojespn?ref_src=twsrc%5Etfw\" class=\"trk-cta-link\" data-cta-trk='{\"ctaType\":\"Link\",\"ctaSubType\":\"main\"}'>@wojespn<\/a>. <a href=\"https:\/\/t.co\/K2rRHDTT44\" class=\"trk-cta-link\" data-cta-trk='{\"ctaType\":\"Link\",\"ctaSubType\":\"main\"}'>pic.twitter.com\/K2rRHDTT44<\/a><\/p>\n<p>&mdash; ESPN (@espn) <a href=\"https:\/\/twitter.com\/espn\/status\/1807576177982296386?ref_src=twsrc%5Etfw\" class=\"trk-cta-link\" data-cta-trk='{\"ctaType\":\"Link\",\"ctaSubType\":\"main\"}'>July 1, 2024<\/a><\/p><\/blockquote><p><script async src=\"https:\/\/platform.twitter.com\/widgets.js\" charset=\"utf-8\"><\/script><\/p><p>En toute logique, ce r&ocirc;le devrait &ecirc;tre d&rsquo;accompagner au mieux la progression de Victor Wembanyama en l&rsquo;alimentant de partout sur le terrain et d&rsquo;encadrer ce jeune groupe en dehors du terrain.<\/p><p>&nbsp;<\/p><p>Quoi de mieux donc qu&rsquo;un derby texan pour lancer la saison. Le 24 Octobre semble si loin et on a d&eacute;j&agrave; h&acirc;te d&rsquo;y &ecirc;tre&hellip;<\/p><p>&copy; Jerome Miron-USA TODAY Sports<\/p>\n","protected":false},"excerpt":{"rendered":"","protected":false},"author":180310210,"featured_media":1451120,"comment_status":"open","ping_status":"closed","sticky":false,"template":"","format":"standard","meta":{"inline_featured_image":false,"kia_subtitle":"","_mux_skip_reasons":[],"proofreadBy":0,"footnotes":""},"categories":[110,10],"tags":[7636,595,131],"sport":[2783],"saison":[6111],"class_list":["post-1451119","post","type-post","status-publish","format-standard","has-post-thumbnail","hentry","category-actualite-nba","category-nba","tag-calendrier-nba-2024-25","tag-dallas-mavericks","tag-san-antonio-spurs","sport-nba","saison-6111"],"acf":[],"yoast_head":"<!-- This site is optimized with the Yoast SEO plugin v24.2 - https:\/\/yoast.com\/wordpress\/plugins\/seo\/ -->\n<title>Les Spurs de Victor Wembanyama ouvriront la saison 2024-2025 face aux Mavericks - The Playoffs FR<\/title>\n<meta name=\"robots\" content=\"index, follow, max-snippet:-1, max-image-preview:large, max-video-preview:-1\" \/>\n<link rel=\"canonical\" href=\"https:\/\/theplayoffs.news\/fr\/actualite-nba\/spurs-wembanyama-ouvriront-saison-mavericks\/\" \/>\n<meta property=\"og:locale\" content=\"fr_FR\" \/>\n<meta property=\"og:type\" content=\"article\" \/>\n<meta property=\"og:title\" content=\"Les Spurs de Victor Wembanyama ouvriront la saison 2024-2025 face aux Mavericks - The Playoffs FR\" \/>\n<meta property=\"og:url\" content=\"https:\/\/theplayoffs.news\/fr\/actualite-nba\/spurs-wembanyama-ouvriront-saison-mavericks\/\" \/>\n<meta property=\"og:site_name\" content=\"The Playoffs FR\" \/>\n<meta property=\"article:publisher\" content=\"https:\/\/www.facebook.com\/TheFreeAgentFR\/\" \/>\n<meta property=\"article:modified_time\" content=\"2024-08-14T15:51:06+02:00\" \/>\n<meta property=\"og:image\" content=\"https:\/\/theplayoffs.news\/fr\/wp-content\/uploads\/2024\/08\/USATSI_22523738.jpg\" \/>\n\t<meta property=\"og:image:width\" content=\"1920\" \/>\n\t<meta property=\"og:image:height\" content=\"1280\" \/>\n\t<meta property=\"og:image:type\" content=\"image\/jpeg\" \/>\n<meta name=\"author\" content=\"Romain Balle\" \/>\n<meta name=\"twitter:card\" content=\"summary_large_image\" \/>\n<meta name=\"twitter:creator\" content=\"@TheFreeAgentFR\" \/>\n<meta name=\"twitter:site\" content=\"@TheFreeAgentFR\" \/>\n<meta name=\"twitter:label1\" content=\"\u00c9crit par\" \/>\n\t<meta name=\"twitter:data1\" content=\"Romain Balle\" \/>\n\t<meta name=\"twitter:label2\" content=\"Dur\u00e9e de lecture estim\u00e9e\" \/>\n\t<meta name=\"twitter:data2\" content=\"2 minutes\" \/>\n<script type=\"application\/ld+json\" class=\"yoast-schema-graph\">{\"@context\":\"https:\/\/schema.org\",\"@graph\":[{\"@type\":\"WebPage\",\"@id\":\"https:\/\/theplayoffs.news\/fr\/actualite-nba\/spurs-wembanyama-ouvriront-saison-mavericks\/\",\"url\":\"https:\/\/theplayoffs.news\/fr\/actualite-nba\/spurs-wembanyama-ouvriront-saison-mavericks\/\",\"name\":\"Les Spurs de Victor Wembanyama ouvriront la saison 2024-2025 face aux Mavericks - The Playoffs FR\",\"isPartOf\":{\"@id\":\"https:\/\/theplayoffs.news\/fr\/#website\"},\"primaryImageOfPage\":{\"@id\":\"https:\/\/theplayoffs.news\/fr\/actualite-nba\/spurs-wembanyama-ouvriront-saison-mavericks\/#primaryimage\"},\"image\":{\"@id\":\"https:\/\/theplayoffs.news\/fr\/actualite-nba\/spurs-wembanyama-ouvriront-saison-mavericks\/#primaryimage\"},\"thumbnailUrl\":\"https:\/\/theplayoffs.news\/fr\/wp-content\/uploads\/2024\/08\/USATSI_22523738.jpg\",\"datePublished\":\"2024-08-14T13:51:06+00:00\",\"dateModified\":\"2024-08-14T13:51:06+00:00\",\"author\":{\"@id\":\"https:\/\/theplayoffs.news\/fr\/#\/schema\/person\/6d5286c8c5dec1bbd3e6341f17a41111\"},\"breadcrumb\":{\"@id\":\"https:\/\/theplayoffs.news\/fr\/actualite-nba\/spurs-wembanyama-ouvriront-saison-mavericks\/#breadcrumb\"},\"inLanguage\":\"fr-FR\",\"potentialAction\":[{\"@type\":\"ReadAction\",\"target\":[\"https:\/\/theplayoffs.news\/fr\/actualite-nba\/spurs-wembanyama-ouvriront-saison-mavericks\/\"]}]},{\"@type\":\"ImageObject\",\"inLanguage\":\"fr-FR\",\"@id\":\"https:\/\/theplayoffs.news\/fr\/actualite-nba\/spurs-wembanyama-ouvriront-saison-mavericks\/#primaryimage\",\"url\":\"https:\/\/theplayoffs.news\/fr\/wp-content\/uploads\/2024\/08\/USATSI_22523738.jpg\",\"contentUrl\":\"https:\/\/theplayoffs.news\/fr\/wp-content\/uploads\/2024\/08\/USATSI_22523738.jpg\",\"width\":1920,\"height\":1280,\"caption\":\"Feb 14, 2024; Dallas, Texas, USA; San Antonio Spurs center Victor Wembanyama (1) looks to move the ball past Dallas Mavericks guard Luka Doncic (77) during the fist quarter at the American Airlines Center. Mandatory Credit: Jerome Miron-USA TODAY Sports\"},{\"@type\":\"BreadcrumbList\",\"@id\":\"https:\/\/theplayoffs.news\/fr\/actualite-nba\/spurs-wembanyama-ouvriront-saison-mavericks\/#breadcrumb\",\"itemListElement\":[{\"@type\":\"ListItem\",\"position\":1,\"name\":\"Accueil\",\"item\":\"https:\/\/theplayoffs.news\/fr\/\"},{\"@type\":\"ListItem\",\"position\":2,\"name\":\"Les Spurs de Victor Wembanyama ouvriront la saison 2024-2025 face aux Mavericks\"}]},{\"@type\":\"WebSite\",\"@id\":\"https:\/\/theplayoffs.news\/fr\/#website\",\"url\":\"https:\/\/theplayoffs.news\/fr\/\",\"name\":\"The Playoffs FR\",\"description\":\"NBA-NFL-NHL-MLB\",\"potentialAction\":[{\"@type\":\"SearchAction\",\"target\":{\"@type\":\"EntryPoint\",\"urlTemplate\":\"https:\/\/theplayoffs.news\/fr\/?s={search_term_string}\"},\"query-input\":{\"@type\":\"PropertyValueSpecification\",\"valueRequired\":true,\"valueName\":\"search_term_string\"}}],\"inLanguage\":\"fr-FR\"},{\"@type\":\"Person\",\"@id\":\"https:\/\/theplayoffs.news\/fr\/#\/schema\/person\/6d5286c8c5dec1bbd3e6341f17a41111\",\"name\":\"Romain Balle\",\"image\":{\"@type\":\"ImageObject\",\"inLanguage\":\"fr-FR\",\"@id\":\"https:\/\/theplayoffs.news\/fr\/#\/schema\/person\/image\/\",\"url\":\"https:\/\/secure.gravatar.com\/avatar\/05ddb849264c48c5ab2084b8927e8da5ec4ccb05c2bd91acb1c3d4c2785ce057?s=96&d=mm&r=g\",\"contentUrl\":\"https:\/\/secure.gravatar.com\/avatar\/05ddb849264c48c5ab2084b8927e8da5ec4ccb05c2bd91acb1c3d4c2785ce057?s=96&d=mm&r=g\",\"caption\":\"Romain Balle\"},\"url\":\"https:\/\/theplayoffs.news\/fr\/author\/romainballe02gmail-com\/\"}]}<\/script>\n<!-- \/ Yoast SEO plugin. -->","yoast_head_json":{"title":"Les Spurs de Victor Wembanyama ouvriront la saison 2024-2025 face aux Mavericks - The Playoffs FR","robots":{"index":"index","follow":"follow","max-snippet":"max-snippet:-1","max-image-preview":"max-image-preview:large","max-video-preview":"max-video-preview:-1"},"canonical":"https:\/\/theplayoffs.news\/fr\/actualite-nba\/spurs-wembanyama-ouvriront-saison-mavericks\/","og_locale":"fr_FR","og_type":"article","og_title":"Les Spurs de Victor Wembanyama ouvriront la saison 2024-2025 face aux Mavericks - The Playoffs FR","og_url":"https:\/\/theplayoffs.news\/fr\/actualite-nba\/spurs-wembanyama-ouvriront-saison-mavericks\/","og_site_name":"The Playoffs FR","article_publisher":"https:\/\/www.facebook.com\/TheFreeAgentFR\/","og_image":[{"width":1920,"height":1280,"url":"https:\/\/theplayoffs.news\/fr\/wp-content\/uploads\/2024\/08\/USATSI_22523738.jpg","type":"image\/jpeg"}],"author":"Romain Balle","twitter_card":"summary_large_image","twitter_creator":"@TheFreeAgentFR","twitter_site":"@TheFreeAgentFR","twitter_misc":{"\u00c9crit par":"Romain Balle","Dur\u00e9e de lecture estim\u00e9e":"2 minutes"},"schema":{"@context":"https:\/\/schema.org","@graph":[{"@type":"WebPage","@id":"https:\/\/theplayoffs.news\/fr\/actualite-nba\/spurs-wembanyama-ouvriront-saison-mavericks\/","url":"https:\/\/theplayoffs.news\/fr\/actualite-nba\/spurs-wembanyama-ouvriront-saison-mavericks\/","name":"Les Spurs de Victor Wembanyama ouvriront la saison 2024-2025 face aux Mavericks - The Playoffs FR","isPartOf":{"@id":"https:\/\/theplayoffs.news\/fr\/#website"},"primaryImageOfPage":{"@id":"https:\/\/theplayoffs.news\/fr\/actualite-nba\/spurs-wembanyama-ouvriront-saison-mavericks\/#primaryimage"},"image":{"@id":"https:\/\/theplayoffs.news\/fr\/actualite-nba\/spurs-wembanyama-ouvriront-saison-mavericks\/#primaryimage"},"thumbnailUrl":"https:\/\/theplayoffs.news\/fr\/wp-content\/uploads\/2024\/08\/USATSI_22523738.jpg","datePublished":"2024-08-14T13:51:06+00:00","dateModified":"2024-08-14T13:51:06+00:00","author":{"@id":"https:\/\/theplayoffs.news\/fr\/#\/schema\/person\/6d5286c8c5dec1bbd3e6341f17a41111"},"breadcrumb":{"@id":"https:\/\/theplayoffs.news\/fr\/actualite-nba\/spurs-wembanyama-ouvriront-saison-mavericks\/#breadcrumb"},"inLanguage":"fr-FR","potentialAction":[{"@type":"ReadAction","target":["https:\/\/theplayoffs.news\/fr\/actualite-nba\/spurs-wembanyama-ouvriront-saison-mavericks\/"]}]},{"@type":"ImageObject","inLanguage":"fr-FR","@id":"https:\/\/theplayoffs.news\/fr\/actualite-nba\/spurs-wembanyama-ouvriront-saison-mavericks\/#primaryimage","url":"https:\/\/theplayoffs.news\/fr\/wp-content\/uploads\/2024\/08\/USATSI_22523738.jpg","contentUrl":"https:\/\/theplayoffs.news\/fr\/wp-content\/uploads\/2024\/08\/USATSI_22523738.jpg","width":1920,"height":1280,"caption":"Feb 14, 2024; Dallas, Texas, USA; San Antonio Spurs center Victor Wembanyama (1) looks to move the ball past Dallas Mavericks guard Luka Doncic (77) during the fist quarter at the American Airlines Center. Mandatory Credit: Jerome Miron-USA TODAY Sports"},{"@type":"BreadcrumbList","@id":"https:\/\/theplayoffs.news\/fr\/actualite-nba\/spurs-wembanyama-ouvriront-saison-mavericks\/#breadcrumb","itemListElement":[{"@type":"ListItem","position":1,"name":"Accueil","item":"https:\/\/theplayoffs.news\/fr\/"},{"@type":"ListItem","position":2,"name":"Les Spurs de Victor Wembanyama ouvriront la saison 2024-2025 face aux Mavericks"}]},{"@type":"WebSite","@id":"https:\/\/theplayoffs.news\/fr\/#website","url":"https:\/\/theplayoffs.news\/fr\/","name":"The Playoffs FR","description":"NBA-NFL-NHL-MLB","potentialAction":[{"@type":"SearchAction","target":{"@type":"EntryPoint","urlTemplate":"https:\/\/theplayoffs.news\/fr\/?s={search_term_string}"},"query-input":{"@type":"PropertyValueSpecification","valueRequired":true,"valueName":"search_term_string"}}],"inLanguage":"fr-FR"},{"@type":"Person","@id":"https:\/\/theplayoffs.news\/fr\/#\/schema\/person\/6d5286c8c5dec1bbd3e6341f17a41111","name":"Romain Balle","image":{"@type":"ImageObject","inLanguage":"fr-FR","@id":"https:\/\/theplayoffs.news\/fr\/#\/schema\/person\/image\/","url":"https:\/\/secure.gravatar.com\/avatar\/05ddb849264c48c5ab2084b8927e8da5ec4ccb05c2bd91acb1c3d4c2785ce057?s=96&d=mm&r=g","contentUrl":"https:\/\/secure.gravatar.com\/avatar\/05ddb849264c48c5ab2084b8927e8da5ec4ccb05c2bd91acb1c3d4c2785ce057?s=96&d=mm&r=g","caption":"Romain Balle"},"url":"https:\/\/theplayoffs.news\/fr\/author\/romainballe02gmail-com\/"}]}},"_links":{"self":[{"href":"https:\/\/theplayoffs.news\/fr\/wp-json\/wp\/v2\/posts\/1451119","targetHints":{"allow":["GET"]}}],"collection":[{"href":"https:\/\/theplayoffs.news\/fr\/wp-json\/wp\/v2\/posts"}],"about":[{"href":"https:\/\/theplayoffs.news\/fr\/wp-json\/wp\/v2\/types\/post"}],"author":[{"embeddable":true,"href":"https:\/\/theplayoffs.news\/fr\/wp-json\/wp\/v2\/users\/180310210"}],"replies":[{"embeddable":true,"href":"https:\/\/theplayoffs.news\/fr\/wp-json\/wp\/v2\/comments?post=1451119"}],"version-history":[{"count":3,"href":"https:\/\/theplayoffs.news\/fr\/wp-json\/wp\/v2\/posts\/1451119\/revisions"}],"predecessor-version":[{"id":1451126,"href":"https:\/\/theplayoffs.news\/fr\/wp-json\/wp\/v2\/posts\/1451119\/revisions\/1451126"}],"wp:featuredmedia":[{"embeddable":true,"href":"https:\/\/theplayoffs.news\/fr\/wp-json\/wp\/v2\/media\/1451120"}],"wp:attachment":[{"href":"https:\/\/theplayoffs.news\/fr\/wp-json\/wp\/v2\/media?parent=1451119"}],"wp:term":[{"taxonomy":"category","embeddable":true,"href":"https:\/\/theplayoffs.news\/fr\/wp-json\/wp\/v2\/categories?post=1451119"},{"taxonomy":"post_tag","embeddable":true,"href":"https:\/\/theplayoffs.news\/fr\/wp-json\/wp\/v2\/tags?post=1451119"},{"taxonomy":"sport","embeddable":true,"href":"https:\/\/theplayoffs.news\/fr\/wp-json\/wp\/v2\/sport?post=1451119"},{"taxonomy":"saison","embeddable":true,"href":"https:\/\/theplayoffs.news\/fr\/wp-json\/wp\/v2\/saison?post=1451119"}],"curies":[{"name":"wp","href":"https:\/\/api.w.org\/{rel}","templated":true}]}}