{"id":1450756,"date":"2024-08-12T19:45:29","date_gmt":"2024-08-12T17:45:29","guid":{"rendered":"https:\/\/theplayoffs.news\/fr\/?p=1450756"},"modified":"2024-08-12T19:45:29","modified_gmt":"2024-08-12T17:45:29","slug":"les-affiches-de-la-saison-nba-2024","status":"publish","type":"post","link":"https:\/\/theplayoffs.news\/fr\/actualite-nba\/les-affiches-de-la-saison-nba-2024\/","title":{"rendered":"Les affiches de la saison NBA 2024."},"content":{"rendered":"<h2><a href=\"https:\/\/www.espn.com\/nba\/\" class=\"trk-cta-link\" data-cta-trk='{\"ctaType\":\"Link\",\"ctaSubType\":\"main\"}'>NBA<\/a> &ndash; Les premi&egrave;res informations commencent &agrave; sortir concernant les premi&egrave;res affiches de la saison NBA 2024-2025, alors que la ligue va communiquer sur le calendrier dans les jours &agrave; venir.<\/h2><p>&nbsp;<\/p><p>Les diff&eacute;rentes informations sur ces affiches proviennent de l&rsquo;insider bien connu des fans <a href=\"https:\/\/theplayoffs.news\/fr\/equipes-nba\/\" class=\"trk-cta-link\" data-cta-trk='{\"ctaType\":\"Link\",\"ctaSubType\":\"main\"}'>NBA<\/a>, j&rsquo;ai nomm&eacute; Shams Charania.<\/p><p>Tout d&rsquo;abord, la saison r&eacute;guli&egrave;re devrait reprendre, selon ces informations, <strong>le mardi 22 Octobre 2024.<\/strong><\/p><p>&nbsp;<\/p><h3>L&rsquo;opening night.<\/h3><p>Comme d&rsquo;habitude, deux affiches devraient lancer la saison NBA, avec au programme :<\/p><ul>\n<li><strong>New York Knicks @ Boston Celtics<\/strong>, pour la remise de bague et l&rsquo;inauguration de la banni&egrave;re des champions NBA.<\/li>\n<li><strong>Minnesota Timberwolves @ Los Angeles Lakers<\/strong>, depuis la Californie.<\/li>\n<\/ul><p>Dans la continuit&eacute;, d&egrave;s le lendemain, un premier choc est d&eacute;j&agrave; planifi&eacute; par les &eacute;quipes NBA :<\/p><ul>\n<li><strong>Philadelphia 76ers @ Milwaukee Bucks<\/strong>, marquant la premi&egrave;re apparition de Paul George avec le maillot des Sixers.<\/li>\n<\/ul><p>&nbsp;<\/p><h3>Revanche des NBA Finals.<\/h3><p>C&rsquo;est un moment attendu par la communaut&eacute; NBA, les matchs sous forme d&rsquo;affiches opposant les deux derniers finalistes de la saison pass&eacute;e.<\/p><ul>\n<li><strong>Boston Celtics @ Dallas Mavericks<\/strong> le 25 Janvier<\/li>\n<li><strong>Dallas Mavericks @ Boston Celtics<\/strong> le 06 F&eacute;vrier<\/li>\n<\/ul><p>Les deux &eacute;quipes n&rsquo;&eacute;tant pas de la m&ecirc;me conf&eacute;rence, elles ne se rencontreront qu&rsquo;&agrave; deux reprises (sauf en NBA Finals &agrave; nouveau &hellip;)<\/p><p>\n<div id=\"attachment_1450760\" style=\"width: 1849px\" class=\"wp-caption alignnone\"><img loading=\"lazy\" decoding=\"async\" aria-describedby=\"caption-attachment-1450760\" class=\"size-full wp-image-1450760\" src=\"https:\/\/theplayoffs.news\/fr\/wp-content\/uploads\/2024\/08\/USATSI_23570935_168402440_lowres.jpg\" alt=\"tatum boston celtics\" width=\"1839\" height=\"1226\" srcset=\"https:\/\/theplayoffs.news\/fr\/wp-content\/uploads\/2024\/08\/USATSI_23570935_168402440_lowres.jpg 1839w, https:\/\/theplayoffs.news\/fr\/wp-content\/uploads\/2024\/08\/USATSI_23570935_168402440_lowres-300x200.jpg 300w, https:\/\/theplayoffs.news\/fr\/wp-content\/uploads\/2024\/08\/USATSI_23570935_168402440_lowres-1030x687.jpg 1030w, https:\/\/theplayoffs.news\/fr\/wp-content\/uploads\/2024\/08\/USATSI_23570935_168402440_lowres-768x512.jpg 768w, https:\/\/theplayoffs.news\/fr\/wp-content\/uploads\/2024\/08\/USATSI_23570935_168402440_lowres-1320x880.jpg 1320w\" sizes=\"auto, (max-width: 1839px) 100vw, 1839px\" \/><p id=\"caption-attachment-1450760\" class=\"wp-caption-text\">Jun 17, 2024; Credit: Peter Casey-USA TODAY Sports<\/p><\/div>\n<\/p><p>&nbsp;<\/p><h3>NBA Christmas Day<\/h3><p>Le rendez vous incontournable de chaque fin d&rsquo;ann&eacute;e civile, les cinq affiches propos&eacute;s par la NBA le lendemain des festivit&eacute;s de Noel.<\/p><ul>\n<li><strong>San Antonio Spurs &ndash; New York Knicks<\/strong><\/li>\n<li><strong>Boston Celtics &ndash; Philadelphia 76ers<\/strong><\/li>\n<li><strong>Minnesota Timberwolves &ndash; Dallas Mavericks<\/strong><\/li>\n<li><strong>Los Angeles Lakers &ndash; Golden State Warriors<\/strong><\/li>\n<li><strong>Denver Nuggets &ndash; Phoenix Suns<\/strong><\/li>\n<\/ul><h3><\/h3><h3>Affiches diverses.<\/h3><p>A noter <strong>le premier match des Clippers dans leur nouvel &eacute;crin<\/strong>, ce sera face &agrave; Phoenix, depuis l&rsquo;Intuit Dome.<\/p><p>La l&eacute;gende des Warriors, <strong>Klay Thompson<\/strong>, devrait faire son retour dans &laquo;&nbsp;la Baie&nbsp;&raquo; le 12 Novembre, avec sa nouvelle franchise des Mavericks.<\/p><p>&nbsp;<\/p><p><strong>La NBA est belle et bien de retour sur TFA.<\/strong><\/p><p>&nbsp;<\/p>\n","protected":false},"excerpt":{"rendered":"","protected":false},"author":180310001,"featured_media":1450757,"comment_status":"open","ping_status":"closed","sticky":false,"template":"","format":"standard","meta":{"inline_featured_image":false,"kia_subtitle":"","_mux_skip_reasons":[],"proofreadBy":0,"footnotes":""},"categories":[110,10],"tags":[69,42,43,23,1538,1522],"sport":[2783],"saison":[6111],"class_list":["post-1450756","post","type-post","status-publish","format-standard","has-post-thumbnail","hentry","category-actualite-nba","category-nba","tag-bucks","tag-celtics","tag-lakers","tag-nba-tag","tag-sixers","tag-wolves","sport-nba","saison-6111"],"acf":[],"yoast_head":"<!-- This site is optimized with the Yoast SEO plugin v24.2 - https:\/\/yoast.com\/wordpress\/plugins\/seo\/ -->\n<title>Les affiches de la saison NBA 2024. - The Playoffs FR<\/title>\n<meta name=\"robots\" content=\"index, follow, max-snippet:-1, max-image-preview:large, max-video-preview:-1\" \/>\n<link rel=\"canonical\" href=\"https:\/\/theplayoffs.news\/fr\/actualite-nba\/les-affiches-de-la-saison-nba-2024\/\" \/>\n<meta property=\"og:locale\" content=\"fr_FR\" \/>\n<meta property=\"og:type\" content=\"article\" \/>\n<meta property=\"og:title\" content=\"Les affiches de la saison NBA 2024. - The Playoffs FR\" \/>\n<meta property=\"og:url\" content=\"https:\/\/theplayoffs.news\/fr\/actualite-nba\/les-affiches-de-la-saison-nba-2024\/\" \/>\n<meta property=\"og:site_name\" content=\"The Playoffs FR\" \/>\n<meta property=\"article:publisher\" content=\"https:\/\/www.facebook.com\/TheFreeAgentFR\/\" \/>\n<meta property=\"article:modified_time\" content=\"2024-08-12T19:45:29+02:00\" \/>\n<meta property=\"og:image\" content=\"https:\/\/theplayoffs.news\/fr\/wp-content\/uploads\/2024\/08\/USATSI_23003461_168402440_lowres.jpg\" \/>\n\t<meta property=\"og:image:width\" content=\"1793\" \/>\n\t<meta property=\"og:image:height\" content=\"1193\" \/>\n\t<meta property=\"og:image:type\" content=\"image\/jpeg\" \/>\n<meta name=\"author\" content=\"Christopher Marrec-Top\" \/>\n<meta name=\"twitter:card\" content=\"summary_large_image\" \/>\n<meta name=\"twitter:creator\" content=\"@TheFreeAgentFR\" \/>\n<meta name=\"twitter:site\" content=\"@TheFreeAgentFR\" \/>\n<meta name=\"twitter:label1\" content=\"\u00c9crit par\" \/>\n\t<meta name=\"twitter:data1\" content=\"Christopher Marrec-Top\" \/>\n\t<meta name=\"twitter:label2\" content=\"Dur\u00e9e de lecture estim\u00e9e\" \/>\n\t<meta name=\"twitter:data2\" content=\"2 minutes\" \/>\n<script type=\"application\/ld+json\" class=\"yoast-schema-graph\">{\"@context\":\"https:\/\/schema.org\",\"@graph\":[{\"@type\":\"WebPage\",\"@id\":\"https:\/\/theplayoffs.news\/fr\/actualite-nba\/les-affiches-de-la-saison-nba-2024\/\",\"url\":\"https:\/\/theplayoffs.news\/fr\/actualite-nba\/les-affiches-de-la-saison-nba-2024\/\",\"name\":\"Les affiches de la saison NBA 2024. - The Playoffs FR\",\"isPartOf\":{\"@id\":\"https:\/\/theplayoffs.news\/fr\/#website\"},\"primaryImageOfPage\":{\"@id\":\"https:\/\/theplayoffs.news\/fr\/actualite-nba\/les-affiches-de-la-saison-nba-2024\/#primaryimage\"},\"image\":{\"@id\":\"https:\/\/theplayoffs.news\/fr\/actualite-nba\/les-affiches-de-la-saison-nba-2024\/#primaryimage\"},\"thumbnailUrl\":\"https:\/\/theplayoffs.news\/fr\/wp-content\/uploads\/2024\/08\/USATSI_23003461_168402440_lowres.jpg\",\"datePublished\":\"2024-08-12T17:45:29+00:00\",\"dateModified\":\"2024-08-12T17:45:29+00:00\",\"author\":{\"@id\":\"https:\/\/theplayoffs.news\/fr\/#\/schema\/person\/863ce84969b07bfc09ef81750720e42a\"},\"breadcrumb\":{\"@id\":\"https:\/\/theplayoffs.news\/fr\/actualite-nba\/les-affiches-de-la-saison-nba-2024\/#breadcrumb\"},\"inLanguage\":\"fr-FR\",\"potentialAction\":[{\"@type\":\"ReadAction\",\"target\":[\"https:\/\/theplayoffs.news\/fr\/actualite-nba\/les-affiches-de-la-saison-nba-2024\/\"]}]},{\"@type\":\"ImageObject\",\"inLanguage\":\"fr-FR\",\"@id\":\"https:\/\/theplayoffs.news\/fr\/actualite-nba\/les-affiches-de-la-saison-nba-2024\/#primaryimage\",\"url\":\"https:\/\/theplayoffs.news\/fr\/wp-content\/uploads\/2024\/08\/USATSI_23003461_168402440_lowres.jpg\",\"contentUrl\":\"https:\/\/theplayoffs.news\/fr\/wp-content\/uploads\/2024\/08\/USATSI_23003461_168402440_lowres.jpg\",\"width\":1793,\"height\":1193,\"caption\":\"Apr 11, 2024; Boston, Massachusetts, USA; New York Knicks guard Jalen Brunson (11) controls the ball while Boston Celtics guard Jaylen Brown (7) defends during the first half at TD Garden. Mandatory Credit: Bob DeChiara-USA TODAY Sports\"},{\"@type\":\"BreadcrumbList\",\"@id\":\"https:\/\/theplayoffs.news\/fr\/actualite-nba\/les-affiches-de-la-saison-nba-2024\/#breadcrumb\",\"itemListElement\":[{\"@type\":\"ListItem\",\"position\":1,\"name\":\"Accueil\",\"item\":\"https:\/\/theplayoffs.news\/fr\/\"},{\"@type\":\"ListItem\",\"position\":2,\"name\":\"Les affiches de la saison NBA 2024.\"}]},{\"@type\":\"WebSite\",\"@id\":\"https:\/\/theplayoffs.news\/fr\/#website\",\"url\":\"https:\/\/theplayoffs.news\/fr\/\",\"name\":\"The Playoffs FR\",\"description\":\"NBA-NFL-NHL-MLB\",\"potentialAction\":[{\"@type\":\"SearchAction\",\"target\":{\"@type\":\"EntryPoint\",\"urlTemplate\":\"https:\/\/theplayoffs.news\/fr\/?s={search_term_string}\"},\"query-input\":{\"@type\":\"PropertyValueSpecification\",\"valueRequired\":true,\"valueName\":\"search_term_string\"}}],\"inLanguage\":\"fr-FR\"},{\"@type\":\"Person\",\"@id\":\"https:\/\/theplayoffs.news\/fr\/#\/schema\/person\/863ce84969b07bfc09ef81750720e42a\",\"name\":\"Christopher Marrec-Top\",\"image\":{\"@type\":\"ImageObject\",\"inLanguage\":\"fr-FR\",\"@id\":\"https:\/\/theplayoffs.news\/fr\/#\/schema\/person\/image\/\",\"url\":\"https:\/\/secure.gravatar.com\/avatar\/3102192a417211661aecac9ec415c973058438e49145f224d4e3273853f80021?s=96&d=mm&r=g\",\"contentUrl\":\"https:\/\/secure.gravatar.com\/avatar\/3102192a417211661aecac9ec415c973058438e49145f224d4e3273853f80021?s=96&d=mm&r=g\",\"caption\":\"Christopher Marrec-Top\"},\"description\":\"Christopher, 37 ans et biberonn\u00e9 au cidre et aux cr\u00eapes (rien de plus normal pour un breton). Animateur du podcast \\\\\\\"And One\\\\\\\", d\u00e9di\u00e9 \u00e0 l\u2019univers du basket (NBA, WNBA, Draft), et r\u00e9dacteur pour le site ThePlayoffs. Je suis entr\u00e9 dans le monde des m\u00e9dias il y a quelques ann\u00e9es en tant que novice, mais ma passion pour le sport m\u2019anime au quotidien. Admirateur inconditionnel d\\\\'un certain \\\\\\\"Chosen One\\\\\\\", je l\\\\'ai particuli\u00e8rement suivi avec un maillot noir orn\u00e9 d\\\\'un grand C (avec le maillot \\\\\\\"purple and gold\\\\\\\" il se d\u00e9brouille toujours pas trop mal). Amoureux du sport am\u00e9ricain dans son ensemble, je reste fid\u00e8le \u00e0 la discipline fond\u00e9e par James Naismith. ENJOY !! Et longue vie \u00e0 ThePlayoffs !\",\"url\":\"https:\/\/theplayoffs.news\/fr\/author\/christophertop\/\"}]}<\/script>\n<!-- \/ Yoast SEO plugin. -->","yoast_head_json":{"title":"Les affiches de la saison NBA 2024. - The Playoffs FR","robots":{"index":"index","follow":"follow","max-snippet":"max-snippet:-1","max-image-preview":"max-image-preview:large","max-video-preview":"max-video-preview:-1"},"canonical":"https:\/\/theplayoffs.news\/fr\/actualite-nba\/les-affiches-de-la-saison-nba-2024\/","og_locale":"fr_FR","og_type":"article","og_title":"Les affiches de la saison NBA 2024. - The Playoffs FR","og_url":"https:\/\/theplayoffs.news\/fr\/actualite-nba\/les-affiches-de-la-saison-nba-2024\/","og_site_name":"The Playoffs FR","article_publisher":"https:\/\/www.facebook.com\/TheFreeAgentFR\/","og_image":[{"width":1793,"height":1193,"url":"https:\/\/theplayoffs.news\/fr\/wp-content\/uploads\/2024\/08\/USATSI_23003461_168402440_lowres.jpg","type":"image\/jpeg"}],"author":"Christopher Marrec-Top","twitter_card":"summary_large_image","twitter_creator":"@TheFreeAgentFR","twitter_site":"@TheFreeAgentFR","twitter_misc":{"\u00c9crit par":"Christopher Marrec-Top","Dur\u00e9e de lecture estim\u00e9e":"2 minutes"},"schema":{"@context":"https:\/\/schema.org","@graph":[{"@type":"WebPage","@id":"https:\/\/theplayoffs.news\/fr\/actualite-nba\/les-affiches-de-la-saison-nba-2024\/","url":"https:\/\/theplayoffs.news\/fr\/actualite-nba\/les-affiches-de-la-saison-nba-2024\/","name":"Les affiches de la saison NBA 2024. - The Playoffs FR","isPartOf":{"@id":"https:\/\/theplayoffs.news\/fr\/#website"},"primaryImageOfPage":{"@id":"https:\/\/theplayoffs.news\/fr\/actualite-nba\/les-affiches-de-la-saison-nba-2024\/#primaryimage"},"image":{"@id":"https:\/\/theplayoffs.news\/fr\/actualite-nba\/les-affiches-de-la-saison-nba-2024\/#primaryimage"},"thumbnailUrl":"https:\/\/theplayoffs.news\/fr\/wp-content\/uploads\/2024\/08\/USATSI_23003461_168402440_lowres.jpg","datePublished":"2024-08-12T17:45:29+00:00","dateModified":"2024-08-12T17:45:29+00:00","author":{"@id":"https:\/\/theplayoffs.news\/fr\/#\/schema\/person\/863ce84969b07bfc09ef81750720e42a"},"breadcrumb":{"@id":"https:\/\/theplayoffs.news\/fr\/actualite-nba\/les-affiches-de-la-saison-nba-2024\/#breadcrumb"},"inLanguage":"fr-FR","potentialAction":[{"@type":"ReadAction","target":["https:\/\/theplayoffs.news\/fr\/actualite-nba\/les-affiches-de-la-saison-nba-2024\/"]}]},{"@type":"ImageObject","inLanguage":"fr-FR","@id":"https:\/\/theplayoffs.news\/fr\/actualite-nba\/les-affiches-de-la-saison-nba-2024\/#primaryimage","url":"https:\/\/theplayoffs.news\/fr\/wp-content\/uploads\/2024\/08\/USATSI_23003461_168402440_lowres.jpg","contentUrl":"https:\/\/theplayoffs.news\/fr\/wp-content\/uploads\/2024\/08\/USATSI_23003461_168402440_lowres.jpg","width":1793,"height":1193,"caption":"Apr 11, 2024; Boston, Massachusetts, USA; New York Knicks guard Jalen Brunson (11) controls the ball while Boston Celtics guard Jaylen Brown (7) defends during the first half at TD Garden. Mandatory Credit: Bob DeChiara-USA TODAY Sports"},{"@type":"BreadcrumbList","@id":"https:\/\/theplayoffs.news\/fr\/actualite-nba\/les-affiches-de-la-saison-nba-2024\/#breadcrumb","itemListElement":[{"@type":"ListItem","position":1,"name":"Accueil","item":"https:\/\/theplayoffs.news\/fr\/"},{"@type":"ListItem","position":2,"name":"Les affiches de la saison NBA 2024."}]},{"@type":"WebSite","@id":"https:\/\/theplayoffs.news\/fr\/#website","url":"https:\/\/theplayoffs.news\/fr\/","name":"The Playoffs FR","description":"NBA-NFL-NHL-MLB","potentialAction":[{"@type":"SearchAction","target":{"@type":"EntryPoint","urlTemplate":"https:\/\/theplayoffs.news\/fr\/?s={search_term_string}"},"query-input":{"@type":"PropertyValueSpecification","valueRequired":true,"valueName":"search_term_string"}}],"inLanguage":"fr-FR"},{"@type":"Person","@id":"https:\/\/theplayoffs.news\/fr\/#\/schema\/person\/863ce84969b07bfc09ef81750720e42a","name":"Christopher Marrec-Top","image":{"@type":"ImageObject","inLanguage":"fr-FR","@id":"https:\/\/theplayoffs.news\/fr\/#\/schema\/person\/image\/","url":"https:\/\/secure.gravatar.com\/avatar\/3102192a417211661aecac9ec415c973058438e49145f224d4e3273853f80021?s=96&d=mm&r=g","contentUrl":"https:\/\/secure.gravatar.com\/avatar\/3102192a417211661aecac9ec415c973058438e49145f224d4e3273853f80021?s=96&d=mm&r=g","caption":"Christopher Marrec-Top"},"description":"Christopher, 37 ans et biberonn\u00e9 au cidre et aux cr\u00eapes (rien de plus normal pour un breton). Animateur du podcast \\\"And One\\\", d\u00e9di\u00e9 \u00e0 l\u2019univers du basket (NBA, WNBA, Draft), et r\u00e9dacteur pour le site ThePlayoffs. Je suis entr\u00e9 dans le monde des m\u00e9dias il y a quelques ann\u00e9es en tant que novice, mais ma passion pour le sport m\u2019anime au quotidien. Admirateur inconditionnel d\\'un certain \\\"Chosen One\\\", je l\\'ai particuli\u00e8rement suivi avec un maillot noir orn\u00e9 d\\'un grand C (avec le maillot \\\"purple and gold\\\" il se d\u00e9brouille toujours pas trop mal). Amoureux du sport am\u00e9ricain dans son ensemble, je reste fid\u00e8le \u00e0 la discipline fond\u00e9e par James Naismith. ENJOY !! Et longue vie \u00e0 ThePlayoffs !","url":"https:\/\/theplayoffs.news\/fr\/author\/christophertop\/"}]}},"_links":{"self":[{"href":"https:\/\/theplayoffs.news\/fr\/wp-json\/wp\/v2\/posts\/1450756","targetHints":{"allow":["GET"]}}],"collection":[{"href":"https:\/\/theplayoffs.news\/fr\/wp-json\/wp\/v2\/posts"}],"about":[{"href":"https:\/\/theplayoffs.news\/fr\/wp-json\/wp\/v2\/types\/post"}],"author":[{"embeddable":true,"href":"https:\/\/theplayoffs.news\/fr\/wp-json\/wp\/v2\/users\/180310001"}],"replies":[{"embeddable":true,"href":"https:\/\/theplayoffs.news\/fr\/wp-json\/wp\/v2\/comments?post=1450756"}],"version-history":[{"count":8,"href":"https:\/\/theplayoffs.news\/fr\/wp-json\/wp\/v2\/posts\/1450756\/revisions"}],"predecessor-version":[{"id":1450777,"href":"https:\/\/theplayoffs.news\/fr\/wp-json\/wp\/v2\/posts\/1450756\/revisions\/1450777"}],"wp:featuredmedia":[{"embeddable":true,"href":"https:\/\/theplayoffs.news\/fr\/wp-json\/wp\/v2\/media\/1450757"}],"wp:attachment":[{"href":"https:\/\/theplayoffs.news\/fr\/wp-json\/wp\/v2\/media?parent=1450756"}],"wp:term":[{"taxonomy":"category","embeddable":true,"href":"https:\/\/theplayoffs.news\/fr\/wp-json\/wp\/v2\/categories?post=1450756"},{"taxonomy":"post_tag","embeddable":true,"href":"https:\/\/theplayoffs.news\/fr\/wp-json\/wp\/v2\/tags?post=1450756"},{"taxonomy":"sport","embeddable":true,"href":"https:\/\/theplayoffs.news\/fr\/wp-json\/wp\/v2\/sport?post=1450756"},{"taxonomy":"saison","embeddable":true,"href":"https:\/\/theplayoffs.news\/fr\/wp-json\/wp\/v2\/saison?post=1450756"}],"curies":[{"name":"wp","href":"https:\/\/api.w.org\/{rel}","templated":true}]}}