{"id":1450732,"date":"2024-08-12T17:18:41","date_gmt":"2024-08-12T15:18:41","guid":{"rendered":"https:\/\/theplayoffs.news\/fr\/?p=1450732"},"modified":"2024-08-12T17:18:41","modified_gmt":"2024-08-12T15:18:41","slug":"steve-kerr-proche-de-quitter-son-poste-de-selectionneur-de-team-usa","status":"publish","type":"post","link":"https:\/\/theplayoffs.news\/fr\/actualite-nba\/steve-kerr-proche-de-quitter-son-poste-de-selectionneur-de-team-usa\/","title":{"rendered":"Steve Kerr, proche de quitter son poste de s\u00e9lectionneur de Team USA"},"content":{"rendered":"<h2>Steve Kerr devrait certainement laisser sa place en tant que coach principal de Team USA apr&egrave;s sa campagne olympique victorieuse &agrave; Paris.<\/h2><p>En effet, selon Evan Sidery pour Forbes, <a href=\"https:\/\/theplayoffs.news\/fr\/nba-basketball\/steve-kerr-team-usa-na-pas-pour-projet-de-faire-debuter-kevin-durant\/\" class=\"trk-cta-link\" data-cta-trk='{\"ctaType\":\"Link\",\"ctaSubType\":\"main\"}'>Steve Kerr<\/a> actuel coach de Team USA ne devrait pas rester plus longtemps au sein du coaching staff des Am&eacute;ricains. Son favori pour le remplacer n&rsquo;est autre que son assistant avec Team USA, Erik Spoelstra.<\/p><p>Le coach des Miami Heat devrait reprendre les reines de la s&eacute;lection am&eacute;ricaine pour un cycle de 4 ans &agrave; l&rsquo;aube des Jeux Olympiques de Los Angeles de 2028.<\/p><p><a href=\"https:\/\/basketnews.com\/news-210480-steve-kerr-likely-to-step-down-from-team-usa.html\" class=\"trk-cta-link\" data-cta-trk='{\"ctaType\":\"Link\",\"ctaSubType\":\"main\"}'>Steve Kerr a &eacute;t&eacute; nomm&eacute; &laquo;&nbsp;head coach&nbsp;&raquo; de team USA en d&eacute;cembre 2021<\/a>.<\/p><p>Sous la direction de Kerr, l&rsquo;&eacute;quipe am&eacute;ricaine s&rsquo;est class&eacute;e quatri&egrave;me &agrave; la Coupe du monde FIBA 2023 l&rsquo;an dernier, perdant trois matchs dans la comp&eacute;tition.<\/p><p>Un tel bilan est une premi&egrave;re pour les &Eacute;tats-Unis dans un tournoi international depuis les tristement c&eacute;l&egrave;bres Jeux olympiques d&rsquo;Ath&egrave;nes en 2004.<\/p><blockquote class=\"twitter-tweet\" data-width=\"500\" data-dnt=\"true\">\n<p lang=\"en\" dir=\"ltr\">Steve Kerr is likely to retire as Team USA head coach, which means a new lead voice for 2028 in Los Angeles.<\/p>\n<p>Erik Spoelstra is viewed as the strong internal favorite to become Team USA&rsquo;s next in line following Gregg Popovich and Kerr. <a href=\"https:\/\/t.co\/njYm4I8Cfx\" class=\"trk-cta-link\" data-cta-trk='{\"ctaType\":\"Link\",\"ctaSubType\":\"main\"}'>pic.twitter.com\/njYm4I8Cfx<\/a><\/p>\n<p>&mdash; Evan Sidery (@esidery) <a href=\"https:\/\/twitter.com\/esidery\/status\/1822694512604414199?ref_src=twsrc%5Etfw\" class=\"trk-cta-link\" data-cta-trk='{\"ctaType\":\"Link\",\"ctaSubType\":\"main\"}'>August 11, 2024<\/a><\/p><\/blockquote><p><script async src=\"https:\/\/platform.twitter.com\/widgets.js\" charset=\"utf-8\"><\/script><\/p><p>Le coach des Warriors a plaisant&eacute; en disant qu&rsquo;il allait quitter son poste dans l&rsquo;interview d&rsquo;apr&egrave;s-match avec Eurosport apr&egrave;s avoir remport&eacute; la m&eacute;daille d&rsquo;or &agrave; Paris.<\/p><blockquote><p>&laquo;&nbsp;Je vais annoncer ma retraite maintenant,&nbsp;&raquo; a-t-il dit en plaisantant apr&egrave;s avoir &eacute;t&eacute; interrog&eacute; sur le fait d&rsquo;avoir apparemment accompli en termes de palmar&egrave;s tout ce qu&rsquo;un coach aimerait.<\/p><\/blockquote><p>Cr&eacute;dit Photo : Kyle Terada-USA TODAY Sports<\/p>\n","protected":false},"excerpt":{"rendered":"","protected":false},"author":180310255,"featured_media":1450736,"comment_status":"open","ping_status":"closed","sticky":false,"template":"","format":"standard","meta":{"inline_featured_image":false,"kia_subtitle":"","_mux_skip_reasons":[],"proofreadBy":0,"footnotes":""},"categories":[110,7518,10],"tags":[],"sport":[],"saison":[],"class_list":["post-1450732","post","type-post","status-publish","format-standard","has-post-thumbnail","hentry","category-actualite-nba","category-jo2024","category-nba"],"acf":[],"yoast_head":"<!-- This site is optimized with the Yoast SEO plugin v24.2 - https:\/\/yoast.com\/wordpress\/plugins\/seo\/ -->\n<title>Steve Kerr, proche de quitter son poste de s&eacute;lectionneur de Team USA - The Playoffs FR<\/title>\n<meta name=\"robots\" content=\"index, follow, max-snippet:-1, max-image-preview:large, max-video-preview:-1\" \/>\n<link rel=\"canonical\" href=\"https:\/\/theplayoffs.news\/fr\/actualite-nba\/steve-kerr-proche-de-quitter-son-poste-de-selectionneur-de-team-usa\/\" \/>\n<meta property=\"og:locale\" content=\"fr_FR\" \/>\n<meta property=\"og:type\" content=\"article\" \/>\n<meta property=\"og:title\" content=\"Steve Kerr, proche de quitter son poste de s&eacute;lectionneur de Team USA - The Playoffs FR\" \/>\n<meta property=\"og:url\" content=\"https:\/\/theplayoffs.news\/fr\/actualite-nba\/steve-kerr-proche-de-quitter-son-poste-de-selectionneur-de-team-usa\/\" \/>\n<meta property=\"og:site_name\" content=\"The Playoffs FR\" \/>\n<meta property=\"article:publisher\" content=\"https:\/\/www.facebook.com\/TheFreeAgentFR\/\" \/>\n<meta property=\"article:modified_time\" content=\"2024-08-12T17:18:41+02:00\" \/>\n<meta property=\"og:image\" content=\"https:\/\/theplayoffs.news\/fr\/wp-content\/uploads\/2024\/08\/USATSI_23928298.jpg\" \/>\n\t<meta property=\"og:image:width\" content=\"1920\" \/>\n\t<meta property=\"og:image:height\" content=\"1280\" \/>\n\t<meta property=\"og:image:type\" content=\"image\/jpeg\" \/>\n<meta name=\"author\" content=\"Elouan Girard\" \/>\n<meta name=\"twitter:card\" content=\"summary_large_image\" \/>\n<meta name=\"twitter:creator\" content=\"@TheFreeAgentFR\" \/>\n<meta name=\"twitter:site\" content=\"@TheFreeAgentFR\" \/>\n<meta name=\"twitter:label1\" content=\"\u00c9crit par\" \/>\n\t<meta name=\"twitter:data1\" content=\"Elouan Girard\" \/>\n\t<meta name=\"twitter:label2\" content=\"Dur\u00e9e de lecture estim\u00e9e\" \/>\n\t<meta name=\"twitter:data2\" content=\"1 minute\" \/>\n<script type=\"application\/ld+json\" class=\"yoast-schema-graph\">{\"@context\":\"https:\/\/schema.org\",\"@graph\":[{\"@type\":\"WebPage\",\"@id\":\"https:\/\/theplayoffs.news\/fr\/actualite-nba\/steve-kerr-proche-de-quitter-son-poste-de-selectionneur-de-team-usa\/\",\"url\":\"https:\/\/theplayoffs.news\/fr\/actualite-nba\/steve-kerr-proche-de-quitter-son-poste-de-selectionneur-de-team-usa\/\",\"name\":\"Steve Kerr, proche de quitter son poste de s\u00e9lectionneur de Team USA - The Playoffs FR\",\"isPartOf\":{\"@id\":\"https:\/\/theplayoffs.news\/fr\/#website\"},\"primaryImageOfPage\":{\"@id\":\"https:\/\/theplayoffs.news\/fr\/actualite-nba\/steve-kerr-proche-de-quitter-son-poste-de-selectionneur-de-team-usa\/#primaryimage\"},\"image\":{\"@id\":\"https:\/\/theplayoffs.news\/fr\/actualite-nba\/steve-kerr-proche-de-quitter-son-poste-de-selectionneur-de-team-usa\/#primaryimage\"},\"thumbnailUrl\":\"https:\/\/theplayoffs.news\/fr\/wp-content\/uploads\/2024\/08\/USATSI_23928298.jpg\",\"datePublished\":\"2024-08-12T15:18:41+00:00\",\"dateModified\":\"2024-08-12T15:18:41+00:00\",\"author\":{\"@id\":\"https:\/\/theplayoffs.news\/fr\/#\/schema\/person\/6c4db0b49aa9ade4e6a3ddef3b2842a8\"},\"breadcrumb\":{\"@id\":\"https:\/\/theplayoffs.news\/fr\/actualite-nba\/steve-kerr-proche-de-quitter-son-poste-de-selectionneur-de-team-usa\/#breadcrumb\"},\"inLanguage\":\"fr-FR\",\"potentialAction\":[{\"@type\":\"ReadAction\",\"target\":[\"https:\/\/theplayoffs.news\/fr\/actualite-nba\/steve-kerr-proche-de-quitter-son-poste-de-selectionneur-de-team-usa\/\"]}]},{\"@type\":\"ImageObject\",\"inLanguage\":\"fr-FR\",\"@id\":\"https:\/\/theplayoffs.news\/fr\/actualite-nba\/steve-kerr-proche-de-quitter-son-poste-de-selectionneur-de-team-usa\/#primaryimage\",\"url\":\"https:\/\/theplayoffs.news\/fr\/wp-content\/uploads\/2024\/08\/USATSI_23928298.jpg\",\"contentUrl\":\"https:\/\/theplayoffs.news\/fr\/wp-content\/uploads\/2024\/08\/USATSI_23928298.jpg\",\"width\":1920,\"height\":1280,\"caption\":\"Aug 6, 2024; Paris, France; United States head coach Steve Kerr talks to centre Joel Embiid (11) and small forward Jayson Tatum (10) and shooting guard Stephen Curry (4) and guard LeBron James (6) in the first half against Brazil in a men\u2019s basketball quarterfinal game during the Paris 2024 Olympic Summer Games at Accor Arena. Mandatory Credit: Kyle Terada-USA TODAY Sports\"},{\"@type\":\"BreadcrumbList\",\"@id\":\"https:\/\/theplayoffs.news\/fr\/actualite-nba\/steve-kerr-proche-de-quitter-son-poste-de-selectionneur-de-team-usa\/#breadcrumb\",\"itemListElement\":[{\"@type\":\"ListItem\",\"position\":1,\"name\":\"Accueil\",\"item\":\"https:\/\/theplayoffs.news\/fr\/\"},{\"@type\":\"ListItem\",\"position\":2,\"name\":\"Steve Kerr, proche de quitter son poste de s\u00e9lectionneur de Team USA\"}]},{\"@type\":\"WebSite\",\"@id\":\"https:\/\/theplayoffs.news\/fr\/#website\",\"url\":\"https:\/\/theplayoffs.news\/fr\/\",\"name\":\"The Playoffs FR\",\"description\":\"NBA-NFL-NHL-MLB\",\"potentialAction\":[{\"@type\":\"SearchAction\",\"target\":{\"@type\":\"EntryPoint\",\"urlTemplate\":\"https:\/\/theplayoffs.news\/fr\/?s={search_term_string}\"},\"query-input\":{\"@type\":\"PropertyValueSpecification\",\"valueRequired\":true,\"valueName\":\"search_term_string\"}}],\"inLanguage\":\"fr-FR\"},{\"@type\":\"Person\",\"@id\":\"https:\/\/theplayoffs.news\/fr\/#\/schema\/person\/6c4db0b49aa9ade4e6a3ddef3b2842a8\",\"name\":\"Elouan Girard\",\"image\":{\"@type\":\"ImageObject\",\"inLanguage\":\"fr-FR\",\"@id\":\"https:\/\/theplayoffs.news\/fr\/#\/schema\/person\/image\/\",\"url\":\"https:\/\/secure.gravatar.com\/avatar\/230f939104da8456d40e879fa1d9fc19f13fb1470c5c2b6b1cb611f0f579870b?s=96&d=mm&r=g\",\"contentUrl\":\"https:\/\/secure.gravatar.com\/avatar\/230f939104da8456d40e879fa1d9fc19f13fb1470c5c2b6b1cb611f0f579870b?s=96&d=mm&r=g\",\"caption\":\"Elouan Girard\"},\"url\":\"https:\/\/theplayoffs.news\/fr\/author\/elou-girard59gmail-com\/\"}]}<\/script>\n<!-- \/ Yoast SEO plugin. -->","yoast_head_json":{"title":"Steve Kerr, proche de quitter son poste de s&eacute;lectionneur de Team USA - The Playoffs FR","robots":{"index":"index","follow":"follow","max-snippet":"max-snippet:-1","max-image-preview":"max-image-preview:large","max-video-preview":"max-video-preview:-1"},"canonical":"https:\/\/theplayoffs.news\/fr\/actualite-nba\/steve-kerr-proche-de-quitter-son-poste-de-selectionneur-de-team-usa\/","og_locale":"fr_FR","og_type":"article","og_title":"Steve Kerr, proche de quitter son poste de s&eacute;lectionneur de Team USA - The Playoffs FR","og_url":"https:\/\/theplayoffs.news\/fr\/actualite-nba\/steve-kerr-proche-de-quitter-son-poste-de-selectionneur-de-team-usa\/","og_site_name":"The Playoffs FR","article_publisher":"https:\/\/www.facebook.com\/TheFreeAgentFR\/","og_image":[{"width":1920,"height":1280,"url":"https:\/\/theplayoffs.news\/fr\/wp-content\/uploads\/2024\/08\/USATSI_23928298.jpg","type":"image\/jpeg"}],"author":"Elouan Girard","twitter_card":"summary_large_image","twitter_creator":"@TheFreeAgentFR","twitter_site":"@TheFreeAgentFR","twitter_misc":{"\u00c9crit par":"Elouan Girard","Dur\u00e9e de lecture estim\u00e9e":"1 minute"},"schema":{"@context":"https:\/\/schema.org","@graph":[{"@type":"WebPage","@id":"https:\/\/theplayoffs.news\/fr\/actualite-nba\/steve-kerr-proche-de-quitter-son-poste-de-selectionneur-de-team-usa\/","url":"https:\/\/theplayoffs.news\/fr\/actualite-nba\/steve-kerr-proche-de-quitter-son-poste-de-selectionneur-de-team-usa\/","name":"Steve Kerr, proche de quitter son poste de s\u00e9lectionneur de Team USA - The Playoffs FR","isPartOf":{"@id":"https:\/\/theplayoffs.news\/fr\/#website"},"primaryImageOfPage":{"@id":"https:\/\/theplayoffs.news\/fr\/actualite-nba\/steve-kerr-proche-de-quitter-son-poste-de-selectionneur-de-team-usa\/#primaryimage"},"image":{"@id":"https:\/\/theplayoffs.news\/fr\/actualite-nba\/steve-kerr-proche-de-quitter-son-poste-de-selectionneur-de-team-usa\/#primaryimage"},"thumbnailUrl":"https:\/\/theplayoffs.news\/fr\/wp-content\/uploads\/2024\/08\/USATSI_23928298.jpg","datePublished":"2024-08-12T15:18:41+00:00","dateModified":"2024-08-12T15:18:41+00:00","author":{"@id":"https:\/\/theplayoffs.news\/fr\/#\/schema\/person\/6c4db0b49aa9ade4e6a3ddef3b2842a8"},"breadcrumb":{"@id":"https:\/\/theplayoffs.news\/fr\/actualite-nba\/steve-kerr-proche-de-quitter-son-poste-de-selectionneur-de-team-usa\/#breadcrumb"},"inLanguage":"fr-FR","potentialAction":[{"@type":"ReadAction","target":["https:\/\/theplayoffs.news\/fr\/actualite-nba\/steve-kerr-proche-de-quitter-son-poste-de-selectionneur-de-team-usa\/"]}]},{"@type":"ImageObject","inLanguage":"fr-FR","@id":"https:\/\/theplayoffs.news\/fr\/actualite-nba\/steve-kerr-proche-de-quitter-son-poste-de-selectionneur-de-team-usa\/#primaryimage","url":"https:\/\/theplayoffs.news\/fr\/wp-content\/uploads\/2024\/08\/USATSI_23928298.jpg","contentUrl":"https:\/\/theplayoffs.news\/fr\/wp-content\/uploads\/2024\/08\/USATSI_23928298.jpg","width":1920,"height":1280,"caption":"Aug 6, 2024; Paris, France; United States head coach Steve Kerr talks to centre Joel Embiid (11) and small forward Jayson Tatum (10) and shooting guard Stephen Curry (4) and guard LeBron James (6) in the first half against Brazil in a men\u2019s basketball quarterfinal game during the Paris 2024 Olympic Summer Games at Accor Arena. Mandatory Credit: Kyle Terada-USA TODAY Sports"},{"@type":"BreadcrumbList","@id":"https:\/\/theplayoffs.news\/fr\/actualite-nba\/steve-kerr-proche-de-quitter-son-poste-de-selectionneur-de-team-usa\/#breadcrumb","itemListElement":[{"@type":"ListItem","position":1,"name":"Accueil","item":"https:\/\/theplayoffs.news\/fr\/"},{"@type":"ListItem","position":2,"name":"Steve Kerr, proche de quitter son poste de s\u00e9lectionneur de Team USA"}]},{"@type":"WebSite","@id":"https:\/\/theplayoffs.news\/fr\/#website","url":"https:\/\/theplayoffs.news\/fr\/","name":"The Playoffs FR","description":"NBA-NFL-NHL-MLB","potentialAction":[{"@type":"SearchAction","target":{"@type":"EntryPoint","urlTemplate":"https:\/\/theplayoffs.news\/fr\/?s={search_term_string}"},"query-input":{"@type":"PropertyValueSpecification","valueRequired":true,"valueName":"search_term_string"}}],"inLanguage":"fr-FR"},{"@type":"Person","@id":"https:\/\/theplayoffs.news\/fr\/#\/schema\/person\/6c4db0b49aa9ade4e6a3ddef3b2842a8","name":"Elouan Girard","image":{"@type":"ImageObject","inLanguage":"fr-FR","@id":"https:\/\/theplayoffs.news\/fr\/#\/schema\/person\/image\/","url":"https:\/\/secure.gravatar.com\/avatar\/230f939104da8456d40e879fa1d9fc19f13fb1470c5c2b6b1cb611f0f579870b?s=96&d=mm&r=g","contentUrl":"https:\/\/secure.gravatar.com\/avatar\/230f939104da8456d40e879fa1d9fc19f13fb1470c5c2b6b1cb611f0f579870b?s=96&d=mm&r=g","caption":"Elouan Girard"},"url":"https:\/\/theplayoffs.news\/fr\/author\/elou-girard59gmail-com\/"}]}},"_links":{"self":[{"href":"https:\/\/theplayoffs.news\/fr\/wp-json\/wp\/v2\/posts\/1450732","targetHints":{"allow":["GET"]}}],"collection":[{"href":"https:\/\/theplayoffs.news\/fr\/wp-json\/wp\/v2\/posts"}],"about":[{"href":"https:\/\/theplayoffs.news\/fr\/wp-json\/wp\/v2\/types\/post"}],"author":[{"embeddable":true,"href":"https:\/\/theplayoffs.news\/fr\/wp-json\/wp\/v2\/users\/180310255"}],"replies":[{"embeddable":true,"href":"https:\/\/theplayoffs.news\/fr\/wp-json\/wp\/v2\/comments?post=1450732"}],"version-history":[{"count":2,"href":"https:\/\/theplayoffs.news\/fr\/wp-json\/wp\/v2\/posts\/1450732\/revisions"}],"predecessor-version":[{"id":1450744,"href":"https:\/\/theplayoffs.news\/fr\/wp-json\/wp\/v2\/posts\/1450732\/revisions\/1450744"}],"wp:featuredmedia":[{"embeddable":true,"href":"https:\/\/theplayoffs.news\/fr\/wp-json\/wp\/v2\/media\/1450736"}],"wp:attachment":[{"href":"https:\/\/theplayoffs.news\/fr\/wp-json\/wp\/v2\/media?parent=1450732"}],"wp:term":[{"taxonomy":"category","embeddable":true,"href":"https:\/\/theplayoffs.news\/fr\/wp-json\/wp\/v2\/categories?post=1450732"},{"taxonomy":"post_tag","embeddable":true,"href":"https:\/\/theplayoffs.news\/fr\/wp-json\/wp\/v2\/tags?post=1450732"},{"taxonomy":"sport","embeddable":true,"href":"https:\/\/theplayoffs.news\/fr\/wp-json\/wp\/v2\/sport?post=1450732"},{"taxonomy":"saison","embeddable":true,"href":"https:\/\/theplayoffs.news\/fr\/wp-json\/wp\/v2\/saison?post=1450732"}],"curies":[{"name":"wp","href":"https:\/\/api.w.org\/{rel}","templated":true}]}}