{"id":1450092,"date":"2024-08-08T11:41:37","date_gmt":"2024-08-08T09:41:37","guid":{"rendered":"https:\/\/theplayoffs.news\/fr\/?p=1450092"},"modified":"2024-08-08T11:41:37","modified_gmt":"2024-08-08T09:41:37","slug":"les-raiders-cherchent-encore-leur-quarterback-titulaire","status":"publish","type":"post","link":"https:\/\/theplayoffs.news\/fr\/actualite-nfl\/les-raiders-cherchent-encore-leur-quarterback-titulaire\/","title":{"rendered":"Les Raiders cherchent encore leur quarterback titulaire."},"content":{"rendered":"<h2>&Agrave; Las Vegas, la bataille pour &ecirc;tre le quarterback titulaire des Raiders est encore serr&eacute;e.<\/h2><p>&nbsp;<\/p><p>L&rsquo;entra&icirc;neur-chef des Raiders de Las Vegas, Antonio Pierce, a d&eacute;clar&eacute; que le match d&rsquo;ouverture de la pr&eacute;-saison de samedi contre les Vikings du Minnesota sera &laquo;&nbsp;tr&egrave;s r&eacute;v&eacute;lateur&nbsp;&raquo; pour d&eacute;terminer qui commencera la saison r&eacute;guli&egrave;re en tant que Quarterback num&eacute;ro 1.<\/p><blockquote><p>&laquo;&nbsp;Je veux voir ces gars prendre soin du ballon, g&eacute;rer l&rsquo;&eacute;quipe, et bien jouer dans les situations critiques&nbsp;&raquo;, a d&eacute;clar&eacute; Pierce aux journalistes mercredi, selon Jori Epstein de Yahoo Sports.<\/p><\/blockquote><p>&nbsp;<\/p><blockquote class=\"twitter-tweet\" data-width=\"500\" data-dnt=\"true\">\n<p lang=\"en\" dir=\"ltr\">Good morning from training camp stop 9, where the Raiders QB battle continues. Gardner Minshew and Aidan O&rsquo;Connell will each play a quarter in first half of upcoming preseason game. That will be &ldquo;telling&rdquo; in determining QB1, HC Antonio Pierce tells us. <a href=\"https:\/\/t.co\/uVRzvhQHs6\" class=\"trk-cta-link\" data-cta-trk='{\"ctaType\":\"Link\",\"ctaSubType\":\"main\"}'>pic.twitter.com\/uVRzvhQHs6<\/a><\/p>\n<p>&mdash; Jori Epstein (@JoriEpstein) <a href=\"https:\/\/twitter.com\/JoriEpstein\/status\/1821221906206663023?ref_src=twsrc%5Etfw\" class=\"trk-cta-link\" data-cta-trk='{\"ctaType\":\"Link\",\"ctaSubType\":\"main\"}'>August 7, 2024<\/a><\/p><\/blockquote><p><script async src=\"https:\/\/platform.twitter.com\/widgets.js\" charset=\"utf-8\"><\/script><\/p><p>&nbsp;<\/p><p>Le dernier entra&icirc;nement des Raiders &agrave; Costa Mesa n&rsquo;a pas permis de d&eacute;partager O&rsquo;Connell et Minshew. Tous deux ont lanc&eacute; une passe de touchdown ainsi qu&rsquo;une interception, et Pierce a indiqu&eacute; que la comp&eacute;tition restait m&ecirc;me apr&egrave;s 11 entra&icirc;nements au camp.<\/p><p>Avec un match &agrave; huis clos pr&eacute;vu jeudi, les Raiders se rendront au Minnesota vendredi pour leur match d&rsquo;ouverture de la pr&eacute;-saison contre les Vikings. Bien que Pierce n&rsquo;ait pas encore d&eacute;termin&eacute; qui serait titulaire, il a confirm&eacute;, &nbsp;selon&nbsp;<a href=\"https:\/\/x.com\/PGutierrezESPN\/status\/1821223878703903060\" target=\"_blank\" rel=\"noopener\" class=\"trk-cta-link\" data-cta-trk='{\"ctaType\":\"Link\",\"ctaSubType\":\"main\"}'>Paul Gutierrez<\/a> d&rsquo;ESPN, que les deux quarterbacks joueraient au moins un quart-temps.<\/p><p>Interrog&eacute; sur l&rsquo;importance de savoir qui d&eacute;buterait le match d&rsquo;ouverture, Pierce a r&eacute;pondu &laquo;&nbsp;pas vraiment&nbsp;&raquo;, car l&rsquo;autre quarterback commencerait le deuxi&egrave;me match d&rsquo;exhibition &agrave; domicile contre les Cowboys de Dallas.<\/p><blockquote><p>&laquo;&nbsp;Nous sommes en pleine forme pour le camp d&rsquo;entra&icirc;nement, nous progressons&nbsp;&raquo;, a d&eacute;clar&eacute; Pierce. &laquo;&nbsp;Nous nous pr&eacute;parons pour notre premier match, et il y aura encore des erreurs. C&rsquo;est pourquoi nous devons en tirer des le&ccedil;ons. J&rsquo;esp&egrave;re donc qu&rsquo;au 8 septembre, nous ne ferons plus les m&ecirc;mes erreurs.&nbsp;&raquo;<\/p><\/blockquote><p>\n<div id=\"attachment_1450094\" style=\"width: 310px\" class=\"wp-caption alignnone\"><img loading=\"lazy\" decoding=\"async\" aria-describedby=\"caption-attachment-1450094\" class=\"size-medium wp-image-1450094\" src=\"https:\/\/theplayoffs.news\/fr\/wp-content\/uploads\/2024\/08\/USATSI_23813396-300x200.jpg\" alt=\"\" width=\"300\" height=\"200\" srcset=\"https:\/\/theplayoffs.news\/fr\/wp-content\/uploads\/2024\/08\/USATSI_23813396-300x200.jpg 300w, https:\/\/theplayoffs.news\/fr\/wp-content\/uploads\/2024\/08\/USATSI_23813396-1030x687.jpg 1030w, https:\/\/theplayoffs.news\/fr\/wp-content\/uploads\/2024\/08\/USATSI_23813396-768x512.jpg 768w, https:\/\/theplayoffs.news\/fr\/wp-content\/uploads\/2024\/08\/USATSI_23813396-1320x880.jpg 1320w, https:\/\/theplayoffs.news\/fr\/wp-content\/uploads\/2024\/08\/USATSI_23813396.jpg 1920w\" sizes=\"auto, (max-width: 300px) 100vw, 300px\" \/><p id=\"caption-attachment-1450094\" class=\"wp-caption-text\">Cr&eacute;dit Photo: Mykal McEldowney\/IndyStar<\/p><\/div>\n<\/p><p>Minshew et O&rsquo;Connell ont tous deux &eacute;t&eacute; des titulaires surprises au milieu de la saison 2023, avec Minshew rempla&ccedil;ant <a href=\"https:\/\/theplayoffs.news\/fr\/nfl\/anthony-richardson-un-retour-comme-si-de-rien-netait\/\" class=\"trk-cta-link\" data-cta-trk='{\"ctaType\":\"Link\",\"ctaSubType\":\"main\"}'>Anthony Richardson<\/a> bless&eacute; chez les Colts d&rsquo;Indianapolis et O&rsquo;Connell rempla&ccedil;ant Jimmy Garoppolo aux Raiders. Maintenant, ils cherchent tous deux &agrave; obtenir une autre chance de d&eacute;buter avant le d&eacute;but de la saison r&eacute;guli&egrave;re le 8 septembre contre les Chargers de Los Angeles.<\/p><p>&nbsp;<\/p><p>Cr&eacute;dit photo: Kirby Lee-USA TODAY Sports<\/p>\n","protected":false},"excerpt":{"rendered":"","protected":false},"author":180310252,"featured_media":1450093,"comment_status":"open","ping_status":"closed","sticky":false,"template":"","format":"standard","meta":{"inline_featured_image":false,"kia_subtitle":"","_mux_skip_reasons":[],"proofreadBy":0,"footnotes":""},"categories":[118,40],"tags":[],"sport":[2785],"saison":[6111],"class_list":["post-1450092","post","type-post","status-publish","format-standard","has-post-thumbnail","hentry","category-actualite-nfl","category-nfl","sport-nfl","saison-6111"],"acf":[],"yoast_head":"<!-- This site is optimized with the Yoast SEO plugin v24.2 - https:\/\/yoast.com\/wordpress\/plugins\/seo\/ -->\n<title>Les Raiders cherchent encore leur quarterback titulaire. - The Playoffs FR<\/title>\n<meta name=\"robots\" content=\"index, follow, max-snippet:-1, max-image-preview:large, max-video-preview:-1\" \/>\n<link rel=\"canonical\" href=\"https:\/\/theplayoffs.news\/fr\/actualite-nfl\/les-raiders-cherchent-encore-leur-quarterback-titulaire\/\" \/>\n<meta property=\"og:locale\" content=\"fr_FR\" \/>\n<meta property=\"og:type\" content=\"article\" \/>\n<meta property=\"og:title\" content=\"Les Raiders cherchent encore leur quarterback titulaire. - The Playoffs FR\" \/>\n<meta property=\"og:url\" content=\"https:\/\/theplayoffs.news\/fr\/actualite-nfl\/les-raiders-cherchent-encore-leur-quarterback-titulaire\/\" \/>\n<meta property=\"og:site_name\" content=\"The Playoffs FR\" \/>\n<meta property=\"article:publisher\" content=\"https:\/\/www.facebook.com\/TheFreeAgentFR\/\" \/>\n<meta property=\"article:modified_time\" content=\"2024-08-08T11:41:37+02:00\" \/>\n<meta property=\"og:image\" content=\"https:\/\/theplayoffs.news\/fr\/wp-content\/uploads\/2024\/08\/USATSI_21117924.jpg\" \/>\n\t<meta property=\"og:image:width\" content=\"1920\" \/>\n\t<meta property=\"og:image:height\" content=\"1280\" \/>\n\t<meta property=\"og:image:type\" content=\"image\/jpeg\" \/>\n<meta name=\"author\" content=\"Hugo Da Silva\" \/>\n<meta name=\"twitter:card\" content=\"summary_large_image\" \/>\n<meta name=\"twitter:creator\" content=\"@TheFreeAgentFR\" \/>\n<meta name=\"twitter:site\" content=\"@TheFreeAgentFR\" \/>\n<meta name=\"twitter:label1\" content=\"\u00c9crit par\" \/>\n\t<meta name=\"twitter:data1\" content=\"Hugo Da Silva\" \/>\n\t<meta name=\"twitter:label2\" content=\"Dur\u00e9e de lecture estim\u00e9e\" \/>\n\t<meta name=\"twitter:data2\" content=\"2 minutes\" \/>\n<script type=\"application\/ld+json\" class=\"yoast-schema-graph\">{\"@context\":\"https:\/\/schema.org\",\"@graph\":[{\"@type\":\"WebPage\",\"@id\":\"https:\/\/theplayoffs.news\/fr\/actualite-nfl\/les-raiders-cherchent-encore-leur-quarterback-titulaire\/\",\"url\":\"https:\/\/theplayoffs.news\/fr\/actualite-nfl\/les-raiders-cherchent-encore-leur-quarterback-titulaire\/\",\"name\":\"Les Raiders cherchent encore leur quarterback titulaire. - The Playoffs FR\",\"isPartOf\":{\"@id\":\"https:\/\/theplayoffs.news\/fr\/#website\"},\"primaryImageOfPage\":{\"@id\":\"https:\/\/theplayoffs.news\/fr\/actualite-nfl\/les-raiders-cherchent-encore-leur-quarterback-titulaire\/#primaryimage\"},\"image\":{\"@id\":\"https:\/\/theplayoffs.news\/fr\/actualite-nfl\/les-raiders-cherchent-encore-leur-quarterback-titulaire\/#primaryimage\"},\"thumbnailUrl\":\"https:\/\/theplayoffs.news\/fr\/wp-content\/uploads\/2024\/08\/USATSI_21117924.jpg\",\"datePublished\":\"2024-08-08T09:41:37+00:00\",\"dateModified\":\"2024-08-08T09:41:37+00:00\",\"author\":{\"@id\":\"https:\/\/theplayoffs.news\/fr\/#\/schema\/person\/6873025fdeeef5a5a119a678d88f9eb8\"},\"breadcrumb\":{\"@id\":\"https:\/\/theplayoffs.news\/fr\/actualite-nfl\/les-raiders-cherchent-encore-leur-quarterback-titulaire\/#breadcrumb\"},\"inLanguage\":\"fr-FR\",\"potentialAction\":[{\"@type\":\"ReadAction\",\"target\":[\"https:\/\/theplayoffs.news\/fr\/actualite-nfl\/les-raiders-cherchent-encore-leur-quarterback-titulaire\/\"]}]},{\"@type\":\"ImageObject\",\"inLanguage\":\"fr-FR\",\"@id\":\"https:\/\/theplayoffs.news\/fr\/actualite-nfl\/les-raiders-cherchent-encore-leur-quarterback-titulaire\/#primaryimage\",\"url\":\"https:\/\/theplayoffs.news\/fr\/wp-content\/uploads\/2024\/08\/USATSI_21117924.jpg\",\"contentUrl\":\"https:\/\/theplayoffs.news\/fr\/wp-content\/uploads\/2024\/08\/USATSI_21117924.jpg\",\"width\":1920,\"height\":1280,\"caption\":\"Jul 31, 2023; Henderson, NV, USA; Las Vegas Raiders defensive end Adam Plant (52), quarterback Jimmy Garoppolo (10) and quarterback Brian Hoyer (7) stretch during training camp at the Intermountain Health Performance Center. Mandatory Credit: Kirby Lee-USA TODAY Sports\"},{\"@type\":\"BreadcrumbList\",\"@id\":\"https:\/\/theplayoffs.news\/fr\/actualite-nfl\/les-raiders-cherchent-encore-leur-quarterback-titulaire\/#breadcrumb\",\"itemListElement\":[{\"@type\":\"ListItem\",\"position\":1,\"name\":\"Accueil\",\"item\":\"https:\/\/theplayoffs.news\/fr\/\"},{\"@type\":\"ListItem\",\"position\":2,\"name\":\"Les Raiders cherchent encore leur quarterback titulaire.\"}]},{\"@type\":\"WebSite\",\"@id\":\"https:\/\/theplayoffs.news\/fr\/#website\",\"url\":\"https:\/\/theplayoffs.news\/fr\/\",\"name\":\"The Playoffs FR\",\"description\":\"NBA-NFL-NHL-MLB\",\"potentialAction\":[{\"@type\":\"SearchAction\",\"target\":{\"@type\":\"EntryPoint\",\"urlTemplate\":\"https:\/\/theplayoffs.news\/fr\/?s={search_term_string}\"},\"query-input\":{\"@type\":\"PropertyValueSpecification\",\"valueRequired\":true,\"valueName\":\"search_term_string\"}}],\"inLanguage\":\"fr-FR\"},{\"@type\":\"Person\",\"@id\":\"https:\/\/theplayoffs.news\/fr\/#\/schema\/person\/6873025fdeeef5a5a119a678d88f9eb8\",\"name\":\"Hugo Da Silva\",\"image\":{\"@type\":\"ImageObject\",\"inLanguage\":\"fr-FR\",\"@id\":\"https:\/\/theplayoffs.news\/fr\/#\/schema\/person\/image\/\",\"url\":\"https:\/\/secure.gravatar.com\/avatar\/42645c167f2d0d025c99c89a9d5af905f285255ee846e7a777caaecca00b1837?s=96&d=mm&r=g\",\"contentUrl\":\"https:\/\/secure.gravatar.com\/avatar\/42645c167f2d0d025c99c89a9d5af905f285255ee846e7a777caaecca00b1837?s=96&d=mm&r=g\",\"caption\":\"Hugo Da Silva\"},\"url\":\"https:\/\/theplayoffs.news\/fr\/author\/hugodasilva0903gmail-com\/\"}]}<\/script>\n<!-- \/ Yoast SEO plugin. -->","yoast_head_json":{"title":"Les Raiders cherchent encore leur quarterback titulaire. - The Playoffs FR","robots":{"index":"index","follow":"follow","max-snippet":"max-snippet:-1","max-image-preview":"max-image-preview:large","max-video-preview":"max-video-preview:-1"},"canonical":"https:\/\/theplayoffs.news\/fr\/actualite-nfl\/les-raiders-cherchent-encore-leur-quarterback-titulaire\/","og_locale":"fr_FR","og_type":"article","og_title":"Les Raiders cherchent encore leur quarterback titulaire. - The Playoffs FR","og_url":"https:\/\/theplayoffs.news\/fr\/actualite-nfl\/les-raiders-cherchent-encore-leur-quarterback-titulaire\/","og_site_name":"The Playoffs FR","article_publisher":"https:\/\/www.facebook.com\/TheFreeAgentFR\/","og_image":[{"width":1920,"height":1280,"url":"https:\/\/theplayoffs.news\/fr\/wp-content\/uploads\/2024\/08\/USATSI_21117924.jpg","type":"image\/jpeg"}],"author":"Hugo Da Silva","twitter_card":"summary_large_image","twitter_creator":"@TheFreeAgentFR","twitter_site":"@TheFreeAgentFR","twitter_misc":{"\u00c9crit par":"Hugo Da Silva","Dur\u00e9e de lecture estim\u00e9e":"2 minutes"},"schema":{"@context":"https:\/\/schema.org","@graph":[{"@type":"WebPage","@id":"https:\/\/theplayoffs.news\/fr\/actualite-nfl\/les-raiders-cherchent-encore-leur-quarterback-titulaire\/","url":"https:\/\/theplayoffs.news\/fr\/actualite-nfl\/les-raiders-cherchent-encore-leur-quarterback-titulaire\/","name":"Les Raiders cherchent encore leur quarterback titulaire. - The Playoffs FR","isPartOf":{"@id":"https:\/\/theplayoffs.news\/fr\/#website"},"primaryImageOfPage":{"@id":"https:\/\/theplayoffs.news\/fr\/actualite-nfl\/les-raiders-cherchent-encore-leur-quarterback-titulaire\/#primaryimage"},"image":{"@id":"https:\/\/theplayoffs.news\/fr\/actualite-nfl\/les-raiders-cherchent-encore-leur-quarterback-titulaire\/#primaryimage"},"thumbnailUrl":"https:\/\/theplayoffs.news\/fr\/wp-content\/uploads\/2024\/08\/USATSI_21117924.jpg","datePublished":"2024-08-08T09:41:37+00:00","dateModified":"2024-08-08T09:41:37+00:00","author":{"@id":"https:\/\/theplayoffs.news\/fr\/#\/schema\/person\/6873025fdeeef5a5a119a678d88f9eb8"},"breadcrumb":{"@id":"https:\/\/theplayoffs.news\/fr\/actualite-nfl\/les-raiders-cherchent-encore-leur-quarterback-titulaire\/#breadcrumb"},"inLanguage":"fr-FR","potentialAction":[{"@type":"ReadAction","target":["https:\/\/theplayoffs.news\/fr\/actualite-nfl\/les-raiders-cherchent-encore-leur-quarterback-titulaire\/"]}]},{"@type":"ImageObject","inLanguage":"fr-FR","@id":"https:\/\/theplayoffs.news\/fr\/actualite-nfl\/les-raiders-cherchent-encore-leur-quarterback-titulaire\/#primaryimage","url":"https:\/\/theplayoffs.news\/fr\/wp-content\/uploads\/2024\/08\/USATSI_21117924.jpg","contentUrl":"https:\/\/theplayoffs.news\/fr\/wp-content\/uploads\/2024\/08\/USATSI_21117924.jpg","width":1920,"height":1280,"caption":"Jul 31, 2023; Henderson, NV, USA; Las Vegas Raiders defensive end Adam Plant (52), quarterback Jimmy Garoppolo (10) and quarterback Brian Hoyer (7) stretch during training camp at the Intermountain Health Performance Center. Mandatory Credit: Kirby Lee-USA TODAY Sports"},{"@type":"BreadcrumbList","@id":"https:\/\/theplayoffs.news\/fr\/actualite-nfl\/les-raiders-cherchent-encore-leur-quarterback-titulaire\/#breadcrumb","itemListElement":[{"@type":"ListItem","position":1,"name":"Accueil","item":"https:\/\/theplayoffs.news\/fr\/"},{"@type":"ListItem","position":2,"name":"Les Raiders cherchent encore leur quarterback titulaire."}]},{"@type":"WebSite","@id":"https:\/\/theplayoffs.news\/fr\/#website","url":"https:\/\/theplayoffs.news\/fr\/","name":"The Playoffs FR","description":"NBA-NFL-NHL-MLB","potentialAction":[{"@type":"SearchAction","target":{"@type":"EntryPoint","urlTemplate":"https:\/\/theplayoffs.news\/fr\/?s={search_term_string}"},"query-input":{"@type":"PropertyValueSpecification","valueRequired":true,"valueName":"search_term_string"}}],"inLanguage":"fr-FR"},{"@type":"Person","@id":"https:\/\/theplayoffs.news\/fr\/#\/schema\/person\/6873025fdeeef5a5a119a678d88f9eb8","name":"Hugo Da Silva","image":{"@type":"ImageObject","inLanguage":"fr-FR","@id":"https:\/\/theplayoffs.news\/fr\/#\/schema\/person\/image\/","url":"https:\/\/secure.gravatar.com\/avatar\/42645c167f2d0d025c99c89a9d5af905f285255ee846e7a777caaecca00b1837?s=96&d=mm&r=g","contentUrl":"https:\/\/secure.gravatar.com\/avatar\/42645c167f2d0d025c99c89a9d5af905f285255ee846e7a777caaecca00b1837?s=96&d=mm&r=g","caption":"Hugo Da Silva"},"url":"https:\/\/theplayoffs.news\/fr\/author\/hugodasilva0903gmail-com\/"}]}},"_links":{"self":[{"href":"https:\/\/theplayoffs.news\/fr\/wp-json\/wp\/v2\/posts\/1450092","targetHints":{"allow":["GET"]}}],"collection":[{"href":"https:\/\/theplayoffs.news\/fr\/wp-json\/wp\/v2\/posts"}],"about":[{"href":"https:\/\/theplayoffs.news\/fr\/wp-json\/wp\/v2\/types\/post"}],"author":[{"embeddable":true,"href":"https:\/\/theplayoffs.news\/fr\/wp-json\/wp\/v2\/users\/180310252"}],"replies":[{"embeddable":true,"href":"https:\/\/theplayoffs.news\/fr\/wp-json\/wp\/v2\/comments?post=1450092"}],"version-history":[{"count":3,"href":"https:\/\/theplayoffs.news\/fr\/wp-json\/wp\/v2\/posts\/1450092\/revisions"}],"predecessor-version":[{"id":1450098,"href":"https:\/\/theplayoffs.news\/fr\/wp-json\/wp\/v2\/posts\/1450092\/revisions\/1450098"}],"wp:featuredmedia":[{"embeddable":true,"href":"https:\/\/theplayoffs.news\/fr\/wp-json\/wp\/v2\/media\/1450093"}],"wp:attachment":[{"href":"https:\/\/theplayoffs.news\/fr\/wp-json\/wp\/v2\/media?parent=1450092"}],"wp:term":[{"taxonomy":"category","embeddable":true,"href":"https:\/\/theplayoffs.news\/fr\/wp-json\/wp\/v2\/categories?post=1450092"},{"taxonomy":"post_tag","embeddable":true,"href":"https:\/\/theplayoffs.news\/fr\/wp-json\/wp\/v2\/tags?post=1450092"},{"taxonomy":"sport","embeddable":true,"href":"https:\/\/theplayoffs.news\/fr\/wp-json\/wp\/v2\/sport?post=1450092"},{"taxonomy":"saison","embeddable":true,"href":"https:\/\/theplayoffs.news\/fr\/wp-json\/wp\/v2\/saison?post=1450092"}],"curies":[{"name":"wp","href":"https:\/\/api.w.org\/{rel}","templated":true}]}}