{"id":1450086,"date":"2024-08-08T11:24:29","date_gmt":"2024-08-08T09:24:29","guid":{"rendered":"https:\/\/theplayoffs.news\/fr\/?p=1450086"},"modified":"2024-08-08T11:24:29","modified_gmt":"2024-08-08T09:24:29","slug":"patrick-mahomes-sera-titulaire-dans-le-premier-quart-temps-face-aux-jaguars","status":"publish","type":"post","link":"https:\/\/theplayoffs.news\/fr\/actualite-nfl\/patrick-mahomes-sera-titulaire-dans-le-premier-quart-temps-face-aux-jaguars\/","title":{"rendered":"Patrick Mahomes sera titulaire dans le premier quart temps face aux Jaguars."},"content":{"rendered":"<h2>L&rsquo;entra&icirc;neur Andy Reid a annonc&eacute; que les titulaires, y compris Patrick Mahomes, joueront le premier quart-temps du match d&rsquo;ouverture de la pr&eacute;-saison contre les Jaguars samedi soir.<\/h2><p>Cette d&eacute;cision suit le plan habituel de Reid pour le premier match d&rsquo;exhibition de la saison. L&rsquo;entraineur aime faire jouer ses titulaires d&egrave;s le d&eacute;but de la pr&eacute;-saison et <a href=\"https:\/\/x.com\/adamteicher\/status\/1821222266664804479\" class=\"trk-cta-link\" data-cta-trk='{\"ctaType\":\"Link\",\"ctaSubType\":\"main\"}'>Adam Teicher<\/a> a confirm&eacute; que l&rsquo;entraineur des Chiefs suivait ce plan une ann&eacute;e de plus.<\/p><blockquote><p>&laquo; J&rsquo;aime jouer en pr&eacute;-saison, entrer sur le terrain, m&rsquo;assurer que nous faisons les choses correctement, puis sortir &raquo;, a expliqu&eacute; Patrick Mahomes.<\/p><\/blockquote><p>Pendant l&rsquo;intersaison, les Chiefs ont ajout&eacute; de la vitesse au poste de receveur avec <a href=\"https:\/\/theplayoffs.news\/fr\/nfl\/patrick-mahomes-ne-rendra-pas-les-choses-faciles-a-xavier-worthy\/\" class=\"trk-cta-link\" data-cta-trk='{\"ctaType\":\"Link\",\"ctaSubType\":\"main\"}'>Xavier Worthy<\/a> et Hollywood Brown. Le match contre Jacksonville sera la premi&egrave;re occasion pour les Chiefs de tester leur jeu de passes en profondeur face &agrave; un adversaire.<\/p><p>\n<div id=\"attachment_1450087\" style=\"width: 310px\" class=\"wp-caption alignnone\"><img loading=\"lazy\" decoding=\"async\" aria-describedby=\"caption-attachment-1450087\" class=\"size-medium wp-image-1450087\" src=\"https:\/\/theplayoffs.news\/fr\/wp-content\/uploads\/2024\/08\/USATSI_23830468-300x200.jpg\" alt=\"\" width=\"300\" height=\"200\" srcset=\"https:\/\/theplayoffs.news\/fr\/wp-content\/uploads\/2024\/08\/USATSI_23830468-300x200.jpg 300w, https:\/\/theplayoffs.news\/fr\/wp-content\/uploads\/2024\/08\/USATSI_23830468-1030x687.jpg 1030w, https:\/\/theplayoffs.news\/fr\/wp-content\/uploads\/2024\/08\/USATSI_23830468-768x512.jpg 768w, https:\/\/theplayoffs.news\/fr\/wp-content\/uploads\/2024\/08\/USATSI_23830468-1320x880.jpg 1320w, https:\/\/theplayoffs.news\/fr\/wp-content\/uploads\/2024\/08\/USATSI_23830468.jpg 1920w\" sizes=\"auto, (max-width: 300px) 100vw, 300px\" \/><p id=\"caption-attachment-1450087\" class=\"wp-caption-text\">Credit Photo: Denny Medley-USA TODAY Sports<\/p><\/div>\n<\/p><blockquote><p>&laquo; Avec cette vitesse, nous allons pouvoir d&eacute;passer les d&eacute;fenseurs &raquo;, a d&eacute;clar&eacute; Mahomes. &laquo; Nous avons travaill&eacute; sur cela tout au long du camp. Il est important de pouvoir frapper les cibles en profondeur, et lorsque les d&eacute;fenses reculent, nous devons &ecirc;tre capables d&rsquo;exploiter les zones interm&eacute;diaires et courir avec le ballon apr&egrave;s la r&eacute;ception. &raquo;<\/p><\/blockquote><p>Les Chiefs esp&egrave;rent r&eacute;aliser un exploit in&eacute;dit dans l&rsquo;histoire de la NFL en remportant un troisi&egrave;me Super Bowl cons&eacute;cutif. Depuis que Patrick Mahomes est devenu le quart-arri&egrave;re titulaire en 2018, Kansas City est devenu la r&eacute;f&eacute;rence dans la ligue.<\/p><p>Apr&egrave;s leur victoire au Super Bowl LVIII contre les 49ers de San Francisco en f&eacute;vrier, les Chiefs de Patrick Mahomes ont r&eacute;ussi &agrave; conserver la plupart de leur effectif tout en ajoutant des talents cl&eacute;s. Ils ont prolong&eacute; le contrat du defensive tackle vedette Chris Jones. Bien que des rumeurs aient circul&eacute; sur une possible retraite du tight end vedette Travis Kelce, ce dernier a affirm&eacute; qu&rsquo;il n&rsquo;avait pas l&rsquo;intention de partir de sit&ocirc;t.<\/p><p>Si les Chiefs r&eacute;ussissent &agrave; remporter un troisi&egrave;me Super Bowl cons&eacute;cutif, l&rsquo;approche de Reid pour la pr&eacute;-saison pourrait bien &ecirc;tre adopt&eacute;e par d&rsquo;autres &eacute;quipes de la ligue.<\/p><p>&nbsp;<\/p><p>Credit Photo: Denny Medley-USA TODAY Sports<\/p>\n","protected":false},"excerpt":{"rendered":"","protected":false},"author":180310252,"featured_media":1450088,"comment_status":"open","ping_status":"closed","sticky":false,"template":"","format":"standard","meta":{"inline_featured_image":false,"kia_subtitle":"","_mux_skip_reasons":[],"proofreadBy":0,"footnotes":""},"categories":[118,40],"tags":[],"sport":[2785],"saison":[6111],"class_list":["post-1450086","post","type-post","status-publish","format-standard","has-post-thumbnail","hentry","category-actualite-nfl","category-nfl","sport-nfl","saison-6111"],"acf":[],"yoast_head":"<!-- This site is optimized with the Yoast SEO plugin v24.2 - https:\/\/yoast.com\/wordpress\/plugins\/seo\/ -->\n<title>Patrick Mahomes sera titulaire dans le premier quart temps face aux Jaguars. - The Playoffs FR<\/title>\n<meta name=\"robots\" content=\"index, follow, max-snippet:-1, max-image-preview:large, max-video-preview:-1\" \/>\n<link rel=\"canonical\" href=\"https:\/\/theplayoffs.news\/fr\/actualite-nfl\/patrick-mahomes-sera-titulaire-dans-le-premier-quart-temps-face-aux-jaguars\/\" \/>\n<meta property=\"og:locale\" content=\"fr_FR\" \/>\n<meta property=\"og:type\" content=\"article\" \/>\n<meta property=\"og:title\" content=\"Patrick Mahomes sera titulaire dans le premier quart temps face aux Jaguars. - The Playoffs FR\" \/>\n<meta property=\"og:url\" content=\"https:\/\/theplayoffs.news\/fr\/actualite-nfl\/patrick-mahomes-sera-titulaire-dans-le-premier-quart-temps-face-aux-jaguars\/\" \/>\n<meta property=\"og:site_name\" content=\"The Playoffs FR\" \/>\n<meta property=\"article:publisher\" content=\"https:\/\/www.facebook.com\/TheFreeAgentFR\/\" \/>\n<meta property=\"article:modified_time\" content=\"2024-08-08T11:24:29+02:00\" \/>\n<meta property=\"og:image\" content=\"https:\/\/theplayoffs.news\/fr\/wp-content\/uploads\/2024\/08\/USATSI_23798454.jpg\" \/>\n\t<meta property=\"og:image:width\" content=\"1920\" \/>\n\t<meta property=\"og:image:height\" content=\"1280\" \/>\n\t<meta property=\"og:image:type\" content=\"image\/jpeg\" \/>\n<meta name=\"author\" content=\"Hugo Da Silva\" \/>\n<meta name=\"twitter:card\" content=\"summary_large_image\" \/>\n<meta name=\"twitter:creator\" content=\"@TheFreeAgentFR\" \/>\n<meta name=\"twitter:site\" content=\"@TheFreeAgentFR\" \/>\n<meta name=\"twitter:label1\" content=\"\u00c9crit par\" \/>\n\t<meta name=\"twitter:data1\" content=\"Hugo Da Silva\" \/>\n\t<meta name=\"twitter:label2\" content=\"Dur\u00e9e de lecture estim\u00e9e\" \/>\n\t<meta name=\"twitter:data2\" content=\"2 minutes\" \/>\n<script type=\"application\/ld+json\" class=\"yoast-schema-graph\">{\"@context\":\"https:\/\/schema.org\",\"@graph\":[{\"@type\":\"WebPage\",\"@id\":\"https:\/\/theplayoffs.news\/fr\/actualite-nfl\/patrick-mahomes-sera-titulaire-dans-le-premier-quart-temps-face-aux-jaguars\/\",\"url\":\"https:\/\/theplayoffs.news\/fr\/actualite-nfl\/patrick-mahomes-sera-titulaire-dans-le-premier-quart-temps-face-aux-jaguars\/\",\"name\":\"Patrick Mahomes sera titulaire dans le premier quart temps face aux Jaguars. - The Playoffs FR\",\"isPartOf\":{\"@id\":\"https:\/\/theplayoffs.news\/fr\/#website\"},\"primaryImageOfPage\":{\"@id\":\"https:\/\/theplayoffs.news\/fr\/actualite-nfl\/patrick-mahomes-sera-titulaire-dans-le-premier-quart-temps-face-aux-jaguars\/#primaryimage\"},\"image\":{\"@id\":\"https:\/\/theplayoffs.news\/fr\/actualite-nfl\/patrick-mahomes-sera-titulaire-dans-le-premier-quart-temps-face-aux-jaguars\/#primaryimage\"},\"thumbnailUrl\":\"https:\/\/theplayoffs.news\/fr\/wp-content\/uploads\/2024\/08\/USATSI_23798454.jpg\",\"datePublished\":\"2024-08-08T09:24:29+00:00\",\"dateModified\":\"2024-08-08T09:24:29+00:00\",\"author\":{\"@id\":\"https:\/\/theplayoffs.news\/fr\/#\/schema\/person\/6873025fdeeef5a5a119a678d88f9eb8\"},\"breadcrumb\":{\"@id\":\"https:\/\/theplayoffs.news\/fr\/actualite-nfl\/patrick-mahomes-sera-titulaire-dans-le-premier-quart-temps-face-aux-jaguars\/#breadcrumb\"},\"inLanguage\":\"fr-FR\",\"potentialAction\":[{\"@type\":\"ReadAction\",\"target\":[\"https:\/\/theplayoffs.news\/fr\/actualite-nfl\/patrick-mahomes-sera-titulaire-dans-le-premier-quart-temps-face-aux-jaguars\/\"]}]},{\"@type\":\"ImageObject\",\"inLanguage\":\"fr-FR\",\"@id\":\"https:\/\/theplayoffs.news\/fr\/actualite-nfl\/patrick-mahomes-sera-titulaire-dans-le-premier-quart-temps-face-aux-jaguars\/#primaryimage\",\"url\":\"https:\/\/theplayoffs.news\/fr\/wp-content\/uploads\/2024\/08\/USATSI_23798454.jpg\",\"contentUrl\":\"https:\/\/theplayoffs.news\/fr\/wp-content\/uploads\/2024\/08\/USATSI_23798454.jpg\",\"width\":1920,\"height\":1280,\"caption\":\"Jul 22, 2024; St. Joseph, MO, USA; Kansas City Chiefs quarterback Patrick Mahomes (15) looks over the defense during training camp at Missouri Western State University. Mandatory Credit: Denny Medley-USA TODAY Sports\"},{\"@type\":\"BreadcrumbList\",\"@id\":\"https:\/\/theplayoffs.news\/fr\/actualite-nfl\/patrick-mahomes-sera-titulaire-dans-le-premier-quart-temps-face-aux-jaguars\/#breadcrumb\",\"itemListElement\":[{\"@type\":\"ListItem\",\"position\":1,\"name\":\"Accueil\",\"item\":\"https:\/\/theplayoffs.news\/fr\/\"},{\"@type\":\"ListItem\",\"position\":2,\"name\":\"Patrick Mahomes sera titulaire dans le premier quart temps face aux Jaguars.\"}]},{\"@type\":\"WebSite\",\"@id\":\"https:\/\/theplayoffs.news\/fr\/#website\",\"url\":\"https:\/\/theplayoffs.news\/fr\/\",\"name\":\"The Playoffs FR\",\"description\":\"NBA-NFL-NHL-MLB\",\"potentialAction\":[{\"@type\":\"SearchAction\",\"target\":{\"@type\":\"EntryPoint\",\"urlTemplate\":\"https:\/\/theplayoffs.news\/fr\/?s={search_term_string}\"},\"query-input\":{\"@type\":\"PropertyValueSpecification\",\"valueRequired\":true,\"valueName\":\"search_term_string\"}}],\"inLanguage\":\"fr-FR\"},{\"@type\":\"Person\",\"@id\":\"https:\/\/theplayoffs.news\/fr\/#\/schema\/person\/6873025fdeeef5a5a119a678d88f9eb8\",\"name\":\"Hugo Da Silva\",\"image\":{\"@type\":\"ImageObject\",\"inLanguage\":\"fr-FR\",\"@id\":\"https:\/\/theplayoffs.news\/fr\/#\/schema\/person\/image\/\",\"url\":\"https:\/\/secure.gravatar.com\/avatar\/42645c167f2d0d025c99c89a9d5af905f285255ee846e7a777caaecca00b1837?s=96&d=mm&r=g\",\"contentUrl\":\"https:\/\/secure.gravatar.com\/avatar\/42645c167f2d0d025c99c89a9d5af905f285255ee846e7a777caaecca00b1837?s=96&d=mm&r=g\",\"caption\":\"Hugo Da Silva\"},\"url\":\"https:\/\/theplayoffs.news\/fr\/author\/hugodasilva0903gmail-com\/\"}]}<\/script>\n<!-- \/ Yoast SEO plugin. -->","yoast_head_json":{"title":"Patrick Mahomes sera titulaire dans le premier quart temps face aux Jaguars. - The Playoffs FR","robots":{"index":"index","follow":"follow","max-snippet":"max-snippet:-1","max-image-preview":"max-image-preview:large","max-video-preview":"max-video-preview:-1"},"canonical":"https:\/\/theplayoffs.news\/fr\/actualite-nfl\/patrick-mahomes-sera-titulaire-dans-le-premier-quart-temps-face-aux-jaguars\/","og_locale":"fr_FR","og_type":"article","og_title":"Patrick Mahomes sera titulaire dans le premier quart temps face aux Jaguars. - The Playoffs FR","og_url":"https:\/\/theplayoffs.news\/fr\/actualite-nfl\/patrick-mahomes-sera-titulaire-dans-le-premier-quart-temps-face-aux-jaguars\/","og_site_name":"The Playoffs FR","article_publisher":"https:\/\/www.facebook.com\/TheFreeAgentFR\/","og_image":[{"width":1920,"height":1280,"url":"https:\/\/theplayoffs.news\/fr\/wp-content\/uploads\/2024\/08\/USATSI_23798454.jpg","type":"image\/jpeg"}],"author":"Hugo Da Silva","twitter_card":"summary_large_image","twitter_creator":"@TheFreeAgentFR","twitter_site":"@TheFreeAgentFR","twitter_misc":{"\u00c9crit par":"Hugo Da Silva","Dur\u00e9e de lecture estim\u00e9e":"2 minutes"},"schema":{"@context":"https:\/\/schema.org","@graph":[{"@type":"WebPage","@id":"https:\/\/theplayoffs.news\/fr\/actualite-nfl\/patrick-mahomes-sera-titulaire-dans-le-premier-quart-temps-face-aux-jaguars\/","url":"https:\/\/theplayoffs.news\/fr\/actualite-nfl\/patrick-mahomes-sera-titulaire-dans-le-premier-quart-temps-face-aux-jaguars\/","name":"Patrick Mahomes sera titulaire dans le premier quart temps face aux Jaguars. - The Playoffs FR","isPartOf":{"@id":"https:\/\/theplayoffs.news\/fr\/#website"},"primaryImageOfPage":{"@id":"https:\/\/theplayoffs.news\/fr\/actualite-nfl\/patrick-mahomes-sera-titulaire-dans-le-premier-quart-temps-face-aux-jaguars\/#primaryimage"},"image":{"@id":"https:\/\/theplayoffs.news\/fr\/actualite-nfl\/patrick-mahomes-sera-titulaire-dans-le-premier-quart-temps-face-aux-jaguars\/#primaryimage"},"thumbnailUrl":"https:\/\/theplayoffs.news\/fr\/wp-content\/uploads\/2024\/08\/USATSI_23798454.jpg","datePublished":"2024-08-08T09:24:29+00:00","dateModified":"2024-08-08T09:24:29+00:00","author":{"@id":"https:\/\/theplayoffs.news\/fr\/#\/schema\/person\/6873025fdeeef5a5a119a678d88f9eb8"},"breadcrumb":{"@id":"https:\/\/theplayoffs.news\/fr\/actualite-nfl\/patrick-mahomes-sera-titulaire-dans-le-premier-quart-temps-face-aux-jaguars\/#breadcrumb"},"inLanguage":"fr-FR","potentialAction":[{"@type":"ReadAction","target":["https:\/\/theplayoffs.news\/fr\/actualite-nfl\/patrick-mahomes-sera-titulaire-dans-le-premier-quart-temps-face-aux-jaguars\/"]}]},{"@type":"ImageObject","inLanguage":"fr-FR","@id":"https:\/\/theplayoffs.news\/fr\/actualite-nfl\/patrick-mahomes-sera-titulaire-dans-le-premier-quart-temps-face-aux-jaguars\/#primaryimage","url":"https:\/\/theplayoffs.news\/fr\/wp-content\/uploads\/2024\/08\/USATSI_23798454.jpg","contentUrl":"https:\/\/theplayoffs.news\/fr\/wp-content\/uploads\/2024\/08\/USATSI_23798454.jpg","width":1920,"height":1280,"caption":"Jul 22, 2024; St. Joseph, MO, USA; Kansas City Chiefs quarterback Patrick Mahomes (15) looks over the defense during training camp at Missouri Western State University. Mandatory Credit: Denny Medley-USA TODAY Sports"},{"@type":"BreadcrumbList","@id":"https:\/\/theplayoffs.news\/fr\/actualite-nfl\/patrick-mahomes-sera-titulaire-dans-le-premier-quart-temps-face-aux-jaguars\/#breadcrumb","itemListElement":[{"@type":"ListItem","position":1,"name":"Accueil","item":"https:\/\/theplayoffs.news\/fr\/"},{"@type":"ListItem","position":2,"name":"Patrick Mahomes sera titulaire dans le premier quart temps face aux Jaguars."}]},{"@type":"WebSite","@id":"https:\/\/theplayoffs.news\/fr\/#website","url":"https:\/\/theplayoffs.news\/fr\/","name":"The Playoffs FR","description":"NBA-NFL-NHL-MLB","potentialAction":[{"@type":"SearchAction","target":{"@type":"EntryPoint","urlTemplate":"https:\/\/theplayoffs.news\/fr\/?s={search_term_string}"},"query-input":{"@type":"PropertyValueSpecification","valueRequired":true,"valueName":"search_term_string"}}],"inLanguage":"fr-FR"},{"@type":"Person","@id":"https:\/\/theplayoffs.news\/fr\/#\/schema\/person\/6873025fdeeef5a5a119a678d88f9eb8","name":"Hugo Da Silva","image":{"@type":"ImageObject","inLanguage":"fr-FR","@id":"https:\/\/theplayoffs.news\/fr\/#\/schema\/person\/image\/","url":"https:\/\/secure.gravatar.com\/avatar\/42645c167f2d0d025c99c89a9d5af905f285255ee846e7a777caaecca00b1837?s=96&d=mm&r=g","contentUrl":"https:\/\/secure.gravatar.com\/avatar\/42645c167f2d0d025c99c89a9d5af905f285255ee846e7a777caaecca00b1837?s=96&d=mm&r=g","caption":"Hugo Da Silva"},"url":"https:\/\/theplayoffs.news\/fr\/author\/hugodasilva0903gmail-com\/"}]}},"_links":{"self":[{"href":"https:\/\/theplayoffs.news\/fr\/wp-json\/wp\/v2\/posts\/1450086","targetHints":{"allow":["GET"]}}],"collection":[{"href":"https:\/\/theplayoffs.news\/fr\/wp-json\/wp\/v2\/posts"}],"about":[{"href":"https:\/\/theplayoffs.news\/fr\/wp-json\/wp\/v2\/types\/post"}],"author":[{"embeddable":true,"href":"https:\/\/theplayoffs.news\/fr\/wp-json\/wp\/v2\/users\/180310252"}],"replies":[{"embeddable":true,"href":"https:\/\/theplayoffs.news\/fr\/wp-json\/wp\/v2\/comments?post=1450086"}],"version-history":[{"count":3,"href":"https:\/\/theplayoffs.news\/fr\/wp-json\/wp\/v2\/posts\/1450086\/revisions"}],"predecessor-version":[{"id":1450091,"href":"https:\/\/theplayoffs.news\/fr\/wp-json\/wp\/v2\/posts\/1450086\/revisions\/1450091"}],"wp:featuredmedia":[{"embeddable":true,"href":"https:\/\/theplayoffs.news\/fr\/wp-json\/wp\/v2\/media\/1450088"}],"wp:attachment":[{"href":"https:\/\/theplayoffs.news\/fr\/wp-json\/wp\/v2\/media?parent=1450086"}],"wp:term":[{"taxonomy":"category","embeddable":true,"href":"https:\/\/theplayoffs.news\/fr\/wp-json\/wp\/v2\/categories?post=1450086"},{"taxonomy":"post_tag","embeddable":true,"href":"https:\/\/theplayoffs.news\/fr\/wp-json\/wp\/v2\/tags?post=1450086"},{"taxonomy":"sport","embeddable":true,"href":"https:\/\/theplayoffs.news\/fr\/wp-json\/wp\/v2\/sport?post=1450086"},{"taxonomy":"saison","embeddable":true,"href":"https:\/\/theplayoffs.news\/fr\/wp-json\/wp\/v2\/saison?post=1450086"}],"curies":[{"name":"wp","href":"https:\/\/api.w.org\/{rel}","templated":true}]}}