{"id":1449959,"date":"2024-08-07T17:13:03","date_gmt":"2024-08-07T15:13:03","guid":{"rendered":"https:\/\/theplayoffs.news\/fr\/?p=1449959"},"modified":"2024-08-07T17:14:15","modified_gmt":"2024-08-07T15:14:15","slug":"marcelinho-huertas-met-un-terme-a-sa-carriere-internationale-avec-le-bresil","status":"publish","type":"post","link":"https:\/\/theplayoffs.news\/fr\/nba\/marcelinho-huertas-met-un-terme-a-sa-carriere-internationale-avec-le-bresil\/","title":{"rendered":"Marcelinho Huertas, met un terme \u00e0 sa carri\u00e8re internationale avec le Br\u00e9sil"},"content":{"rendered":"<h2>&nbsp;Marcelinho Huertas prend sa retraite internationale apr&egrave;s le quart de finale face &agrave; Team USA.<\/h2><p>&nbsp;<\/p><p>Le Br&eacute;sil orphelin de son magicien. En effet, le dernier match de <a href=\"https:\/\/theplayoffs.news\/fr\/jeux-olympiques-2024\/j-o-2024-team-usa-en-mode-joga-bonito\/\" class=\"trk-cta-link\" data-cta-trk='{\"ctaType\":\"Link\",\"ctaSubType\":\"main\"}'>Marcelinho Huertas<\/a> avec le Br&eacute;sil a eu lieu la nuit derni&egrave;re lors des quarts de finale de ses Jeux Olympiques face &agrave; Team USA, o&ugrave; la Sele&ccedil;&atilde;o s&rsquo;est inclin&eacute; (122-87).<\/p><p>C&rsquo;est la Brazilian Basketball Confederation (CBB) qui l&rsquo;a annonc&eacute; dans un post sur X.<\/p><blockquote class=\"twitter-tweet\" data-width=\"500\" data-dnt=\"true\">\n<p lang=\"pt\" dir=\"ltr\">Marcelinho Huertas foi homenageado com a bola do jogo! &#127936;&#127463;&#127479;<\/p>\n<p>Andreas Zagklis, secret&aacute;rio-geral da FIBA, presenteou Huertas em reconhecimento ao seu &uacute;ltimo jogo pela sele&ccedil;&atilde;o brasileira de basquete. <a href=\"https:\/\/t.co\/TdN9YiZ4zM\" class=\"trk-cta-link\" data-cta-trk='{\"ctaType\":\"Link\",\"ctaSubType\":\"main\"}'>pic.twitter.com\/TdN9YiZ4zM<\/a><\/p>\n<p>&mdash; Basquete Brasil &ndash; CBB (@basquetebrasil) <a href=\"https:\/\/twitter.com\/basquetebrasil\/status\/1820953844274102611?ref_src=twsrc%5Etfw\" class=\"trk-cta-link\" data-cta-trk='{\"ctaType\":\"Link\",\"ctaSubType\":\"main\"}'>August 6, 2024<\/a><\/p><\/blockquote><p><script async src=\"https:\/\/platform.twitter.com\/widgets.js\" charset=\"utf-8\"><\/script><\/p><p>&Agrave; 41 ans, Magic Huertas &eacute;tait <a href=\"https:\/\/basketnews.com\/news-210267-marcelinho-huertas-retires-from-brazilian-national-team.html\" class=\"trk-cta-link\" data-cta-trk='{\"ctaType\":\"Link\",\"ctaSubType\":\"main\"}'>le joueur le plus &acirc;g&eacute; du tournoi olympique de la balle orange<\/a> &agrave; Paris, il s&rsquo;est montr&eacute; pr&eacute;cieux pour sa s&eacute;lection avec&nbsp; une moyenne de 8,8 points, 5,0 passes d&eacute;cisives et un indice d&rsquo;efficacit&eacute; (+\/-) de 9,5.<\/p><p>Lors de son dernier match contre l&rsquo;&eacute;quipe des &Eacute;tats-Unis, Marcelinho Huertas ainscrit 9 points et d&eacute;livr&eacute; 5 passes d&eacute;cisives en 19 minutes sur le terrain.<\/p><p>Huertas a d&eacute;but&eacute; sa carri&egrave;re en &eacute;quipe nationale senior en 2005 au Championnat des Am&eacute;riques de la FIBA .<\/p><p>Au cours de sa carri&egrave;re internationale marqu&eacute; par sa long&eacute;vit&eacute;, il a pris part &agrave; trois Jeux olympiques et cinq Coupes du monde FIBA, remportant deux m&eacute;dailles d&rsquo;or dans l&rsquo;AmeriCup FIBA en 2005 et 2009.<\/p><p>Marcelinho Huertas a tir&eacute; un trait sur sa carri&egrave;re internationale avec le Br&eacute;sil mais pas sa carri&egrave;re professionnelle.<\/p><p><a href=\"https:\/\/theplayoffs.news\/fr\/jeux-olympiques-2024\/france-simpose-bresil\/\" class=\"trk-cta-link\" data-cta-trk='{\"ctaType\":\"Link\",\"ctaSubType\":\"main\"}'> Huertas<\/a> a r&eacute;cemment prolong&eacute; son contrat avec LaLaguna Tenerife pour deux ans de plus, ce qui l&rsquo;engage &agrave; jouer jusqu&rsquo;&agrave; ses 43 ans.<\/p><p>Lors de ses 5 saisons &agrave; Tenerife, l&rsquo;&eacute;quipe a remport&eacute; le titre de la Basketball Champions League (BCL) en 2022 et deux Coupes intercontinentales FIBA en 2020 et 2023.<\/p><p>L&rsquo;aventure de Huertas avec l&rsquo;&eacute;quipe espagnole de Tenerife a &eacute;t&eacute; marqu&eacute;e par de nombreuses distinctions individuelles.<\/p><p>Il est le MVP en titre de la BCL et a &eacute;t&eacute; trois fois nomm&eacute; dans l&rsquo;&eacute;quipe premi&egrave;re de la Ligue des champions de la FIBA (2020, 2023 et 2024). De plus, l&rsquo;ancien des Lakers d&eacute;tient le record du nombre de passes d&eacute;cisives dans la ACB League (championnat espagnol) et la BCL.<\/p><p>Cr&eacute;dit Photo: John David Mercer-USA TODAY Sports<\/p>\n","protected":false},"excerpt":{"rendered":"","protected":false},"author":180310255,"featured_media":1449960,"comment_status":"open","ping_status":"closed","sticky":false,"template":"","format":"standard","meta":{"inline_featured_image":false,"kia_subtitle":"","_mux_skip_reasons":[],"proofreadBy":0,"footnotes":""},"categories":[7518,10],"tags":[],"sport":[],"saison":[],"class_list":["post-1449959","post","type-post","status-publish","format-standard","has-post-thumbnail","hentry","category-jo2024","category-nba"],"acf":[],"yoast_head":"<!-- This site is optimized with the Yoast SEO plugin v24.2 - https:\/\/yoast.com\/wordpress\/plugins\/seo\/ -->\n<title>Marcelinho Huertas, met un terme &agrave; sa carri&egrave;re internationale avec le Br&eacute;sil - The Playoffs FR<\/title>\n<meta name=\"robots\" content=\"index, follow, max-snippet:-1, max-image-preview:large, max-video-preview:-1\" \/>\n<link rel=\"canonical\" href=\"https:\/\/theplayoffs.news\/fr\/nba\/marcelinho-huertas-met-un-terme-a-sa-carriere-internationale-avec-le-bresil\/\" \/>\n<meta property=\"og:locale\" content=\"fr_FR\" \/>\n<meta property=\"og:type\" content=\"article\" \/>\n<meta property=\"og:title\" content=\"Marcelinho Huertas, met un terme &agrave; sa carri&egrave;re internationale avec le Br&eacute;sil - The Playoffs FR\" \/>\n<meta property=\"og:url\" content=\"https:\/\/theplayoffs.news\/fr\/nba\/marcelinho-huertas-met-un-terme-a-sa-carriere-internationale-avec-le-bresil\/\" \/>\n<meta property=\"og:site_name\" content=\"The Playoffs FR\" \/>\n<meta property=\"article:publisher\" content=\"https:\/\/www.facebook.com\/TheFreeAgentFR\/\" \/>\n<meta property=\"article:modified_time\" content=\"2024-08-07T17:14:15+02:00\" \/>\n<meta property=\"og:image\" content=\"https:\/\/theplayoffs.news\/fr\/wp-content\/uploads\/2024\/08\/USATSI_23839686.jpg\" \/>\n\t<meta property=\"og:image:width\" content=\"1920\" \/>\n\t<meta property=\"og:image:height\" content=\"1280\" \/>\n\t<meta property=\"og:image:type\" content=\"image\/jpeg\" \/>\n<meta name=\"author\" content=\"Elouan Girard\" \/>\n<meta name=\"twitter:card\" content=\"summary_large_image\" \/>\n<meta name=\"twitter:creator\" content=\"@TheFreeAgentFR\" \/>\n<meta name=\"twitter:site\" content=\"@TheFreeAgentFR\" \/>\n<meta name=\"twitter:label1\" content=\"\u00c9crit par\" \/>\n\t<meta name=\"twitter:data1\" content=\"Elouan Girard\" \/>\n\t<meta name=\"twitter:label2\" content=\"Dur\u00e9e de lecture estim\u00e9e\" \/>\n\t<meta name=\"twitter:data2\" content=\"2 minutes\" \/>\n<script type=\"application\/ld+json\" class=\"yoast-schema-graph\">{\"@context\":\"https:\/\/schema.org\",\"@graph\":[{\"@type\":\"WebPage\",\"@id\":\"https:\/\/theplayoffs.news\/fr\/nba\/marcelinho-huertas-met-un-terme-a-sa-carriere-internationale-avec-le-bresil\/\",\"url\":\"https:\/\/theplayoffs.news\/fr\/nba\/marcelinho-huertas-met-un-terme-a-sa-carriere-internationale-avec-le-bresil\/\",\"name\":\"Marcelinho Huertas, met un terme \u00e0 sa carri\u00e8re internationale avec le Br\u00e9sil - The Playoffs FR\",\"isPartOf\":{\"@id\":\"https:\/\/theplayoffs.news\/fr\/#website\"},\"primaryImageOfPage\":{\"@id\":\"https:\/\/theplayoffs.news\/fr\/nba\/marcelinho-huertas-met-un-terme-a-sa-carriere-internationale-avec-le-bresil\/#primaryimage\"},\"image\":{\"@id\":\"https:\/\/theplayoffs.news\/fr\/nba\/marcelinho-huertas-met-un-terme-a-sa-carriere-internationale-avec-le-bresil\/#primaryimage\"},\"thumbnailUrl\":\"https:\/\/theplayoffs.news\/fr\/wp-content\/uploads\/2024\/08\/USATSI_23839686.jpg\",\"datePublished\":\"2024-08-07T15:13:03+00:00\",\"dateModified\":\"2024-08-07T15:14:15+00:00\",\"author\":{\"@id\":\"https:\/\/theplayoffs.news\/fr\/#\/schema\/person\/6c4db0b49aa9ade4e6a3ddef3b2842a8\"},\"breadcrumb\":{\"@id\":\"https:\/\/theplayoffs.news\/fr\/nba\/marcelinho-huertas-met-un-terme-a-sa-carriere-internationale-avec-le-bresil\/#breadcrumb\"},\"inLanguage\":\"fr-FR\",\"potentialAction\":[{\"@type\":\"ReadAction\",\"target\":[\"https:\/\/theplayoffs.news\/fr\/nba\/marcelinho-huertas-met-un-terme-a-sa-carriere-internationale-avec-le-bresil\/\"]}]},{\"@type\":\"ImageObject\",\"inLanguage\":\"fr-FR\",\"@id\":\"https:\/\/theplayoffs.news\/fr\/nba\/marcelinho-huertas-met-un-terme-a-sa-carriere-internationale-avec-le-bresil\/#primaryimage\",\"url\":\"https:\/\/theplayoffs.news\/fr\/wp-content\/uploads\/2024\/08\/USATSI_23839686.jpg\",\"contentUrl\":\"https:\/\/theplayoffs.news\/fr\/wp-content\/uploads\/2024\/08\/USATSI_23839686.jpg\",\"width\":1920,\"height\":1280,\"caption\":\"Jul 27, 2024; Villeneuve-d\\\\'Ascq, France; Brazil point guard Marcelinho Huertas (9) controls the ball in the second half against France during the Paris 2024 Olympic Summer Games at Stade Pierre-Mauroy. Mandatory Credit: John David Mercer-USA TODAY Sports\"},{\"@type\":\"BreadcrumbList\",\"@id\":\"https:\/\/theplayoffs.news\/fr\/nba\/marcelinho-huertas-met-un-terme-a-sa-carriere-internationale-avec-le-bresil\/#breadcrumb\",\"itemListElement\":[{\"@type\":\"ListItem\",\"position\":1,\"name\":\"Accueil\",\"item\":\"https:\/\/theplayoffs.news\/fr\/\"},{\"@type\":\"ListItem\",\"position\":2,\"name\":\"Marcelinho Huertas, met un terme \u00e0 sa carri\u00e8re internationale avec le Br\u00e9sil\"}]},{\"@type\":\"WebSite\",\"@id\":\"https:\/\/theplayoffs.news\/fr\/#website\",\"url\":\"https:\/\/theplayoffs.news\/fr\/\",\"name\":\"The Playoffs FR\",\"description\":\"NBA-NFL-NHL-MLB\",\"potentialAction\":[{\"@type\":\"SearchAction\",\"target\":{\"@type\":\"EntryPoint\",\"urlTemplate\":\"https:\/\/theplayoffs.news\/fr\/?s={search_term_string}\"},\"query-input\":{\"@type\":\"PropertyValueSpecification\",\"valueRequired\":true,\"valueName\":\"search_term_string\"}}],\"inLanguage\":\"fr-FR\"},{\"@type\":\"Person\",\"@id\":\"https:\/\/theplayoffs.news\/fr\/#\/schema\/person\/6c4db0b49aa9ade4e6a3ddef3b2842a8\",\"name\":\"Elouan Girard\",\"image\":{\"@type\":\"ImageObject\",\"inLanguage\":\"fr-FR\",\"@id\":\"https:\/\/theplayoffs.news\/fr\/#\/schema\/person\/image\/\",\"url\":\"https:\/\/secure.gravatar.com\/avatar\/230f939104da8456d40e879fa1d9fc19f13fb1470c5c2b6b1cb611f0f579870b?s=96&d=mm&r=g\",\"contentUrl\":\"https:\/\/secure.gravatar.com\/avatar\/230f939104da8456d40e879fa1d9fc19f13fb1470c5c2b6b1cb611f0f579870b?s=96&d=mm&r=g\",\"caption\":\"Elouan Girard\"},\"url\":\"https:\/\/theplayoffs.news\/fr\/author\/elou-girard59gmail-com\/\"}]}<\/script>\n<!-- \/ Yoast SEO plugin. -->","yoast_head_json":{"title":"Marcelinho Huertas, met un terme &agrave; sa carri&egrave;re internationale avec le Br&eacute;sil - The Playoffs FR","robots":{"index":"index","follow":"follow","max-snippet":"max-snippet:-1","max-image-preview":"max-image-preview:large","max-video-preview":"max-video-preview:-1"},"canonical":"https:\/\/theplayoffs.news\/fr\/nba\/marcelinho-huertas-met-un-terme-a-sa-carriere-internationale-avec-le-bresil\/","og_locale":"fr_FR","og_type":"article","og_title":"Marcelinho Huertas, met un terme &agrave; sa carri&egrave;re internationale avec le Br&eacute;sil - The Playoffs FR","og_url":"https:\/\/theplayoffs.news\/fr\/nba\/marcelinho-huertas-met-un-terme-a-sa-carriere-internationale-avec-le-bresil\/","og_site_name":"The Playoffs FR","article_publisher":"https:\/\/www.facebook.com\/TheFreeAgentFR\/","article_modified_time":"2024-08-07T15:14:15+00:00","og_image":[{"width":1920,"height":1280,"url":"https:\/\/theplayoffs.news\/fr\/wp-content\/uploads\/2024\/08\/USATSI_23839686.jpg","type":"image\/jpeg"}],"author":"Elouan Girard","twitter_card":"summary_large_image","twitter_creator":"@TheFreeAgentFR","twitter_site":"@TheFreeAgentFR","twitter_misc":{"\u00c9crit par":"Elouan Girard","Dur\u00e9e de lecture estim\u00e9e":"2 minutes"},"schema":{"@context":"https:\/\/schema.org","@graph":[{"@type":"WebPage","@id":"https:\/\/theplayoffs.news\/fr\/nba\/marcelinho-huertas-met-un-terme-a-sa-carriere-internationale-avec-le-bresil\/","url":"https:\/\/theplayoffs.news\/fr\/nba\/marcelinho-huertas-met-un-terme-a-sa-carriere-internationale-avec-le-bresil\/","name":"Marcelinho Huertas, met un terme \u00e0 sa carri\u00e8re internationale avec le Br\u00e9sil - The Playoffs FR","isPartOf":{"@id":"https:\/\/theplayoffs.news\/fr\/#website"},"primaryImageOfPage":{"@id":"https:\/\/theplayoffs.news\/fr\/nba\/marcelinho-huertas-met-un-terme-a-sa-carriere-internationale-avec-le-bresil\/#primaryimage"},"image":{"@id":"https:\/\/theplayoffs.news\/fr\/nba\/marcelinho-huertas-met-un-terme-a-sa-carriere-internationale-avec-le-bresil\/#primaryimage"},"thumbnailUrl":"https:\/\/theplayoffs.news\/fr\/wp-content\/uploads\/2024\/08\/USATSI_23839686.jpg","datePublished":"2024-08-07T15:13:03+00:00","dateModified":"2024-08-07T15:14:15+00:00","author":{"@id":"https:\/\/theplayoffs.news\/fr\/#\/schema\/person\/6c4db0b49aa9ade4e6a3ddef3b2842a8"},"breadcrumb":{"@id":"https:\/\/theplayoffs.news\/fr\/nba\/marcelinho-huertas-met-un-terme-a-sa-carriere-internationale-avec-le-bresil\/#breadcrumb"},"inLanguage":"fr-FR","potentialAction":[{"@type":"ReadAction","target":["https:\/\/theplayoffs.news\/fr\/nba\/marcelinho-huertas-met-un-terme-a-sa-carriere-internationale-avec-le-bresil\/"]}]},{"@type":"ImageObject","inLanguage":"fr-FR","@id":"https:\/\/theplayoffs.news\/fr\/nba\/marcelinho-huertas-met-un-terme-a-sa-carriere-internationale-avec-le-bresil\/#primaryimage","url":"https:\/\/theplayoffs.news\/fr\/wp-content\/uploads\/2024\/08\/USATSI_23839686.jpg","contentUrl":"https:\/\/theplayoffs.news\/fr\/wp-content\/uploads\/2024\/08\/USATSI_23839686.jpg","width":1920,"height":1280,"caption":"Jul 27, 2024; Villeneuve-d\\'Ascq, France; Brazil point guard Marcelinho Huertas (9) controls the ball in the second half against France during the Paris 2024 Olympic Summer Games at Stade Pierre-Mauroy. Mandatory Credit: John David Mercer-USA TODAY Sports"},{"@type":"BreadcrumbList","@id":"https:\/\/theplayoffs.news\/fr\/nba\/marcelinho-huertas-met-un-terme-a-sa-carriere-internationale-avec-le-bresil\/#breadcrumb","itemListElement":[{"@type":"ListItem","position":1,"name":"Accueil","item":"https:\/\/theplayoffs.news\/fr\/"},{"@type":"ListItem","position":2,"name":"Marcelinho Huertas, met un terme \u00e0 sa carri\u00e8re internationale avec le Br\u00e9sil"}]},{"@type":"WebSite","@id":"https:\/\/theplayoffs.news\/fr\/#website","url":"https:\/\/theplayoffs.news\/fr\/","name":"The Playoffs FR","description":"NBA-NFL-NHL-MLB","potentialAction":[{"@type":"SearchAction","target":{"@type":"EntryPoint","urlTemplate":"https:\/\/theplayoffs.news\/fr\/?s={search_term_string}"},"query-input":{"@type":"PropertyValueSpecification","valueRequired":true,"valueName":"search_term_string"}}],"inLanguage":"fr-FR"},{"@type":"Person","@id":"https:\/\/theplayoffs.news\/fr\/#\/schema\/person\/6c4db0b49aa9ade4e6a3ddef3b2842a8","name":"Elouan Girard","image":{"@type":"ImageObject","inLanguage":"fr-FR","@id":"https:\/\/theplayoffs.news\/fr\/#\/schema\/person\/image\/","url":"https:\/\/secure.gravatar.com\/avatar\/230f939104da8456d40e879fa1d9fc19f13fb1470c5c2b6b1cb611f0f579870b?s=96&d=mm&r=g","contentUrl":"https:\/\/secure.gravatar.com\/avatar\/230f939104da8456d40e879fa1d9fc19f13fb1470c5c2b6b1cb611f0f579870b?s=96&d=mm&r=g","caption":"Elouan Girard"},"url":"https:\/\/theplayoffs.news\/fr\/author\/elou-girard59gmail-com\/"}]}},"_links":{"self":[{"href":"https:\/\/theplayoffs.news\/fr\/wp-json\/wp\/v2\/posts\/1449959","targetHints":{"allow":["GET"]}}],"collection":[{"href":"https:\/\/theplayoffs.news\/fr\/wp-json\/wp\/v2\/posts"}],"about":[{"href":"https:\/\/theplayoffs.news\/fr\/wp-json\/wp\/v2\/types\/post"}],"author":[{"embeddable":true,"href":"https:\/\/theplayoffs.news\/fr\/wp-json\/wp\/v2\/users\/180310255"}],"replies":[{"embeddable":true,"href":"https:\/\/theplayoffs.news\/fr\/wp-json\/wp\/v2\/comments?post=1449959"}],"version-history":[{"count":3,"href":"https:\/\/theplayoffs.news\/fr\/wp-json\/wp\/v2\/posts\/1449959\/revisions"}],"predecessor-version":[{"id":1449964,"href":"https:\/\/theplayoffs.news\/fr\/wp-json\/wp\/v2\/posts\/1449959\/revisions\/1449964"}],"wp:featuredmedia":[{"embeddable":true,"href":"https:\/\/theplayoffs.news\/fr\/wp-json\/wp\/v2\/media\/1449960"}],"wp:attachment":[{"href":"https:\/\/theplayoffs.news\/fr\/wp-json\/wp\/v2\/media?parent=1449959"}],"wp:term":[{"taxonomy":"category","embeddable":true,"href":"https:\/\/theplayoffs.news\/fr\/wp-json\/wp\/v2\/categories?post=1449959"},{"taxonomy":"post_tag","embeddable":true,"href":"https:\/\/theplayoffs.news\/fr\/wp-json\/wp\/v2\/tags?post=1449959"},{"taxonomy":"sport","embeddable":true,"href":"https:\/\/theplayoffs.news\/fr\/wp-json\/wp\/v2\/sport?post=1449959"},{"taxonomy":"saison","embeddable":true,"href":"https:\/\/theplayoffs.news\/fr\/wp-json\/wp\/v2\/saison?post=1449959"}],"curies":[{"name":"wp","href":"https:\/\/api.w.org\/{rel}","templated":true}]}}