{"id":1449953,"date":"2024-08-07T16:24:41","date_gmt":"2024-08-07T14:24:41","guid":{"rendered":"https:\/\/theplayoffs.news\/fr\/?p=1449953"},"modified":"2024-08-07T16:24:41","modified_gmt":"2024-08-07T14:24:41","slug":"furkan-korkmaz-sixers-signe-avec-las-monaco","status":"publish","type":"post","link":"https:\/\/theplayoffs.news\/fr\/actualite-nba\/furkan-korkmaz-sixers-signe-avec-las-monaco\/","title":{"rendered":"Furkan Korkmaz (Sixers), signe avec l&rsquo;AS Monaco"},"content":{"rendered":"<h2>Furkan Korkmaz, le sniper Turc va jouer pour l&rsquo;AS Monaco la saison prochaine.<\/h2><p>&nbsp;<\/p><p><a href=\"https:\/\/theplayoffs.news\/fr\/nba-basketball\/buddy-hield-aux-76ers\/\" class=\"trk-cta-link\" data-cta-trk='{\"ctaType\":\"Link\",\"ctaSubType\":\"main\"}'>Korkmaz<\/a> a pass&eacute; ses six derni&egrave;res ann&eacute;es en NBA chez les Sixers.<\/p><p>C&rsquo;est en 2016, qu&rsquo;il est s&eacute;lectionn&eacute; par les Philadelphia Sixers en 26&egrave;me position du 1er tour de la draft NBA.<\/p><p>Avant de s&rsquo;installer en NBA, Korkmaz a&nbsp; jou&eacute; professionnellement en Turquie (Efes, Bakirkoy, Bandirma et Pi Koleji).<\/p><p>Il est &eacute;galement pass&eacute; par la NBA G League (Delaware Blue Coats).<\/p><p>La saison derni&egrave;re, il a disput&eacute; 35 matchs, et tournait &agrave; 2,5 points de moyenne.<\/p><p><a href=\"https:\/\/basketnews.com\/news-210269-furkan-korkmaz-signs-with-as-monaco.html\" class=\"trk-cta-link\" data-cta-trk='{\"ctaType\":\"Link\",\"ctaSubType\":\"main\"}'> Au cours de sa carri&egrave;re en NBA,<\/a> il a connu une moyenne de 6,8 points, 2,0 rebonds et 1,2 passes en 328 matchs de saison r&eacute;guli&egrave;re, avec un pourcentage de tirs de 35,6 % &agrave; 3 points.<\/p><p>Il a tenu &agrave; remercier la franchise des Philadelphia Sixers sur X.<\/p><blockquote class=\"twitter-tweet\" data-width=\"500\" data-dnt=\"true\">\n<p lang=\"en\" dir=\"ltr\">To the Sixers Family, <\/p>\n<p>I didn&rsquo;t have a chance to say goodbye, but now I want to take a moment to do so. <\/p>\n<p>Thank you to the Sixers organization, to the amazing fans, and to my coaches and teammates. Your support and love have been incredible. I&rsquo;ve made incredible friendships&hellip; <a href=\"https:\/\/t.co\/ks8zo1PIFu\" class=\"trk-cta-link\" data-cta-trk='{\"ctaType\":\"Link\",\"ctaSubType\":\"main\"}'>pic.twitter.com\/ks8zo1PIFu<\/a><\/p>\n<p>&mdash; Furkan Korkmaz (@FurkanKorkmaz) <a href=\"https:\/\/twitter.com\/FurkanKorkmaz\/status\/1820528900893770188?ref_src=twsrc%5Etfw\" class=\"trk-cta-link\" data-cta-trk='{\"ctaType\":\"Link\",\"ctaSubType\":\"main\"}'>August 5, 2024<\/a><\/p><\/blockquote><p><script async src=\"https:\/\/platform.twitter.com\/widgets.js\" charset=\"utf-8\"><\/script><\/p><p>Il a &eacute;galement repr&eacute;sent&eacute; la Turquie aux championnats d&rsquo;Europe (FIBA EuroBasket) il y a sept ans.<\/p><p>Ses statistiques lors du tournoi &eacute;taient de : 10.5 pts, 2.0 rbds, 1.5 pds, 1.2 ints, FGP : 66.7%, 3PT : 33.3%, LF : 84.2%.<\/p><p>Le turc conna&icirc;t le niveau de l&rsquo;Euroleague. En effet, il a disput&eacute; 40 matchs dans cette comp&eacute;tition r&eacute;parti &nbsp;trois saisons entre 2014 et 2017, avec une moyenne de 3,0 points et un pourcentage au tir de 41,1 % &agrave; 3 points.<\/p><p>Le retour de Korkmaz en EuroLeague marque l&rsquo;ambition de la Roca Team d&rsquo;atteindre les sommets du meilleur niveau europ&eacute;en.<\/p><p>Monaco qui continue d&rsquo;attirer des joueurs du championnat nord-am&eacute;ricain apr&egrave;s avoir fait venir Kemba Walker l&rsquo;&eacute;t&eacute; dernier.<\/p><p>Cr&eacute;dit Photo: John Jones-USA TODAY Sports<\/p>\n","protected":false},"excerpt":{"rendered":"","protected":false},"author":180310255,"featured_media":1449954,"comment_status":"open","ping_status":"closed","sticky":false,"template":"","format":"standard","meta":{"inline_featured_image":false,"kia_subtitle":"","_mux_skip_reasons":[],"proofreadBy":0,"footnotes":""},"categories":[110,10],"tags":[],"sport":[],"saison":[],"class_list":["post-1449953","post","type-post","status-publish","format-standard","has-post-thumbnail","hentry","category-actualite-nba","category-nba"],"acf":[],"yoast_head":"<!-- This site is optimized with the Yoast SEO plugin v24.2 - https:\/\/yoast.com\/wordpress\/plugins\/seo\/ -->\n<title>Furkan Korkmaz (Sixers), signe avec l&#039;AS Monaco - The Playoffs FR<\/title>\n<meta name=\"robots\" content=\"index, follow, max-snippet:-1, max-image-preview:large, max-video-preview:-1\" \/>\n<link rel=\"canonical\" href=\"https:\/\/theplayoffs.news\/fr\/actualite-nba\/furkan-korkmaz-sixers-signe-avec-las-monaco\/\" \/>\n<meta property=\"og:locale\" content=\"fr_FR\" \/>\n<meta property=\"og:type\" content=\"article\" \/>\n<meta property=\"og:title\" content=\"Furkan Korkmaz (Sixers), signe avec l&#039;AS Monaco - The Playoffs FR\" \/>\n<meta property=\"og:url\" content=\"https:\/\/theplayoffs.news\/fr\/actualite-nba\/furkan-korkmaz-sixers-signe-avec-las-monaco\/\" \/>\n<meta property=\"og:site_name\" content=\"The Playoffs FR\" \/>\n<meta property=\"article:publisher\" content=\"https:\/\/www.facebook.com\/TheFreeAgentFR\/\" \/>\n<meta property=\"article:modified_time\" content=\"2024-08-07T16:24:41+02:00\" \/>\n<meta property=\"og:image\" content=\"https:\/\/theplayoffs.news\/fr\/wp-content\/uploads\/2024\/08\/USATSI_21886938.jpg\" \/>\n\t<meta property=\"og:image:width\" content=\"1920\" \/>\n\t<meta property=\"og:image:height\" content=\"1276\" \/>\n\t<meta property=\"og:image:type\" content=\"image\/jpeg\" \/>\n<meta name=\"author\" content=\"Elouan Girard\" \/>\n<meta name=\"twitter:card\" content=\"summary_large_image\" \/>\n<meta name=\"twitter:creator\" content=\"@TheFreeAgentFR\" \/>\n<meta name=\"twitter:site\" content=\"@TheFreeAgentFR\" \/>\n<meta name=\"twitter:label1\" content=\"\u00c9crit par\" \/>\n\t<meta name=\"twitter:data1\" content=\"Elouan Girard\" \/>\n\t<meta name=\"twitter:label2\" content=\"Dur\u00e9e de lecture estim\u00e9e\" \/>\n\t<meta name=\"twitter:data2\" content=\"1 minute\" \/>\n<script type=\"application\/ld+json\" class=\"yoast-schema-graph\">{\"@context\":\"https:\/\/schema.org\",\"@graph\":[{\"@type\":\"WebPage\",\"@id\":\"https:\/\/theplayoffs.news\/fr\/actualite-nba\/furkan-korkmaz-sixers-signe-avec-las-monaco\/\",\"url\":\"https:\/\/theplayoffs.news\/fr\/actualite-nba\/furkan-korkmaz-sixers-signe-avec-las-monaco\/\",\"name\":\"Furkan Korkmaz (Sixers), signe avec l\\\\'AS Monaco - The Playoffs FR\",\"isPartOf\":{\"@id\":\"https:\/\/theplayoffs.news\/fr\/#website\"},\"primaryImageOfPage\":{\"@id\":\"https:\/\/theplayoffs.news\/fr\/actualite-nba\/furkan-korkmaz-sixers-signe-avec-las-monaco\/#primaryimage\"},\"image\":{\"@id\":\"https:\/\/theplayoffs.news\/fr\/actualite-nba\/furkan-korkmaz-sixers-signe-avec-las-monaco\/#primaryimage\"},\"thumbnailUrl\":\"https:\/\/theplayoffs.news\/fr\/wp-content\/uploads\/2024\/08\/USATSI_21886938.jpg\",\"datePublished\":\"2024-08-07T14:24:41+00:00\",\"dateModified\":\"2024-08-07T14:24:41+00:00\",\"author\":{\"@id\":\"https:\/\/theplayoffs.news\/fr\/#\/schema\/person\/6c4db0b49aa9ade4e6a3ddef3b2842a8\"},\"breadcrumb\":{\"@id\":\"https:\/\/theplayoffs.news\/fr\/actualite-nba\/furkan-korkmaz-sixers-signe-avec-las-monaco\/#breadcrumb\"},\"inLanguage\":\"fr-FR\",\"potentialAction\":[{\"@type\":\"ReadAction\",\"target\":[\"https:\/\/theplayoffs.news\/fr\/actualite-nba\/furkan-korkmaz-sixers-signe-avec-las-monaco\/\"]}]},{\"@type\":\"ImageObject\",\"inLanguage\":\"fr-FR\",\"@id\":\"https:\/\/theplayoffs.news\/fr\/actualite-nba\/furkan-korkmaz-sixers-signe-avec-las-monaco\/#primaryimage\",\"url\":\"https:\/\/theplayoffs.news\/fr\/wp-content\/uploads\/2024\/08\/USATSI_21886938.jpg\",\"contentUrl\":\"https:\/\/theplayoffs.news\/fr\/wp-content\/uploads\/2024\/08\/USATSI_21886938.jpg\",\"width\":1920,\"height\":1276,\"caption\":\"Nov 12, 2023; Philadelphia, Pennsylvania, USA; Philadelphia 76ers guard Furkan Korkmaz (30) drives past Indiana Pacers guard T.J. McConnell (9) during the third quarter at Wells Fargo Center. Mandatory Credit: John Jones-USA TODAY Sports\"},{\"@type\":\"BreadcrumbList\",\"@id\":\"https:\/\/theplayoffs.news\/fr\/actualite-nba\/furkan-korkmaz-sixers-signe-avec-las-monaco\/#breadcrumb\",\"itemListElement\":[{\"@type\":\"ListItem\",\"position\":1,\"name\":\"Accueil\",\"item\":\"https:\/\/theplayoffs.news\/fr\/\"},{\"@type\":\"ListItem\",\"position\":2,\"name\":\"Furkan Korkmaz (Sixers), signe avec l&rsquo;AS Monaco\"}]},{\"@type\":\"WebSite\",\"@id\":\"https:\/\/theplayoffs.news\/fr\/#website\",\"url\":\"https:\/\/theplayoffs.news\/fr\/\",\"name\":\"The Playoffs FR\",\"description\":\"NBA-NFL-NHL-MLB\",\"potentialAction\":[{\"@type\":\"SearchAction\",\"target\":{\"@type\":\"EntryPoint\",\"urlTemplate\":\"https:\/\/theplayoffs.news\/fr\/?s={search_term_string}\"},\"query-input\":{\"@type\":\"PropertyValueSpecification\",\"valueRequired\":true,\"valueName\":\"search_term_string\"}}],\"inLanguage\":\"fr-FR\"},{\"@type\":\"Person\",\"@id\":\"https:\/\/theplayoffs.news\/fr\/#\/schema\/person\/6c4db0b49aa9ade4e6a3ddef3b2842a8\",\"name\":\"Elouan Girard\",\"image\":{\"@type\":\"ImageObject\",\"inLanguage\":\"fr-FR\",\"@id\":\"https:\/\/theplayoffs.news\/fr\/#\/schema\/person\/image\/\",\"url\":\"https:\/\/secure.gravatar.com\/avatar\/230f939104da8456d40e879fa1d9fc19f13fb1470c5c2b6b1cb611f0f579870b?s=96&d=mm&r=g\",\"contentUrl\":\"https:\/\/secure.gravatar.com\/avatar\/230f939104da8456d40e879fa1d9fc19f13fb1470c5c2b6b1cb611f0f579870b?s=96&d=mm&r=g\",\"caption\":\"Elouan Girard\"},\"url\":\"https:\/\/theplayoffs.news\/fr\/author\/elou-girard59gmail-com\/\"}]}<\/script>\n<!-- \/ Yoast SEO plugin. -->","yoast_head_json":{"title":"Furkan Korkmaz (Sixers), signe avec l&#039;AS Monaco - The Playoffs FR","robots":{"index":"index","follow":"follow","max-snippet":"max-snippet:-1","max-image-preview":"max-image-preview:large","max-video-preview":"max-video-preview:-1"},"canonical":"https:\/\/theplayoffs.news\/fr\/actualite-nba\/furkan-korkmaz-sixers-signe-avec-las-monaco\/","og_locale":"fr_FR","og_type":"article","og_title":"Furkan Korkmaz (Sixers), signe avec l&#039;AS Monaco - The Playoffs FR","og_url":"https:\/\/theplayoffs.news\/fr\/actualite-nba\/furkan-korkmaz-sixers-signe-avec-las-monaco\/","og_site_name":"The Playoffs FR","article_publisher":"https:\/\/www.facebook.com\/TheFreeAgentFR\/","og_image":[{"width":1920,"height":1276,"url":"https:\/\/theplayoffs.news\/fr\/wp-content\/uploads\/2024\/08\/USATSI_21886938.jpg","type":"image\/jpeg"}],"author":"Elouan Girard","twitter_card":"summary_large_image","twitter_creator":"@TheFreeAgentFR","twitter_site":"@TheFreeAgentFR","twitter_misc":{"\u00c9crit par":"Elouan Girard","Dur\u00e9e de lecture estim\u00e9e":"1 minute"},"schema":{"@context":"https:\/\/schema.org","@graph":[{"@type":"WebPage","@id":"https:\/\/theplayoffs.news\/fr\/actualite-nba\/furkan-korkmaz-sixers-signe-avec-las-monaco\/","url":"https:\/\/theplayoffs.news\/fr\/actualite-nba\/furkan-korkmaz-sixers-signe-avec-las-monaco\/","name":"Furkan Korkmaz (Sixers), signe avec l\\'AS Monaco - The Playoffs FR","isPartOf":{"@id":"https:\/\/theplayoffs.news\/fr\/#website"},"primaryImageOfPage":{"@id":"https:\/\/theplayoffs.news\/fr\/actualite-nba\/furkan-korkmaz-sixers-signe-avec-las-monaco\/#primaryimage"},"image":{"@id":"https:\/\/theplayoffs.news\/fr\/actualite-nba\/furkan-korkmaz-sixers-signe-avec-las-monaco\/#primaryimage"},"thumbnailUrl":"https:\/\/theplayoffs.news\/fr\/wp-content\/uploads\/2024\/08\/USATSI_21886938.jpg","datePublished":"2024-08-07T14:24:41+00:00","dateModified":"2024-08-07T14:24:41+00:00","author":{"@id":"https:\/\/theplayoffs.news\/fr\/#\/schema\/person\/6c4db0b49aa9ade4e6a3ddef3b2842a8"},"breadcrumb":{"@id":"https:\/\/theplayoffs.news\/fr\/actualite-nba\/furkan-korkmaz-sixers-signe-avec-las-monaco\/#breadcrumb"},"inLanguage":"fr-FR","potentialAction":[{"@type":"ReadAction","target":["https:\/\/theplayoffs.news\/fr\/actualite-nba\/furkan-korkmaz-sixers-signe-avec-las-monaco\/"]}]},{"@type":"ImageObject","inLanguage":"fr-FR","@id":"https:\/\/theplayoffs.news\/fr\/actualite-nba\/furkan-korkmaz-sixers-signe-avec-las-monaco\/#primaryimage","url":"https:\/\/theplayoffs.news\/fr\/wp-content\/uploads\/2024\/08\/USATSI_21886938.jpg","contentUrl":"https:\/\/theplayoffs.news\/fr\/wp-content\/uploads\/2024\/08\/USATSI_21886938.jpg","width":1920,"height":1276,"caption":"Nov 12, 2023; Philadelphia, Pennsylvania, USA; Philadelphia 76ers guard Furkan Korkmaz (30) drives past Indiana Pacers guard T.J. McConnell (9) during the third quarter at Wells Fargo Center. Mandatory Credit: John Jones-USA TODAY Sports"},{"@type":"BreadcrumbList","@id":"https:\/\/theplayoffs.news\/fr\/actualite-nba\/furkan-korkmaz-sixers-signe-avec-las-monaco\/#breadcrumb","itemListElement":[{"@type":"ListItem","position":1,"name":"Accueil","item":"https:\/\/theplayoffs.news\/fr\/"},{"@type":"ListItem","position":2,"name":"Furkan Korkmaz (Sixers), signe avec l&rsquo;AS Monaco"}]},{"@type":"WebSite","@id":"https:\/\/theplayoffs.news\/fr\/#website","url":"https:\/\/theplayoffs.news\/fr\/","name":"The Playoffs FR","description":"NBA-NFL-NHL-MLB","potentialAction":[{"@type":"SearchAction","target":{"@type":"EntryPoint","urlTemplate":"https:\/\/theplayoffs.news\/fr\/?s={search_term_string}"},"query-input":{"@type":"PropertyValueSpecification","valueRequired":true,"valueName":"search_term_string"}}],"inLanguage":"fr-FR"},{"@type":"Person","@id":"https:\/\/theplayoffs.news\/fr\/#\/schema\/person\/6c4db0b49aa9ade4e6a3ddef3b2842a8","name":"Elouan Girard","image":{"@type":"ImageObject","inLanguage":"fr-FR","@id":"https:\/\/theplayoffs.news\/fr\/#\/schema\/person\/image\/","url":"https:\/\/secure.gravatar.com\/avatar\/230f939104da8456d40e879fa1d9fc19f13fb1470c5c2b6b1cb611f0f579870b?s=96&d=mm&r=g","contentUrl":"https:\/\/secure.gravatar.com\/avatar\/230f939104da8456d40e879fa1d9fc19f13fb1470c5c2b6b1cb611f0f579870b?s=96&d=mm&r=g","caption":"Elouan Girard"},"url":"https:\/\/theplayoffs.news\/fr\/author\/elou-girard59gmail-com\/"}]}},"_links":{"self":[{"href":"https:\/\/theplayoffs.news\/fr\/wp-json\/wp\/v2\/posts\/1449953","targetHints":{"allow":["GET"]}}],"collection":[{"href":"https:\/\/theplayoffs.news\/fr\/wp-json\/wp\/v2\/posts"}],"about":[{"href":"https:\/\/theplayoffs.news\/fr\/wp-json\/wp\/v2\/types\/post"}],"author":[{"embeddable":true,"href":"https:\/\/theplayoffs.news\/fr\/wp-json\/wp\/v2\/users\/180310255"}],"replies":[{"embeddable":true,"href":"https:\/\/theplayoffs.news\/fr\/wp-json\/wp\/v2\/comments?post=1449953"}],"version-history":[{"count":3,"href":"https:\/\/theplayoffs.news\/fr\/wp-json\/wp\/v2\/posts\/1449953\/revisions"}],"predecessor-version":[{"id":1449958,"href":"https:\/\/theplayoffs.news\/fr\/wp-json\/wp\/v2\/posts\/1449953\/revisions\/1449958"}],"wp:featuredmedia":[{"embeddable":true,"href":"https:\/\/theplayoffs.news\/fr\/wp-json\/wp\/v2\/media\/1449954"}],"wp:attachment":[{"href":"https:\/\/theplayoffs.news\/fr\/wp-json\/wp\/v2\/media?parent=1449953"}],"wp:term":[{"taxonomy":"category","embeddable":true,"href":"https:\/\/theplayoffs.news\/fr\/wp-json\/wp\/v2\/categories?post=1449953"},{"taxonomy":"post_tag","embeddable":true,"href":"https:\/\/theplayoffs.news\/fr\/wp-json\/wp\/v2\/tags?post=1449953"},{"taxonomy":"sport","embeddable":true,"href":"https:\/\/theplayoffs.news\/fr\/wp-json\/wp\/v2\/sport?post=1449953"},{"taxonomy":"saison","embeddable":true,"href":"https:\/\/theplayoffs.news\/fr\/wp-json\/wp\/v2\/saison?post=1449953"}],"curies":[{"name":"wp","href":"https:\/\/api.w.org\/{rel}","templated":true}]}}