{"id":1449923,"date":"2024-08-07T12:31:12","date_gmt":"2024-08-07T10:31:12","guid":{"rendered":"https:\/\/theplayoffs.news\/fr\/?p=1449923"},"modified":"2024-08-07T12:31:12","modified_gmt":"2024-08-07T10:31:12","slug":"ceedee-lamb-sur-la-liste-des-reservistes-des-dallas-cowboys","status":"publish","type":"post","link":"https:\/\/theplayoffs.news\/fr\/actualite-nfl\/ceedee-lamb-sur-la-liste-des-reservistes-des-dallas-cowboys\/","title":{"rendered":"CeeDee Lamb sur la liste des r\u00e9servistes des Dallas Cowboys."},"content":{"rendered":"<h2>Les Cowboys de Dallas ont ajout&eacute; le receveur CeeDee Lamb &agrave; leur liste des r&eacute;servistes\/non signal&eacute;s. Le receveur vedette manque actuellement le camp d&rsquo;entra&icirc;nement en raison de n&eacute;gociations pour un nouveau contrat.<\/h2><p>L&rsquo;information a &eacute;t&eacute; rapport&eacute;e par Ian Rapoport de NFL Network.<\/p><blockquote class=\"twitter-tweet\" data-width=\"500\" data-dnt=\"true\">\n<p lang=\"en\" dir=\"ltr\">The <a href=\"https:\/\/twitter.com\/hashtag\/Cowboys?src=hash&amp;ref_src=twsrc%5Etfw\" class=\"trk-cta-link\" data-cta-trk='{\"ctaType\":\"Link\",\"ctaSubType\":\"main\"}'>#Cowboys<\/a> placed WR CeeDee Lamb placed on the Reserve\/Did Not Report list and placed DE Sam Williams on IR &mdash; procedural moves to create roster space to deal with injuries.<\/p>\n<p>&mdash; Ian Rapoport (@RapSheet) <a href=\"https:\/\/twitter.com\/RapSheet\/status\/1820953269482492330?ref_src=twsrc%5Etfw\" class=\"trk-cta-link\" data-cta-trk='{\"ctaType\":\"Link\",\"ctaSubType\":\"main\"}'>August 6, 2024<\/a><\/p><\/blockquote><p><script async src=\"https:\/\/platform.twitter.com\/widgets.js\" charset=\"utf-8\"><\/script><\/p><p><a href=\"https:\/\/x.com\/RapSheet\/status\/1817645359998406962\" class=\"trk-cta-link\" data-cta-trk='{\"ctaType\":\"Link\",\"ctaSubType\":\"main\"}'>Ian Rapoport<\/a> avait pr&eacute;c&eacute;demment rapport&eacute;, dimanche 28 juillet, que les Cowboys de Dallas et CeeDee Lamb semblent se rapprocher d&rsquo;un accord pour une prolongation de contrat, alors que Lamb entame la derni&egrave;re ann&eacute;e de son contrat de recrue.<\/p><p>&nbsp;<\/p><p>CeeDee Lamb, &acirc;g&eacute; de 25 ans, sort d&rsquo;une incroyable saison 2023, o&ugrave; il a accumul&eacute; 135 r&eacute;ceptions pour 1 749 yards et marqu&eacute; 12 touchdowns, &eacute;tablissant un record pour lui en NFL. Ses performances lui ont valu trois s&eacute;lections au Pro Bowl, et il a &eacute;t&eacute; nomm&eacute; dans la premi&egrave;re &eacute;quipe All-Pro pour la premi&egrave;re fois de sa carri&egrave;re. Les Cowboys ont donc tout int&eacute;r&ecirc;t &agrave; garder CeeDee Lamb avant le d&eacute;but de la saison, car il est l&rsquo;arme offensive la plus productive et efficace de l&rsquo;&eacute;quipe et l&rsquo;un des meilleurs receveurs de la ligue.<\/p><p>\n<div id=\"attachment_1449929\" style=\"width: 310px\" class=\"wp-caption alignnone\"><img loading=\"lazy\" decoding=\"async\" aria-describedby=\"caption-attachment-1449929\" class=\"size-medium wp-image-1449929\" src=\"https:\/\/theplayoffs.news\/fr\/wp-content\/uploads\/2024\/08\/USATSI_22293572-300x200.jpg\" alt=\"\" width=\"300\" height=\"200\" srcset=\"https:\/\/theplayoffs.news\/fr\/wp-content\/uploads\/2024\/08\/USATSI_22293572-300x200.jpg 300w, https:\/\/theplayoffs.news\/fr\/wp-content\/uploads\/2024\/08\/USATSI_22293572-1030x687.jpg 1030w, https:\/\/theplayoffs.news\/fr\/wp-content\/uploads\/2024\/08\/USATSI_22293572-768x512.jpg 768w, https:\/\/theplayoffs.news\/fr\/wp-content\/uploads\/2024\/08\/USATSI_22293572-1320x880.jpg 1320w, https:\/\/theplayoffs.news\/fr\/wp-content\/uploads\/2024\/08\/USATSI_22293572.jpg 1920w\" sizes=\"auto, (max-width: 300px) 100vw, 300px\" \/><p id=\"caption-attachment-1449929\" class=\"wp-caption-text\">Credit Photo: Kevin Jairaj-USA TODAY Sports<\/p><\/div>\n<\/p><p>Le march&eacute; des receveurs vedettes est en pleine expansion. <a href=\"https:\/\/theplayoffs.news\/fr\/nfl\/justin-jefferson-4-ans-et-140-millions-de-dollars-aux-vikings\/\" class=\"trk-cta-link\" data-cta-trk='{\"ctaType\":\"Link\",\"ctaSubType\":\"main\"}'>Justin Jefferson<\/a>, des Vikings du Minnesota, a sign&eacute; un contrat de quatre ans pour 140 millions de dollars, dont 110 millions garantis. <a href=\"https:\/\/theplayoffs.news\/fr\/nfl\/breaking-news-amon-ra-st-brown-prolonge-pour-4-ans-et-120-millions-de-dollars-avec-les-lions\/\" class=\"trk-cta-link\" data-cta-trk='{\"ctaType\":\"Link\",\"ctaSubType\":\"main\"}'>Amon-Ra St. Brown<\/a>, des Lions de D&eacute;troit, a obtenu un contrat de quatre ans &agrave; 120 millions de dollars, avec 77 millions garantis. <a href=\"https:\/\/theplayoffs.news\/fr\/nfl\/tyreek-hill-restructure-son-contrat\/\" class=\"trk-cta-link\" data-cta-trk='{\"ctaType\":\"Link\",\"ctaSubType\":\"main\"}'>Tyreek Hill<\/a>, des Dolphins de Miami, a restructur&eacute; son contrat pour trois ans et 90 millions de dollars, dont 65 millions garantis.<\/p><p>Il est donc &eacute;vident que CeeDee Lamb m&eacute;rite un contrat d&rsquo;une valeur de neuf chiffres, probablement similaire &agrave; celui de Justin Jefferson en termes de montant total et de garanties. Pour le moment, cependant, les Cowboys et Lamb n&rsquo;ont pas encore trouv&eacute; d&rsquo;accord, alors que la saison r&eacute;guli&egrave;re d&eacute;bute dans un mois, le 8 septembre, contre les Browns de Cleveland.<\/p><p>&nbsp;<\/p><p>Credit Photo: Sam Navarro-USA TODAY Sports<\/p>\n","protected":false},"excerpt":{"rendered":"","protected":false},"author":180310252,"featured_media":0,"comment_status":"open","ping_status":"closed","sticky":false,"template":"","format":"standard","meta":{"inline_featured_image":false,"kia_subtitle":"","_mux_skip_reasons":[],"proofreadBy":0,"footnotes":""},"categories":[118,40],"tags":[],"sport":[2785],"saison":[6111],"class_list":["post-1449923","post","type-post","status-publish","format-standard","hentry","category-actualite-nfl","category-nfl","sport-nfl","saison-6111"],"acf":[],"yoast_head":"<!-- This site is optimized with the Yoast SEO plugin v24.2 - https:\/\/yoast.com\/wordpress\/plugins\/seo\/ -->\n<title>CeeDee Lamb sur la liste des r&eacute;servistes des Dallas Cowboys. - The Playoffs FR<\/title>\n<meta name=\"robots\" content=\"index, follow, max-snippet:-1, max-image-preview:large, max-video-preview:-1\" \/>\n<link rel=\"canonical\" href=\"https:\/\/theplayoffs.news\/fr\/actualite-nfl\/ceedee-lamb-sur-la-liste-des-reservistes-des-dallas-cowboys\/\" \/>\n<meta property=\"og:locale\" content=\"fr_FR\" \/>\n<meta property=\"og:type\" content=\"article\" \/>\n<meta property=\"og:title\" content=\"CeeDee Lamb sur la liste des r&eacute;servistes des Dallas Cowboys. - The Playoffs FR\" \/>\n<meta property=\"og:url\" content=\"https:\/\/theplayoffs.news\/fr\/actualite-nfl\/ceedee-lamb-sur-la-liste-des-reservistes-des-dallas-cowboys\/\" \/>\n<meta property=\"og:site_name\" content=\"The Playoffs FR\" \/>\n<meta property=\"article:publisher\" content=\"https:\/\/www.facebook.com\/TheFreeAgentFR\/\" \/>\n<meta property=\"article:modified_time\" content=\"2024-08-07T12:31:12+02:00\" \/>\n<meta property=\"og:image\" content=\"https:\/\/theplayoffs.news\/fr\/wp-content\/uploads\/2024\/08\/USATSI_22293572.jpg\" \/>\n\t<meta property=\"og:image:width\" content=\"1920\" \/>\n\t<meta property=\"og:image:height\" content=\"1280\" \/>\n\t<meta property=\"og:image:type\" content=\"image\/jpeg\" \/>\n<meta name=\"author\" content=\"Hugo Da Silva\" \/>\n<meta name=\"twitter:card\" content=\"summary_large_image\" \/>\n<meta name=\"twitter:creator\" content=\"@TheFreeAgentFR\" \/>\n<meta name=\"twitter:site\" content=\"@TheFreeAgentFR\" \/>\n<meta name=\"twitter:label1\" content=\"\u00c9crit par\" \/>\n\t<meta name=\"twitter:data1\" content=\"Hugo Da Silva\" \/>\n\t<meta name=\"twitter:label2\" content=\"Dur\u00e9e de lecture estim\u00e9e\" \/>\n\t<meta name=\"twitter:data2\" content=\"2 minutes\" \/>\n<script type=\"application\/ld+json\" class=\"yoast-schema-graph\">{\"@context\":\"https:\/\/schema.org\",\"@graph\":[{\"@type\":\"WebPage\",\"@id\":\"https:\/\/theplayoffs.news\/fr\/actualite-nfl\/ceedee-lamb-sur-la-liste-des-reservistes-des-dallas-cowboys\/\",\"url\":\"https:\/\/theplayoffs.news\/fr\/actualite-nfl\/ceedee-lamb-sur-la-liste-des-reservistes-des-dallas-cowboys\/\",\"name\":\"CeeDee Lamb sur la liste des r\u00e9servistes des Dallas Cowboys. - The Playoffs FR\",\"isPartOf\":{\"@id\":\"https:\/\/theplayoffs.news\/fr\/#website\"},\"primaryImageOfPage\":{\"@id\":\"https:\/\/theplayoffs.news\/fr\/actualite-nfl\/ceedee-lamb-sur-la-liste-des-reservistes-des-dallas-cowboys\/#primaryimage\"},\"image\":{\"@id\":\"https:\/\/theplayoffs.news\/fr\/actualite-nfl\/ceedee-lamb-sur-la-liste-des-reservistes-des-dallas-cowboys\/#primaryimage\"},\"thumbnailUrl\":\"https:\/\/theplayoffs.news\/fr\/wp-content\/uploads\/2024\/08\/USATSI_22293572-300x200.jpg\",\"datePublished\":\"2024-08-07T10:31:12+00:00\",\"dateModified\":\"2024-08-07T10:31:12+00:00\",\"author\":{\"@id\":\"https:\/\/theplayoffs.news\/fr\/#\/schema\/person\/6873025fdeeef5a5a119a678d88f9eb8\"},\"breadcrumb\":{\"@id\":\"https:\/\/theplayoffs.news\/fr\/actualite-nfl\/ceedee-lamb-sur-la-liste-des-reservistes-des-dallas-cowboys\/#breadcrumb\"},\"inLanguage\":\"fr-FR\",\"potentialAction\":[{\"@type\":\"ReadAction\",\"target\":[\"https:\/\/theplayoffs.news\/fr\/actualite-nfl\/ceedee-lamb-sur-la-liste-des-reservistes-des-dallas-cowboys\/\"]}]},{\"@type\":\"ImageObject\",\"inLanguage\":\"fr-FR\",\"@id\":\"https:\/\/theplayoffs.news\/fr\/actualite-nfl\/ceedee-lamb-sur-la-liste-des-reservistes-des-dallas-cowboys\/#primaryimage\",\"url\":\"https:\/\/theplayoffs.news\/fr\/wp-content\/uploads\/2024\/08\/USATSI_22293572.jpg\",\"contentUrl\":\"https:\/\/theplayoffs.news\/fr\/wp-content\/uploads\/2024\/08\/USATSI_22293572.jpg\",\"width\":1920,\"height\":1280,\"caption\":\"Credit Photo: Kevin Jairaj-USA TODAY Sports\"},{\"@type\":\"BreadcrumbList\",\"@id\":\"https:\/\/theplayoffs.news\/fr\/actualite-nfl\/ceedee-lamb-sur-la-liste-des-reservistes-des-dallas-cowboys\/#breadcrumb\",\"itemListElement\":[{\"@type\":\"ListItem\",\"position\":1,\"name\":\"Accueil\",\"item\":\"https:\/\/theplayoffs.news\/fr\/\"},{\"@type\":\"ListItem\",\"position\":2,\"name\":\"CeeDee Lamb sur la liste des r\u00e9servistes des Dallas Cowboys.\"}]},{\"@type\":\"WebSite\",\"@id\":\"https:\/\/theplayoffs.news\/fr\/#website\",\"url\":\"https:\/\/theplayoffs.news\/fr\/\",\"name\":\"The Playoffs FR\",\"description\":\"NBA-NFL-NHL-MLB\",\"potentialAction\":[{\"@type\":\"SearchAction\",\"target\":{\"@type\":\"EntryPoint\",\"urlTemplate\":\"https:\/\/theplayoffs.news\/fr\/?s={search_term_string}\"},\"query-input\":{\"@type\":\"PropertyValueSpecification\",\"valueRequired\":true,\"valueName\":\"search_term_string\"}}],\"inLanguage\":\"fr-FR\"},{\"@type\":\"Person\",\"@id\":\"https:\/\/theplayoffs.news\/fr\/#\/schema\/person\/6873025fdeeef5a5a119a678d88f9eb8\",\"name\":\"Hugo Da Silva\",\"image\":{\"@type\":\"ImageObject\",\"inLanguage\":\"fr-FR\",\"@id\":\"https:\/\/theplayoffs.news\/fr\/#\/schema\/person\/image\/\",\"url\":\"https:\/\/secure.gravatar.com\/avatar\/42645c167f2d0d025c99c89a9d5af905f285255ee846e7a777caaecca00b1837?s=96&d=mm&r=g\",\"contentUrl\":\"https:\/\/secure.gravatar.com\/avatar\/42645c167f2d0d025c99c89a9d5af905f285255ee846e7a777caaecca00b1837?s=96&d=mm&r=g\",\"caption\":\"Hugo Da Silva\"},\"url\":\"https:\/\/theplayoffs.news\/fr\/author\/hugodasilva0903gmail-com\/\"}]}<\/script>\n<!-- \/ Yoast SEO plugin. -->","yoast_head_json":{"title":"CeeDee Lamb sur la liste des r&eacute;servistes des Dallas Cowboys. - The Playoffs FR","robots":{"index":"index","follow":"follow","max-snippet":"max-snippet:-1","max-image-preview":"max-image-preview:large","max-video-preview":"max-video-preview:-1"},"canonical":"https:\/\/theplayoffs.news\/fr\/actualite-nfl\/ceedee-lamb-sur-la-liste-des-reservistes-des-dallas-cowboys\/","og_locale":"fr_FR","og_type":"article","og_title":"CeeDee Lamb sur la liste des r&eacute;servistes des Dallas Cowboys. - The Playoffs FR","og_url":"https:\/\/theplayoffs.news\/fr\/actualite-nfl\/ceedee-lamb-sur-la-liste-des-reservistes-des-dallas-cowboys\/","og_site_name":"The Playoffs FR","article_publisher":"https:\/\/www.facebook.com\/TheFreeAgentFR\/","og_image":[{"width":1920,"height":1280,"url":"https:\/\/theplayoffs.news\/fr\/wp-content\/uploads\/2024\/08\/USATSI_22293572.jpg","type":"image\/jpeg"}],"author":"Hugo Da Silva","twitter_card":"summary_large_image","twitter_creator":"@TheFreeAgentFR","twitter_site":"@TheFreeAgentFR","twitter_misc":{"\u00c9crit par":"Hugo Da Silva","Dur\u00e9e de lecture estim\u00e9e":"2 minutes"},"schema":{"@context":"https:\/\/schema.org","@graph":[{"@type":"WebPage","@id":"https:\/\/theplayoffs.news\/fr\/actualite-nfl\/ceedee-lamb-sur-la-liste-des-reservistes-des-dallas-cowboys\/","url":"https:\/\/theplayoffs.news\/fr\/actualite-nfl\/ceedee-lamb-sur-la-liste-des-reservistes-des-dallas-cowboys\/","name":"CeeDee Lamb sur la liste des r\u00e9servistes des Dallas Cowboys. - The Playoffs FR","isPartOf":{"@id":"https:\/\/theplayoffs.news\/fr\/#website"},"primaryImageOfPage":{"@id":"https:\/\/theplayoffs.news\/fr\/actualite-nfl\/ceedee-lamb-sur-la-liste-des-reservistes-des-dallas-cowboys\/#primaryimage"},"image":{"@id":"https:\/\/theplayoffs.news\/fr\/actualite-nfl\/ceedee-lamb-sur-la-liste-des-reservistes-des-dallas-cowboys\/#primaryimage"},"thumbnailUrl":"https:\/\/theplayoffs.news\/fr\/wp-content\/uploads\/2024\/08\/USATSI_22293572-300x200.jpg","datePublished":"2024-08-07T10:31:12+00:00","dateModified":"2024-08-07T10:31:12+00:00","author":{"@id":"https:\/\/theplayoffs.news\/fr\/#\/schema\/person\/6873025fdeeef5a5a119a678d88f9eb8"},"breadcrumb":{"@id":"https:\/\/theplayoffs.news\/fr\/actualite-nfl\/ceedee-lamb-sur-la-liste-des-reservistes-des-dallas-cowboys\/#breadcrumb"},"inLanguage":"fr-FR","potentialAction":[{"@type":"ReadAction","target":["https:\/\/theplayoffs.news\/fr\/actualite-nfl\/ceedee-lamb-sur-la-liste-des-reservistes-des-dallas-cowboys\/"]}]},{"@type":"ImageObject","inLanguage":"fr-FR","@id":"https:\/\/theplayoffs.news\/fr\/actualite-nfl\/ceedee-lamb-sur-la-liste-des-reservistes-des-dallas-cowboys\/#primaryimage","url":"https:\/\/theplayoffs.news\/fr\/wp-content\/uploads\/2024\/08\/USATSI_22293572.jpg","contentUrl":"https:\/\/theplayoffs.news\/fr\/wp-content\/uploads\/2024\/08\/USATSI_22293572.jpg","width":1920,"height":1280,"caption":"Credit Photo: Kevin Jairaj-USA TODAY Sports"},{"@type":"BreadcrumbList","@id":"https:\/\/theplayoffs.news\/fr\/actualite-nfl\/ceedee-lamb-sur-la-liste-des-reservistes-des-dallas-cowboys\/#breadcrumb","itemListElement":[{"@type":"ListItem","position":1,"name":"Accueil","item":"https:\/\/theplayoffs.news\/fr\/"},{"@type":"ListItem","position":2,"name":"CeeDee Lamb sur la liste des r\u00e9servistes des Dallas Cowboys."}]},{"@type":"WebSite","@id":"https:\/\/theplayoffs.news\/fr\/#website","url":"https:\/\/theplayoffs.news\/fr\/","name":"The Playoffs FR","description":"NBA-NFL-NHL-MLB","potentialAction":[{"@type":"SearchAction","target":{"@type":"EntryPoint","urlTemplate":"https:\/\/theplayoffs.news\/fr\/?s={search_term_string}"},"query-input":{"@type":"PropertyValueSpecification","valueRequired":true,"valueName":"search_term_string"}}],"inLanguage":"fr-FR"},{"@type":"Person","@id":"https:\/\/theplayoffs.news\/fr\/#\/schema\/person\/6873025fdeeef5a5a119a678d88f9eb8","name":"Hugo Da Silva","image":{"@type":"ImageObject","inLanguage":"fr-FR","@id":"https:\/\/theplayoffs.news\/fr\/#\/schema\/person\/image\/","url":"https:\/\/secure.gravatar.com\/avatar\/42645c167f2d0d025c99c89a9d5af905f285255ee846e7a777caaecca00b1837?s=96&d=mm&r=g","contentUrl":"https:\/\/secure.gravatar.com\/avatar\/42645c167f2d0d025c99c89a9d5af905f285255ee846e7a777caaecca00b1837?s=96&d=mm&r=g","caption":"Hugo Da Silva"},"url":"https:\/\/theplayoffs.news\/fr\/author\/hugodasilva0903gmail-com\/"}]}},"_links":{"self":[{"href":"https:\/\/theplayoffs.news\/fr\/wp-json\/wp\/v2\/posts\/1449923","targetHints":{"allow":["GET"]}}],"collection":[{"href":"https:\/\/theplayoffs.news\/fr\/wp-json\/wp\/v2\/posts"}],"about":[{"href":"https:\/\/theplayoffs.news\/fr\/wp-json\/wp\/v2\/types\/post"}],"author":[{"embeddable":true,"href":"https:\/\/theplayoffs.news\/fr\/wp-json\/wp\/v2\/users\/180310252"}],"replies":[{"embeddable":true,"href":"https:\/\/theplayoffs.news\/fr\/wp-json\/wp\/v2\/comments?post=1449923"}],"version-history":[{"count":3,"href":"https:\/\/theplayoffs.news\/fr\/wp-json\/wp\/v2\/posts\/1449923\/revisions"}],"predecessor-version":[{"id":1449933,"href":"https:\/\/theplayoffs.news\/fr\/wp-json\/wp\/v2\/posts\/1449923\/revisions\/1449933"}],"wp:attachment":[{"href":"https:\/\/theplayoffs.news\/fr\/wp-json\/wp\/v2\/media?parent=1449923"}],"wp:term":[{"taxonomy":"category","embeddable":true,"href":"https:\/\/theplayoffs.news\/fr\/wp-json\/wp\/v2\/categories?post=1449923"},{"taxonomy":"post_tag","embeddable":true,"href":"https:\/\/theplayoffs.news\/fr\/wp-json\/wp\/v2\/tags?post=1449923"},{"taxonomy":"sport","embeddable":true,"href":"https:\/\/theplayoffs.news\/fr\/wp-json\/wp\/v2\/sport?post=1449923"},{"taxonomy":"saison","embeddable":true,"href":"https:\/\/theplayoffs.news\/fr\/wp-json\/wp\/v2\/saison?post=1449923"}],"curies":[{"name":"wp","href":"https:\/\/api.w.org\/{rel}","templated":true}]}}