{"id":1449743,"date":"2024-08-06T12:06:57","date_gmt":"2024-08-06T10:06:57","guid":{"rendered":"https:\/\/theplayoffs.news\/fr\/?p=1449743"},"modified":"2024-08-06T12:06:57","modified_gmt":"2024-08-06T10:06:57","slug":"le-rookie-des-raiders-jeff-foreman-quitte-lentrainement-sur-blessure","status":"publish","type":"post","link":"https:\/\/theplayoffs.news\/fr\/actualite-nfl\/le-rookie-des-raiders-jeff-foreman-quitte-lentrainement-sur-blessure\/","title":{"rendered":"Le rookie des raiders, Jeff Foreman, quitte l&rsquo;entrainement sur blessure"},"content":{"rendered":"<h2>Le receveur rookie des Raiders, Jeff Foreman, a d&ucirc; quitter le terrain sur une civi&egrave;re lors de l&rsquo;entra&icirc;nement de lundi apr&egrave;s s&rsquo;&ecirc;tre bless&eacute; au genou.<\/h2><p>&nbsp;<\/p><p>Jeff Foreman a rejoint l&rsquo;&eacute;quipe en tant que joueur non s&eacute;lectionn&eacute; &agrave; la draft de cette ann&eacute;e. L&rsquo;ancien receveur de l&rsquo;universit&eacute; d&rsquo;Arkansas State s&rsquo;est bless&eacute; vers la fin de l&rsquo;entra&icirc;nement lors d&rsquo;un exercice en Red Zone. Il a chut&eacute; en tentant de se stabiliser apr&egrave;s une r&eacute;ception.<\/p><p>\n<div id=\"attachment_1449749\" style=\"width: 244px\" class=\"wp-caption alignnone\"><img loading=\"lazy\" decoding=\"async\" aria-describedby=\"caption-attachment-1449749\" class=\"size-medium wp-image-1449749\" src=\"https:\/\/theplayoffs.news\/fr\/wp-content\/uploads\/2024\/08\/USATSI_22166938-234x300.jpg\" alt=\"\" width=\"234\" height=\"300\" srcset=\"https:\/\/theplayoffs.news\/fr\/wp-content\/uploads\/2024\/08\/USATSI_22166938-234x300.jpg 234w, https:\/\/theplayoffs.news\/fr\/wp-content\/uploads\/2024\/08\/USATSI_22166938-803x1030.jpg 803w, https:\/\/theplayoffs.news\/fr\/wp-content\/uploads\/2024\/08\/USATSI_22166938-768x986.jpg 768w, https:\/\/theplayoffs.news\/fr\/wp-content\/uploads\/2024\/08\/USATSI_22166938-1320x1694.jpg 1320w, https:\/\/theplayoffs.news\/fr\/wp-content\/uploads\/2024\/08\/USATSI_22166938.jpg 1496w\" sizes=\"auto, (max-width: 234px) 100vw, 234px\" \/><p id=\"caption-attachment-1449749\" class=\"wp-caption-text\">Cr&eacute;dit Photo: Mickey Welsh \/ USA TODAY NETWORK<\/p><\/div>\n<\/p><p>D&rsquo;apr&egrave;s Adam Hill du <a href=\"https:\/\/www.reviewjournal.com\/sports\/raiders\/raiders-report-receiver-carted-off-practice-field-with-injury-3118877\/\" class=\"trk-cta-link\" data-cta-trk='{\"ctaType\":\"Link\",\"ctaSubType\":\"main\"}'>Las Vegas Review-Journal<\/a>, Jeff Foreman montrait des signes &eacute;vidents de douleur alors que le personnel m&eacute;dical de l&rsquo;&eacute;quipe l&rsquo;&eacute;quipait d&rsquo;une attelle. Foreman a quitt&eacute; le terrain sur un chariot. L&rsquo;&eacute;tendue de la blessure n&rsquo;est pas encore d&eacute;termin&eacute;e, mais une IRM est pr&eacute;vue pour &eacute;valuer la gravit&eacute;.<\/p><p>&nbsp;<\/p><p>Les Raiders se sont &eacute;galement entra&icirc;n&eacute;s sans leur receveur vedette, <a href=\"https:\/\/theplayoffs.news\/fr\/nfl\/raiders-davante-adams-veut-se-concentrer-sur-linstant-present\/\" class=\"trk-cta-link\" data-cta-trk='{\"ctaType\":\"Link\",\"ctaSubType\":\"main\"}'>Davante Adams<\/a>, qui &eacute;tait absent pour assister &agrave; la naissance de son troisi&egrave;me enfant.<\/p><blockquote><p>&laquo; Pas encore de b&eacute;b&eacute; &raquo;, a d&eacute;clar&eacute; Pierce.<\/p><\/blockquote><p>&nbsp;<\/p><p>L&rsquo;entraineur des raiders, Antonio Pierce,&nbsp; a indiqu&eacute; qu&rsquo;Adams resterait loin de l&rsquo;&eacute;quipe jusqu&rsquo;&agrave; ce que sa femme, Devanne, accouche. Les Raiders s&rsquo;entra&icirc;neront mardi et mercredi au Jack Hammett Sports Complex avant de lever le camp et de se rendre au Minnesota pour le premier match de pr&eacute;saison samedi.<\/p><p>Cela signifie qu&rsquo;il est possible qu&rsquo;Adams ne rejoigne pas l&rsquo;&eacute;quipe avant son retour &agrave; Henderson la semaine prochaine.<\/p>\n","protected":false},"excerpt":{"rendered":"","protected":false},"author":180310252,"featured_media":1449748,"comment_status":"open","ping_status":"closed","sticky":false,"template":"","format":"standard","meta":{"inline_featured_image":false,"kia_subtitle":"","_mux_skip_reasons":[],"proofreadBy":0,"footnotes":""},"categories":[118,40],"tags":[],"sport":[2785],"saison":[6111],"class_list":["post-1449743","post","type-post","status-publish","format-standard","has-post-thumbnail","hentry","category-actualite-nfl","category-nfl","sport-nfl","saison-6111"],"acf":[],"yoast_head":"<!-- This site is optimized with the Yoast SEO plugin v24.2 - https:\/\/yoast.com\/wordpress\/plugins\/seo\/ -->\n<title>Le rookie des raiders, Jeff Foreman, quitte l&#039;entrainement sur blessure - The Playoffs FR<\/title>\n<meta name=\"robots\" content=\"index, follow, max-snippet:-1, max-image-preview:large, max-video-preview:-1\" \/>\n<link rel=\"canonical\" href=\"https:\/\/theplayoffs.news\/fr\/actualite-nfl\/le-rookie-des-raiders-jeff-foreman-quitte-lentrainement-sur-blessure\/\" \/>\n<meta property=\"og:locale\" content=\"fr_FR\" \/>\n<meta property=\"og:type\" content=\"article\" \/>\n<meta property=\"og:title\" content=\"Le rookie des raiders, Jeff Foreman, quitte l&#039;entrainement sur blessure - The Playoffs FR\" \/>\n<meta property=\"og:url\" content=\"https:\/\/theplayoffs.news\/fr\/actualite-nfl\/le-rookie-des-raiders-jeff-foreman-quitte-lentrainement-sur-blessure\/\" \/>\n<meta property=\"og:site_name\" content=\"The Playoffs FR\" \/>\n<meta property=\"article:publisher\" content=\"https:\/\/www.facebook.com\/TheFreeAgentFR\/\" \/>\n<meta property=\"article:modified_time\" content=\"2024-08-06T12:06:57+02:00\" \/>\n<meta property=\"og:image\" content=\"https:\/\/theplayoffs.news\/fr\/wp-content\/uploads\/2024\/08\/IMG_3115.jpeg\" \/>\n\t<meta property=\"og:image:width\" content=\"1200\" \/>\n\t<meta property=\"og:image:height\" content=\"1500\" \/>\n\t<meta property=\"og:image:type\" content=\"image\/jpeg\" \/>\n<meta name=\"author\" content=\"Hugo Da Silva\" \/>\n<meta name=\"twitter:card\" content=\"summary_large_image\" \/>\n<meta name=\"twitter:creator\" content=\"@TheFreeAgentFR\" \/>\n<meta name=\"twitter:site\" content=\"@TheFreeAgentFR\" \/>\n<meta name=\"twitter:label1\" content=\"\u00c9crit par\" \/>\n\t<meta name=\"twitter:data1\" content=\"Hugo Da Silva\" \/>\n\t<meta name=\"twitter:label2\" content=\"Dur\u00e9e de lecture estim\u00e9e\" \/>\n\t<meta name=\"twitter:data2\" content=\"1 minute\" \/>\n<script type=\"application\/ld+json\" class=\"yoast-schema-graph\">{\"@context\":\"https:\/\/schema.org\",\"@graph\":[{\"@type\":\"WebPage\",\"@id\":\"https:\/\/theplayoffs.news\/fr\/actualite-nfl\/le-rookie-des-raiders-jeff-foreman-quitte-lentrainement-sur-blessure\/\",\"url\":\"https:\/\/theplayoffs.news\/fr\/actualite-nfl\/le-rookie-des-raiders-jeff-foreman-quitte-lentrainement-sur-blessure\/\",\"name\":\"Le rookie des raiders, Jeff Foreman, quitte l\\\\'entrainement sur blessure - The Playoffs FR\",\"isPartOf\":{\"@id\":\"https:\/\/theplayoffs.news\/fr\/#website\"},\"primaryImageOfPage\":{\"@id\":\"https:\/\/theplayoffs.news\/fr\/actualite-nfl\/le-rookie-des-raiders-jeff-foreman-quitte-lentrainement-sur-blessure\/#primaryimage\"},\"image\":{\"@id\":\"https:\/\/theplayoffs.news\/fr\/actualite-nfl\/le-rookie-des-raiders-jeff-foreman-quitte-lentrainement-sur-blessure\/#primaryimage\"},\"thumbnailUrl\":\"https:\/\/theplayoffs.news\/fr\/wp-content\/uploads\/2024\/08\/IMG_3115.jpeg\",\"datePublished\":\"2024-08-06T10:06:57+00:00\",\"dateModified\":\"2024-08-06T10:06:57+00:00\",\"author\":{\"@id\":\"https:\/\/theplayoffs.news\/fr\/#\/schema\/person\/6873025fdeeef5a5a119a678d88f9eb8\"},\"breadcrumb\":{\"@id\":\"https:\/\/theplayoffs.news\/fr\/actualite-nfl\/le-rookie-des-raiders-jeff-foreman-quitte-lentrainement-sur-blessure\/#breadcrumb\"},\"inLanguage\":\"fr-FR\",\"potentialAction\":[{\"@type\":\"ReadAction\",\"target\":[\"https:\/\/theplayoffs.news\/fr\/actualite-nfl\/le-rookie-des-raiders-jeff-foreman-quitte-lentrainement-sur-blessure\/\"]}]},{\"@type\":\"ImageObject\",\"inLanguage\":\"fr-FR\",\"@id\":\"https:\/\/theplayoffs.news\/fr\/actualite-nfl\/le-rookie-des-raiders-jeff-foreman-quitte-lentrainement-sur-blessure\/#primaryimage\",\"url\":\"https:\/\/theplayoffs.news\/fr\/wp-content\/uploads\/2024\/08\/IMG_3115.jpeg\",\"contentUrl\":\"https:\/\/theplayoffs.news\/fr\/wp-content\/uploads\/2024\/08\/IMG_3115.jpeg\",\"width\":1200,\"height\":1500},{\"@type\":\"BreadcrumbList\",\"@id\":\"https:\/\/theplayoffs.news\/fr\/actualite-nfl\/le-rookie-des-raiders-jeff-foreman-quitte-lentrainement-sur-blessure\/#breadcrumb\",\"itemListElement\":[{\"@type\":\"ListItem\",\"position\":1,\"name\":\"Accueil\",\"item\":\"https:\/\/theplayoffs.news\/fr\/\"},{\"@type\":\"ListItem\",\"position\":2,\"name\":\"Le rookie des raiders, Jeff Foreman, quitte l&rsquo;entrainement sur blessure\"}]},{\"@type\":\"WebSite\",\"@id\":\"https:\/\/theplayoffs.news\/fr\/#website\",\"url\":\"https:\/\/theplayoffs.news\/fr\/\",\"name\":\"The Playoffs FR\",\"description\":\"NBA-NFL-NHL-MLB\",\"potentialAction\":[{\"@type\":\"SearchAction\",\"target\":{\"@type\":\"EntryPoint\",\"urlTemplate\":\"https:\/\/theplayoffs.news\/fr\/?s={search_term_string}\"},\"query-input\":{\"@type\":\"PropertyValueSpecification\",\"valueRequired\":true,\"valueName\":\"search_term_string\"}}],\"inLanguage\":\"fr-FR\"},{\"@type\":\"Person\",\"@id\":\"https:\/\/theplayoffs.news\/fr\/#\/schema\/person\/6873025fdeeef5a5a119a678d88f9eb8\",\"name\":\"Hugo Da Silva\",\"image\":{\"@type\":\"ImageObject\",\"inLanguage\":\"fr-FR\",\"@id\":\"https:\/\/theplayoffs.news\/fr\/#\/schema\/person\/image\/\",\"url\":\"https:\/\/secure.gravatar.com\/avatar\/42645c167f2d0d025c99c89a9d5af905f285255ee846e7a777caaecca00b1837?s=96&d=mm&r=g\",\"contentUrl\":\"https:\/\/secure.gravatar.com\/avatar\/42645c167f2d0d025c99c89a9d5af905f285255ee846e7a777caaecca00b1837?s=96&d=mm&r=g\",\"caption\":\"Hugo Da Silva\"},\"url\":\"https:\/\/theplayoffs.news\/fr\/author\/hugodasilva0903gmail-com\/\"}]}<\/script>\n<!-- \/ Yoast SEO plugin. -->","yoast_head_json":{"title":"Le rookie des raiders, Jeff Foreman, quitte l&#039;entrainement sur blessure - The Playoffs FR","robots":{"index":"index","follow":"follow","max-snippet":"max-snippet:-1","max-image-preview":"max-image-preview:large","max-video-preview":"max-video-preview:-1"},"canonical":"https:\/\/theplayoffs.news\/fr\/actualite-nfl\/le-rookie-des-raiders-jeff-foreman-quitte-lentrainement-sur-blessure\/","og_locale":"fr_FR","og_type":"article","og_title":"Le rookie des raiders, Jeff Foreman, quitte l&#039;entrainement sur blessure - The Playoffs FR","og_url":"https:\/\/theplayoffs.news\/fr\/actualite-nfl\/le-rookie-des-raiders-jeff-foreman-quitte-lentrainement-sur-blessure\/","og_site_name":"The Playoffs FR","article_publisher":"https:\/\/www.facebook.com\/TheFreeAgentFR\/","og_image":[{"width":1200,"height":1500,"url":"https:\/\/theplayoffs.news\/fr\/wp-content\/uploads\/2024\/08\/IMG_3115.jpeg","type":"image\/jpeg"}],"author":"Hugo Da Silva","twitter_card":"summary_large_image","twitter_creator":"@TheFreeAgentFR","twitter_site":"@TheFreeAgentFR","twitter_misc":{"\u00c9crit par":"Hugo Da Silva","Dur\u00e9e de lecture estim\u00e9e":"1 minute"},"schema":{"@context":"https:\/\/schema.org","@graph":[{"@type":"WebPage","@id":"https:\/\/theplayoffs.news\/fr\/actualite-nfl\/le-rookie-des-raiders-jeff-foreman-quitte-lentrainement-sur-blessure\/","url":"https:\/\/theplayoffs.news\/fr\/actualite-nfl\/le-rookie-des-raiders-jeff-foreman-quitte-lentrainement-sur-blessure\/","name":"Le rookie des raiders, Jeff Foreman, quitte l\\'entrainement sur blessure - The Playoffs FR","isPartOf":{"@id":"https:\/\/theplayoffs.news\/fr\/#website"},"primaryImageOfPage":{"@id":"https:\/\/theplayoffs.news\/fr\/actualite-nfl\/le-rookie-des-raiders-jeff-foreman-quitte-lentrainement-sur-blessure\/#primaryimage"},"image":{"@id":"https:\/\/theplayoffs.news\/fr\/actualite-nfl\/le-rookie-des-raiders-jeff-foreman-quitte-lentrainement-sur-blessure\/#primaryimage"},"thumbnailUrl":"https:\/\/theplayoffs.news\/fr\/wp-content\/uploads\/2024\/08\/IMG_3115.jpeg","datePublished":"2024-08-06T10:06:57+00:00","dateModified":"2024-08-06T10:06:57+00:00","author":{"@id":"https:\/\/theplayoffs.news\/fr\/#\/schema\/person\/6873025fdeeef5a5a119a678d88f9eb8"},"breadcrumb":{"@id":"https:\/\/theplayoffs.news\/fr\/actualite-nfl\/le-rookie-des-raiders-jeff-foreman-quitte-lentrainement-sur-blessure\/#breadcrumb"},"inLanguage":"fr-FR","potentialAction":[{"@type":"ReadAction","target":["https:\/\/theplayoffs.news\/fr\/actualite-nfl\/le-rookie-des-raiders-jeff-foreman-quitte-lentrainement-sur-blessure\/"]}]},{"@type":"ImageObject","inLanguage":"fr-FR","@id":"https:\/\/theplayoffs.news\/fr\/actualite-nfl\/le-rookie-des-raiders-jeff-foreman-quitte-lentrainement-sur-blessure\/#primaryimage","url":"https:\/\/theplayoffs.news\/fr\/wp-content\/uploads\/2024\/08\/IMG_3115.jpeg","contentUrl":"https:\/\/theplayoffs.news\/fr\/wp-content\/uploads\/2024\/08\/IMG_3115.jpeg","width":1200,"height":1500},{"@type":"BreadcrumbList","@id":"https:\/\/theplayoffs.news\/fr\/actualite-nfl\/le-rookie-des-raiders-jeff-foreman-quitte-lentrainement-sur-blessure\/#breadcrumb","itemListElement":[{"@type":"ListItem","position":1,"name":"Accueil","item":"https:\/\/theplayoffs.news\/fr\/"},{"@type":"ListItem","position":2,"name":"Le rookie des raiders, Jeff Foreman, quitte l&rsquo;entrainement sur blessure"}]},{"@type":"WebSite","@id":"https:\/\/theplayoffs.news\/fr\/#website","url":"https:\/\/theplayoffs.news\/fr\/","name":"The Playoffs FR","description":"NBA-NFL-NHL-MLB","potentialAction":[{"@type":"SearchAction","target":{"@type":"EntryPoint","urlTemplate":"https:\/\/theplayoffs.news\/fr\/?s={search_term_string}"},"query-input":{"@type":"PropertyValueSpecification","valueRequired":true,"valueName":"search_term_string"}}],"inLanguage":"fr-FR"},{"@type":"Person","@id":"https:\/\/theplayoffs.news\/fr\/#\/schema\/person\/6873025fdeeef5a5a119a678d88f9eb8","name":"Hugo Da Silva","image":{"@type":"ImageObject","inLanguage":"fr-FR","@id":"https:\/\/theplayoffs.news\/fr\/#\/schema\/person\/image\/","url":"https:\/\/secure.gravatar.com\/avatar\/42645c167f2d0d025c99c89a9d5af905f285255ee846e7a777caaecca00b1837?s=96&d=mm&r=g","contentUrl":"https:\/\/secure.gravatar.com\/avatar\/42645c167f2d0d025c99c89a9d5af905f285255ee846e7a777caaecca00b1837?s=96&d=mm&r=g","caption":"Hugo Da Silva"},"url":"https:\/\/theplayoffs.news\/fr\/author\/hugodasilva0903gmail-com\/"}]}},"_links":{"self":[{"href":"https:\/\/theplayoffs.news\/fr\/wp-json\/wp\/v2\/posts\/1449743","targetHints":{"allow":["GET"]}}],"collection":[{"href":"https:\/\/theplayoffs.news\/fr\/wp-json\/wp\/v2\/posts"}],"about":[{"href":"https:\/\/theplayoffs.news\/fr\/wp-json\/wp\/v2\/types\/post"}],"author":[{"embeddable":true,"href":"https:\/\/theplayoffs.news\/fr\/wp-json\/wp\/v2\/users\/180310252"}],"replies":[{"embeddable":true,"href":"https:\/\/theplayoffs.news\/fr\/wp-json\/wp\/v2\/comments?post=1449743"}],"version-history":[{"count":4,"href":"https:\/\/theplayoffs.news\/fr\/wp-json\/wp\/v2\/posts\/1449743\/revisions"}],"predecessor-version":[{"id":1449752,"href":"https:\/\/theplayoffs.news\/fr\/wp-json\/wp\/v2\/posts\/1449743\/revisions\/1449752"}],"wp:featuredmedia":[{"embeddable":true,"href":"https:\/\/theplayoffs.news\/fr\/wp-json\/wp\/v2\/media\/1449748"}],"wp:attachment":[{"href":"https:\/\/theplayoffs.news\/fr\/wp-json\/wp\/v2\/media?parent=1449743"}],"wp:term":[{"taxonomy":"category","embeddable":true,"href":"https:\/\/theplayoffs.news\/fr\/wp-json\/wp\/v2\/categories?post=1449743"},{"taxonomy":"post_tag","embeddable":true,"href":"https:\/\/theplayoffs.news\/fr\/wp-json\/wp\/v2\/tags?post=1449743"},{"taxonomy":"sport","embeddable":true,"href":"https:\/\/theplayoffs.news\/fr\/wp-json\/wp\/v2\/sport?post=1449743"},{"taxonomy":"saison","embeddable":true,"href":"https:\/\/theplayoffs.news\/fr\/wp-json\/wp\/v2\/saison?post=1449743"}],"curies":[{"name":"wp","href":"https:\/\/api.w.org\/{rel}","templated":true}]}}