{"id":1449651,"date":"2024-08-05T17:35:13","date_gmt":"2024-08-05T15:35:13","guid":{"rendered":"https:\/\/theplayoffs.news\/fr\/?p=1449651"},"modified":"2024-08-05T17:35:13","modified_gmt":"2024-08-05T15:35:13","slug":"steve-kerr-team-usa-na-pas-pour-projet-de-faire-debuter-kevin-durant","status":"publish","type":"post","link":"https:\/\/theplayoffs.news\/fr\/actualite-nba\/steve-kerr-team-usa-na-pas-pour-projet-de-faire-debuter-kevin-durant\/","title":{"rendered":"Steve Kerr (Team USA) n&rsquo;a pas pour projet de faire d\u00e9buter Kevin Durant"},"content":{"rendered":"<h2>Steve Kerr a d&eacute;clar&eacute; ne pas faire &eacute;voluer Kevin Durant dans le cinq majeur encore en pleine convalescence.<\/h2><p>&nbsp;<\/p><p>En conf&eacute;rence de presse pour ESPN, <a href=\"https:\/\/theplayoffs.news\/fr\/nba-basketball\/les-warriors-prolongent-steve-kerr-pour-2-ans-et-35-millions-de-dollars\/\" class=\"trk-cta-link\" data-cta-trk='{\"ctaType\":\"Link\",\"ctaSubType\":\"main\"}'>Steve Kerr<\/a> a fait part de sa volont&eacute; &agrave; ne pas faire d&eacute;buter Kevin Durant pour la suite des Jeux de Paris, ce dernier qui se remet de sa blessure au mollet.<\/p><p><a href=\"https:\/\/bleacherreport.com\/articles\/10130734-steve-kerr-no-plans-for-kevin-durant-to-start-for-team-usa-amid-injury-recovery\" class=\"trk-cta-link\" data-cta-trk='{\"ctaType\":\"Link\",\"ctaSubType\":\"main\"}'>Le s&eacute;lectionneur de Team USA<\/a> a n&eacute;anmoins donn&eacute; comme information que KD jouerait de plus en plus au fur &agrave; mesure que la difficult&eacute; des matchs augmente.<\/p><blockquote><p>&laquo;&nbsp;Si Kevin avait &eacute;t&eacute; ici d&egrave;s le premier jour, il y a de grandes chances qu&rsquo;il soit en d&eacute;but de match&nbsp;&raquo;, a d&eacute;clar&eacute; Steve Kerr aux journalistes dimanche. &laquo;&nbsp;C&rsquo;&eacute;tait le plan qui allait &ecirc;tre mis en place. Mais comme il a manqu&eacute; tous nos matchs amicaux et qu&rsquo;il est arriv&eacute; en retard, nous avions une sorte de collectif que nous aimions. Quand on l&rsquo;a ramen&eacute;, il ne devait jouer qu&rsquo;un certain nombre de minutes contre la Serbie. Il a si bien jou&eacute; et s&rsquo;est si bien int&eacute;gr&eacute; dans ce groupe, et c&rsquo;&eacute;tait d&eacute;vastateur de voir ce groupe ensemble.<\/p><\/blockquote><p>&nbsp;<\/p><p><iframe loading=\"lazy\" title=\"Steve Kerr: 'No plans' to start KD for Team USA the rest of Paris Olympics &#128064;\" width=\"500\" height=\"281\" src=\"https:\/\/www.youtube.com\/embed\/g2GMQHmBgNs?feature=oembed\" frameborder=\"0\" allow=\"accelerometer; autoplay; clipboard-write; encrypted-media; gyroscope; picture-in-picture; web-share\" referrerpolicy=\"strict-origin-when-cross-origin\" allowfullscreen><\/iframe><\/p><p>&nbsp;<\/p><blockquote><p>&laquo; Il n&rsquo;y a donc aucune raison de changer cela. Mais, bien s&ucirc;r, &agrave; mesure que les Jeux deviennent plus difficiles, je pense que Kevin jouera de plus en plus de minutes. Il va continuer &agrave; sortir de l&rsquo;ombre pour le moment, mais nous allons nous appuyer sur lui de plus en plus au fur et &agrave; mesure que nous avan&ccedil;ons.<\/p><\/blockquote><p><a href=\"https:\/\/theplayoffs.news\/fr\/nba-basketball\/kevin-durant-ils-ne-nous-voient-pas-comme-des-etres-humains\/\" class=\"trk-cta-link\" data-cta-trk='{\"ctaType\":\"Link\",\"ctaSubType\":\"main\"}'>KD<\/a> qui dispute &agrave; Paris ses quatri&egrave;mes olympiades et qui compte bien gagner sa quatri&egrave;me m&eacute;daille d&rsquo;or &agrave; l&rsquo;issue de la comp&eacute;tition.<\/p><p>Depuis le d&eacute;but du tournoi, le &laquo;&nbsp;Slim Reaper&nbsp;&raquo; est tr&egrave;s efficace en sortie de banc et la plan&egrave;te basket attend de voir&nbsp; si le scoreur des Suns va continuer dans ce sens face aux Br&eacute;siliens.<\/p><p>La confrontation est pr&eacute;vue ce mardi &agrave; 21H30.<\/p><p>&Agrave; la cl&eacute;, l&rsquo;acc&egrave;s au dernier carr&eacute; de ces Jeux Olympiques et affirmer un peu plus sa l&eacute;gende dans la plus grande comp&eacute;tition internationale.<\/p>\n","protected":false},"excerpt":{"rendered":"","protected":false},"author":180310255,"featured_media":1449652,"comment_status":"open","ping_status":"closed","sticky":false,"template":"","format":"standard","meta":{"inline_featured_image":false,"kia_subtitle":"","_mux_skip_reasons":[],"proofreadBy":0,"footnotes":""},"categories":[110,7518,10],"tags":[],"sport":[],"saison":[],"class_list":["post-1449651","post","type-post","status-publish","format-standard","has-post-thumbnail","hentry","category-actualite-nba","category-jo2024","category-nba"],"acf":[],"yoast_head":"<!-- This site is optimized with the Yoast SEO plugin v24.2 - https:\/\/yoast.com\/wordpress\/plugins\/seo\/ -->\n<title>Steve Kerr (Team USA) n&#039;a pas pour projet de faire d&eacute;buter Kevin Durant - The Playoffs FR<\/title>\n<meta name=\"robots\" content=\"index, follow, max-snippet:-1, max-image-preview:large, max-video-preview:-1\" \/>\n<link rel=\"canonical\" href=\"https:\/\/theplayoffs.news\/fr\/actualite-nba\/steve-kerr-team-usa-na-pas-pour-projet-de-faire-debuter-kevin-durant\/\" \/>\n<meta property=\"og:locale\" content=\"fr_FR\" \/>\n<meta property=\"og:type\" content=\"article\" \/>\n<meta property=\"og:title\" content=\"Steve Kerr (Team USA) n&#039;a pas pour projet de faire d&eacute;buter Kevin Durant - The Playoffs FR\" \/>\n<meta property=\"og:url\" content=\"https:\/\/theplayoffs.news\/fr\/actualite-nba\/steve-kerr-team-usa-na-pas-pour-projet-de-faire-debuter-kevin-durant\/\" \/>\n<meta property=\"og:site_name\" content=\"The Playoffs FR\" \/>\n<meta property=\"article:publisher\" content=\"https:\/\/www.facebook.com\/TheFreeAgentFR\/\" \/>\n<meta property=\"article:modified_time\" content=\"2024-08-05T17:35:13+02:00\" \/>\n<meta property=\"og:image\" content=\"https:\/\/theplayoffs.news\/fr\/wp-content\/uploads\/2024\/08\/USATSI_21957371.jpg\" \/>\n\t<meta property=\"og:image:width\" content=\"1920\" \/>\n\t<meta property=\"og:image:height\" content=\"1405\" \/>\n\t<meta property=\"og:image:type\" content=\"image\/jpeg\" \/>\n<meta name=\"author\" content=\"Elouan Girard\" \/>\n<meta name=\"twitter:card\" content=\"summary_large_image\" \/>\n<meta name=\"twitter:creator\" content=\"@TheFreeAgentFR\" \/>\n<meta name=\"twitter:site\" content=\"@TheFreeAgentFR\" \/>\n<meta name=\"twitter:label1\" content=\"\u00c9crit par\" \/>\n\t<meta name=\"twitter:data1\" content=\"Elouan Girard\" \/>\n\t<meta name=\"twitter:label2\" content=\"Dur\u00e9e de lecture estim\u00e9e\" \/>\n\t<meta name=\"twitter:data2\" content=\"2 minutes\" \/>\n<script type=\"application\/ld+json\" class=\"yoast-schema-graph\">{\"@context\":\"https:\/\/schema.org\",\"@graph\":[{\"@type\":\"WebPage\",\"@id\":\"https:\/\/theplayoffs.news\/fr\/actualite-nba\/steve-kerr-team-usa-na-pas-pour-projet-de-faire-debuter-kevin-durant\/\",\"url\":\"https:\/\/theplayoffs.news\/fr\/actualite-nba\/steve-kerr-team-usa-na-pas-pour-projet-de-faire-debuter-kevin-durant\/\",\"name\":\"Steve Kerr (Team USA) n\\\\'a pas pour projet de faire d\u00e9buter Kevin Durant - The Playoffs FR\",\"isPartOf\":{\"@id\":\"https:\/\/theplayoffs.news\/fr\/#website\"},\"primaryImageOfPage\":{\"@id\":\"https:\/\/theplayoffs.news\/fr\/actualite-nba\/steve-kerr-team-usa-na-pas-pour-projet-de-faire-debuter-kevin-durant\/#primaryimage\"},\"image\":{\"@id\":\"https:\/\/theplayoffs.news\/fr\/actualite-nba\/steve-kerr-team-usa-na-pas-pour-projet-de-faire-debuter-kevin-durant\/#primaryimage\"},\"thumbnailUrl\":\"https:\/\/theplayoffs.news\/fr\/wp-content\/uploads\/2024\/08\/USATSI_21957371.jpg\",\"datePublished\":\"2024-08-05T15:35:13+00:00\",\"dateModified\":\"2024-08-05T15:35:13+00:00\",\"author\":{\"@id\":\"https:\/\/theplayoffs.news\/fr\/#\/schema\/person\/6c4db0b49aa9ade4e6a3ddef3b2842a8\"},\"breadcrumb\":{\"@id\":\"https:\/\/theplayoffs.news\/fr\/actualite-nba\/steve-kerr-team-usa-na-pas-pour-projet-de-faire-debuter-kevin-durant\/#breadcrumb\"},\"inLanguage\":\"fr-FR\",\"potentialAction\":[{\"@type\":\"ReadAction\",\"target\":[\"https:\/\/theplayoffs.news\/fr\/actualite-nba\/steve-kerr-team-usa-na-pas-pour-projet-de-faire-debuter-kevin-durant\/\"]}]},{\"@type\":\"ImageObject\",\"inLanguage\":\"fr-FR\",\"@id\":\"https:\/\/theplayoffs.news\/fr\/actualite-nba\/steve-kerr-team-usa-na-pas-pour-projet-de-faire-debuter-kevin-durant\/#primaryimage\",\"url\":\"https:\/\/theplayoffs.news\/fr\/wp-content\/uploads\/2024\/08\/USATSI_21957371.jpg\",\"contentUrl\":\"https:\/\/theplayoffs.news\/fr\/wp-content\/uploads\/2024\/08\/USATSI_21957371.jpg\",\"width\":1920,\"height\":1405,\"caption\":\"Nov 22, 2023; Phoenix, Arizona, USA; Phoenix Suns forward Kevin Durant (35) with Golden State Warriors head coach Steve Kerr in the first half at Footprint Center. Mandatory Credit: Mark J. Rebilas-USA TODAY Sports\"},{\"@type\":\"BreadcrumbList\",\"@id\":\"https:\/\/theplayoffs.news\/fr\/actualite-nba\/steve-kerr-team-usa-na-pas-pour-projet-de-faire-debuter-kevin-durant\/#breadcrumb\",\"itemListElement\":[{\"@type\":\"ListItem\",\"position\":1,\"name\":\"Accueil\",\"item\":\"https:\/\/theplayoffs.news\/fr\/\"},{\"@type\":\"ListItem\",\"position\":2,\"name\":\"Steve Kerr (Team USA) n&rsquo;a pas pour projet de faire d\u00e9buter Kevin Durant\"}]},{\"@type\":\"WebSite\",\"@id\":\"https:\/\/theplayoffs.news\/fr\/#website\",\"url\":\"https:\/\/theplayoffs.news\/fr\/\",\"name\":\"The Playoffs FR\",\"description\":\"NBA-NFL-NHL-MLB\",\"potentialAction\":[{\"@type\":\"SearchAction\",\"target\":{\"@type\":\"EntryPoint\",\"urlTemplate\":\"https:\/\/theplayoffs.news\/fr\/?s={search_term_string}\"},\"query-input\":{\"@type\":\"PropertyValueSpecification\",\"valueRequired\":true,\"valueName\":\"search_term_string\"}}],\"inLanguage\":\"fr-FR\"},{\"@type\":\"Person\",\"@id\":\"https:\/\/theplayoffs.news\/fr\/#\/schema\/person\/6c4db0b49aa9ade4e6a3ddef3b2842a8\",\"name\":\"Elouan Girard\",\"image\":{\"@type\":\"ImageObject\",\"inLanguage\":\"fr-FR\",\"@id\":\"https:\/\/theplayoffs.news\/fr\/#\/schema\/person\/image\/\",\"url\":\"https:\/\/secure.gravatar.com\/avatar\/230f939104da8456d40e879fa1d9fc19f13fb1470c5c2b6b1cb611f0f579870b?s=96&d=mm&r=g\",\"contentUrl\":\"https:\/\/secure.gravatar.com\/avatar\/230f939104da8456d40e879fa1d9fc19f13fb1470c5c2b6b1cb611f0f579870b?s=96&d=mm&r=g\",\"caption\":\"Elouan Girard\"},\"url\":\"https:\/\/theplayoffs.news\/fr\/author\/elou-girard59gmail-com\/\"}]}<\/script>\n<!-- \/ Yoast SEO plugin. -->","yoast_head_json":{"title":"Steve Kerr (Team USA) n&#039;a pas pour projet de faire d&eacute;buter Kevin Durant - The Playoffs FR","robots":{"index":"index","follow":"follow","max-snippet":"max-snippet:-1","max-image-preview":"max-image-preview:large","max-video-preview":"max-video-preview:-1"},"canonical":"https:\/\/theplayoffs.news\/fr\/actualite-nba\/steve-kerr-team-usa-na-pas-pour-projet-de-faire-debuter-kevin-durant\/","og_locale":"fr_FR","og_type":"article","og_title":"Steve Kerr (Team USA) n&#039;a pas pour projet de faire d&eacute;buter Kevin Durant - The Playoffs FR","og_url":"https:\/\/theplayoffs.news\/fr\/actualite-nba\/steve-kerr-team-usa-na-pas-pour-projet-de-faire-debuter-kevin-durant\/","og_site_name":"The Playoffs FR","article_publisher":"https:\/\/www.facebook.com\/TheFreeAgentFR\/","og_image":[{"width":1920,"height":1405,"url":"https:\/\/theplayoffs.news\/fr\/wp-content\/uploads\/2024\/08\/USATSI_21957371.jpg","type":"image\/jpeg"}],"author":"Elouan Girard","twitter_card":"summary_large_image","twitter_creator":"@TheFreeAgentFR","twitter_site":"@TheFreeAgentFR","twitter_misc":{"\u00c9crit par":"Elouan Girard","Dur\u00e9e de lecture estim\u00e9e":"2 minutes"},"schema":{"@context":"https:\/\/schema.org","@graph":[{"@type":"WebPage","@id":"https:\/\/theplayoffs.news\/fr\/actualite-nba\/steve-kerr-team-usa-na-pas-pour-projet-de-faire-debuter-kevin-durant\/","url":"https:\/\/theplayoffs.news\/fr\/actualite-nba\/steve-kerr-team-usa-na-pas-pour-projet-de-faire-debuter-kevin-durant\/","name":"Steve Kerr (Team USA) n\\'a pas pour projet de faire d\u00e9buter Kevin Durant - The Playoffs FR","isPartOf":{"@id":"https:\/\/theplayoffs.news\/fr\/#website"},"primaryImageOfPage":{"@id":"https:\/\/theplayoffs.news\/fr\/actualite-nba\/steve-kerr-team-usa-na-pas-pour-projet-de-faire-debuter-kevin-durant\/#primaryimage"},"image":{"@id":"https:\/\/theplayoffs.news\/fr\/actualite-nba\/steve-kerr-team-usa-na-pas-pour-projet-de-faire-debuter-kevin-durant\/#primaryimage"},"thumbnailUrl":"https:\/\/theplayoffs.news\/fr\/wp-content\/uploads\/2024\/08\/USATSI_21957371.jpg","datePublished":"2024-08-05T15:35:13+00:00","dateModified":"2024-08-05T15:35:13+00:00","author":{"@id":"https:\/\/theplayoffs.news\/fr\/#\/schema\/person\/6c4db0b49aa9ade4e6a3ddef3b2842a8"},"breadcrumb":{"@id":"https:\/\/theplayoffs.news\/fr\/actualite-nba\/steve-kerr-team-usa-na-pas-pour-projet-de-faire-debuter-kevin-durant\/#breadcrumb"},"inLanguage":"fr-FR","potentialAction":[{"@type":"ReadAction","target":["https:\/\/theplayoffs.news\/fr\/actualite-nba\/steve-kerr-team-usa-na-pas-pour-projet-de-faire-debuter-kevin-durant\/"]}]},{"@type":"ImageObject","inLanguage":"fr-FR","@id":"https:\/\/theplayoffs.news\/fr\/actualite-nba\/steve-kerr-team-usa-na-pas-pour-projet-de-faire-debuter-kevin-durant\/#primaryimage","url":"https:\/\/theplayoffs.news\/fr\/wp-content\/uploads\/2024\/08\/USATSI_21957371.jpg","contentUrl":"https:\/\/theplayoffs.news\/fr\/wp-content\/uploads\/2024\/08\/USATSI_21957371.jpg","width":1920,"height":1405,"caption":"Nov 22, 2023; Phoenix, Arizona, USA; Phoenix Suns forward Kevin Durant (35) with Golden State Warriors head coach Steve Kerr in the first half at Footprint Center. Mandatory Credit: Mark J. Rebilas-USA TODAY Sports"},{"@type":"BreadcrumbList","@id":"https:\/\/theplayoffs.news\/fr\/actualite-nba\/steve-kerr-team-usa-na-pas-pour-projet-de-faire-debuter-kevin-durant\/#breadcrumb","itemListElement":[{"@type":"ListItem","position":1,"name":"Accueil","item":"https:\/\/theplayoffs.news\/fr\/"},{"@type":"ListItem","position":2,"name":"Steve Kerr (Team USA) n&rsquo;a pas pour projet de faire d\u00e9buter Kevin Durant"}]},{"@type":"WebSite","@id":"https:\/\/theplayoffs.news\/fr\/#website","url":"https:\/\/theplayoffs.news\/fr\/","name":"The Playoffs FR","description":"NBA-NFL-NHL-MLB","potentialAction":[{"@type":"SearchAction","target":{"@type":"EntryPoint","urlTemplate":"https:\/\/theplayoffs.news\/fr\/?s={search_term_string}"},"query-input":{"@type":"PropertyValueSpecification","valueRequired":true,"valueName":"search_term_string"}}],"inLanguage":"fr-FR"},{"@type":"Person","@id":"https:\/\/theplayoffs.news\/fr\/#\/schema\/person\/6c4db0b49aa9ade4e6a3ddef3b2842a8","name":"Elouan Girard","image":{"@type":"ImageObject","inLanguage":"fr-FR","@id":"https:\/\/theplayoffs.news\/fr\/#\/schema\/person\/image\/","url":"https:\/\/secure.gravatar.com\/avatar\/230f939104da8456d40e879fa1d9fc19f13fb1470c5c2b6b1cb611f0f579870b?s=96&d=mm&r=g","contentUrl":"https:\/\/secure.gravatar.com\/avatar\/230f939104da8456d40e879fa1d9fc19f13fb1470c5c2b6b1cb611f0f579870b?s=96&d=mm&r=g","caption":"Elouan Girard"},"url":"https:\/\/theplayoffs.news\/fr\/author\/elou-girard59gmail-com\/"}]}},"_links":{"self":[{"href":"https:\/\/theplayoffs.news\/fr\/wp-json\/wp\/v2\/posts\/1449651","targetHints":{"allow":["GET"]}}],"collection":[{"href":"https:\/\/theplayoffs.news\/fr\/wp-json\/wp\/v2\/posts"}],"about":[{"href":"https:\/\/theplayoffs.news\/fr\/wp-json\/wp\/v2\/types\/post"}],"author":[{"embeddable":true,"href":"https:\/\/theplayoffs.news\/fr\/wp-json\/wp\/v2\/users\/180310255"}],"replies":[{"embeddable":true,"href":"https:\/\/theplayoffs.news\/fr\/wp-json\/wp\/v2\/comments?post=1449651"}],"version-history":[{"count":2,"href":"https:\/\/theplayoffs.news\/fr\/wp-json\/wp\/v2\/posts\/1449651\/revisions"}],"predecessor-version":[{"id":1449655,"href":"https:\/\/theplayoffs.news\/fr\/wp-json\/wp\/v2\/posts\/1449651\/revisions\/1449655"}],"wp:featuredmedia":[{"embeddable":true,"href":"https:\/\/theplayoffs.news\/fr\/wp-json\/wp\/v2\/media\/1449652"}],"wp:attachment":[{"href":"https:\/\/theplayoffs.news\/fr\/wp-json\/wp\/v2\/media?parent=1449651"}],"wp:term":[{"taxonomy":"category","embeddable":true,"href":"https:\/\/theplayoffs.news\/fr\/wp-json\/wp\/v2\/categories?post=1449651"},{"taxonomy":"post_tag","embeddable":true,"href":"https:\/\/theplayoffs.news\/fr\/wp-json\/wp\/v2\/tags?post=1449651"},{"taxonomy":"sport","embeddable":true,"href":"https:\/\/theplayoffs.news\/fr\/wp-json\/wp\/v2\/sport?post=1449651"},{"taxonomy":"saison","embeddable":true,"href":"https:\/\/theplayoffs.news\/fr\/wp-json\/wp\/v2\/saison?post=1449651"}],"curies":[{"name":"wp","href":"https:\/\/api.w.org\/{rel}","templated":true}]}}