{"id":1449108,"date":"2024-08-01T16:58:03","date_gmt":"2024-08-01T14:58:03","guid":{"rendered":"https:\/\/theplayoffs.news\/fr\/?p=1449108"},"modified":"2024-08-01T16:58:03","modified_gmt":"2024-08-01T14:58:03","slug":"le-all-star-nba-gordon-hayward-annonce-sa-retraite","status":"publish","type":"post","link":"https:\/\/theplayoffs.news\/fr\/actualite-nba\/le-all-star-nba-gordon-hayward-annonce-sa-retraite\/","title":{"rendered":"Le All-Star NBA, Gordon Hayward, annonce sa retraite."},"content":{"rendered":"<h2 class=\"p1\"><span class=\"s1\">Apr&egrave;s 14 saisons en NBA, Gordon Hayward a d&eacute;cid&eacute; de prendre sa retraite du basket-ball professionnel.<\/span><\/h2><p>&nbsp;<\/p><p class=\"p1\"><span class=\"s1\">Selon <a href=\"https:\/\/x.com\/shamscharania\/status\/1819010107839050099?s=46&amp;t=ZGxLohEAI--IIBna2HD0bA\" class=\"trk-cta-link\" data-cta-trk='{\"ctaType\":\"Link\",\"ctaSubType\":\"main\"}'>Shams Charania<\/a>, le 9&egrave;me choix de la draft de 2010, Gordon Hayward, se retire de la NBA, apr&egrave;s 14 saisons a lutt&eacute; dans cette comp&eacute;tition. Le joueur a partag&eacute; un message d&rsquo;adieu sur X &agrave; tout ceux qui le suivaient.<\/span><\/p><blockquote class=\"twitter-tweet\" data-width=\"500\" data-dnt=\"true\">\n<p lang=\"en\" dir=\"ltr\">Thank you &#128591;&#127995; <a href=\"https:\/\/t.co\/fqbw3WML0n\" class=\"trk-cta-link\" data-cta-trk='{\"ctaType\":\"Link\",\"ctaSubType\":\"main\"}'>pic.twitter.com\/fqbw3WML0n<\/a><\/p>\n<p>&mdash; Gordon Hayward (@gordonhayward) <a href=\"https:\/\/twitter.com\/gordonhayward\/status\/1819010197857198161?ref_src=twsrc%5Etfw\" class=\"trk-cta-link\" data-cta-trk='{\"ctaType\":\"Link\",\"ctaSubType\":\"main\"}'>August 1, 2024<\/a><\/p><\/blockquote><p><script async src=\"https:\/\/platform.twitter.com\/widgets.js\" charset=\"utf-8\"><\/script><\/p><p class=\"p1\"><span class=\"s1\">Le joueur de 31 ans a &eacute;t&eacute; un All-Star pendant la saison 2016-17 avec les Utah Jazz et a sign&eacute; la saison suivante avec les Boston Celtics, o&ugrave; une terrible blessure &agrave; la jambe lors de ses d&eacute;buts l&rsquo;a emp&ecirc;ch&eacute; de jouer cette saison-l&agrave;.<\/span><\/p><p class=\"p1\"><span class=\"s1\">Si tout se passait bien, on aurait pu voir s&rsquo;aligner Gordon Hayward aux c&ocirc;t&eacute;s de Jalen Brown, de <a href=\"https:\/\/theplayoffs.news\/fr\/nba-basketball\/actualite-nba\/jayson-tatum-signe-un-contrat-record-avec-les-celtics\/\" class=\"trk-cta-link\" data-cta-trk='{\"ctaType\":\"Link\",\"ctaSubType\":\"main\"}'>Jayson Tatum<\/a> et des autres Celtics. Une alternative qui aurait pu permettre &agrave; Boston de rivaliser contre les Cleveland Cavaliers de Lebron James. <\/span><\/p><p class=\"p1\"><span class=\"s1\">Apr&egrave;s sa blessure, Hayward s&rsquo;est r&eacute;tabli, mais n&rsquo;a jamais &eacute;t&eacute; tout &agrave; fait le m&ecirc;me, et a &eacute;t&eacute; &eacute;chang&eacute; de Boston au<\/span><span class=\"s2\">x<\/span><span class=\"s1\"> Charlotte Hornets, o&ugrave; il a continu&eacute; &agrave; lutter contre les blessures. Apr&egrave;s avoir &eacute;t&eacute; &eacute;chang&eacute; pour aller &agrave; Oklahoma City au milieu de la saison derni&egrave;re, Gordon Hayward n&rsquo;a jou&eacute; que 26 matchs.<\/span><\/p><p>\n<div id=\"attachment_1449109\" style=\"width: 310px\" class=\"wp-caption alignnone\"><img loading=\"lazy\" decoding=\"async\" aria-describedby=\"caption-attachment-1449109\" class=\"size-medium wp-image-1449109\" src=\"https:\/\/theplayoffs.news\/fr\/wp-content\/uploads\/2024\/08\/USATSI_22915403_168402440_lowres-300x200.jpg\" alt=\"\" width=\"300\" height=\"200\" srcset=\"https:\/\/theplayoffs.news\/fr\/wp-content\/uploads\/2024\/08\/USATSI_22915403_168402440_lowres-300x200.jpg 300w, https:\/\/theplayoffs.news\/fr\/wp-content\/uploads\/2024\/08\/USATSI_22915403_168402440_lowres-1030x687.jpg 1030w, https:\/\/theplayoffs.news\/fr\/wp-content\/uploads\/2024\/08\/USATSI_22915403_168402440_lowres-768x512.jpg 768w, https:\/\/theplayoffs.news\/fr\/wp-content\/uploads\/2024\/08\/USATSI_22915403_168402440_lowres-1320x880.jpg 1320w, https:\/\/theplayoffs.news\/fr\/wp-content\/uploads\/2024\/08\/USATSI_22915403_168402440_lowres.jpg 1920w\" sizes=\"auto, (max-width: 300px) 100vw, 300px\" \/><p id=\"caption-attachment-1449109\" class=\"wp-caption-text\">Credit Photo: John Jones-USA TODAY Sports<\/p><\/div>\n<\/p><p>Sur sa saison All Star, Gordon Hayward tournait &agrave; 39,6% de r&eacute;ussite &agrave; 3 points et 21,9 points par match, rendant l&rsquo;ailier offensivement interessant. La carri&egrave;re de Gordon Hayward sert de preuve pour montrer &agrave; quel point une blessure peut changer le cours d&rsquo;une carri&egrave;re.<\/p><p>&nbsp;<\/p><p>Cr&eacute;dit Photo: Jerome Miron-USA TODAY Sports<\/p>\n","protected":false},"excerpt":{"rendered":"","protected":false},"author":180310252,"featured_media":1449110,"comment_status":"open","ping_status":"closed","sticky":false,"template":"","format":"standard","meta":{"inline_featured_image":false,"kia_subtitle":"","_mux_skip_reasons":[],"proofreadBy":0,"footnotes":""},"categories":[110,10],"tags":[],"sport":[2783],"saison":[6111],"class_list":["post-1449108","post","type-post","status-publish","format-standard","has-post-thumbnail","hentry","category-actualite-nba","category-nba","sport-nba","saison-6111"],"acf":[],"yoast_head":"<!-- This site is optimized with the Yoast SEO plugin v24.2 - https:\/\/yoast.com\/wordpress\/plugins\/seo\/ -->\n<title>Le All-Star NBA, Gordon Hayward, annonce sa retraite. - The Playoffs FR<\/title>\n<meta name=\"robots\" content=\"index, follow, max-snippet:-1, max-image-preview:large, max-video-preview:-1\" \/>\n<link rel=\"canonical\" href=\"https:\/\/theplayoffs.news\/fr\/actualite-nba\/le-all-star-nba-gordon-hayward-annonce-sa-retraite\/\" \/>\n<meta property=\"og:locale\" content=\"fr_FR\" \/>\n<meta property=\"og:type\" content=\"article\" \/>\n<meta property=\"og:title\" content=\"Le All-Star NBA, Gordon Hayward, annonce sa retraite. - The Playoffs FR\" \/>\n<meta property=\"og:url\" content=\"https:\/\/theplayoffs.news\/fr\/actualite-nba\/le-all-star-nba-gordon-hayward-annonce-sa-retraite\/\" \/>\n<meta property=\"og:site_name\" content=\"The Playoffs FR\" \/>\n<meta property=\"article:publisher\" content=\"https:\/\/www.facebook.com\/TheFreeAgentFR\/\" \/>\n<meta property=\"article:modified_time\" content=\"2024-08-01T16:58:03+02:00\" \/>\n<meta property=\"og:image\" content=\"https:\/\/theplayoffs.news\/fr\/wp-content\/uploads\/2024\/08\/USATSI_23266280.jpg\" \/>\n\t<meta property=\"og:image:width\" content=\"1920\" \/>\n\t<meta property=\"og:image:height\" content=\"1280\" \/>\n\t<meta property=\"og:image:type\" content=\"image\/jpeg\" \/>\n<meta name=\"author\" content=\"Hugo Da Silva\" \/>\n<meta name=\"twitter:card\" content=\"summary_large_image\" \/>\n<meta name=\"twitter:creator\" content=\"@TheFreeAgentFR\" \/>\n<meta name=\"twitter:site\" content=\"@TheFreeAgentFR\" \/>\n<meta name=\"twitter:label1\" content=\"\u00c9crit par\" \/>\n\t<meta name=\"twitter:data1\" content=\"Hugo Da Silva\" \/>\n\t<meta name=\"twitter:label2\" content=\"Dur\u00e9e de lecture estim\u00e9e\" \/>\n\t<meta name=\"twitter:data2\" content=\"1 minute\" \/>\n<script type=\"application\/ld+json\" class=\"yoast-schema-graph\">{\"@context\":\"https:\/\/schema.org\",\"@graph\":[{\"@type\":\"WebPage\",\"@id\":\"https:\/\/theplayoffs.news\/fr\/actualite-nba\/le-all-star-nba-gordon-hayward-annonce-sa-retraite\/\",\"url\":\"https:\/\/theplayoffs.news\/fr\/actualite-nba\/le-all-star-nba-gordon-hayward-annonce-sa-retraite\/\",\"name\":\"Le All-Star NBA, Gordon Hayward, annonce sa retraite. - The Playoffs FR\",\"isPartOf\":{\"@id\":\"https:\/\/theplayoffs.news\/fr\/#website\"},\"primaryImageOfPage\":{\"@id\":\"https:\/\/theplayoffs.news\/fr\/actualite-nba\/le-all-star-nba-gordon-hayward-annonce-sa-retraite\/#primaryimage\"},\"image\":{\"@id\":\"https:\/\/theplayoffs.news\/fr\/actualite-nba\/le-all-star-nba-gordon-hayward-annonce-sa-retraite\/#primaryimage\"},\"thumbnailUrl\":\"https:\/\/theplayoffs.news\/fr\/wp-content\/uploads\/2024\/08\/USATSI_23266280.jpg\",\"datePublished\":\"2024-08-01T14:58:03+00:00\",\"dateModified\":\"2024-08-01T14:58:03+00:00\",\"author\":{\"@id\":\"https:\/\/theplayoffs.news\/fr\/#\/schema\/person\/6873025fdeeef5a5a119a678d88f9eb8\"},\"breadcrumb\":{\"@id\":\"https:\/\/theplayoffs.news\/fr\/actualite-nba\/le-all-star-nba-gordon-hayward-annonce-sa-retraite\/#breadcrumb\"},\"inLanguage\":\"fr-FR\",\"potentialAction\":[{\"@type\":\"ReadAction\",\"target\":[\"https:\/\/theplayoffs.news\/fr\/actualite-nba\/le-all-star-nba-gordon-hayward-annonce-sa-retraite\/\"]}]},{\"@type\":\"ImageObject\",\"inLanguage\":\"fr-FR\",\"@id\":\"https:\/\/theplayoffs.news\/fr\/actualite-nba\/le-all-star-nba-gordon-hayward-annonce-sa-retraite\/#primaryimage\",\"url\":\"https:\/\/theplayoffs.news\/fr\/wp-content\/uploads\/2024\/08\/USATSI_23266280.jpg\",\"contentUrl\":\"https:\/\/theplayoffs.news\/fr\/wp-content\/uploads\/2024\/08\/USATSI_23266280.jpg\",\"width\":1920,\"height\":1280,\"caption\":\"May 13, 2024; Dallas, Texas, USA; Oklahoma City Thunder forward Gordon Hayward (33) warms up before the game between the Dallas Mavericks and the Oklahoma City Thunder in game four of the second round for the 2024 NBA playoffs at American Airlines Center. Mandatory Credit: Jerome Miron-USA TODAY Sports\"},{\"@type\":\"BreadcrumbList\",\"@id\":\"https:\/\/theplayoffs.news\/fr\/actualite-nba\/le-all-star-nba-gordon-hayward-annonce-sa-retraite\/#breadcrumb\",\"itemListElement\":[{\"@type\":\"ListItem\",\"position\":1,\"name\":\"Accueil\",\"item\":\"https:\/\/theplayoffs.news\/fr\/\"},{\"@type\":\"ListItem\",\"position\":2,\"name\":\"Le All-Star NBA, Gordon Hayward, annonce sa retraite.\"}]},{\"@type\":\"WebSite\",\"@id\":\"https:\/\/theplayoffs.news\/fr\/#website\",\"url\":\"https:\/\/theplayoffs.news\/fr\/\",\"name\":\"The Playoffs FR\",\"description\":\"NBA-NFL-NHL-MLB\",\"potentialAction\":[{\"@type\":\"SearchAction\",\"target\":{\"@type\":\"EntryPoint\",\"urlTemplate\":\"https:\/\/theplayoffs.news\/fr\/?s={search_term_string}\"},\"query-input\":{\"@type\":\"PropertyValueSpecification\",\"valueRequired\":true,\"valueName\":\"search_term_string\"}}],\"inLanguage\":\"fr-FR\"},{\"@type\":\"Person\",\"@id\":\"https:\/\/theplayoffs.news\/fr\/#\/schema\/person\/6873025fdeeef5a5a119a678d88f9eb8\",\"name\":\"Hugo Da Silva\",\"image\":{\"@type\":\"ImageObject\",\"inLanguage\":\"fr-FR\",\"@id\":\"https:\/\/theplayoffs.news\/fr\/#\/schema\/person\/image\/\",\"url\":\"https:\/\/secure.gravatar.com\/avatar\/42645c167f2d0d025c99c89a9d5af905f285255ee846e7a777caaecca00b1837?s=96&d=mm&r=g\",\"contentUrl\":\"https:\/\/secure.gravatar.com\/avatar\/42645c167f2d0d025c99c89a9d5af905f285255ee846e7a777caaecca00b1837?s=96&d=mm&r=g\",\"caption\":\"Hugo Da Silva\"},\"url\":\"https:\/\/theplayoffs.news\/fr\/author\/hugodasilva0903gmail-com\/\"}]}<\/script>\n<!-- \/ Yoast SEO plugin. -->","yoast_head_json":{"title":"Le All-Star NBA, Gordon Hayward, annonce sa retraite. - The Playoffs FR","robots":{"index":"index","follow":"follow","max-snippet":"max-snippet:-1","max-image-preview":"max-image-preview:large","max-video-preview":"max-video-preview:-1"},"canonical":"https:\/\/theplayoffs.news\/fr\/actualite-nba\/le-all-star-nba-gordon-hayward-annonce-sa-retraite\/","og_locale":"fr_FR","og_type":"article","og_title":"Le All-Star NBA, Gordon Hayward, annonce sa retraite. - The Playoffs FR","og_url":"https:\/\/theplayoffs.news\/fr\/actualite-nba\/le-all-star-nba-gordon-hayward-annonce-sa-retraite\/","og_site_name":"The Playoffs FR","article_publisher":"https:\/\/www.facebook.com\/TheFreeAgentFR\/","og_image":[{"width":1920,"height":1280,"url":"https:\/\/theplayoffs.news\/fr\/wp-content\/uploads\/2024\/08\/USATSI_23266280.jpg","type":"image\/jpeg"}],"author":"Hugo Da Silva","twitter_card":"summary_large_image","twitter_creator":"@TheFreeAgentFR","twitter_site":"@TheFreeAgentFR","twitter_misc":{"\u00c9crit par":"Hugo Da Silva","Dur\u00e9e de lecture estim\u00e9e":"1 minute"},"schema":{"@context":"https:\/\/schema.org","@graph":[{"@type":"WebPage","@id":"https:\/\/theplayoffs.news\/fr\/actualite-nba\/le-all-star-nba-gordon-hayward-annonce-sa-retraite\/","url":"https:\/\/theplayoffs.news\/fr\/actualite-nba\/le-all-star-nba-gordon-hayward-annonce-sa-retraite\/","name":"Le All-Star NBA, Gordon Hayward, annonce sa retraite. - The Playoffs FR","isPartOf":{"@id":"https:\/\/theplayoffs.news\/fr\/#website"},"primaryImageOfPage":{"@id":"https:\/\/theplayoffs.news\/fr\/actualite-nba\/le-all-star-nba-gordon-hayward-annonce-sa-retraite\/#primaryimage"},"image":{"@id":"https:\/\/theplayoffs.news\/fr\/actualite-nba\/le-all-star-nba-gordon-hayward-annonce-sa-retraite\/#primaryimage"},"thumbnailUrl":"https:\/\/theplayoffs.news\/fr\/wp-content\/uploads\/2024\/08\/USATSI_23266280.jpg","datePublished":"2024-08-01T14:58:03+00:00","dateModified":"2024-08-01T14:58:03+00:00","author":{"@id":"https:\/\/theplayoffs.news\/fr\/#\/schema\/person\/6873025fdeeef5a5a119a678d88f9eb8"},"breadcrumb":{"@id":"https:\/\/theplayoffs.news\/fr\/actualite-nba\/le-all-star-nba-gordon-hayward-annonce-sa-retraite\/#breadcrumb"},"inLanguage":"fr-FR","potentialAction":[{"@type":"ReadAction","target":["https:\/\/theplayoffs.news\/fr\/actualite-nba\/le-all-star-nba-gordon-hayward-annonce-sa-retraite\/"]}]},{"@type":"ImageObject","inLanguage":"fr-FR","@id":"https:\/\/theplayoffs.news\/fr\/actualite-nba\/le-all-star-nba-gordon-hayward-annonce-sa-retraite\/#primaryimage","url":"https:\/\/theplayoffs.news\/fr\/wp-content\/uploads\/2024\/08\/USATSI_23266280.jpg","contentUrl":"https:\/\/theplayoffs.news\/fr\/wp-content\/uploads\/2024\/08\/USATSI_23266280.jpg","width":1920,"height":1280,"caption":"May 13, 2024; Dallas, Texas, USA; Oklahoma City Thunder forward Gordon Hayward (33) warms up before the game between the Dallas Mavericks and the Oklahoma City Thunder in game four of the second round for the 2024 NBA playoffs at American Airlines Center. Mandatory Credit: Jerome Miron-USA TODAY Sports"},{"@type":"BreadcrumbList","@id":"https:\/\/theplayoffs.news\/fr\/actualite-nba\/le-all-star-nba-gordon-hayward-annonce-sa-retraite\/#breadcrumb","itemListElement":[{"@type":"ListItem","position":1,"name":"Accueil","item":"https:\/\/theplayoffs.news\/fr\/"},{"@type":"ListItem","position":2,"name":"Le All-Star NBA, Gordon Hayward, annonce sa retraite."}]},{"@type":"WebSite","@id":"https:\/\/theplayoffs.news\/fr\/#website","url":"https:\/\/theplayoffs.news\/fr\/","name":"The Playoffs FR","description":"NBA-NFL-NHL-MLB","potentialAction":[{"@type":"SearchAction","target":{"@type":"EntryPoint","urlTemplate":"https:\/\/theplayoffs.news\/fr\/?s={search_term_string}"},"query-input":{"@type":"PropertyValueSpecification","valueRequired":true,"valueName":"search_term_string"}}],"inLanguage":"fr-FR"},{"@type":"Person","@id":"https:\/\/theplayoffs.news\/fr\/#\/schema\/person\/6873025fdeeef5a5a119a678d88f9eb8","name":"Hugo Da Silva","image":{"@type":"ImageObject","inLanguage":"fr-FR","@id":"https:\/\/theplayoffs.news\/fr\/#\/schema\/person\/image\/","url":"https:\/\/secure.gravatar.com\/avatar\/42645c167f2d0d025c99c89a9d5af905f285255ee846e7a777caaecca00b1837?s=96&d=mm&r=g","contentUrl":"https:\/\/secure.gravatar.com\/avatar\/42645c167f2d0d025c99c89a9d5af905f285255ee846e7a777caaecca00b1837?s=96&d=mm&r=g","caption":"Hugo Da Silva"},"url":"https:\/\/theplayoffs.news\/fr\/author\/hugodasilva0903gmail-com\/"}]}},"_links":{"self":[{"href":"https:\/\/theplayoffs.news\/fr\/wp-json\/wp\/v2\/posts\/1449108","targetHints":{"allow":["GET"]}}],"collection":[{"href":"https:\/\/theplayoffs.news\/fr\/wp-json\/wp\/v2\/posts"}],"about":[{"href":"https:\/\/theplayoffs.news\/fr\/wp-json\/wp\/v2\/types\/post"}],"author":[{"embeddable":true,"href":"https:\/\/theplayoffs.news\/fr\/wp-json\/wp\/v2\/users\/180310252"}],"replies":[{"embeddable":true,"href":"https:\/\/theplayoffs.news\/fr\/wp-json\/wp\/v2\/comments?post=1449108"}],"version-history":[{"count":3,"href":"https:\/\/theplayoffs.news\/fr\/wp-json\/wp\/v2\/posts\/1449108\/revisions"}],"predecessor-version":[{"id":1449114,"href":"https:\/\/theplayoffs.news\/fr\/wp-json\/wp\/v2\/posts\/1449108\/revisions\/1449114"}],"wp:featuredmedia":[{"embeddable":true,"href":"https:\/\/theplayoffs.news\/fr\/wp-json\/wp\/v2\/media\/1449110"}],"wp:attachment":[{"href":"https:\/\/theplayoffs.news\/fr\/wp-json\/wp\/v2\/media?parent=1449108"}],"wp:term":[{"taxonomy":"category","embeddable":true,"href":"https:\/\/theplayoffs.news\/fr\/wp-json\/wp\/v2\/categories?post=1449108"},{"taxonomy":"post_tag","embeddable":true,"href":"https:\/\/theplayoffs.news\/fr\/wp-json\/wp\/v2\/tags?post=1449108"},{"taxonomy":"sport","embeddable":true,"href":"https:\/\/theplayoffs.news\/fr\/wp-json\/wp\/v2\/sport?post=1449108"},{"taxonomy":"saison","embeddable":true,"href":"https:\/\/theplayoffs.news\/fr\/wp-json\/wp\/v2\/saison?post=1449108"}],"curies":[{"name":"wp","href":"https:\/\/api.w.org\/{rel}","templated":true}]}}