{"id":1449002,"date":"2024-08-01T11:25:41","date_gmt":"2024-08-01T09:25:41","guid":{"rendered":"https:\/\/theplayoffs.news\/fr\/?p=1449002"},"modified":"2024-08-01T11:25:41","modified_gmt":"2024-08-01T09:25:41","slug":"jarrett-allen-prolonge-par-les-cavs-pour-au-moins-3-ans","status":"publish","type":"post","link":"https:\/\/theplayoffs.news\/fr\/actualite-nba\/jarrett-allen-prolonge-par-les-cavs-pour-au-moins-3-ans\/","title":{"rendered":"Jarrett Allen prolong\u00e9 par les Cavs pour au moins 3 ans."},"content":{"rendered":"<h2>Le pivot des Cleveland Cavaliers, Jarrett Allen, a sign&eacute; une prolongation de contrat de trois ans pour un montant maximal de 91 millions de dollars avec les Cleveland Cavaliers.<\/h2><p>&nbsp;<\/p><p>Le tout nouveau contrat de Jarrett Allen lui garantira un total de 131 millions de dollars sur les cinq prochaines saisons. La nouvelle a &eacute;t&eacute; annonc&eacute;e mercredi par <a href=\"https:\/\/x.com\/wojespn\/status\/1818737314291478798\" class=\"trk-cta-link\" data-cta-trk='{\"ctaType\":\"Link\",\"ctaSubType\":\"main\"}'>Adrian Wojnarowski<\/a>, apr&egrave;s que son agent, Derrick Powell, l&rsquo;ai annonc&eacute; &agrave; ESPN.<\/p><p>En 2022, Allen a &eacute;t&eacute; s&eacute;lectionn&eacute; pour le All-Star Game, et il a affich&eacute; des moyennes de 16,5 points, 10,5 rebonds et 2,7 passes d&eacute;cisives par match la saison derni&egrave;re. Avant de se blesser lors des du match de playoffs contre le Magic d&rsquo;Orlando, Allen avait une moyenne impressionnante de 17 points, 13,8 rebonds, et un taux de r&eacute;ussite au tir de 68 % sur les quatre premiers matchs du premier tour des playoffs, selon<a href=\"https:\/\/www.espn.com\/nba\/player\/_\/id\/4066328\/jarrett-allen\" class=\"trk-cta-link\" data-cta-trk='{\"ctaType\":\"Link\",\"ctaSubType\":\"main\"}'> ESPN Stats &amp; Information. <\/a><\/p><p>\n<div id=\"attachment_1449003\" style=\"width: 310px\" class=\"wp-caption alignnone\"><img loading=\"lazy\" decoding=\"async\" aria-describedby=\"caption-attachment-1449003\" class=\"size-medium wp-image-1449003\" src=\"https:\/\/theplayoffs.news\/fr\/wp-content\/uploads\/2024\/08\/USATSI_23091638_168402440_lowres-300x200.jpg\" alt=\"\" width=\"300\" height=\"200\" srcset=\"https:\/\/theplayoffs.news\/fr\/wp-content\/uploads\/2024\/08\/USATSI_23091638_168402440_lowres-300x200.jpg 300w, https:\/\/theplayoffs.news\/fr\/wp-content\/uploads\/2024\/08\/USATSI_23091638_168402440_lowres-1030x686.jpg 1030w, https:\/\/theplayoffs.news\/fr\/wp-content\/uploads\/2024\/08\/USATSI_23091638_168402440_lowres-768x512.jpg 768w, https:\/\/theplayoffs.news\/fr\/wp-content\/uploads\/2024\/08\/USATSI_23091638_168402440_lowres-1320x880.jpg 1320w, https:\/\/theplayoffs.news\/fr\/wp-content\/uploads\/2024\/08\/USATSI_23091638_168402440_lowres.jpg 1880w\" sizes=\"auto, (max-width: 300px) 100vw, 300px\" \/><p id=\"caption-attachment-1449003\" class=\"wp-caption-text\">Credit Photo: David Richard-USA TODAY Sports<\/p><\/div>\n<\/p><p>L&rsquo;ancien centre de l&rsquo;universit&eacute; du Texas a &eacute;t&eacute; le 22e choix de la draft NBA 2017 pour les Brooklyn Nets, o&ugrave; il a jou&eacute; les trois premi&egrave;res saisons NBA. Un &eacute;change l&rsquo;incuant l&rsquo;am&egrave;ne &agrave; Cleveland en 2021. Du haut de ses 2,05 m, Jarrett Allen a particip&eacute; &agrave; 81 matchs cons&eacute;cutifs la saison derni&egrave;re jusqu&rsquo;&agrave; ce qu&rsquo;une blessure aux c&ocirc;tes l&rsquo;&eacute;carte des trois derniers matchs contre Orlando et de l&rsquo;int&eacute;gralit&eacute; de la s&eacute;rie des demi-finales de conf&eacute;rence face aux Boston Celtics.<\/p><p>Jarrett Allen a enregistr&eacute; 42 doubles-doubles la saison derni&egrave;re, ce qui repr&eacute;sente un record personnel et le plus grand nombre r&eacute;alis&eacute; par un joueur des Cavaliers depuis <a href=\"https:\/\/theplayoffs.news\/fr\/jeux-olympiques-2024\/lebron-james-est-aux-j-o-pour-la-medaille-dor-et-cest-tout\/\" class=\"trk-cta-link\" data-cta-trk='{\"ctaType\":\"Link\",\"ctaSubType\":\"main\"}'>LeBron James,<\/a> qui en avait r&eacute;alis&eacute; 52 lors de la saison 2017-18, d&rsquo;apr&egrave;s ESPN Stats &amp; Information.<\/p><p>&nbsp;<\/p><p>Credit Photo: David Richard-USA TODAY Sports<\/p>\n","protected":false},"excerpt":{"rendered":"","protected":false},"author":180310252,"featured_media":1449004,"comment_status":"open","ping_status":"closed","sticky":false,"template":"","format":"standard","meta":{"inline_featured_image":false,"kia_subtitle":"","_mux_skip_reasons":[],"proofreadBy":0,"footnotes":""},"categories":[110,10],"tags":[],"sport":[2783],"saison":[6111],"class_list":["post-1449002","post","type-post","status-publish","format-standard","has-post-thumbnail","hentry","category-actualite-nba","category-nba","sport-nba","saison-6111"],"acf":[],"yoast_head":"<!-- This site is optimized with the Yoast SEO plugin v24.2 - https:\/\/yoast.com\/wordpress\/plugins\/seo\/ -->\n<title>Jarrett Allen prolong&eacute; par les Cavs pour au moins 3 ans. - The Playoffs FR<\/title>\n<meta name=\"robots\" content=\"index, follow, max-snippet:-1, max-image-preview:large, max-video-preview:-1\" \/>\n<link rel=\"canonical\" href=\"https:\/\/theplayoffs.news\/fr\/actualite-nba\/jarrett-allen-prolonge-par-les-cavs-pour-au-moins-3-ans\/\" \/>\n<meta property=\"og:locale\" content=\"fr_FR\" \/>\n<meta property=\"og:type\" content=\"article\" \/>\n<meta property=\"og:title\" content=\"Jarrett Allen prolong&eacute; par les Cavs pour au moins 3 ans. - The Playoffs FR\" \/>\n<meta property=\"og:url\" content=\"https:\/\/theplayoffs.news\/fr\/actualite-nba\/jarrett-allen-prolonge-par-les-cavs-pour-au-moins-3-ans\/\" \/>\n<meta property=\"og:site_name\" content=\"The Playoffs FR\" \/>\n<meta property=\"article:publisher\" content=\"https:\/\/www.facebook.com\/TheFreeAgentFR\/\" \/>\n<meta property=\"article:modified_time\" content=\"2024-08-01T11:25:41+02:00\" \/>\n<meta property=\"og:image\" content=\"https:\/\/theplayoffs.news\/fr\/wp-content\/uploads\/2024\/08\/USATSI_23073317.jpg\" \/>\n\t<meta property=\"og:image:width\" content=\"1920\" \/>\n\t<meta property=\"og:image:height\" content=\"1280\" \/>\n\t<meta property=\"og:image:type\" content=\"image\/jpeg\" \/>\n<meta name=\"author\" content=\"Hugo Da Silva\" \/>\n<meta name=\"twitter:card\" content=\"summary_large_image\" \/>\n<meta name=\"twitter:creator\" content=\"@TheFreeAgentFR\" \/>\n<meta name=\"twitter:site\" content=\"@TheFreeAgentFR\" \/>\n<meta name=\"twitter:label1\" content=\"\u00c9crit par\" \/>\n\t<meta name=\"twitter:data1\" content=\"Hugo Da Silva\" \/>\n\t<meta name=\"twitter:label2\" content=\"Dur\u00e9e de lecture estim\u00e9e\" \/>\n\t<meta name=\"twitter:data2\" content=\"1 minute\" \/>\n<script type=\"application\/ld+json\" class=\"yoast-schema-graph\">{\"@context\":\"https:\/\/schema.org\",\"@graph\":[{\"@type\":\"WebPage\",\"@id\":\"https:\/\/theplayoffs.news\/fr\/actualite-nba\/jarrett-allen-prolonge-par-les-cavs-pour-au-moins-3-ans\/\",\"url\":\"https:\/\/theplayoffs.news\/fr\/actualite-nba\/jarrett-allen-prolonge-par-les-cavs-pour-au-moins-3-ans\/\",\"name\":\"Jarrett Allen prolong\u00e9 par les Cavs pour au moins 3 ans. - The Playoffs FR\",\"isPartOf\":{\"@id\":\"https:\/\/theplayoffs.news\/fr\/#website\"},\"primaryImageOfPage\":{\"@id\":\"https:\/\/theplayoffs.news\/fr\/actualite-nba\/jarrett-allen-prolonge-par-les-cavs-pour-au-moins-3-ans\/#primaryimage\"},\"image\":{\"@id\":\"https:\/\/theplayoffs.news\/fr\/actualite-nba\/jarrett-allen-prolonge-par-les-cavs-pour-au-moins-3-ans\/#primaryimage\"},\"thumbnailUrl\":\"https:\/\/theplayoffs.news\/fr\/wp-content\/uploads\/2024\/08\/USATSI_23073317.jpg\",\"datePublished\":\"2024-08-01T09:25:41+00:00\",\"dateModified\":\"2024-08-01T09:25:41+00:00\",\"author\":{\"@id\":\"https:\/\/theplayoffs.news\/fr\/#\/schema\/person\/6873025fdeeef5a5a119a678d88f9eb8\"},\"breadcrumb\":{\"@id\":\"https:\/\/theplayoffs.news\/fr\/actualite-nba\/jarrett-allen-prolonge-par-les-cavs-pour-au-moins-3-ans\/#breadcrumb\"},\"inLanguage\":\"fr-FR\",\"potentialAction\":[{\"@type\":\"ReadAction\",\"target\":[\"https:\/\/theplayoffs.news\/fr\/actualite-nba\/jarrett-allen-prolonge-par-les-cavs-pour-au-moins-3-ans\/\"]}]},{\"@type\":\"ImageObject\",\"inLanguage\":\"fr-FR\",\"@id\":\"https:\/\/theplayoffs.news\/fr\/actualite-nba\/jarrett-allen-prolonge-par-les-cavs-pour-au-moins-3-ans\/#primaryimage\",\"url\":\"https:\/\/theplayoffs.news\/fr\/wp-content\/uploads\/2024\/08\/USATSI_23073317.jpg\",\"contentUrl\":\"https:\/\/theplayoffs.news\/fr\/wp-content\/uploads\/2024\/08\/USATSI_23073317.jpg\",\"width\":1920,\"height\":1280,\"caption\":\"Apr 20, 2024; Cleveland, Ohio, USA; Cleveland Cavaliers center Jarrett Allen (31) defends in the second quarter against the Orlando Magic during game one of the first round for the 2024 NBA playoffs at Rocket Mortgage FieldHouse. Mandatory Credit: David Richard-USA TODAY Sports\"},{\"@type\":\"BreadcrumbList\",\"@id\":\"https:\/\/theplayoffs.news\/fr\/actualite-nba\/jarrett-allen-prolonge-par-les-cavs-pour-au-moins-3-ans\/#breadcrumb\",\"itemListElement\":[{\"@type\":\"ListItem\",\"position\":1,\"name\":\"Accueil\",\"item\":\"https:\/\/theplayoffs.news\/fr\/\"},{\"@type\":\"ListItem\",\"position\":2,\"name\":\"Jarrett Allen prolong\u00e9 par les Cavs pour au moins 3 ans.\"}]},{\"@type\":\"WebSite\",\"@id\":\"https:\/\/theplayoffs.news\/fr\/#website\",\"url\":\"https:\/\/theplayoffs.news\/fr\/\",\"name\":\"The Playoffs FR\",\"description\":\"NBA-NFL-NHL-MLB\",\"potentialAction\":[{\"@type\":\"SearchAction\",\"target\":{\"@type\":\"EntryPoint\",\"urlTemplate\":\"https:\/\/theplayoffs.news\/fr\/?s={search_term_string}\"},\"query-input\":{\"@type\":\"PropertyValueSpecification\",\"valueRequired\":true,\"valueName\":\"search_term_string\"}}],\"inLanguage\":\"fr-FR\"},{\"@type\":\"Person\",\"@id\":\"https:\/\/theplayoffs.news\/fr\/#\/schema\/person\/6873025fdeeef5a5a119a678d88f9eb8\",\"name\":\"Hugo Da Silva\",\"image\":{\"@type\":\"ImageObject\",\"inLanguage\":\"fr-FR\",\"@id\":\"https:\/\/theplayoffs.news\/fr\/#\/schema\/person\/image\/\",\"url\":\"https:\/\/secure.gravatar.com\/avatar\/42645c167f2d0d025c99c89a9d5af905f285255ee846e7a777caaecca00b1837?s=96&d=mm&r=g\",\"contentUrl\":\"https:\/\/secure.gravatar.com\/avatar\/42645c167f2d0d025c99c89a9d5af905f285255ee846e7a777caaecca00b1837?s=96&d=mm&r=g\",\"caption\":\"Hugo Da Silva\"},\"url\":\"https:\/\/theplayoffs.news\/fr\/author\/hugodasilva0903gmail-com\/\"}]}<\/script>\n<!-- \/ Yoast SEO plugin. -->","yoast_head_json":{"title":"Jarrett Allen prolong&eacute; par les Cavs pour au moins 3 ans. - The Playoffs FR","robots":{"index":"index","follow":"follow","max-snippet":"max-snippet:-1","max-image-preview":"max-image-preview:large","max-video-preview":"max-video-preview:-1"},"canonical":"https:\/\/theplayoffs.news\/fr\/actualite-nba\/jarrett-allen-prolonge-par-les-cavs-pour-au-moins-3-ans\/","og_locale":"fr_FR","og_type":"article","og_title":"Jarrett Allen prolong&eacute; par les Cavs pour au moins 3 ans. - The Playoffs FR","og_url":"https:\/\/theplayoffs.news\/fr\/actualite-nba\/jarrett-allen-prolonge-par-les-cavs-pour-au-moins-3-ans\/","og_site_name":"The Playoffs FR","article_publisher":"https:\/\/www.facebook.com\/TheFreeAgentFR\/","og_image":[{"width":1920,"height":1280,"url":"https:\/\/theplayoffs.news\/fr\/wp-content\/uploads\/2024\/08\/USATSI_23073317.jpg","type":"image\/jpeg"}],"author":"Hugo Da Silva","twitter_card":"summary_large_image","twitter_creator":"@TheFreeAgentFR","twitter_site":"@TheFreeAgentFR","twitter_misc":{"\u00c9crit par":"Hugo Da Silva","Dur\u00e9e de lecture estim\u00e9e":"1 minute"},"schema":{"@context":"https:\/\/schema.org","@graph":[{"@type":"WebPage","@id":"https:\/\/theplayoffs.news\/fr\/actualite-nba\/jarrett-allen-prolonge-par-les-cavs-pour-au-moins-3-ans\/","url":"https:\/\/theplayoffs.news\/fr\/actualite-nba\/jarrett-allen-prolonge-par-les-cavs-pour-au-moins-3-ans\/","name":"Jarrett Allen prolong\u00e9 par les Cavs pour au moins 3 ans. - The Playoffs FR","isPartOf":{"@id":"https:\/\/theplayoffs.news\/fr\/#website"},"primaryImageOfPage":{"@id":"https:\/\/theplayoffs.news\/fr\/actualite-nba\/jarrett-allen-prolonge-par-les-cavs-pour-au-moins-3-ans\/#primaryimage"},"image":{"@id":"https:\/\/theplayoffs.news\/fr\/actualite-nba\/jarrett-allen-prolonge-par-les-cavs-pour-au-moins-3-ans\/#primaryimage"},"thumbnailUrl":"https:\/\/theplayoffs.news\/fr\/wp-content\/uploads\/2024\/08\/USATSI_23073317.jpg","datePublished":"2024-08-01T09:25:41+00:00","dateModified":"2024-08-01T09:25:41+00:00","author":{"@id":"https:\/\/theplayoffs.news\/fr\/#\/schema\/person\/6873025fdeeef5a5a119a678d88f9eb8"},"breadcrumb":{"@id":"https:\/\/theplayoffs.news\/fr\/actualite-nba\/jarrett-allen-prolonge-par-les-cavs-pour-au-moins-3-ans\/#breadcrumb"},"inLanguage":"fr-FR","potentialAction":[{"@type":"ReadAction","target":["https:\/\/theplayoffs.news\/fr\/actualite-nba\/jarrett-allen-prolonge-par-les-cavs-pour-au-moins-3-ans\/"]}]},{"@type":"ImageObject","inLanguage":"fr-FR","@id":"https:\/\/theplayoffs.news\/fr\/actualite-nba\/jarrett-allen-prolonge-par-les-cavs-pour-au-moins-3-ans\/#primaryimage","url":"https:\/\/theplayoffs.news\/fr\/wp-content\/uploads\/2024\/08\/USATSI_23073317.jpg","contentUrl":"https:\/\/theplayoffs.news\/fr\/wp-content\/uploads\/2024\/08\/USATSI_23073317.jpg","width":1920,"height":1280,"caption":"Apr 20, 2024; Cleveland, Ohio, USA; Cleveland Cavaliers center Jarrett Allen (31) defends in the second quarter against the Orlando Magic during game one of the first round for the 2024 NBA playoffs at Rocket Mortgage FieldHouse. Mandatory Credit: David Richard-USA TODAY Sports"},{"@type":"BreadcrumbList","@id":"https:\/\/theplayoffs.news\/fr\/actualite-nba\/jarrett-allen-prolonge-par-les-cavs-pour-au-moins-3-ans\/#breadcrumb","itemListElement":[{"@type":"ListItem","position":1,"name":"Accueil","item":"https:\/\/theplayoffs.news\/fr\/"},{"@type":"ListItem","position":2,"name":"Jarrett Allen prolong\u00e9 par les Cavs pour au moins 3 ans."}]},{"@type":"WebSite","@id":"https:\/\/theplayoffs.news\/fr\/#website","url":"https:\/\/theplayoffs.news\/fr\/","name":"The Playoffs FR","description":"NBA-NFL-NHL-MLB","potentialAction":[{"@type":"SearchAction","target":{"@type":"EntryPoint","urlTemplate":"https:\/\/theplayoffs.news\/fr\/?s={search_term_string}"},"query-input":{"@type":"PropertyValueSpecification","valueRequired":true,"valueName":"search_term_string"}}],"inLanguage":"fr-FR"},{"@type":"Person","@id":"https:\/\/theplayoffs.news\/fr\/#\/schema\/person\/6873025fdeeef5a5a119a678d88f9eb8","name":"Hugo Da Silva","image":{"@type":"ImageObject","inLanguage":"fr-FR","@id":"https:\/\/theplayoffs.news\/fr\/#\/schema\/person\/image\/","url":"https:\/\/secure.gravatar.com\/avatar\/42645c167f2d0d025c99c89a9d5af905f285255ee846e7a777caaecca00b1837?s=96&d=mm&r=g","contentUrl":"https:\/\/secure.gravatar.com\/avatar\/42645c167f2d0d025c99c89a9d5af905f285255ee846e7a777caaecca00b1837?s=96&d=mm&r=g","caption":"Hugo Da Silva"},"url":"https:\/\/theplayoffs.news\/fr\/author\/hugodasilva0903gmail-com\/"}]}},"_links":{"self":[{"href":"https:\/\/theplayoffs.news\/fr\/wp-json\/wp\/v2\/posts\/1449002","targetHints":{"allow":["GET"]}}],"collection":[{"href":"https:\/\/theplayoffs.news\/fr\/wp-json\/wp\/v2\/posts"}],"about":[{"href":"https:\/\/theplayoffs.news\/fr\/wp-json\/wp\/v2\/types\/post"}],"author":[{"embeddable":true,"href":"https:\/\/theplayoffs.news\/fr\/wp-json\/wp\/v2\/users\/180310252"}],"replies":[{"embeddable":true,"href":"https:\/\/theplayoffs.news\/fr\/wp-json\/wp\/v2\/comments?post=1449002"}],"version-history":[{"count":2,"href":"https:\/\/theplayoffs.news\/fr\/wp-json\/wp\/v2\/posts\/1449002\/revisions"}],"predecessor-version":[{"id":1449006,"href":"https:\/\/theplayoffs.news\/fr\/wp-json\/wp\/v2\/posts\/1449002\/revisions\/1449006"}],"wp:featuredmedia":[{"embeddable":true,"href":"https:\/\/theplayoffs.news\/fr\/wp-json\/wp\/v2\/media\/1449004"}],"wp:attachment":[{"href":"https:\/\/theplayoffs.news\/fr\/wp-json\/wp\/v2\/media?parent=1449002"}],"wp:term":[{"taxonomy":"category","embeddable":true,"href":"https:\/\/theplayoffs.news\/fr\/wp-json\/wp\/v2\/categories?post=1449002"},{"taxonomy":"post_tag","embeddable":true,"href":"https:\/\/theplayoffs.news\/fr\/wp-json\/wp\/v2\/tags?post=1449002"},{"taxonomy":"sport","embeddable":true,"href":"https:\/\/theplayoffs.news\/fr\/wp-json\/wp\/v2\/sport?post=1449002"},{"taxonomy":"saison","embeddable":true,"href":"https:\/\/theplayoffs.news\/fr\/wp-json\/wp\/v2\/saison?post=1449002"}],"curies":[{"name":"wp","href":"https:\/\/api.w.org\/{rel}","templated":true}]}}