{"id":1448980,"date":"2024-08-01T10:08:46","date_gmt":"2024-08-01T08:08:46","guid":{"rendered":"https:\/\/theplayoffs.news\/fr\/?p=1448980"},"modified":"2024-08-01T09:48:24","modified_gmt":"2024-08-01T07:48:24","slug":"gm-yankees-trade-manque-flaherty","status":"publish","type":"post","link":"https:\/\/theplayoffs.news\/fr\/actualite-mlb\/gm-yankees-trade-manque-flaherty\/","title":{"rendered":"Le GM des Yankees r\u00e9pond au trade manqu\u00e9 de Flaherty"},"content":{"rendered":"<h2 class=\"p1\">Le directeur g&eacute;n&eacute;ral des Yankees de New York, Brian Cashman, a r&eacute;pondu aux r&eacute;centes rumeurs entourant un &eacute;change potentiel pour le lanceur Jack Flaherty.<\/h2><p class=\"p1\">Il affirme que l&rsquo;accord a &eacute;chou&eacute; non pas en raison de probl&egrave;mes m&eacute;dicaux, mais &agrave; cause d&rsquo;un manque d&rsquo;accord avec les Tigers de Detroit. Cette r&eacute;ponse est intervenue apr&egrave;s des rapports r&eacute;pandus sugg&eacute;rant que les Yankees se sont retir&eacute;s d&rsquo;un &eacute;change pour Flaherty en raison de pr&eacute;occupations concernant sa sant&eacute;, en particulier concernant les probl&egrave;mes de dos qui l&rsquo;ont troubl&eacute; cette saison.<\/p><p class=\"p1\">Cashman a &eacute;t&eacute; clair dans ses remarques, affirmant que les Yankees n&rsquo;avaient aucune objection m&eacute;dicale &agrave; l&rsquo;acquisition de Flaherty.<\/p><blockquote>\n<p class=\"p1\">&ldquo;Je pense que Jack Flaherty est un lanceur exceptionnel,&rdquo; a d&eacute;clar&eacute; Cashman,<a href=\"https:\/\/www.mlb.com\/news\/brian-cashman-says-yankees-tigers-didn-t-match-up-on-jack-flaherty\" class=\"trk-cta-link\" data-cta-trk='{\"ctaType\":\"Link\",\"ctaSubType\":\"main\"}'> via Bryan Hoch de MLB.com<\/a>. &ldquo;J&rsquo;ai eu des difficult&eacute;s &agrave; m&rsquo;entendre avec les Tigers pour Jack Flaherty. J&rsquo;aurais certainement aim&eacute; l&rsquo;avoir comme option pour nous, ainsi que toute autre personne qui pourrait potentiellement am&eacute;liorer notre rotation.&rdquo;<\/p>\n<p class=\"p1\">&ldquo;Malheureusement, il y a beaucoup de rapports diff&eacute;rents qui circulent. &Agrave; la fin de la journ&eacute;e, j&rsquo;aurais fait venir Jack Flaherty si j&rsquo;avais pu m&rsquo;entendre. J&rsquo;ai eu des difficult&eacute;s &agrave; m&rsquo;entendre, et c&rsquo;est la raison pour laquelle je ne l&rsquo;ai pas. Aussi simple que cela.&rdquo;<\/p>\n<\/blockquote><p class=\"p1\">Cependant, les rapports sur les pr&eacute;occupations m&eacute;dicales des Yankees ont jet&eacute; une ombre sur les d&eacute;clarations de Cashman, amenant beaucoup &agrave; croire que ses commentaires sont une tentative de g&eacute;rer la situation. Les n&eacute;gociations commerciales qui &eacute;chouent en raison de pr&eacute;occupations de sant&eacute; peuvent &ecirc;tre pr&eacute;judiciables, surtout si Flaherty continue &agrave; bien performer avec sa nouvelle &eacute;quipe, les <a href=\"https:\/\/theplayoffs.news\/fr\/mlb\/les-dodgers-se-renforcent-avec-flaherty-et-kiermaier\/\" class=\"trk-cta-link\" data-cta-trk='{\"ctaType\":\"Link\",\"ctaSubType\":\"main\"}'>Dodgers de Los Angeles<\/a>, qui ont r&eacute;ussi &agrave; le recruter.<\/p><p class=\"p1\">Malgr&eacute; ses probl&egrave;mes de dos plus t&ocirc;t cette saison, Flaherty a &eacute;t&eacute; un lanceur fiable, affichant une impressionnante moyenne de points m&eacute;rit&eacute;s de 2,95 et un WHIP de 0,96 sur 18 d&eacute;parts et 106,2 manches lanc&eacute;es.<\/p><p class=\"p1\">Ces statistiques soulignent pourquoi Cashman et les Yankees auraient pu s&rsquo;int&eacute;resser au lanceur malgr&eacute; les rumeurs circulantes.<\/p><p>&nbsp;<\/p><p>Credit: Kim Klement Neitzel-USA TODAY Sports<\/p>\n","protected":false},"excerpt":{"rendered":"","protected":false},"author":13,"featured_media":1448981,"comment_status":"open","ping_status":"closed","sticky":false,"template":"","format":"standard","meta":{"inline_featured_image":false,"kia_subtitle":"","_mux_skip_reasons":[],"proofreadBy":0,"footnotes":""},"categories":[188,9],"tags":[2744,6313,717],"sport":[],"saison":[],"class_list":["post-1448980","post","type-post","status-publish","format-standard","has-post-thumbnail","hentry","category-actualite-mlb","category-mlb","tag-brian-cashman","tag-jack-flaherty","tag-new-york-yankees"],"acf":[],"yoast_head":"<!-- This site is optimized with the Yoast SEO plugin v24.2 - https:\/\/yoast.com\/wordpress\/plugins\/seo\/ -->\n<title>Le GM des Yankees r&eacute;pond au trade manqu&eacute; de Flaherty - The Playoffs FR<\/title>\n<meta name=\"robots\" content=\"index, follow, max-snippet:-1, max-image-preview:large, max-video-preview:-1\" \/>\n<link rel=\"canonical\" href=\"https:\/\/theplayoffs.news\/fr\/actualite-mlb\/gm-yankees-trade-manque-flaherty\/\" \/>\n<meta property=\"og:locale\" content=\"fr_FR\" \/>\n<meta property=\"og:type\" content=\"article\" \/>\n<meta property=\"og:title\" content=\"Le GM des Yankees r&eacute;pond au trade manqu&eacute; de Flaherty - The Playoffs FR\" \/>\n<meta property=\"og:url\" content=\"https:\/\/theplayoffs.news\/fr\/actualite-mlb\/gm-yankees-trade-manque-flaherty\/\" \/>\n<meta property=\"og:site_name\" content=\"The Playoffs FR\" \/>\n<meta property=\"article:publisher\" content=\"https:\/\/www.facebook.com\/TheFreeAgentFR\/\" \/>\n<meta property=\"article:modified_time\" content=\"2024-08-01T10:08:46+02:00\" \/>\n<meta property=\"og:image\" content=\"https:\/\/theplayoffs.news\/fr\/wp-content\/uploads\/2024\/08\/USATSI_22530612.jpg\" \/>\n\t<meta property=\"og:image:width\" content=\"1920\" \/>\n\t<meta property=\"og:image:height\" content=\"1280\" \/>\n\t<meta property=\"og:image:type\" content=\"image\/jpeg\" \/>\n<meta name=\"author\" content=\"Charles Taudin\" \/>\n<meta name=\"twitter:card\" content=\"summary_large_image\" \/>\n<meta name=\"twitter:creator\" content=\"@TheFreeAgentFR\" \/>\n<meta name=\"twitter:site\" content=\"@TheFreeAgentFR\" \/>\n<meta name=\"twitter:label1\" content=\"\u00c9crit par\" \/>\n\t<meta name=\"twitter:data1\" content=\"Charles Taudin\" \/>\n\t<meta name=\"twitter:label2\" content=\"Dur\u00e9e de lecture estim\u00e9e\" \/>\n\t<meta name=\"twitter:data2\" content=\"2 minutes\" \/>\n<script type=\"application\/ld+json\" class=\"yoast-schema-graph\">{\"@context\":\"https:\/\/schema.org\",\"@graph\":[{\"@type\":\"WebPage\",\"@id\":\"https:\/\/theplayoffs.news\/fr\/actualite-mlb\/gm-yankees-trade-manque-flaherty\/\",\"url\":\"https:\/\/theplayoffs.news\/fr\/actualite-mlb\/gm-yankees-trade-manque-flaherty\/\",\"name\":\"Le GM des Yankees r\u00e9pond au trade manqu\u00e9 de Flaherty - The Playoffs FR\",\"isPartOf\":{\"@id\":\"https:\/\/theplayoffs.news\/fr\/#website\"},\"primaryImageOfPage\":{\"@id\":\"https:\/\/theplayoffs.news\/fr\/actualite-mlb\/gm-yankees-trade-manque-flaherty\/#primaryimage\"},\"image\":{\"@id\":\"https:\/\/theplayoffs.news\/fr\/actualite-mlb\/gm-yankees-trade-manque-flaherty\/#primaryimage\"},\"thumbnailUrl\":\"https:\/\/theplayoffs.news\/fr\/wp-content\/uploads\/2024\/08\/USATSI_22530612.jpg\",\"datePublished\":\"2024-08-01T08:08:46+00:00\",\"dateModified\":\"2024-08-01T10:08:46+02:00\",\"author\":{\"@id\":\"https:\/\/theplayoffs.news\/fr\/#\/schema\/person\/eee5b69ad5d3c51cabe881c839dbe133\"},\"breadcrumb\":{\"@id\":\"https:\/\/theplayoffs.news\/fr\/actualite-mlb\/gm-yankees-trade-manque-flaherty\/#breadcrumb\"},\"inLanguage\":\"fr-FR\",\"potentialAction\":[{\"@type\":\"ReadAction\",\"target\":[\"https:\/\/theplayoffs.news\/fr\/actualite-mlb\/gm-yankees-trade-manque-flaherty\/\"]}]},{\"@type\":\"ImageObject\",\"inLanguage\":\"fr-FR\",\"@id\":\"https:\/\/theplayoffs.news\/fr\/actualite-mlb\/gm-yankees-trade-manque-flaherty\/#primaryimage\",\"url\":\"https:\/\/theplayoffs.news\/fr\/wp-content\/uploads\/2024\/08\/USATSI_22530612.jpg\",\"contentUrl\":\"https:\/\/theplayoffs.news\/fr\/wp-content\/uploads\/2024\/08\/USATSI_22530612.jpg\",\"width\":1920,\"height\":1280,\"caption\":\"Feb 15, 2024; Tampa, FL, USA; New York Yankees general manager Brian Cashman talks with media at George M. Steinbrenner Field. Mandatory Credit: Kim Klement Neitzel-USA TODAY Sports\"},{\"@type\":\"BreadcrumbList\",\"@id\":\"https:\/\/theplayoffs.news\/fr\/actualite-mlb\/gm-yankees-trade-manque-flaherty\/#breadcrumb\",\"itemListElement\":[{\"@type\":\"ListItem\",\"position\":1,\"name\":\"Accueil\",\"item\":\"https:\/\/theplayoffs.news\/fr\/\"},{\"@type\":\"ListItem\",\"position\":2,\"name\":\"Le GM des Yankees r\u00e9pond au trade manqu\u00e9 de Flaherty\"}]},{\"@type\":\"WebSite\",\"@id\":\"https:\/\/theplayoffs.news\/fr\/#website\",\"url\":\"https:\/\/theplayoffs.news\/fr\/\",\"name\":\"The Playoffs FR\",\"description\":\"NBA-NFL-NHL-MLB\",\"potentialAction\":[{\"@type\":\"SearchAction\",\"target\":{\"@type\":\"EntryPoint\",\"urlTemplate\":\"https:\/\/theplayoffs.news\/fr\/?s={search_term_string}\"},\"query-input\":{\"@type\":\"PropertyValueSpecification\",\"valueRequired\":true,\"valueName\":\"search_term_string\"}}],\"inLanguage\":\"fr-FR\"},{\"@type\":\"Person\",\"@id\":\"https:\/\/theplayoffs.news\/fr\/#\/schema\/person\/eee5b69ad5d3c51cabe881c839dbe133\",\"name\":\"Charles Taudin\",\"image\":{\"@type\":\"ImageObject\",\"inLanguage\":\"fr-FR\",\"@id\":\"https:\/\/theplayoffs.news\/fr\/#\/schema\/person\/image\/\",\"url\":\"https:\/\/secure.gravatar.com\/avatar\/59a1e772205ce9fd255edfcafc93013736822e20261f294c5753b20c41ede9f2?s=96&d=mm&r=g\",\"contentUrl\":\"https:\/\/secure.gravatar.com\/avatar\/59a1e772205ce9fd255edfcafc93013736822e20261f294c5753b20c41ede9f2?s=96&d=mm&r=g\",\"caption\":\"Charles Taudin\"},\"description\":\"R\u00e9dacteur en chef global de The Playoffs, j\u2019ai cr\u00e9\u00e9 The Free Agent, devenu The Playoffs FR, en 2020 durant la pand\u00e9mie. Amoureux depuis des ann\u00e9es des 4 sports majeurs am\u00e9ricains, j\u2019organise maintenant la strat\u00e9gie \u00e9ditoriale et les r\u00e9seaux sociaux de l\u2019ensemble des versions de The Playoffs. Il m\u2019arrive encore d\u2019\u00e9crire sur certains sports que j\u2019affectionne particuli\u00e8rement comme la NFL ou la MLB. Si vous devez retenir qu\u2019une chose : Eli Manning est le vrai GOAT pour avoir battu deux fois Tom Brady.\",\"sameAs\":[\"https:\/\/www.instagram.com\/ctaudin_\/\"],\"url\":\"https:\/\/theplayoffs.news\/fr\/author\/charles-taudin\/\"}]}<\/script>\n<!-- \/ Yoast SEO plugin. -->","yoast_head_json":{"title":"Le GM des Yankees r&eacute;pond au trade manqu&eacute; de Flaherty - The Playoffs FR","robots":{"index":"index","follow":"follow","max-snippet":"max-snippet:-1","max-image-preview":"max-image-preview:large","max-video-preview":"max-video-preview:-1"},"canonical":"https:\/\/theplayoffs.news\/fr\/actualite-mlb\/gm-yankees-trade-manque-flaherty\/","og_locale":"fr_FR","og_type":"article","og_title":"Le GM des Yankees r&eacute;pond au trade manqu&eacute; de Flaherty - The Playoffs FR","og_url":"https:\/\/theplayoffs.news\/fr\/actualite-mlb\/gm-yankees-trade-manque-flaherty\/","og_site_name":"The Playoffs FR","article_publisher":"https:\/\/www.facebook.com\/TheFreeAgentFR\/","article_modified_time":"2024-08-01T07:48:24+00:00","og_image":[{"width":1920,"height":1280,"url":"https:\/\/theplayoffs.news\/fr\/wp-content\/uploads\/2024\/08\/USATSI_22530612.jpg","type":"image\/jpeg"}],"author":"Charles Taudin","twitter_card":"summary_large_image","twitter_creator":"@TheFreeAgentFR","twitter_site":"@TheFreeAgentFR","twitter_misc":{"\u00c9crit par":"Charles Taudin","Dur\u00e9e de lecture estim\u00e9e":"2 minutes"},"schema":{"@context":"https:\/\/schema.org","@graph":[{"@type":"WebPage","@id":"https:\/\/theplayoffs.news\/fr\/actualite-mlb\/gm-yankees-trade-manque-flaherty\/","url":"https:\/\/theplayoffs.news\/fr\/actualite-mlb\/gm-yankees-trade-manque-flaherty\/","name":"Le GM des Yankees r\u00e9pond au trade manqu\u00e9 de Flaherty - The Playoffs FR","isPartOf":{"@id":"https:\/\/theplayoffs.news\/fr\/#website"},"primaryImageOfPage":{"@id":"https:\/\/theplayoffs.news\/fr\/actualite-mlb\/gm-yankees-trade-manque-flaherty\/#primaryimage"},"image":{"@id":"https:\/\/theplayoffs.news\/fr\/actualite-mlb\/gm-yankees-trade-manque-flaherty\/#primaryimage"},"thumbnailUrl":"https:\/\/theplayoffs.news\/fr\/wp-content\/uploads\/2024\/08\/USATSI_22530612.jpg","datePublished":"2024-08-01T08:08:46+00:00","dateModified":"2024-08-01T10:08:46+02:00","author":{"@id":"https:\/\/theplayoffs.news\/fr\/#\/schema\/person\/eee5b69ad5d3c51cabe881c839dbe133"},"breadcrumb":{"@id":"https:\/\/theplayoffs.news\/fr\/actualite-mlb\/gm-yankees-trade-manque-flaherty\/#breadcrumb"},"inLanguage":"fr-FR","potentialAction":[{"@type":"ReadAction","target":["https:\/\/theplayoffs.news\/fr\/actualite-mlb\/gm-yankees-trade-manque-flaherty\/"]}]},{"@type":"ImageObject","inLanguage":"fr-FR","@id":"https:\/\/theplayoffs.news\/fr\/actualite-mlb\/gm-yankees-trade-manque-flaherty\/#primaryimage","url":"https:\/\/theplayoffs.news\/fr\/wp-content\/uploads\/2024\/08\/USATSI_22530612.jpg","contentUrl":"https:\/\/theplayoffs.news\/fr\/wp-content\/uploads\/2024\/08\/USATSI_22530612.jpg","width":1920,"height":1280,"caption":"Feb 15, 2024; Tampa, FL, USA; New York Yankees general manager Brian Cashman talks with media at George M. Steinbrenner Field. Mandatory Credit: Kim Klement Neitzel-USA TODAY Sports"},{"@type":"BreadcrumbList","@id":"https:\/\/theplayoffs.news\/fr\/actualite-mlb\/gm-yankees-trade-manque-flaherty\/#breadcrumb","itemListElement":[{"@type":"ListItem","position":1,"name":"Accueil","item":"https:\/\/theplayoffs.news\/fr\/"},{"@type":"ListItem","position":2,"name":"Le GM des Yankees r\u00e9pond au trade manqu\u00e9 de Flaherty"}]},{"@type":"WebSite","@id":"https:\/\/theplayoffs.news\/fr\/#website","url":"https:\/\/theplayoffs.news\/fr\/","name":"The Playoffs FR","description":"NBA-NFL-NHL-MLB","potentialAction":[{"@type":"SearchAction","target":{"@type":"EntryPoint","urlTemplate":"https:\/\/theplayoffs.news\/fr\/?s={search_term_string}"},"query-input":{"@type":"PropertyValueSpecification","valueRequired":true,"valueName":"search_term_string"}}],"inLanguage":"fr-FR"},{"@type":"Person","@id":"https:\/\/theplayoffs.news\/fr\/#\/schema\/person\/eee5b69ad5d3c51cabe881c839dbe133","name":"Charles Taudin","image":{"@type":"ImageObject","inLanguage":"fr-FR","@id":"https:\/\/theplayoffs.news\/fr\/#\/schema\/person\/image\/","url":"https:\/\/secure.gravatar.com\/avatar\/59a1e772205ce9fd255edfcafc93013736822e20261f294c5753b20c41ede9f2?s=96&d=mm&r=g","contentUrl":"https:\/\/secure.gravatar.com\/avatar\/59a1e772205ce9fd255edfcafc93013736822e20261f294c5753b20c41ede9f2?s=96&d=mm&r=g","caption":"Charles Taudin"},"description":"R\u00e9dacteur en chef global de The Playoffs, j\u2019ai cr\u00e9\u00e9 The Free Agent, devenu The Playoffs FR, en 2020 durant la pand\u00e9mie. Amoureux depuis des ann\u00e9es des 4 sports majeurs am\u00e9ricains, j\u2019organise maintenant la strat\u00e9gie \u00e9ditoriale et les r\u00e9seaux sociaux de l\u2019ensemble des versions de The Playoffs. Il m\u2019arrive encore d\u2019\u00e9crire sur certains sports que j\u2019affectionne particuli\u00e8rement comme la NFL ou la MLB. Si vous devez retenir qu\u2019une chose : Eli Manning est le vrai GOAT pour avoir battu deux fois Tom Brady.","sameAs":["https:\/\/www.instagram.com\/ctaudin_\/"],"url":"https:\/\/theplayoffs.news\/fr\/author\/charles-taudin\/"}]}},"_links":{"self":[{"href":"https:\/\/theplayoffs.news\/fr\/wp-json\/wp\/v2\/posts\/1448980","targetHints":{"allow":["GET"]}}],"collection":[{"href":"https:\/\/theplayoffs.news\/fr\/wp-json\/wp\/v2\/posts"}],"about":[{"href":"https:\/\/theplayoffs.news\/fr\/wp-json\/wp\/v2\/types\/post"}],"author":[{"embeddable":true,"href":"https:\/\/theplayoffs.news\/fr\/wp-json\/wp\/v2\/users\/13"}],"replies":[{"embeddable":true,"href":"https:\/\/theplayoffs.news\/fr\/wp-json\/wp\/v2\/comments?post=1448980"}],"version-history":[{"count":3,"href":"https:\/\/theplayoffs.news\/fr\/wp-json\/wp\/v2\/posts\/1448980\/revisions"}],"predecessor-version":[{"id":1448984,"href":"https:\/\/theplayoffs.news\/fr\/wp-json\/wp\/v2\/posts\/1448980\/revisions\/1448984"}],"wp:featuredmedia":[{"embeddable":true,"href":"https:\/\/theplayoffs.news\/fr\/wp-json\/wp\/v2\/media\/1448981"}],"wp:attachment":[{"href":"https:\/\/theplayoffs.news\/fr\/wp-json\/wp\/v2\/media?parent=1448980"}],"wp:term":[{"taxonomy":"category","embeddable":true,"href":"https:\/\/theplayoffs.news\/fr\/wp-json\/wp\/v2\/categories?post=1448980"},{"taxonomy":"post_tag","embeddable":true,"href":"https:\/\/theplayoffs.news\/fr\/wp-json\/wp\/v2\/tags?post=1448980"},{"taxonomy":"sport","embeddable":true,"href":"https:\/\/theplayoffs.news\/fr\/wp-json\/wp\/v2\/sport?post=1448980"},{"taxonomy":"saison","embeddable":true,"href":"https:\/\/theplayoffs.news\/fr\/wp-json\/wp\/v2\/saison?post=1448980"}],"curies":[{"name":"wp","href":"https:\/\/api.w.org\/{rel}","templated":true}]}}