{"id":1448233,"date":"2024-07-30T15:45:57","date_gmt":"2024-07-30T13:45:57","guid":{"rendered":"https:\/\/theplayoffs.news\/fr\/?p=1448233"},"modified":"2024-07-30T15:45:57","modified_gmt":"2024-07-30T13:45:57","slug":"lions-dan-campbell-content-de-sa-defense","status":"publish","type":"post","link":"https:\/\/theplayoffs.news\/fr\/actualite-nfl\/lions-dan-campbell-content-de-sa-defense\/","title":{"rendered":"Lions : Dan Campbell content de sa d\u00e9fense"},"content":{"rendered":"<h2>Les Lions se sont renforc&eacute;s d&eacute;fensivement pendant l&rsquo;intersaison, de quoi ravir Dan Campbell.<\/h2><p>&Eacute;quipe surprenante l&rsquo;ann&eacute;e pass&eacute;e, les Lions de D&eacute;troit sont d&eacute;termin&eacute;s &agrave; r&eacute;it&eacute;rer leurs performances de la saison derni&egrave;re cette saison. Mais D&eacute;troit a &eacute;t&eacute; la deuxi&egrave;me &eacute;quipe qui conc&eacute;dait le plus de yards &agrave; la passe en 2023.<\/p><p>Pour corriger cela, ils ont effectu&eacute; de gros mouvements en d&eacute;fense et notamment au poste de defensive back o&ugrave; la franchise a beaucoup recrut&eacute;. Une situation qui pla&icirc;t &agrave; <a href=\"https:\/\/theplayoffs.news\/fr\/nfl\/lions-dan-campbell-se-montre-conquerant\/\" class=\"trk-cta-link\" data-cta-trk='{\"ctaType\":\"Link\",\"ctaSubType\":\"main\"}'>Dan Campbell<\/a>.<\/p><h3>La concurrence r&egrave;gne chez les DB<\/h3><p>Durant l&rsquo;intersaison, Dan Campbell a vu l&rsquo;arriv&eacute;e de 3 nouveaux defensive backs : Terrion Arnold, Amik Robertson et Ennis Rakestraw, en plus du retour d&rsquo;Emmanuel Moseley apr&egrave;s s&rsquo;&ecirc;tre r&eacute;tabli d&rsquo;une deuxi&egrave;me d&eacute;chirure du LCA.<\/p><p>Le v&eacute;t&eacute;ran, Carlton Davis, a quant &agrave; lui &eacute;t&eacute; &eacute;chang&eacute;. Ces arriv&eacute;es permettent de cr&eacute;er de la concurrence dans la salle des DBs, ce qui pla&icirc;t &agrave; la franchise.<\/p><blockquote><p>&laquo; Nous avons inject&eacute; beaucoup plus de personnalit&eacute; et de talent dans cette salle. Cela a vraiment &eacute;t&eacute; une transformation totale, si vous voulez. Il y a certainement un autre niveau de confiance dans cette salle, et je sens que ces gars se nourrissent les uns des autres. Vous pouvez le sentir d&eacute;fensivement aussi. Je pense que c&rsquo;est global. Je sens que notre d&eacute;fense, leur confiance est en hausse, nous savons ce que nous pouvons devenir &raquo;, a d&eacute;clar&eacute; Campbell au cours du week-end dernier, rapporte <a href=\"https:\/\/apnews.com\/article\/detroit-lions-training-camp-2024-be8f052a8050b815672f44cb9e18fa2d\" class=\"trk-cta-link\" data-cta-trk='{\"ctaType\":\"Link\",\"ctaSubType\":\"main\"}'>l&rsquo;Associated Press<\/a>.<\/p><\/blockquote><p>Pour l&rsquo;un d&rsquo;entre eux, cette concurrence est un bon signe et permettra de tirer l&rsquo;&eacute;quipe vers le haut. Il esp&egrave;re ainsi que les Lions seront meilleurs en d&eacute;fense contre la passe cette saison.<\/p><blockquote><p>&laquo; Si vous n&rsquo;avez pas une salle de DBs avec beaucoup de joueurs qui peuvent rivaliser, ce ne sera probablement pas une tr&egrave;s bonne salle de DBs. Mais je pense que nous avons cela cette ann&eacute;e, et tout le monde est l&agrave; pour concourir. Non seulement nous sommes en comp&eacute;tition, mais nous c&eacute;l&eacute;brons les uns avec les autres, nous sommes heureux du succ&egrave;s des autres et cela joue un grand r&ocirc;le &raquo;, a d&eacute;clar&eacute; Emmanuel Moseley.<\/p><\/blockquote><p>D&eacute;j&agrave; impressionnants offensivement l&rsquo;ann&eacute;e derni&egrave;re, D&eacute;troit a d&eacute;cid&eacute; de cibler son point faible cet &eacute;t&eacute; pour le renforcer. De quoi penser que la saison 2024 pourrait s&rsquo;av&eacute;rer encore meilleure que la saison 2023 pour Dan Campbell et ses joueurs&hellip;<\/p><p>&nbsp;<\/p><p>Cr&eacute;dit photo : Eric Seals \/ USA TODAY NETWORK<\/p>\n","protected":false},"excerpt":{"rendered":"","protected":false},"author":180310250,"featured_media":1448234,"comment_status":"open","ping_status":"closed","sticky":false,"template":"","format":"standard","meta":{"inline_featured_image":false,"kia_subtitle":"","_mux_skip_reasons":[],"proofreadBy":0,"footnotes":""},"categories":[118,40],"tags":[318,79],"sport":[2785],"saison":[6111,7475],"class_list":["post-1448233","post","type-post","status-publish","format-standard","has-post-thumbnail","hentry","category-actualite-nfl","category-nfl","tag-lions","tag-nfl","sport-nfl","saison-6111","saison-7475"],"acf":[],"yoast_head":"<!-- This site is optimized with the Yoast SEO plugin v24.2 - https:\/\/yoast.com\/wordpress\/plugins\/seo\/ -->\n<title>Lions : Dan Campbell content de sa d&eacute;fense - The Playoffs FR<\/title>\n<meta name=\"robots\" content=\"index, follow, max-snippet:-1, max-image-preview:large, max-video-preview:-1\" \/>\n<link rel=\"canonical\" href=\"https:\/\/theplayoffs.news\/fr\/actualite-nfl\/lions-dan-campbell-content-de-sa-defense\/\" \/>\n<meta property=\"og:locale\" content=\"fr_FR\" \/>\n<meta property=\"og:type\" content=\"article\" \/>\n<meta property=\"og:title\" content=\"Lions : Dan Campbell content de sa d&eacute;fense - The Playoffs FR\" \/>\n<meta property=\"og:url\" content=\"https:\/\/theplayoffs.news\/fr\/actualite-nfl\/lions-dan-campbell-content-de-sa-defense\/\" \/>\n<meta property=\"og:site_name\" content=\"The Playoffs FR\" \/>\n<meta property=\"article:publisher\" content=\"https:\/\/www.facebook.com\/TheFreeAgentFR\/\" \/>\n<meta property=\"article:modified_time\" content=\"2024-07-30T15:45:57+02:00\" \/>\n<meta property=\"og:image\" content=\"https:\/\/theplayoffs.news\/fr\/wp-content\/uploads\/2024\/07\/USATSI_23829697.jpg\" \/>\n\t<meta property=\"og:image:width\" content=\"1920\" \/>\n\t<meta property=\"og:image:height\" content=\"1229\" \/>\n\t<meta property=\"og:image:type\" content=\"image\/jpeg\" \/>\n<meta name=\"author\" content=\"Jean Fabre-Jevanoff\" \/>\n<meta name=\"twitter:card\" content=\"summary_large_image\" \/>\n<meta name=\"twitter:creator\" content=\"@the_jfj_42\" \/>\n<meta name=\"twitter:site\" content=\"@TheFreeAgentFR\" \/>\n<meta name=\"twitter:label1\" content=\"\u00c9crit par\" \/>\n\t<meta name=\"twitter:data1\" content=\"Jean Fabre-Jevanoff\" \/>\n\t<meta name=\"twitter:label2\" content=\"Dur\u00e9e de lecture estim\u00e9e\" \/>\n\t<meta name=\"twitter:data2\" content=\"2 minutes\" \/>\n<script type=\"application\/ld+json\" class=\"yoast-schema-graph\">{\"@context\":\"https:\/\/schema.org\",\"@graph\":[{\"@type\":\"WebPage\",\"@id\":\"https:\/\/theplayoffs.news\/fr\/actualite-nfl\/lions-dan-campbell-content-de-sa-defense\/\",\"url\":\"https:\/\/theplayoffs.news\/fr\/actualite-nfl\/lions-dan-campbell-content-de-sa-defense\/\",\"name\":\"Lions : Dan Campbell content de sa d\u00e9fense - The Playoffs FR\",\"isPartOf\":{\"@id\":\"https:\/\/theplayoffs.news\/fr\/#website\"},\"primaryImageOfPage\":{\"@id\":\"https:\/\/theplayoffs.news\/fr\/actualite-nfl\/lions-dan-campbell-content-de-sa-defense\/#primaryimage\"},\"image\":{\"@id\":\"https:\/\/theplayoffs.news\/fr\/actualite-nfl\/lions-dan-campbell-content-de-sa-defense\/#primaryimage\"},\"thumbnailUrl\":\"https:\/\/theplayoffs.news\/fr\/wp-content\/uploads\/2024\/07\/USATSI_23829697.jpg\",\"datePublished\":\"2024-07-30T13:45:57+00:00\",\"dateModified\":\"2024-07-30T13:45:57+00:00\",\"author\":{\"@id\":\"https:\/\/theplayoffs.news\/fr\/#\/schema\/person\/1ea25b88e79fe4fabd657430b0013d3d\"},\"breadcrumb\":{\"@id\":\"https:\/\/theplayoffs.news\/fr\/actualite-nfl\/lions-dan-campbell-content-de-sa-defense\/#breadcrumb\"},\"inLanguage\":\"fr-FR\",\"potentialAction\":[{\"@type\":\"ReadAction\",\"target\":[\"https:\/\/theplayoffs.news\/fr\/actualite-nfl\/lions-dan-campbell-content-de-sa-defense\/\"]}]},{\"@type\":\"ImageObject\",\"inLanguage\":\"fr-FR\",\"@id\":\"https:\/\/theplayoffs.news\/fr\/actualite-nfl\/lions-dan-campbell-content-de-sa-defense\/#primaryimage\",\"url\":\"https:\/\/theplayoffs.news\/fr\/wp-content\/uploads\/2024\/07\/USATSI_23829697.jpg\",\"contentUrl\":\"https:\/\/theplayoffs.news\/fr\/wp-content\/uploads\/2024\/07\/USATSI_23829697.jpg\",\"width\":1920,\"height\":1229,\"caption\":\"Detroit Lions head coach Dan Campbell talks with the media before the start of practice at the Detroit Lions practice facility in Allen Park on Friday, July 26, 2024\"},{\"@type\":\"BreadcrumbList\",\"@id\":\"https:\/\/theplayoffs.news\/fr\/actualite-nfl\/lions-dan-campbell-content-de-sa-defense\/#breadcrumb\",\"itemListElement\":[{\"@type\":\"ListItem\",\"position\":1,\"name\":\"Accueil\",\"item\":\"https:\/\/theplayoffs.news\/fr\/\"},{\"@type\":\"ListItem\",\"position\":2,\"name\":\"Lions : Dan Campbell content de sa d\u00e9fense\"}]},{\"@type\":\"WebSite\",\"@id\":\"https:\/\/theplayoffs.news\/fr\/#website\",\"url\":\"https:\/\/theplayoffs.news\/fr\/\",\"name\":\"The Playoffs FR\",\"description\":\"NBA-NFL-NHL-MLB\",\"potentialAction\":[{\"@type\":\"SearchAction\",\"target\":{\"@type\":\"EntryPoint\",\"urlTemplate\":\"https:\/\/theplayoffs.news\/fr\/?s={search_term_string}\"},\"query-input\":{\"@type\":\"PropertyValueSpecification\",\"valueRequired\":true,\"valueName\":\"search_term_string\"}}],\"inLanguage\":\"fr-FR\"},{\"@type\":\"Person\",\"@id\":\"https:\/\/theplayoffs.news\/fr\/#\/schema\/person\/1ea25b88e79fe4fabd657430b0013d3d\",\"name\":\"Jean Fabre-Jevanoff\",\"image\":{\"@type\":\"ImageObject\",\"inLanguage\":\"fr-FR\",\"@id\":\"https:\/\/theplayoffs.news\/fr\/#\/schema\/person\/image\/\",\"url\":\"https:\/\/secure.gravatar.com\/avatar\/18b28dab1159eebc6a17b9787eb8cbbe3242c3d0e8b53b89332f6dc1133aa361?s=96&d=mm&r=g\",\"contentUrl\":\"https:\/\/secure.gravatar.com\/avatar\/18b28dab1159eebc6a17b9787eb8cbbe3242c3d0e8b53b89332f6dc1133aa361?s=96&d=mm&r=g\",\"caption\":\"Jean Fabre-Jevanoff\"},\"description\":\"Journaliste polyvalent sur le football am\u00e9ricain, j\u2019\u00e9cris aussi des articles sur le basket. Commentateur sur Twitch et sur YouTube. Pass\u00e9 par Eurosport notamment. Un mix d\u2019Eminem et de OBJ, fan inconditionnel de Patrick Mahomes et Lebron James\",\"sameAs\":[\"https:\/\/www.instagram.com\/_juaniitooo_\",\"https:\/\/www.linkedin.com\/in\/jean-fabre-jevanoff-84bb9b1a9\/\",\"https:\/\/x.com\/the_jfj_42\"],\"url\":\"https:\/\/theplayoffs.news\/fr\/author\/jeanfj42gmail-com\/\"}]}<\/script>\n<!-- \/ Yoast SEO plugin. -->","yoast_head_json":{"title":"Lions : Dan Campbell content de sa d&eacute;fense - The Playoffs FR","robots":{"index":"index","follow":"follow","max-snippet":"max-snippet:-1","max-image-preview":"max-image-preview:large","max-video-preview":"max-video-preview:-1"},"canonical":"https:\/\/theplayoffs.news\/fr\/actualite-nfl\/lions-dan-campbell-content-de-sa-defense\/","og_locale":"fr_FR","og_type":"article","og_title":"Lions : Dan Campbell content de sa d&eacute;fense - The Playoffs FR","og_url":"https:\/\/theplayoffs.news\/fr\/actualite-nfl\/lions-dan-campbell-content-de-sa-defense\/","og_site_name":"The Playoffs FR","article_publisher":"https:\/\/www.facebook.com\/TheFreeAgentFR\/","og_image":[{"width":1920,"height":1229,"url":"https:\/\/theplayoffs.news\/fr\/wp-content\/uploads\/2024\/07\/USATSI_23829697.jpg","type":"image\/jpeg"}],"author":"Jean Fabre-Jevanoff","twitter_card":"summary_large_image","twitter_creator":"@the_jfj_42","twitter_site":"@TheFreeAgentFR","twitter_misc":{"\u00c9crit par":"Jean Fabre-Jevanoff","Dur\u00e9e de lecture estim\u00e9e":"2 minutes"},"schema":{"@context":"https:\/\/schema.org","@graph":[{"@type":"WebPage","@id":"https:\/\/theplayoffs.news\/fr\/actualite-nfl\/lions-dan-campbell-content-de-sa-defense\/","url":"https:\/\/theplayoffs.news\/fr\/actualite-nfl\/lions-dan-campbell-content-de-sa-defense\/","name":"Lions : Dan Campbell content de sa d\u00e9fense - The Playoffs FR","isPartOf":{"@id":"https:\/\/theplayoffs.news\/fr\/#website"},"primaryImageOfPage":{"@id":"https:\/\/theplayoffs.news\/fr\/actualite-nfl\/lions-dan-campbell-content-de-sa-defense\/#primaryimage"},"image":{"@id":"https:\/\/theplayoffs.news\/fr\/actualite-nfl\/lions-dan-campbell-content-de-sa-defense\/#primaryimage"},"thumbnailUrl":"https:\/\/theplayoffs.news\/fr\/wp-content\/uploads\/2024\/07\/USATSI_23829697.jpg","datePublished":"2024-07-30T13:45:57+00:00","dateModified":"2024-07-30T13:45:57+00:00","author":{"@id":"https:\/\/theplayoffs.news\/fr\/#\/schema\/person\/1ea25b88e79fe4fabd657430b0013d3d"},"breadcrumb":{"@id":"https:\/\/theplayoffs.news\/fr\/actualite-nfl\/lions-dan-campbell-content-de-sa-defense\/#breadcrumb"},"inLanguage":"fr-FR","potentialAction":[{"@type":"ReadAction","target":["https:\/\/theplayoffs.news\/fr\/actualite-nfl\/lions-dan-campbell-content-de-sa-defense\/"]}]},{"@type":"ImageObject","inLanguage":"fr-FR","@id":"https:\/\/theplayoffs.news\/fr\/actualite-nfl\/lions-dan-campbell-content-de-sa-defense\/#primaryimage","url":"https:\/\/theplayoffs.news\/fr\/wp-content\/uploads\/2024\/07\/USATSI_23829697.jpg","contentUrl":"https:\/\/theplayoffs.news\/fr\/wp-content\/uploads\/2024\/07\/USATSI_23829697.jpg","width":1920,"height":1229,"caption":"Detroit Lions head coach Dan Campbell talks with the media before the start of practice at the Detroit Lions practice facility in Allen Park on Friday, July 26, 2024"},{"@type":"BreadcrumbList","@id":"https:\/\/theplayoffs.news\/fr\/actualite-nfl\/lions-dan-campbell-content-de-sa-defense\/#breadcrumb","itemListElement":[{"@type":"ListItem","position":1,"name":"Accueil","item":"https:\/\/theplayoffs.news\/fr\/"},{"@type":"ListItem","position":2,"name":"Lions : Dan Campbell content de sa d\u00e9fense"}]},{"@type":"WebSite","@id":"https:\/\/theplayoffs.news\/fr\/#website","url":"https:\/\/theplayoffs.news\/fr\/","name":"The Playoffs FR","description":"NBA-NFL-NHL-MLB","potentialAction":[{"@type":"SearchAction","target":{"@type":"EntryPoint","urlTemplate":"https:\/\/theplayoffs.news\/fr\/?s={search_term_string}"},"query-input":{"@type":"PropertyValueSpecification","valueRequired":true,"valueName":"search_term_string"}}],"inLanguage":"fr-FR"},{"@type":"Person","@id":"https:\/\/theplayoffs.news\/fr\/#\/schema\/person\/1ea25b88e79fe4fabd657430b0013d3d","name":"Jean Fabre-Jevanoff","image":{"@type":"ImageObject","inLanguage":"fr-FR","@id":"https:\/\/theplayoffs.news\/fr\/#\/schema\/person\/image\/","url":"https:\/\/secure.gravatar.com\/avatar\/18b28dab1159eebc6a17b9787eb8cbbe3242c3d0e8b53b89332f6dc1133aa361?s=96&d=mm&r=g","contentUrl":"https:\/\/secure.gravatar.com\/avatar\/18b28dab1159eebc6a17b9787eb8cbbe3242c3d0e8b53b89332f6dc1133aa361?s=96&d=mm&r=g","caption":"Jean Fabre-Jevanoff"},"description":"Journaliste polyvalent sur le football am\u00e9ricain, j\u2019\u00e9cris aussi des articles sur le basket. Commentateur sur Twitch et sur YouTube. Pass\u00e9 par Eurosport notamment. Un mix d\u2019Eminem et de OBJ, fan inconditionnel de Patrick Mahomes et Lebron James","sameAs":["https:\/\/www.instagram.com\/_juaniitooo_","https:\/\/www.linkedin.com\/in\/jean-fabre-jevanoff-84bb9b1a9\/","https:\/\/x.com\/the_jfj_42"],"url":"https:\/\/theplayoffs.news\/fr\/author\/jeanfj42gmail-com\/"}]}},"_links":{"self":[{"href":"https:\/\/theplayoffs.news\/fr\/wp-json\/wp\/v2\/posts\/1448233","targetHints":{"allow":["GET"]}}],"collection":[{"href":"https:\/\/theplayoffs.news\/fr\/wp-json\/wp\/v2\/posts"}],"about":[{"href":"https:\/\/theplayoffs.news\/fr\/wp-json\/wp\/v2\/types\/post"}],"author":[{"embeddable":true,"href":"https:\/\/theplayoffs.news\/fr\/wp-json\/wp\/v2\/users\/180310250"}],"replies":[{"embeddable":true,"href":"https:\/\/theplayoffs.news\/fr\/wp-json\/wp\/v2\/comments?post=1448233"}],"version-history":[{"count":3,"href":"https:\/\/theplayoffs.news\/fr\/wp-json\/wp\/v2\/posts\/1448233\/revisions"}],"predecessor-version":[{"id":1448237,"href":"https:\/\/theplayoffs.news\/fr\/wp-json\/wp\/v2\/posts\/1448233\/revisions\/1448237"}],"wp:featuredmedia":[{"embeddable":true,"href":"https:\/\/theplayoffs.news\/fr\/wp-json\/wp\/v2\/media\/1448234"}],"wp:attachment":[{"href":"https:\/\/theplayoffs.news\/fr\/wp-json\/wp\/v2\/media?parent=1448233"}],"wp:term":[{"taxonomy":"category","embeddable":true,"href":"https:\/\/theplayoffs.news\/fr\/wp-json\/wp\/v2\/categories?post=1448233"},{"taxonomy":"post_tag","embeddable":true,"href":"https:\/\/theplayoffs.news\/fr\/wp-json\/wp\/v2\/tags?post=1448233"},{"taxonomy":"sport","embeddable":true,"href":"https:\/\/theplayoffs.news\/fr\/wp-json\/wp\/v2\/sport?post=1448233"},{"taxonomy":"saison","embeddable":true,"href":"https:\/\/theplayoffs.news\/fr\/wp-json\/wp\/v2\/saison?post=1448233"}],"curies":[{"name":"wp","href":"https:\/\/api.w.org\/{rel}","templated":true}]}}