{"id":1448189,"date":"2024-07-30T13:55:21","date_gmt":"2024-07-30T11:55:21","guid":{"rendered":"https:\/\/theplayoffs.news\/fr\/?p=1448189"},"modified":"2024-07-30T13:43:21","modified_gmt":"2024-07-30T11:43:21","slug":"texans-andrew-beck-is-back","status":"publish","type":"post","link":"https:\/\/theplayoffs.news\/fr\/actualite-nfl\/texans-andrew-beck-is-back\/","title":{"rendered":"Texans : Andrew Beck is back"},"content":{"rendered":"<h2>Bless&eacute; au mollet, Andrew Beck va pouvoir faire son retour au sein de sa franchise.<\/h2><p>Le fullback &eacute;tait plac&eacute; sur la liste des bless&eacute;s jusqu&rsquo;&agrave; pr&eacute;sent &agrave; cause d&rsquo;une blessure au mollet. Cependant, <a href=\"https:\/\/theplayoffs.news\/fr\/joueur\/andrew-beck-nfl-6250214\/\" class=\"trk-cta-link\" data-cta-trk='{\"ctaType\":\"Link\",\"ctaSubType\":\"main\"}'>Andrew Beck<\/a> a visiblement bien travaill&eacute; et s&rsquo;est bien soign&eacute; puisqu&rsquo;il vient d&rsquo;&ecirc;tre activ&eacute; par les Texans.<\/p><h3>De retour ce lundi<\/h3><p>Andrew Beck &eacute;tait de retour &agrave; l&rsquo;entra&icirc;nement ce lundi, rapporte <a href=\"https:\/\/www.nbcsports.com\/nfl\/profootballtalk\/rumor-mill\/news\/texans-activate-fb-andrew-beck-from-active-pup\" class=\"trk-cta-link\" data-cta-trk='{\"ctaType\":\"Link\",\"ctaSubType\":\"main\"}'>Pro Football Talk<\/a>. Il va donc enfin pouvoir d&eacute;buter son camp d&rsquo;entra&icirc;nement avec Houston. Apr&egrave;s quatre saisons &agrave; Denver, il avait rejoint Houston la saison derni&egrave;re.<\/p><p>Une saison au cours de laquelle il a couru pour 3 yards et a inscrit un touchdown. Le fullback a &eacute;galement r&eacute;alis&eacute; 11 r&eacute;ceptions pour 55 yards et deux touchdowns.<\/p><p>Une bonne nouvelle pour la franchise tr&egrave;s attendue qu&rsquo;est celle des Houston Texans&hellip;<\/p><p>&nbsp;<\/p><p>Cr&eacute;dit photo : Marc Lebryk-USA TODAY Sports<\/p>\n","protected":false},"excerpt":{"rendered":"","protected":false},"author":180310250,"featured_media":1448191,"comment_status":"open","ping_status":"closed","sticky":false,"template":"","format":"standard","meta":{"inline_featured_image":false,"kia_subtitle":"","_mux_skip_reasons":[],"proofreadBy":0,"footnotes":""},"categories":[118,40],"tags":[79,150],"sport":[2785],"saison":[],"class_list":["post-1448189","post","type-post","status-publish","format-standard","has-post-thumbnail","hentry","category-actualite-nfl","category-nfl","tag-nfl","tag-texans","sport-nfl"],"acf":[],"yoast_head":"<!-- This site is optimized with the Yoast SEO plugin v24.2 - https:\/\/yoast.com\/wordpress\/plugins\/seo\/ -->\n<title>Texans : Andrew Beck is back - The Playoffs FR<\/title>\n<meta name=\"robots\" content=\"index, follow, max-snippet:-1, max-image-preview:large, max-video-preview:-1\" \/>\n<link rel=\"canonical\" href=\"https:\/\/theplayoffs.news\/fr\/actualite-nfl\/texans-andrew-beck-is-back\/\" \/>\n<meta property=\"og:locale\" content=\"fr_FR\" \/>\n<meta property=\"og:type\" content=\"article\" \/>\n<meta property=\"og:title\" content=\"Texans : Andrew Beck is back - The Playoffs FR\" \/>\n<meta property=\"og:url\" content=\"https:\/\/theplayoffs.news\/fr\/actualite-nfl\/texans-andrew-beck-is-back\/\" \/>\n<meta property=\"og:site_name\" content=\"The Playoffs FR\" \/>\n<meta property=\"article:publisher\" content=\"https:\/\/www.facebook.com\/TheFreeAgentFR\/\" \/>\n<meta property=\"article:modified_time\" content=\"2024-07-30T13:55:21+02:00\" \/>\n<meta property=\"og:image\" content=\"https:\/\/theplayoffs.news\/fr\/wp-content\/uploads\/2024\/07\/USATSI_22239119.jpg\" \/>\n\t<meta property=\"og:image:width\" content=\"1920\" \/>\n\t<meta property=\"og:image:height\" content=\"1280\" \/>\n\t<meta property=\"og:image:type\" content=\"image\/jpeg\" \/>\n<meta name=\"author\" content=\"Jean Fabre-Jevanoff\" \/>\n<meta name=\"twitter:card\" content=\"summary_large_image\" \/>\n<meta name=\"twitter:creator\" content=\"@the_jfj_42\" \/>\n<meta name=\"twitter:site\" content=\"@TheFreeAgentFR\" \/>\n<meta name=\"twitter:label1\" content=\"\u00c9crit par\" \/>\n\t<meta name=\"twitter:data1\" content=\"Jean Fabre-Jevanoff\" \/>\n\t<meta name=\"twitter:label2\" content=\"Dur\u00e9e de lecture estim\u00e9e\" \/>\n\t<meta name=\"twitter:data2\" content=\"1 minute\" \/>\n<script type=\"application\/ld+json\" class=\"yoast-schema-graph\">{\"@context\":\"https:\/\/schema.org\",\"@graph\":[{\"@type\":\"WebPage\",\"@id\":\"https:\/\/theplayoffs.news\/fr\/actualite-nfl\/texans-andrew-beck-is-back\/\",\"url\":\"https:\/\/theplayoffs.news\/fr\/actualite-nfl\/texans-andrew-beck-is-back\/\",\"name\":\"Texans : Andrew Beck is back - The Playoffs FR\",\"isPartOf\":{\"@id\":\"https:\/\/theplayoffs.news\/fr\/#website\"},\"primaryImageOfPage\":{\"@id\":\"https:\/\/theplayoffs.news\/fr\/actualite-nfl\/texans-andrew-beck-is-back\/#primaryimage\"},\"image\":{\"@id\":\"https:\/\/theplayoffs.news\/fr\/actualite-nfl\/texans-andrew-beck-is-back\/#primaryimage\"},\"thumbnailUrl\":\"https:\/\/theplayoffs.news\/fr\/wp-content\/uploads\/2024\/07\/USATSI_22239119.jpg\",\"datePublished\":\"2024-07-30T11:55:21+00:00\",\"dateModified\":\"2024-07-30T13:55:21+02:00\",\"author\":{\"@id\":\"https:\/\/theplayoffs.news\/fr\/#\/schema\/person\/1ea25b88e79fe4fabd657430b0013d3d\"},\"breadcrumb\":{\"@id\":\"https:\/\/theplayoffs.news\/fr\/actualite-nfl\/texans-andrew-beck-is-back\/#breadcrumb\"},\"inLanguage\":\"fr-FR\",\"potentialAction\":[{\"@type\":\"ReadAction\",\"target\":[\"https:\/\/theplayoffs.news\/fr\/actualite-nfl\/texans-andrew-beck-is-back\/\"]}]},{\"@type\":\"ImageObject\",\"inLanguage\":\"fr-FR\",\"@id\":\"https:\/\/theplayoffs.news\/fr\/actualite-nfl\/texans-andrew-beck-is-back\/#primaryimage\",\"url\":\"https:\/\/theplayoffs.news\/fr\/wp-content\/uploads\/2024\/07\/USATSI_22239119.jpg\",\"contentUrl\":\"https:\/\/theplayoffs.news\/fr\/wp-content\/uploads\/2024\/07\/USATSI_22239119.jpg\",\"width\":1920,\"height\":1280,\"caption\":\"Jan 6, 2024; Indianapolis, Indiana, USA; Houston Texans fullback Andrew Beck (47) reacts after scoring a touchdown against the Indianapolis Colts during the second quarter at Lucas Oil Stadium. Mandatory Credit: Marc Lebryk-USA TODAY Sports\"},{\"@type\":\"BreadcrumbList\",\"@id\":\"https:\/\/theplayoffs.news\/fr\/actualite-nfl\/texans-andrew-beck-is-back\/#breadcrumb\",\"itemListElement\":[{\"@type\":\"ListItem\",\"position\":1,\"name\":\"Accueil\",\"item\":\"https:\/\/theplayoffs.news\/fr\/\"},{\"@type\":\"ListItem\",\"position\":2,\"name\":\"Texans : Andrew Beck is back\"}]},{\"@type\":\"WebSite\",\"@id\":\"https:\/\/theplayoffs.news\/fr\/#website\",\"url\":\"https:\/\/theplayoffs.news\/fr\/\",\"name\":\"The Playoffs FR\",\"description\":\"NBA-NFL-NHL-MLB\",\"potentialAction\":[{\"@type\":\"SearchAction\",\"target\":{\"@type\":\"EntryPoint\",\"urlTemplate\":\"https:\/\/theplayoffs.news\/fr\/?s={search_term_string}\"},\"query-input\":{\"@type\":\"PropertyValueSpecification\",\"valueRequired\":true,\"valueName\":\"search_term_string\"}}],\"inLanguage\":\"fr-FR\"},{\"@type\":\"Person\",\"@id\":\"https:\/\/theplayoffs.news\/fr\/#\/schema\/person\/1ea25b88e79fe4fabd657430b0013d3d\",\"name\":\"Jean Fabre-Jevanoff\",\"image\":{\"@type\":\"ImageObject\",\"inLanguage\":\"fr-FR\",\"@id\":\"https:\/\/theplayoffs.news\/fr\/#\/schema\/person\/image\/\",\"url\":\"https:\/\/secure.gravatar.com\/avatar\/18b28dab1159eebc6a17b9787eb8cbbe3242c3d0e8b53b89332f6dc1133aa361?s=96&d=mm&r=g\",\"contentUrl\":\"https:\/\/secure.gravatar.com\/avatar\/18b28dab1159eebc6a17b9787eb8cbbe3242c3d0e8b53b89332f6dc1133aa361?s=96&d=mm&r=g\",\"caption\":\"Jean Fabre-Jevanoff\"},\"description\":\"Journaliste polyvalent sur le football am\u00e9ricain, j\u2019\u00e9cris aussi des articles sur le basket. Commentateur sur Twitch et sur YouTube. Pass\u00e9 par Eurosport notamment. Un mix d\u2019Eminem et de OBJ, fan inconditionnel de Patrick Mahomes et Lebron James\",\"sameAs\":[\"https:\/\/www.instagram.com\/_juaniitooo_\",\"https:\/\/www.linkedin.com\/in\/jean-fabre-jevanoff-84bb9b1a9\/\",\"https:\/\/x.com\/the_jfj_42\"],\"url\":\"https:\/\/theplayoffs.news\/fr\/author\/jeanfj42gmail-com\/\"}]}<\/script>\n<!-- \/ Yoast SEO plugin. -->","yoast_head_json":{"title":"Texans : Andrew Beck is back - The Playoffs FR","robots":{"index":"index","follow":"follow","max-snippet":"max-snippet:-1","max-image-preview":"max-image-preview:large","max-video-preview":"max-video-preview:-1"},"canonical":"https:\/\/theplayoffs.news\/fr\/actualite-nfl\/texans-andrew-beck-is-back\/","og_locale":"fr_FR","og_type":"article","og_title":"Texans : Andrew Beck is back - The Playoffs FR","og_url":"https:\/\/theplayoffs.news\/fr\/actualite-nfl\/texans-andrew-beck-is-back\/","og_site_name":"The Playoffs FR","article_publisher":"https:\/\/www.facebook.com\/TheFreeAgentFR\/","article_modified_time":"2024-07-30T11:43:21+00:00","og_image":[{"width":1920,"height":1280,"url":"https:\/\/theplayoffs.news\/fr\/wp-content\/uploads\/2024\/07\/USATSI_22239119.jpg","type":"image\/jpeg"}],"author":"Jean Fabre-Jevanoff","twitter_card":"summary_large_image","twitter_creator":"@the_jfj_42","twitter_site":"@TheFreeAgentFR","twitter_misc":{"\u00c9crit par":"Jean Fabre-Jevanoff","Dur\u00e9e de lecture estim\u00e9e":"1 minute"},"schema":{"@context":"https:\/\/schema.org","@graph":[{"@type":"WebPage","@id":"https:\/\/theplayoffs.news\/fr\/actualite-nfl\/texans-andrew-beck-is-back\/","url":"https:\/\/theplayoffs.news\/fr\/actualite-nfl\/texans-andrew-beck-is-back\/","name":"Texans : Andrew Beck is back - The Playoffs FR","isPartOf":{"@id":"https:\/\/theplayoffs.news\/fr\/#website"},"primaryImageOfPage":{"@id":"https:\/\/theplayoffs.news\/fr\/actualite-nfl\/texans-andrew-beck-is-back\/#primaryimage"},"image":{"@id":"https:\/\/theplayoffs.news\/fr\/actualite-nfl\/texans-andrew-beck-is-back\/#primaryimage"},"thumbnailUrl":"https:\/\/theplayoffs.news\/fr\/wp-content\/uploads\/2024\/07\/USATSI_22239119.jpg","datePublished":"2024-07-30T11:55:21+00:00","dateModified":"2024-07-30T13:55:21+02:00","author":{"@id":"https:\/\/theplayoffs.news\/fr\/#\/schema\/person\/1ea25b88e79fe4fabd657430b0013d3d"},"breadcrumb":{"@id":"https:\/\/theplayoffs.news\/fr\/actualite-nfl\/texans-andrew-beck-is-back\/#breadcrumb"},"inLanguage":"fr-FR","potentialAction":[{"@type":"ReadAction","target":["https:\/\/theplayoffs.news\/fr\/actualite-nfl\/texans-andrew-beck-is-back\/"]}]},{"@type":"ImageObject","inLanguage":"fr-FR","@id":"https:\/\/theplayoffs.news\/fr\/actualite-nfl\/texans-andrew-beck-is-back\/#primaryimage","url":"https:\/\/theplayoffs.news\/fr\/wp-content\/uploads\/2024\/07\/USATSI_22239119.jpg","contentUrl":"https:\/\/theplayoffs.news\/fr\/wp-content\/uploads\/2024\/07\/USATSI_22239119.jpg","width":1920,"height":1280,"caption":"Jan 6, 2024; Indianapolis, Indiana, USA; Houston Texans fullback Andrew Beck (47) reacts after scoring a touchdown against the Indianapolis Colts during the second quarter at Lucas Oil Stadium. Mandatory Credit: Marc Lebryk-USA TODAY Sports"},{"@type":"BreadcrumbList","@id":"https:\/\/theplayoffs.news\/fr\/actualite-nfl\/texans-andrew-beck-is-back\/#breadcrumb","itemListElement":[{"@type":"ListItem","position":1,"name":"Accueil","item":"https:\/\/theplayoffs.news\/fr\/"},{"@type":"ListItem","position":2,"name":"Texans : Andrew Beck is back"}]},{"@type":"WebSite","@id":"https:\/\/theplayoffs.news\/fr\/#website","url":"https:\/\/theplayoffs.news\/fr\/","name":"The Playoffs FR","description":"NBA-NFL-NHL-MLB","potentialAction":[{"@type":"SearchAction","target":{"@type":"EntryPoint","urlTemplate":"https:\/\/theplayoffs.news\/fr\/?s={search_term_string}"},"query-input":{"@type":"PropertyValueSpecification","valueRequired":true,"valueName":"search_term_string"}}],"inLanguage":"fr-FR"},{"@type":"Person","@id":"https:\/\/theplayoffs.news\/fr\/#\/schema\/person\/1ea25b88e79fe4fabd657430b0013d3d","name":"Jean Fabre-Jevanoff","image":{"@type":"ImageObject","inLanguage":"fr-FR","@id":"https:\/\/theplayoffs.news\/fr\/#\/schema\/person\/image\/","url":"https:\/\/secure.gravatar.com\/avatar\/18b28dab1159eebc6a17b9787eb8cbbe3242c3d0e8b53b89332f6dc1133aa361?s=96&d=mm&r=g","contentUrl":"https:\/\/secure.gravatar.com\/avatar\/18b28dab1159eebc6a17b9787eb8cbbe3242c3d0e8b53b89332f6dc1133aa361?s=96&d=mm&r=g","caption":"Jean Fabre-Jevanoff"},"description":"Journaliste polyvalent sur le football am\u00e9ricain, j\u2019\u00e9cris aussi des articles sur le basket. Commentateur sur Twitch et sur YouTube. Pass\u00e9 par Eurosport notamment. Un mix d\u2019Eminem et de OBJ, fan inconditionnel de Patrick Mahomes et Lebron James","sameAs":["https:\/\/www.instagram.com\/_juaniitooo_","https:\/\/www.linkedin.com\/in\/jean-fabre-jevanoff-84bb9b1a9\/","https:\/\/x.com\/the_jfj_42"],"url":"https:\/\/theplayoffs.news\/fr\/author\/jeanfj42gmail-com\/"}]}},"_links":{"self":[{"href":"https:\/\/theplayoffs.news\/fr\/wp-json\/wp\/v2\/posts\/1448189","targetHints":{"allow":["GET"]}}],"collection":[{"href":"https:\/\/theplayoffs.news\/fr\/wp-json\/wp\/v2\/posts"}],"about":[{"href":"https:\/\/theplayoffs.news\/fr\/wp-json\/wp\/v2\/types\/post"}],"author":[{"embeddable":true,"href":"https:\/\/theplayoffs.news\/fr\/wp-json\/wp\/v2\/users\/180310250"}],"replies":[{"embeddable":true,"href":"https:\/\/theplayoffs.news\/fr\/wp-json\/wp\/v2\/comments?post=1448189"}],"version-history":[{"count":3,"href":"https:\/\/theplayoffs.news\/fr\/wp-json\/wp\/v2\/posts\/1448189\/revisions"}],"predecessor-version":[{"id":1448198,"href":"https:\/\/theplayoffs.news\/fr\/wp-json\/wp\/v2\/posts\/1448189\/revisions\/1448198"}],"wp:featuredmedia":[{"embeddable":true,"href":"https:\/\/theplayoffs.news\/fr\/wp-json\/wp\/v2\/media\/1448191"}],"wp:attachment":[{"href":"https:\/\/theplayoffs.news\/fr\/wp-json\/wp\/v2\/media?parent=1448189"}],"wp:term":[{"taxonomy":"category","embeddable":true,"href":"https:\/\/theplayoffs.news\/fr\/wp-json\/wp\/v2\/categories?post=1448189"},{"taxonomy":"post_tag","embeddable":true,"href":"https:\/\/theplayoffs.news\/fr\/wp-json\/wp\/v2\/tags?post=1448189"},{"taxonomy":"sport","embeddable":true,"href":"https:\/\/theplayoffs.news\/fr\/wp-json\/wp\/v2\/sport?post=1448189"},{"taxonomy":"saison","embeddable":true,"href":"https:\/\/theplayoffs.news\/fr\/wp-json\/wp\/v2\/saison?post=1448189"}],"curies":[{"name":"wp","href":"https:\/\/api.w.org\/{rel}","templated":true}]}}