{"id":1448173,"date":"2024-07-30T13:01:27","date_gmt":"2024-07-30T11:01:27","guid":{"rendered":"https:\/\/theplayoffs.news\/fr\/?p=1448173"},"modified":"2024-07-30T13:01:27","modified_gmt":"2024-07-30T11:01:27","slug":"les-raiders-ajoutent-terrell-bynum-sur-leur-liste-de-receveurs","status":"publish","type":"post","link":"https:\/\/theplayoffs.news\/fr\/actualite-nfl\/les-raiders-ajoutent-terrell-bynum-sur-leur-liste-de-receveurs\/","title":{"rendered":"Les Raiders ajoutent Terrell Bynum sur leur liste de receveurs"},"content":{"rendered":"<h2 class=\"p1\"><span class=\"s1\">Les Raiders ont annonc&eacute; lundi la signature de Terrell Bynum, un receveur agent libre. <\/span><\/h2><p class=\"p1\"><span class=\"s1\">Aujourd&rsquo;hui, au camp d&rsquo;entra&icirc;nement, les <a href=\"https:\/\/raiderswire.usatoday.com\/2024\/07\/29\/raiders-sign-former-chargers-wr-terrell-bynum\/\" class=\"trk-cta-link\" data-cta-trk='{\"ctaType\":\"Link\",\"ctaSubType\":\"main\"}'>Raiders<\/a> ont ajout&eacute; un receveur bien connu dans la r&eacute;gion. L&rsquo;&eacute;quipe a sign&eacute; l&rsquo;ancien receveur des Los Angeles Chargers, Terrell Bynum.<\/span><\/p><p class=\"p1\"><span class=\"s1\">Bynum a r&eacute;cemment &eacute;t&eacute; avec les <a href=\"https:\/\/theplayoffs.news\/fr\/nfl\/preview-nfl-2024-colts-dindianapolis\/\" class=\"trk-cta-link\" data-cta-trk='{\"ctaType\":\"Link\",\"ctaSubType\":\"main\"}'>Colts<\/a>. Il a sign&eacute; en tant qu&rsquo;agent libre avec les Chargers en 2023 apr&egrave;s sa non-s&eacute;lection &agrave; la draft. Il a malheureusement pass&eacute; la saison derni&egrave;re dans leur &eacute;quipe d&rsquo;entra&icirc;nement. Il n&rsquo;a particip&eacute; qu&rsquo;&agrave; un seul match de saison r&eacute;guli&egrave;re, jouant un snap offensif.<\/span><\/p><p class=\"p1\"><span class=\"s1\">Il a termin&eacute; sa carri&egrave;re universitaire &agrave; USC, apparaissant dans 10 matchs et totalisant 16 r&eacute;ceptions pour 159 yards et 1 touchdown en 2022. Bynum a &eacute;galement particip&eacute; &agrave; 34 matchs &agrave; l&rsquo;Universit&eacute; de Washington.<\/span><\/p><p>\n<div id=\"attachment_1448175\" style=\"width: 310px\" class=\"wp-caption alignnone\"><img loading=\"lazy\" decoding=\"async\" aria-describedby=\"caption-attachment-1448175\" class=\"size-medium wp-image-1448175\" src=\"https:\/\/theplayoffs.news\/fr\/wp-content\/uploads\/2024\/07\/USATSI_19371830_168402440_lowres-300x200.jpg\" alt=\"\" width=\"300\" height=\"200\" srcset=\"https:\/\/theplayoffs.news\/fr\/wp-content\/uploads\/2024\/07\/USATSI_19371830_168402440_lowres-300x200.jpg 300w, https:\/\/theplayoffs.news\/fr\/wp-content\/uploads\/2024\/07\/USATSI_19371830_168402440_lowres-1030x687.jpg 1030w, https:\/\/theplayoffs.news\/fr\/wp-content\/uploads\/2024\/07\/USATSI_19371830_168402440_lowres-768x512.jpg 768w, https:\/\/theplayoffs.news\/fr\/wp-content\/uploads\/2024\/07\/USATSI_19371830_168402440_lowres-1320x880.jpg 1320w, https:\/\/theplayoffs.news\/fr\/wp-content\/uploads\/2024\/07\/USATSI_19371830_168402440_lowres.jpg 1920w\" sizes=\"auto, (max-width: 300px) 100vw, 300px\" \/><p id=\"caption-attachment-1448175\" class=\"wp-caption-text\">Credit Photo: Kiyoshi Mio-USA TODAY Sports<\/p><\/div>\n<\/p><p class=\"p1\"><span class=\"s1\"><br>\nOriginaire de Long Beach, l&rsquo;ancien Trojan de l&rsquo;USC a fr&eacute;quent&eacute; les &eacute;coles secondaires d&rsquo;Anaheim et de Bellflower. Rejoindre les Raiders lui permet de rester dans une r&eacute;gion qu&rsquo;il conna&icirc;t bien.<\/span><\/p><p class=\"p1\"><span class=\"s1\">Pour faire de la place &agrave; Bynum, les Raiders ont renonc&eacute; &agrave; LB Darius Butler. Butler a rat&eacute; toute la saison 2023 de Las Vegas, &eacute;tant sur la r&eacute;serve &agrave; cause d&rsquo;une blessure non divulgu&eacute;e. Le joueur n&rsquo;a pas r&eacute;ussi les tests physiques et la franchise de Las Vegas a d&ucirc; s&rsquo;en s&eacute;parer.<\/span><\/p>\n","protected":false},"excerpt":{"rendered":"","protected":false},"author":180310252,"featured_media":1448180,"comment_status":"open","ping_status":"closed","sticky":false,"template":"","format":"standard","meta":{"inline_featured_image":false,"kia_subtitle":"","_mux_skip_reasons":[],"proofreadBy":0,"footnotes":""},"categories":[118,40],"tags":[],"sport":[2785],"saison":[6111],"class_list":["post-1448173","post","type-post","status-publish","format-standard","has-post-thumbnail","hentry","category-actualite-nfl","category-nfl","sport-nfl","saison-6111"],"acf":[],"yoast_head":"<!-- This site is optimized with the Yoast SEO plugin v24.2 - https:\/\/yoast.com\/wordpress\/plugins\/seo\/ -->\n<title>Les Raiders ajoutent Terrell Bynum sur leur liste de receveurs - The Playoffs FR<\/title>\n<meta name=\"robots\" content=\"index, follow, max-snippet:-1, max-image-preview:large, max-video-preview:-1\" \/>\n<link rel=\"canonical\" href=\"https:\/\/theplayoffs.news\/fr\/actualite-nfl\/les-raiders-ajoutent-terrell-bynum-sur-leur-liste-de-receveurs\/\" \/>\n<meta property=\"og:locale\" content=\"fr_FR\" \/>\n<meta property=\"og:type\" content=\"article\" \/>\n<meta property=\"og:title\" content=\"Les Raiders ajoutent Terrell Bynum sur leur liste de receveurs - The Playoffs FR\" \/>\n<meta property=\"og:url\" content=\"https:\/\/theplayoffs.news\/fr\/actualite-nfl\/les-raiders-ajoutent-terrell-bynum-sur-leur-liste-de-receveurs\/\" \/>\n<meta property=\"og:site_name\" content=\"The Playoffs FR\" \/>\n<meta property=\"article:publisher\" content=\"https:\/\/www.facebook.com\/TheFreeAgentFR\/\" \/>\n<meta property=\"article:modified_time\" content=\"2024-07-30T13:01:27+02:00\" \/>\n<meta property=\"og:image\" content=\"https:\/\/theplayoffs.news\/fr\/wp-content\/uploads\/2024\/07\/USATSI_20886241.jpg\" \/>\n\t<meta property=\"og:image:width\" content=\"1920\" \/>\n\t<meta property=\"og:image:height\" content=\"1280\" \/>\n\t<meta property=\"og:image:type\" content=\"image\/jpeg\" \/>\n<meta name=\"author\" content=\"Hugo Da Silva\" \/>\n<meta name=\"twitter:card\" content=\"summary_large_image\" \/>\n<meta name=\"twitter:creator\" content=\"@TheFreeAgentFR\" \/>\n<meta name=\"twitter:site\" content=\"@TheFreeAgentFR\" \/>\n<meta name=\"twitter:label1\" content=\"\u00c9crit par\" \/>\n\t<meta name=\"twitter:data1\" content=\"Hugo Da Silva\" \/>\n\t<meta name=\"twitter:label2\" content=\"Dur\u00e9e de lecture estim\u00e9e\" \/>\n\t<meta name=\"twitter:data2\" content=\"1 minute\" \/>\n<script type=\"application\/ld+json\" class=\"yoast-schema-graph\">{\"@context\":\"https:\/\/schema.org\",\"@graph\":[{\"@type\":\"WebPage\",\"@id\":\"https:\/\/theplayoffs.news\/fr\/actualite-nfl\/les-raiders-ajoutent-terrell-bynum-sur-leur-liste-de-receveurs\/\",\"url\":\"https:\/\/theplayoffs.news\/fr\/actualite-nfl\/les-raiders-ajoutent-terrell-bynum-sur-leur-liste-de-receveurs\/\",\"name\":\"Les Raiders ajoutent Terrell Bynum sur leur liste de receveurs - The Playoffs FR\",\"isPartOf\":{\"@id\":\"https:\/\/theplayoffs.news\/fr\/#website\"},\"primaryImageOfPage\":{\"@id\":\"https:\/\/theplayoffs.news\/fr\/actualite-nfl\/les-raiders-ajoutent-terrell-bynum-sur-leur-liste-de-receveurs\/#primaryimage\"},\"image\":{\"@id\":\"https:\/\/theplayoffs.news\/fr\/actualite-nfl\/les-raiders-ajoutent-terrell-bynum-sur-leur-liste-de-receveurs\/#primaryimage\"},\"thumbnailUrl\":\"https:\/\/theplayoffs.news\/fr\/wp-content\/uploads\/2024\/07\/USATSI_20886241.jpg\",\"datePublished\":\"2024-07-30T11:01:27+00:00\",\"dateModified\":\"2024-07-30T11:01:27+00:00\",\"author\":{\"@id\":\"https:\/\/theplayoffs.news\/fr\/#\/schema\/person\/6873025fdeeef5a5a119a678d88f9eb8\"},\"breadcrumb\":{\"@id\":\"https:\/\/theplayoffs.news\/fr\/actualite-nfl\/les-raiders-ajoutent-terrell-bynum-sur-leur-liste-de-receveurs\/#breadcrumb\"},\"inLanguage\":\"fr-FR\",\"potentialAction\":[{\"@type\":\"ReadAction\",\"target\":[\"https:\/\/theplayoffs.news\/fr\/actualite-nfl\/les-raiders-ajoutent-terrell-bynum-sur-leur-liste-de-receveurs\/\"]}]},{\"@type\":\"ImageObject\",\"inLanguage\":\"fr-FR\",\"@id\":\"https:\/\/theplayoffs.news\/fr\/actualite-nfl\/les-raiders-ajoutent-terrell-bynum-sur-leur-liste-de-receveurs\/#primaryimage\",\"url\":\"https:\/\/theplayoffs.news\/fr\/wp-content\/uploads\/2024\/07\/USATSI_20886241.jpg\",\"contentUrl\":\"https:\/\/theplayoffs.news\/fr\/wp-content\/uploads\/2024\/07\/USATSI_20886241.jpg\",\"width\":1920,\"height\":1280,\"caption\":\"Jun 13, 2023; Costa Mesa, CA, USA; Los Angeles Chargers receiver Terrell Bynum (35) carries the ball during minicamp at the Hoag Performance Center. Mandatory Credit: Kirby Lee-USA TODAY Sports\"},{\"@type\":\"BreadcrumbList\",\"@id\":\"https:\/\/theplayoffs.news\/fr\/actualite-nfl\/les-raiders-ajoutent-terrell-bynum-sur-leur-liste-de-receveurs\/#breadcrumb\",\"itemListElement\":[{\"@type\":\"ListItem\",\"position\":1,\"name\":\"Accueil\",\"item\":\"https:\/\/theplayoffs.news\/fr\/\"},{\"@type\":\"ListItem\",\"position\":2,\"name\":\"Les Raiders ajoutent Terrell Bynum sur leur liste de receveurs\"}]},{\"@type\":\"WebSite\",\"@id\":\"https:\/\/theplayoffs.news\/fr\/#website\",\"url\":\"https:\/\/theplayoffs.news\/fr\/\",\"name\":\"The Playoffs FR\",\"description\":\"NBA-NFL-NHL-MLB\",\"potentialAction\":[{\"@type\":\"SearchAction\",\"target\":{\"@type\":\"EntryPoint\",\"urlTemplate\":\"https:\/\/theplayoffs.news\/fr\/?s={search_term_string}\"},\"query-input\":{\"@type\":\"PropertyValueSpecification\",\"valueRequired\":true,\"valueName\":\"search_term_string\"}}],\"inLanguage\":\"fr-FR\"},{\"@type\":\"Person\",\"@id\":\"https:\/\/theplayoffs.news\/fr\/#\/schema\/person\/6873025fdeeef5a5a119a678d88f9eb8\",\"name\":\"Hugo Da Silva\",\"image\":{\"@type\":\"ImageObject\",\"inLanguage\":\"fr-FR\",\"@id\":\"https:\/\/theplayoffs.news\/fr\/#\/schema\/person\/image\/\",\"url\":\"https:\/\/secure.gravatar.com\/avatar\/42645c167f2d0d025c99c89a9d5af905f285255ee846e7a777caaecca00b1837?s=96&d=mm&r=g\",\"contentUrl\":\"https:\/\/secure.gravatar.com\/avatar\/42645c167f2d0d025c99c89a9d5af905f285255ee846e7a777caaecca00b1837?s=96&d=mm&r=g\",\"caption\":\"Hugo Da Silva\"},\"url\":\"https:\/\/theplayoffs.news\/fr\/author\/hugodasilva0903gmail-com\/\"}]}<\/script>\n<!-- \/ Yoast SEO plugin. -->","yoast_head_json":{"title":"Les Raiders ajoutent Terrell Bynum sur leur liste de receveurs - The Playoffs FR","robots":{"index":"index","follow":"follow","max-snippet":"max-snippet:-1","max-image-preview":"max-image-preview:large","max-video-preview":"max-video-preview:-1"},"canonical":"https:\/\/theplayoffs.news\/fr\/actualite-nfl\/les-raiders-ajoutent-terrell-bynum-sur-leur-liste-de-receveurs\/","og_locale":"fr_FR","og_type":"article","og_title":"Les Raiders ajoutent Terrell Bynum sur leur liste de receveurs - The Playoffs FR","og_url":"https:\/\/theplayoffs.news\/fr\/actualite-nfl\/les-raiders-ajoutent-terrell-bynum-sur-leur-liste-de-receveurs\/","og_site_name":"The Playoffs FR","article_publisher":"https:\/\/www.facebook.com\/TheFreeAgentFR\/","og_image":[{"width":1920,"height":1280,"url":"https:\/\/theplayoffs.news\/fr\/wp-content\/uploads\/2024\/07\/USATSI_20886241.jpg","type":"image\/jpeg"}],"author":"Hugo Da Silva","twitter_card":"summary_large_image","twitter_creator":"@TheFreeAgentFR","twitter_site":"@TheFreeAgentFR","twitter_misc":{"\u00c9crit par":"Hugo Da Silva","Dur\u00e9e de lecture estim\u00e9e":"1 minute"},"schema":{"@context":"https:\/\/schema.org","@graph":[{"@type":"WebPage","@id":"https:\/\/theplayoffs.news\/fr\/actualite-nfl\/les-raiders-ajoutent-terrell-bynum-sur-leur-liste-de-receveurs\/","url":"https:\/\/theplayoffs.news\/fr\/actualite-nfl\/les-raiders-ajoutent-terrell-bynum-sur-leur-liste-de-receveurs\/","name":"Les Raiders ajoutent Terrell Bynum sur leur liste de receveurs - The Playoffs FR","isPartOf":{"@id":"https:\/\/theplayoffs.news\/fr\/#website"},"primaryImageOfPage":{"@id":"https:\/\/theplayoffs.news\/fr\/actualite-nfl\/les-raiders-ajoutent-terrell-bynum-sur-leur-liste-de-receveurs\/#primaryimage"},"image":{"@id":"https:\/\/theplayoffs.news\/fr\/actualite-nfl\/les-raiders-ajoutent-terrell-bynum-sur-leur-liste-de-receveurs\/#primaryimage"},"thumbnailUrl":"https:\/\/theplayoffs.news\/fr\/wp-content\/uploads\/2024\/07\/USATSI_20886241.jpg","datePublished":"2024-07-30T11:01:27+00:00","dateModified":"2024-07-30T11:01:27+00:00","author":{"@id":"https:\/\/theplayoffs.news\/fr\/#\/schema\/person\/6873025fdeeef5a5a119a678d88f9eb8"},"breadcrumb":{"@id":"https:\/\/theplayoffs.news\/fr\/actualite-nfl\/les-raiders-ajoutent-terrell-bynum-sur-leur-liste-de-receveurs\/#breadcrumb"},"inLanguage":"fr-FR","potentialAction":[{"@type":"ReadAction","target":["https:\/\/theplayoffs.news\/fr\/actualite-nfl\/les-raiders-ajoutent-terrell-bynum-sur-leur-liste-de-receveurs\/"]}]},{"@type":"ImageObject","inLanguage":"fr-FR","@id":"https:\/\/theplayoffs.news\/fr\/actualite-nfl\/les-raiders-ajoutent-terrell-bynum-sur-leur-liste-de-receveurs\/#primaryimage","url":"https:\/\/theplayoffs.news\/fr\/wp-content\/uploads\/2024\/07\/USATSI_20886241.jpg","contentUrl":"https:\/\/theplayoffs.news\/fr\/wp-content\/uploads\/2024\/07\/USATSI_20886241.jpg","width":1920,"height":1280,"caption":"Jun 13, 2023; Costa Mesa, CA, USA; Los Angeles Chargers receiver Terrell Bynum (35) carries the ball during minicamp at the Hoag Performance Center. Mandatory Credit: Kirby Lee-USA TODAY Sports"},{"@type":"BreadcrumbList","@id":"https:\/\/theplayoffs.news\/fr\/actualite-nfl\/les-raiders-ajoutent-terrell-bynum-sur-leur-liste-de-receveurs\/#breadcrumb","itemListElement":[{"@type":"ListItem","position":1,"name":"Accueil","item":"https:\/\/theplayoffs.news\/fr\/"},{"@type":"ListItem","position":2,"name":"Les Raiders ajoutent Terrell Bynum sur leur liste de receveurs"}]},{"@type":"WebSite","@id":"https:\/\/theplayoffs.news\/fr\/#website","url":"https:\/\/theplayoffs.news\/fr\/","name":"The Playoffs FR","description":"NBA-NFL-NHL-MLB","potentialAction":[{"@type":"SearchAction","target":{"@type":"EntryPoint","urlTemplate":"https:\/\/theplayoffs.news\/fr\/?s={search_term_string}"},"query-input":{"@type":"PropertyValueSpecification","valueRequired":true,"valueName":"search_term_string"}}],"inLanguage":"fr-FR"},{"@type":"Person","@id":"https:\/\/theplayoffs.news\/fr\/#\/schema\/person\/6873025fdeeef5a5a119a678d88f9eb8","name":"Hugo Da Silva","image":{"@type":"ImageObject","inLanguage":"fr-FR","@id":"https:\/\/theplayoffs.news\/fr\/#\/schema\/person\/image\/","url":"https:\/\/secure.gravatar.com\/avatar\/42645c167f2d0d025c99c89a9d5af905f285255ee846e7a777caaecca00b1837?s=96&d=mm&r=g","contentUrl":"https:\/\/secure.gravatar.com\/avatar\/42645c167f2d0d025c99c89a9d5af905f285255ee846e7a777caaecca00b1837?s=96&d=mm&r=g","caption":"Hugo Da Silva"},"url":"https:\/\/theplayoffs.news\/fr\/author\/hugodasilva0903gmail-com\/"}]}},"_links":{"self":[{"href":"https:\/\/theplayoffs.news\/fr\/wp-json\/wp\/v2\/posts\/1448173","targetHints":{"allow":["GET"]}}],"collection":[{"href":"https:\/\/theplayoffs.news\/fr\/wp-json\/wp\/v2\/posts"}],"about":[{"href":"https:\/\/theplayoffs.news\/fr\/wp-json\/wp\/v2\/types\/post"}],"author":[{"embeddable":true,"href":"https:\/\/theplayoffs.news\/fr\/wp-json\/wp\/v2\/users\/180310252"}],"replies":[{"embeddable":true,"href":"https:\/\/theplayoffs.news\/fr\/wp-json\/wp\/v2\/comments?post=1448173"}],"version-history":[{"count":2,"href":"https:\/\/theplayoffs.news\/fr\/wp-json\/wp\/v2\/posts\/1448173\/revisions"}],"predecessor-version":[{"id":1448183,"href":"https:\/\/theplayoffs.news\/fr\/wp-json\/wp\/v2\/posts\/1448173\/revisions\/1448183"}],"wp:featuredmedia":[{"embeddable":true,"href":"https:\/\/theplayoffs.news\/fr\/wp-json\/wp\/v2\/media\/1448180"}],"wp:attachment":[{"href":"https:\/\/theplayoffs.news\/fr\/wp-json\/wp\/v2\/media?parent=1448173"}],"wp:term":[{"taxonomy":"category","embeddable":true,"href":"https:\/\/theplayoffs.news\/fr\/wp-json\/wp\/v2\/categories?post=1448173"},{"taxonomy":"post_tag","embeddable":true,"href":"https:\/\/theplayoffs.news\/fr\/wp-json\/wp\/v2\/tags?post=1448173"},{"taxonomy":"sport","embeddable":true,"href":"https:\/\/theplayoffs.news\/fr\/wp-json\/wp\/v2\/sport?post=1448173"},{"taxonomy":"saison","embeddable":true,"href":"https:\/\/theplayoffs.news\/fr\/wp-json\/wp\/v2\/saison?post=1448173"}],"curies":[{"name":"wp","href":"https:\/\/api.w.org\/{rel}","templated":true}]}}