{"id":1447929,"date":"2024-07-29T13:17:57","date_gmt":"2024-07-29T11:17:57","guid":{"rendered":"https:\/\/theplayoffs.news\/fr\/?p=1447929"},"modified":"2024-07-29T13:17:57","modified_gmt":"2024-07-29T11:17:57","slug":"kevin-durant-etait-nerveux-avant-son-brillant-retour","status":"publish","type":"post","link":"https:\/\/theplayoffs.news\/fr\/jo2024\/kevin-durant-etait-nerveux-avant-son-brillant-retour\/","title":{"rendered":"Kevin Durant \u00e9tait nerveux avant son brillant retour"},"content":{"rendered":"<h2 class=\"p1\"><span class=\"s1\">Avant de faire son retour incroyable sur le terrain dimanche, la star de l&rsquo;&eacute;quipe am&eacute;ricaine Kevin Durant s&rsquo;est demand&eacute; si sa blessure au mollet le forcerait &agrave; manquer les Jeux olympiques de Paris.<\/span><\/h2><blockquote>\n<p class=\"p1\"><span class=\"s1\">&laquo; Il y a eu des jours o&ugrave; j&rsquo;ai eu de bons jours, puis j&rsquo;ai eu un petit revers ici et l&agrave;. J&rsquo;&eacute;tais un peu nerveux&raquo;, a admis Durant apr&egrave;s le match de dimanche contre la Serbie, selon <a href=\"https:\/\/www.azcentral.com\/story\/sports\/olympics\/2024\/07\/28\/kevin-durant-team-usa-basketball-serbia-performance\/74579369007\/\" class=\"trk-cta-link\" data-cta-trk='{\"ctaType\":\"Link\",\"ctaSubType\":\"main\"}'>Duane Rankin <\/a>de la R&eacute;publique de l&rsquo;Arizona.<\/span><\/p>\n<\/blockquote><p class=\"p1\"><span class=\"s1\">Ces doutes ont rapidement disparu lorsque Kevin Durant est rentr&eacute; sur le terrain, alors qu&rsquo;il a servit 23 points en 8\/9 tirs pour mener une victoire dominante de 110-84 sur la Serbie. Il semblait &ecirc;tre en forme presque de jeunesse &agrave; partir du moment o&ugrave; il est sorti du banc, car 21 de ses points sont arriv&eacute;s en premi&egrave;re mi-temps. &laquo;&nbsp;Slim Reaper&nbsp;&raquo; a fait un retour imp&eacute;rial.<\/span><\/p><blockquote class=\"twitter-tweet\" data-width=\"500\" data-dnt=\"true\">\n<p lang=\"en\" dir=\"ltr\">Slim Reaper. That's it.<a href=\"https:\/\/twitter.com\/hashtag\/Paris2024?src=hash&amp;ref_src=twsrc%5Etfw\" class=\"trk-cta-link\" data-cta-trk='{\"ctaType\":\"Link\",\"ctaSubType\":\"main\"}'>#Paris2024<\/a> x <a href=\"https:\/\/twitter.com\/hashtag\/Basketball?src=hash&amp;ref_src=twsrc%5Etfw\" class=\"trk-cta-link\" data-cta-trk='{\"ctaType\":\"Link\",\"ctaSubType\":\"main\"}'>#Basketball<\/a> <a href=\"https:\/\/t.co\/NZ98chNH2B\" class=\"trk-cta-link\" data-cta-trk='{\"ctaType\":\"Link\",\"ctaSubType\":\"main\"}'>pic.twitter.com\/NZ98chNH2B<\/a><\/p>\n<p>&mdash; FIBA Basketball (@FIBA) <a href=\"https:\/\/twitter.com\/FIBA\/status\/1817613219864662185?ref_src=twsrc%5Etfw\" class=\"trk-cta-link\" data-cta-trk='{\"ctaType\":\"Link\",\"ctaSubType\":\"main\"}'>July 28, 2024<\/a><\/p><\/blockquote><p><script async src=\"https:\/\/platform.twitter.com\/widgets.js\" charset=\"utf-8\"><\/script><\/p><p class=\"p1\"><span class=\"s1\">Kevin Durant reste tout de m&ecirc;me le joueur le plus d&eacute;cor&eacute; de l&rsquo;histoire de l&rsquo;&eacute;quipe nationale. Il &eacute;t&eacute; autoris&eacute; &agrave; revenir d&rsquo;une blessure au mollet moins d&rsquo;une heure avant le typoff et est sorti du banc pour &ecirc;tre le meilleur scoreur du match.<\/span><\/p><blockquote>\n<p class=\"p1\"><span class=\"s1\">&laquo;J&rsquo;ai jou&eacute; au ballon toute ma vie&nbsp;&raquo;, a-t-il d&eacute;clar&eacute;.<span class=\"Apple-converted-space\">&nbsp; <\/span>&laquo;&nbsp;Donc, c&rsquo;est juste simplifi&eacute; et c&rsquo;est juste du basket-ball &agrave; la fin de la journ&eacute;e. J&rsquo;ai donc juste essay&eacute; de suivre le plan de match, d&rsquo;&ecirc;tre l&agrave; pour mes co&eacute;quipiers &agrave; l&rsquo;extr&eacute;mit&eacute; d&eacute;fensive quand la balle me touche les mains, d&rsquo;&ecirc;tre agressif.&raquo;<\/span><\/p>\n<\/blockquote><p>\n<div id=\"attachment_1447935\" style=\"width: 202px\" class=\"wp-caption alignnone\"><img loading=\"lazy\" decoding=\"async\" aria-describedby=\"caption-attachment-1447935\" class=\"size-medium wp-image-1447935\" src=\"https:\/\/theplayoffs.news\/fr\/wp-content\/uploads\/2024\/07\/USATSI_23847315-192x300.jpg\" alt=\"\" width=\"192\" height=\"300\" srcset=\"https:\/\/theplayoffs.news\/fr\/wp-content\/uploads\/2024\/07\/USATSI_23847315-192x300.jpg 192w, https:\/\/theplayoffs.news\/fr\/wp-content\/uploads\/2024\/07\/USATSI_23847315-658x1030.jpg 658w, https:\/\/theplayoffs.news\/fr\/wp-content\/uploads\/2024\/07\/USATSI_23847315-768x1202.jpg 768w, https:\/\/theplayoffs.news\/fr\/wp-content\/uploads\/2024\/07\/USATSI_23847315.jpg 1227w\" sizes=\"auto, (max-width: 192px) 100vw, 192px\" \/><p id=\"caption-attachment-1447935\" class=\"wp-caption-text\">Credit Photo: John David Mercer-USA TODAY Sports<\/p><\/div>\n<\/p><p class=\"p1\"><span class=\"s1\"><br>\nKevin Durant et l&rsquo;&eacute;quipe des &Eacute;tats-Unis seront en action mercredi dans un match de groupe contre le Soudan du Sud. L&rsquo;ajout du joueur de 35 ans &agrave; l&rsquo;alignement pourrait conduire &agrave; une victoire plus convaincante pour l&rsquo;&eacute;quipe des &Eacute;tats-Unis cette fois-ci. Elle qui semblait en difficult&eacute; contre cette &eacute;quipe du <a href=\"https:\/\/theplayoffs.news\/fr\/nba-basketball\/bol-bol-ne-participera-pas-aux-jeux-olympiques-avec-le-soudan\/\" class=\"trk-cta-link\" data-cta-trk='{\"ctaType\":\"Link\",\"ctaSubType\":\"main\"}'>Soudan<\/a> lors des matchs de pr&eacute;paration.<\/span><\/p>\n","protected":false},"excerpt":{"rendered":"","protected":false},"author":180310252,"featured_media":1447934,"comment_status":"open","ping_status":"closed","sticky":false,"template":"","format":"standard","meta":{"inline_featured_image":false,"kia_subtitle":"","_mux_skip_reasons":[],"proofreadBy":0,"footnotes":""},"categories":[7518],"tags":[],"sport":[2783],"saison":[6111],"class_list":["post-1447929","post","type-post","status-publish","format-standard","has-post-thumbnail","hentry","category-jo2024","sport-nba","saison-6111"],"acf":[],"yoast_head":"<!-- This site is optimized with the Yoast SEO plugin v24.2 - https:\/\/yoast.com\/wordpress\/plugins\/seo\/ -->\n<title>Kevin Durant &eacute;tait nerveux avant son brillant retour - The Playoffs FR<\/title>\n<meta name=\"robots\" content=\"index, follow, max-snippet:-1, max-image-preview:large, max-video-preview:-1\" \/>\n<link rel=\"canonical\" href=\"https:\/\/theplayoffs.news\/fr\/jo2024\/kevin-durant-etait-nerveux-avant-son-brillant-retour\/\" \/>\n<meta property=\"og:locale\" content=\"fr_FR\" \/>\n<meta property=\"og:type\" content=\"article\" \/>\n<meta property=\"og:title\" content=\"Kevin Durant &eacute;tait nerveux avant son brillant retour - The Playoffs FR\" \/>\n<meta property=\"og:url\" content=\"https:\/\/theplayoffs.news\/fr\/jo2024\/kevin-durant-etait-nerveux-avant-son-brillant-retour\/\" \/>\n<meta property=\"og:site_name\" content=\"The Playoffs FR\" \/>\n<meta property=\"article:publisher\" content=\"https:\/\/www.facebook.com\/TheFreeAgentFR\/\" \/>\n<meta property=\"article:modified_time\" content=\"2024-07-29T13:17:57+02:00\" \/>\n<meta property=\"og:image\" content=\"https:\/\/theplayoffs.news\/fr\/wp-content\/uploads\/2024\/07\/USATSI_23847427.jpg\" \/>\n\t<meta property=\"og:image:width\" content=\"1920\" \/>\n\t<meta property=\"og:image:height\" content=\"1280\" \/>\n\t<meta property=\"og:image:type\" content=\"image\/jpeg\" \/>\n<meta name=\"author\" content=\"Hugo Da Silva\" \/>\n<meta name=\"twitter:card\" content=\"summary_large_image\" \/>\n<meta name=\"twitter:creator\" content=\"@TheFreeAgentFR\" \/>\n<meta name=\"twitter:site\" content=\"@TheFreeAgentFR\" \/>\n<meta name=\"twitter:label1\" content=\"\u00c9crit par\" \/>\n\t<meta name=\"twitter:data1\" content=\"Hugo Da Silva\" \/>\n\t<meta name=\"twitter:label2\" content=\"Dur\u00e9e de lecture estim\u00e9e\" \/>\n\t<meta name=\"twitter:data2\" content=\"2 minutes\" \/>\n<script type=\"application\/ld+json\" class=\"yoast-schema-graph\">{\"@context\":\"https:\/\/schema.org\",\"@graph\":[{\"@type\":\"WebPage\",\"@id\":\"https:\/\/theplayoffs.news\/fr\/jo2024\/kevin-durant-etait-nerveux-avant-son-brillant-retour\/\",\"url\":\"https:\/\/theplayoffs.news\/fr\/jo2024\/kevin-durant-etait-nerveux-avant-son-brillant-retour\/\",\"name\":\"Kevin Durant \u00e9tait nerveux avant son brillant retour - The Playoffs FR\",\"isPartOf\":{\"@id\":\"https:\/\/theplayoffs.news\/fr\/#website\"},\"primaryImageOfPage\":{\"@id\":\"https:\/\/theplayoffs.news\/fr\/jo2024\/kevin-durant-etait-nerveux-avant-son-brillant-retour\/#primaryimage\"},\"image\":{\"@id\":\"https:\/\/theplayoffs.news\/fr\/jo2024\/kevin-durant-etait-nerveux-avant-son-brillant-retour\/#primaryimage\"},\"thumbnailUrl\":\"https:\/\/theplayoffs.news\/fr\/wp-content\/uploads\/2024\/07\/USATSI_23847427.jpg\",\"datePublished\":\"2024-07-29T11:17:57+00:00\",\"dateModified\":\"2024-07-29T11:17:57+00:00\",\"author\":{\"@id\":\"https:\/\/theplayoffs.news\/fr\/#\/schema\/person\/6873025fdeeef5a5a119a678d88f9eb8\"},\"breadcrumb\":{\"@id\":\"https:\/\/theplayoffs.news\/fr\/jo2024\/kevin-durant-etait-nerveux-avant-son-brillant-retour\/#breadcrumb\"},\"inLanguage\":\"fr-FR\",\"potentialAction\":[{\"@type\":\"ReadAction\",\"target\":[\"https:\/\/theplayoffs.news\/fr\/jo2024\/kevin-durant-etait-nerveux-avant-son-brillant-retour\/\"]}]},{\"@type\":\"ImageObject\",\"inLanguage\":\"fr-FR\",\"@id\":\"https:\/\/theplayoffs.news\/fr\/jo2024\/kevin-durant-etait-nerveux-avant-son-brillant-retour\/#primaryimage\",\"url\":\"https:\/\/theplayoffs.news\/fr\/wp-content\/uploads\/2024\/07\/USATSI_23847427.jpg\",\"contentUrl\":\"https:\/\/theplayoffs.news\/fr\/wp-content\/uploads\/2024\/07\/USATSI_23847427.jpg\",\"width\":1920,\"height\":1280,\"caption\":\"Jul 28, 2024; Villeneuve-d\\\\'Ascq, France; United States guard Kevin Durant (7) after a game against Serbia during the Paris 2024 Olympic Summer Games at Stade Pierre-Mauroy. Mandatory Credit: John David Mercer-USA TODAY Sports\"},{\"@type\":\"BreadcrumbList\",\"@id\":\"https:\/\/theplayoffs.news\/fr\/jo2024\/kevin-durant-etait-nerveux-avant-son-brillant-retour\/#breadcrumb\",\"itemListElement\":[{\"@type\":\"ListItem\",\"position\":1,\"name\":\"Accueil\",\"item\":\"https:\/\/theplayoffs.news\/fr\/\"},{\"@type\":\"ListItem\",\"position\":2,\"name\":\"Kevin Durant \u00e9tait nerveux avant son brillant retour\"}]},{\"@type\":\"WebSite\",\"@id\":\"https:\/\/theplayoffs.news\/fr\/#website\",\"url\":\"https:\/\/theplayoffs.news\/fr\/\",\"name\":\"The Playoffs FR\",\"description\":\"NBA-NFL-NHL-MLB\",\"potentialAction\":[{\"@type\":\"SearchAction\",\"target\":{\"@type\":\"EntryPoint\",\"urlTemplate\":\"https:\/\/theplayoffs.news\/fr\/?s={search_term_string}\"},\"query-input\":{\"@type\":\"PropertyValueSpecification\",\"valueRequired\":true,\"valueName\":\"search_term_string\"}}],\"inLanguage\":\"fr-FR\"},{\"@type\":\"Person\",\"@id\":\"https:\/\/theplayoffs.news\/fr\/#\/schema\/person\/6873025fdeeef5a5a119a678d88f9eb8\",\"name\":\"Hugo Da Silva\",\"image\":{\"@type\":\"ImageObject\",\"inLanguage\":\"fr-FR\",\"@id\":\"https:\/\/theplayoffs.news\/fr\/#\/schema\/person\/image\/\",\"url\":\"https:\/\/secure.gravatar.com\/avatar\/42645c167f2d0d025c99c89a9d5af905f285255ee846e7a777caaecca00b1837?s=96&d=mm&r=g\",\"contentUrl\":\"https:\/\/secure.gravatar.com\/avatar\/42645c167f2d0d025c99c89a9d5af905f285255ee846e7a777caaecca00b1837?s=96&d=mm&r=g\",\"caption\":\"Hugo Da Silva\"},\"url\":\"https:\/\/theplayoffs.news\/fr\/author\/hugodasilva0903gmail-com\/\"}]}<\/script>\n<!-- \/ Yoast SEO plugin. -->","yoast_head_json":{"title":"Kevin Durant &eacute;tait nerveux avant son brillant retour - The Playoffs FR","robots":{"index":"index","follow":"follow","max-snippet":"max-snippet:-1","max-image-preview":"max-image-preview:large","max-video-preview":"max-video-preview:-1"},"canonical":"https:\/\/theplayoffs.news\/fr\/jo2024\/kevin-durant-etait-nerveux-avant-son-brillant-retour\/","og_locale":"fr_FR","og_type":"article","og_title":"Kevin Durant &eacute;tait nerveux avant son brillant retour - The Playoffs FR","og_url":"https:\/\/theplayoffs.news\/fr\/jo2024\/kevin-durant-etait-nerveux-avant-son-brillant-retour\/","og_site_name":"The Playoffs FR","article_publisher":"https:\/\/www.facebook.com\/TheFreeAgentFR\/","og_image":[{"width":1920,"height":1280,"url":"https:\/\/theplayoffs.news\/fr\/wp-content\/uploads\/2024\/07\/USATSI_23847427.jpg","type":"image\/jpeg"}],"author":"Hugo Da Silva","twitter_card":"summary_large_image","twitter_creator":"@TheFreeAgentFR","twitter_site":"@TheFreeAgentFR","twitter_misc":{"\u00c9crit par":"Hugo Da Silva","Dur\u00e9e de lecture estim\u00e9e":"2 minutes"},"schema":{"@context":"https:\/\/schema.org","@graph":[{"@type":"WebPage","@id":"https:\/\/theplayoffs.news\/fr\/jo2024\/kevin-durant-etait-nerveux-avant-son-brillant-retour\/","url":"https:\/\/theplayoffs.news\/fr\/jo2024\/kevin-durant-etait-nerveux-avant-son-brillant-retour\/","name":"Kevin Durant \u00e9tait nerveux avant son brillant retour - The Playoffs FR","isPartOf":{"@id":"https:\/\/theplayoffs.news\/fr\/#website"},"primaryImageOfPage":{"@id":"https:\/\/theplayoffs.news\/fr\/jo2024\/kevin-durant-etait-nerveux-avant-son-brillant-retour\/#primaryimage"},"image":{"@id":"https:\/\/theplayoffs.news\/fr\/jo2024\/kevin-durant-etait-nerveux-avant-son-brillant-retour\/#primaryimage"},"thumbnailUrl":"https:\/\/theplayoffs.news\/fr\/wp-content\/uploads\/2024\/07\/USATSI_23847427.jpg","datePublished":"2024-07-29T11:17:57+00:00","dateModified":"2024-07-29T11:17:57+00:00","author":{"@id":"https:\/\/theplayoffs.news\/fr\/#\/schema\/person\/6873025fdeeef5a5a119a678d88f9eb8"},"breadcrumb":{"@id":"https:\/\/theplayoffs.news\/fr\/jo2024\/kevin-durant-etait-nerveux-avant-son-brillant-retour\/#breadcrumb"},"inLanguage":"fr-FR","potentialAction":[{"@type":"ReadAction","target":["https:\/\/theplayoffs.news\/fr\/jo2024\/kevin-durant-etait-nerveux-avant-son-brillant-retour\/"]}]},{"@type":"ImageObject","inLanguage":"fr-FR","@id":"https:\/\/theplayoffs.news\/fr\/jo2024\/kevin-durant-etait-nerveux-avant-son-brillant-retour\/#primaryimage","url":"https:\/\/theplayoffs.news\/fr\/wp-content\/uploads\/2024\/07\/USATSI_23847427.jpg","contentUrl":"https:\/\/theplayoffs.news\/fr\/wp-content\/uploads\/2024\/07\/USATSI_23847427.jpg","width":1920,"height":1280,"caption":"Jul 28, 2024; Villeneuve-d\\'Ascq, France; United States guard Kevin Durant (7) after a game against Serbia during the Paris 2024 Olympic Summer Games at Stade Pierre-Mauroy. Mandatory Credit: John David Mercer-USA TODAY Sports"},{"@type":"BreadcrumbList","@id":"https:\/\/theplayoffs.news\/fr\/jo2024\/kevin-durant-etait-nerveux-avant-son-brillant-retour\/#breadcrumb","itemListElement":[{"@type":"ListItem","position":1,"name":"Accueil","item":"https:\/\/theplayoffs.news\/fr\/"},{"@type":"ListItem","position":2,"name":"Kevin Durant \u00e9tait nerveux avant son brillant retour"}]},{"@type":"WebSite","@id":"https:\/\/theplayoffs.news\/fr\/#website","url":"https:\/\/theplayoffs.news\/fr\/","name":"The Playoffs FR","description":"NBA-NFL-NHL-MLB","potentialAction":[{"@type":"SearchAction","target":{"@type":"EntryPoint","urlTemplate":"https:\/\/theplayoffs.news\/fr\/?s={search_term_string}"},"query-input":{"@type":"PropertyValueSpecification","valueRequired":true,"valueName":"search_term_string"}}],"inLanguage":"fr-FR"},{"@type":"Person","@id":"https:\/\/theplayoffs.news\/fr\/#\/schema\/person\/6873025fdeeef5a5a119a678d88f9eb8","name":"Hugo Da Silva","image":{"@type":"ImageObject","inLanguage":"fr-FR","@id":"https:\/\/theplayoffs.news\/fr\/#\/schema\/person\/image\/","url":"https:\/\/secure.gravatar.com\/avatar\/42645c167f2d0d025c99c89a9d5af905f285255ee846e7a777caaecca00b1837?s=96&d=mm&r=g","contentUrl":"https:\/\/secure.gravatar.com\/avatar\/42645c167f2d0d025c99c89a9d5af905f285255ee846e7a777caaecca00b1837?s=96&d=mm&r=g","caption":"Hugo Da Silva"},"url":"https:\/\/theplayoffs.news\/fr\/author\/hugodasilva0903gmail-com\/"}]}},"_links":{"self":[{"href":"https:\/\/theplayoffs.news\/fr\/wp-json\/wp\/v2\/posts\/1447929","targetHints":{"allow":["GET"]}}],"collection":[{"href":"https:\/\/theplayoffs.news\/fr\/wp-json\/wp\/v2\/posts"}],"about":[{"href":"https:\/\/theplayoffs.news\/fr\/wp-json\/wp\/v2\/types\/post"}],"author":[{"embeddable":true,"href":"https:\/\/theplayoffs.news\/fr\/wp-json\/wp\/v2\/users\/180310252"}],"replies":[{"embeddable":true,"href":"https:\/\/theplayoffs.news\/fr\/wp-json\/wp\/v2\/comments?post=1447929"}],"version-history":[{"count":1,"href":"https:\/\/theplayoffs.news\/fr\/wp-json\/wp\/v2\/posts\/1447929\/revisions"}],"predecessor-version":[{"id":1447937,"href":"https:\/\/theplayoffs.news\/fr\/wp-json\/wp\/v2\/posts\/1447929\/revisions\/1447937"}],"wp:featuredmedia":[{"embeddable":true,"href":"https:\/\/theplayoffs.news\/fr\/wp-json\/wp\/v2\/media\/1447934"}],"wp:attachment":[{"href":"https:\/\/theplayoffs.news\/fr\/wp-json\/wp\/v2\/media?parent=1447929"}],"wp:term":[{"taxonomy":"category","embeddable":true,"href":"https:\/\/theplayoffs.news\/fr\/wp-json\/wp\/v2\/categories?post=1447929"},{"taxonomy":"post_tag","embeddable":true,"href":"https:\/\/theplayoffs.news\/fr\/wp-json\/wp\/v2\/tags?post=1447929"},{"taxonomy":"sport","embeddable":true,"href":"https:\/\/theplayoffs.news\/fr\/wp-json\/wp\/v2\/sport?post=1447929"},{"taxonomy":"saison","embeddable":true,"href":"https:\/\/theplayoffs.news\/fr\/wp-json\/wp\/v2\/saison?post=1447929"}],"curies":[{"name":"wp","href":"https:\/\/api.w.org\/{rel}","templated":true}]}}