{"id":1447786,"date":"2024-07-28T15:36:29","date_gmt":"2024-07-28T13:36:29","guid":{"rendered":"https:\/\/theplayoffs.news\/fr\/?p=1447786"},"modified":"2024-07-28T15:19:36","modified_gmt":"2024-07-28T13:19:36","slug":"kirill-marchenko-prolonge-blue-jackets","status":"publish","type":"post","link":"https:\/\/theplayoffs.news\/fr\/actualite-nhl\/kirill-marchenko-prolonge-blue-jackets\/","title":{"rendered":"Kirill Marchenko prolonge avec les Blue Jackets"},"content":{"rendered":"<h2 class=\"p1\">Les Blue Jackets de Columbus ont r&eacute;ussi &agrave; signer une prolongation de contrat de trois ans avec l&rsquo;attaquant Kirill Marchenko, &eacute;vitant ainsi la n&eacute;cessit&eacute; d&rsquo;une audience d&rsquo;arbitrage.<\/h2><p>Le montant du contrat est de 3.85 millions de dollars annuels.<\/p><blockquote class=\"twitter-tweet\" data-width=\"500\" data-dnt=\"true\">\n<p lang=\"en\" dir=\"ltr\">Kirill Marchenko has agreed to terms on 3 year $3.850 AAV extension with <a href=\"https:\/\/twitter.com\/hashtag\/CBJ?src=hash&amp;ref_src=twsrc%5Etfw\" class=\"trk-cta-link\" data-cta-trk='{\"ctaType\":\"Link\",\"ctaSubType\":\"main\"}'>#CBJ<\/a>  P.S. From Ann Arbor with love, Go Blue! <a href=\"https:\/\/twitter.com\/hashtag\/WeAreGoldStar?src=hash&amp;ref_src=twsrc%5Etfw\" class=\"trk-cta-link\" data-cta-trk='{\"ctaType\":\"Link\",\"ctaSubType\":\"main\"}'>#WeAreGoldStar<\/a>! <a href=\"https:\/\/t.co\/3XqmO6Xyzn\" class=\"trk-cta-link\" data-cta-trk='{\"ctaType\":\"Link\",\"ctaSubType\":\"main\"}'>pic.twitter.com\/3XqmO6Xyzn<\/a><\/p>\n<p>&mdash; Dan Milstein (@HockeyAgent1) <a href=\"https:\/\/twitter.com\/HockeyAgent1\/status\/1817542101564821576?ref_src=twsrc%5Etfw\" class=\"trk-cta-link\" data-cta-trk='{\"ctaType\":\"Link\",\"ctaSubType\":\"main\"}'>July 28, 2024<\/a><\/p><\/blockquote><p><script async src=\"https:\/\/platform.twitter.com\/widgets.js\" charset=\"utf-8\"><\/script><\/p><p class=\"p1\">Kirill Marchenko, qui a connu une saison recrue int&eacute;ressante, est consid&eacute;r&eacute; comme une pi&egrave;ce ma&icirc;tresse de l&rsquo;avenir de l&rsquo;&eacute;quipe.<\/p><p class=\"p1\">Kirill Marchenko, s&eacute;lectionn&eacute; en 49e position au rep&ecirc;chage de la LNH en 2018, a fait le saut dans la LNH la saison derni&egrave;re apr&egrave;s un passage dans la KHL et la AHL.<\/p><p class=\"p1\">Lors de sa saison rookie avec les Blue Jackets, il a disput&eacute; 59 matchs, marquant 21 buts et ajoutant 4 passes, pour un total de 25 points. Cette performance, surtout compte tenu de son d&eacute;ploiement initial en bas de la formation, a solidifi&eacute; sa place en tant qu&rsquo;attaquant de premier plan &agrave; la fin de la saison.<\/p><p class=\"p1\">L&rsquo;ailier droit de 23 ans s&rsquo;est distingu&eacute; par son tir puissant et sa capacit&eacute; &agrave; marquer des buts, comme en t&eacute;moigne <a href=\"https:\/\/twitter.com\/NHL\/status\/1642693940833841152?ref_src=twsrc%5Etfw%7Ctwcamp%5Etweetembed%7Ctwterm%5E1642693940833841152%7Ctwgr%5E2c7ed033c560385e8c23edda9d3cd661cd9ec64f%7Ctwcon%5Es1_c10&amp;ref_url=https%3A%2F%2Funionandblue.com%2F2023%2F06%2F09%2Fcolumbus-blue-jackets-season-review-kirill-marchenko%2F\" class=\"trk-cta-link\" data-cta-trk='{\"ctaType\":\"Link\",\"ctaSubType\":\"main\"}'>son record de franchise pour le plus grand nombre de buts<\/a> par un recrue.<\/p><blockquote class=\"twitter-tweet\" data-width=\"500\" data-dnt=\"true\">\n<p lang=\"en\" dir=\"ltr\">Kirill Marchenko nets the <a href=\"https:\/\/twitter.com\/Energizer?ref_src=twsrc%5Etfw\" class=\"trk-cta-link\" data-cta-trk='{\"ctaType\":\"Link\",\"ctaSubType\":\"main\"}'>@Energizer<\/a> OT winner while breaking the <a href=\"https:\/\/twitter.com\/BlueJacketsNHL?ref_src=twsrc%5Etfw\" class=\"trk-cta-link\" data-cta-trk='{\"ctaType\":\"Link\",\"ctaSubType\":\"main\"}'>@BlueJacketsNHL<\/a> franchise record for most goals scored by a rookie. &#129327; <a href=\"https:\/\/t.co\/1XqDQ2gLgq\" class=\"trk-cta-link\" data-cta-trk='{\"ctaType\":\"Link\",\"ctaSubType\":\"main\"}'>pic.twitter.com\/1XqDQ2gLgq<\/a><\/p>\n<p>&mdash; NHL (@NHL) <a href=\"https:\/\/twitter.com\/NHL\/status\/1642693940833841152?ref_src=twsrc%5Etfw\" class=\"trk-cta-link\" data-cta-trk='{\"ctaType\":\"Link\",\"ctaSubType\":\"main\"}'>April 3, 2023<\/a><\/p><\/blockquote><p><script async src=\"https:\/\/platform.twitter.com\/widgets.js\" charset=\"utf-8\"><\/script><\/p><p class=\"p1\">La prolongation de contrat de <a href=\"https:\/\/theplayoffs.news\/fr\/joueur\/kirill-marchenko-nhl-9175992\/\" class=\"trk-cta-link\" data-cta-trk='{\"ctaType\":\"Link\",\"ctaSubType\":\"main\"}'><strong>Kirill Marchenko<\/strong><\/a> refl&egrave;te la confiance de l&rsquo;&eacute;quipe en son potentiel &agrave; devenir une arme offensive cl&eacute;.<\/p><p class=\"p1\">Le jeune attaquant russe est attendu pour continuer sur sa trajectoire ascendante, et l&rsquo;&eacute;quipe esp&egrave;re qu&rsquo;il d&eacute;passera son pr&eacute;c&eacute;dent total de buts dans les saisons &agrave; venir.<\/p><p>&nbsp;<\/p><p>&nbsp;<\/p><p>Credit photo : James Guillory-USA TODAY Sports<\/p>\n","protected":false},"excerpt":{"rendered":"","protected":false},"author":180309799,"featured_media":1447787,"comment_status":"open","ping_status":"closed","sticky":false,"template":"","format":"standard","meta":{"inline_featured_image":false,"kia_subtitle":"","_mux_skip_reasons":[],"proofreadBy":0,"footnotes":""},"categories":[187,26],"tags":[329,7578],"sport":[],"saison":[],"class_list":["post-1447786","post","type-post","status-publish","format-standard","has-post-thumbnail","hentry","category-actualite-nhl","category-nhl","tag-columbus-blue-jackets","tag-kirill-marchenko"],"acf":[],"yoast_head":"<!-- This site is optimized with the Yoast SEO plugin v24.2 - https:\/\/yoast.com\/wordpress\/plugins\/seo\/ -->\n<title>Kirill Marchenko prolonge avec les Blue Jackets - The Playoffs FR<\/title>\n<meta name=\"robots\" content=\"index, follow, max-snippet:-1, max-image-preview:large, max-video-preview:-1\" \/>\n<link rel=\"canonical\" href=\"https:\/\/theplayoffs.news\/fr\/actualite-nhl\/kirill-marchenko-prolonge-blue-jackets\/\" \/>\n<meta property=\"og:locale\" content=\"fr_FR\" \/>\n<meta property=\"og:type\" content=\"article\" \/>\n<meta property=\"og:title\" content=\"Kirill Marchenko prolonge avec les Blue Jackets - The Playoffs FR\" \/>\n<meta property=\"og:url\" content=\"https:\/\/theplayoffs.news\/fr\/actualite-nhl\/kirill-marchenko-prolonge-blue-jackets\/\" \/>\n<meta property=\"og:site_name\" content=\"The Playoffs FR\" \/>\n<meta property=\"article:publisher\" content=\"https:\/\/www.facebook.com\/TheFreeAgentFR\/\" \/>\n<meta property=\"article:modified_time\" content=\"2024-07-28T15:36:29+02:00\" \/>\n<meta property=\"og:image\" content=\"https:\/\/theplayoffs.news\/fr\/wp-content\/uploads\/2024\/07\/USATSI_22968631.jpg\" \/>\n\t<meta property=\"og:image:width\" content=\"1920\" \/>\n\t<meta property=\"og:image:height\" content=\"1226\" \/>\n\t<meta property=\"og:image:type\" content=\"image\/jpeg\" \/>\n<meta name=\"author\" content=\"La r\u00e9daction\" \/>\n<meta name=\"twitter:card\" content=\"summary_large_image\" \/>\n<meta name=\"twitter:creator\" content=\"@TheFreeAgentFR\" \/>\n<meta name=\"twitter:site\" content=\"@TheFreeAgentFR\" \/>\n<meta name=\"twitter:label1\" content=\"\u00c9crit par\" \/>\n\t<meta name=\"twitter:data1\" content=\"La r\u00e9daction\" \/>\n\t<meta name=\"twitter:label2\" content=\"Dur\u00e9e de lecture estim\u00e9e\" \/>\n\t<meta name=\"twitter:data2\" content=\"1 minute\" \/>\n<script type=\"application\/ld+json\" class=\"yoast-schema-graph\">{\"@context\":\"https:\/\/schema.org\",\"@graph\":[{\"@type\":\"WebPage\",\"@id\":\"https:\/\/theplayoffs.news\/fr\/actualite-nhl\/kirill-marchenko-prolonge-blue-jackets\/\",\"url\":\"https:\/\/theplayoffs.news\/fr\/actualite-nhl\/kirill-marchenko-prolonge-blue-jackets\/\",\"name\":\"Kirill Marchenko prolonge avec les Blue Jackets - The Playoffs FR\",\"isPartOf\":{\"@id\":\"https:\/\/theplayoffs.news\/fr\/#website\"},\"primaryImageOfPage\":{\"@id\":\"https:\/\/theplayoffs.news\/fr\/actualite-nhl\/kirill-marchenko-prolonge-blue-jackets\/#primaryimage\"},\"image\":{\"@id\":\"https:\/\/theplayoffs.news\/fr\/actualite-nhl\/kirill-marchenko-prolonge-blue-jackets\/#primaryimage\"},\"thumbnailUrl\":\"https:\/\/theplayoffs.news\/fr\/wp-content\/uploads\/2024\/07\/USATSI_22968631.jpg\",\"datePublished\":\"2024-07-28T13:36:29+00:00\",\"dateModified\":\"2024-07-28T15:36:29+02:00\",\"author\":{\"@id\":\"https:\/\/theplayoffs.news\/fr\/#\/schema\/person\/bb40426f4e478f9bd8cdbfeb4f2f9784\"},\"breadcrumb\":{\"@id\":\"https:\/\/theplayoffs.news\/fr\/actualite-nhl\/kirill-marchenko-prolonge-blue-jackets\/#breadcrumb\"},\"inLanguage\":\"fr-FR\",\"potentialAction\":[{\"@type\":\"ReadAction\",\"target\":[\"https:\/\/theplayoffs.news\/fr\/actualite-nhl\/kirill-marchenko-prolonge-blue-jackets\/\"]}]},{\"@type\":\"ImageObject\",\"inLanguage\":\"fr-FR\",\"@id\":\"https:\/\/theplayoffs.news\/fr\/actualite-nhl\/kirill-marchenko-prolonge-blue-jackets\/#primaryimage\",\"url\":\"https:\/\/theplayoffs.news\/fr\/wp-content\/uploads\/2024\/07\/USATSI_22968631.jpg\",\"contentUrl\":\"https:\/\/theplayoffs.news\/fr\/wp-content\/uploads\/2024\/07\/USATSI_22968631.jpg\",\"width\":1920,\"height\":1226,\"caption\":\"Apr 7, 2024; Raleigh, North Carolina, USA; Columbus Blue Jackets right wing Kirill Marchenko (86) looks up against the Carolina Hurricanes during the first period at PNC Arena. Mandatory Credit: James Guillory-USA TODAY Sports\"},{\"@type\":\"BreadcrumbList\",\"@id\":\"https:\/\/theplayoffs.news\/fr\/actualite-nhl\/kirill-marchenko-prolonge-blue-jackets\/#breadcrumb\",\"itemListElement\":[{\"@type\":\"ListItem\",\"position\":1,\"name\":\"Accueil\",\"item\":\"https:\/\/theplayoffs.news\/fr\/\"},{\"@type\":\"ListItem\",\"position\":2,\"name\":\"Kirill Marchenko prolonge avec les Blue Jackets\"}]},{\"@type\":\"WebSite\",\"@id\":\"https:\/\/theplayoffs.news\/fr\/#website\",\"url\":\"https:\/\/theplayoffs.news\/fr\/\",\"name\":\"The Playoffs FR\",\"description\":\"NBA-NFL-NHL-MLB\",\"potentialAction\":[{\"@type\":\"SearchAction\",\"target\":{\"@type\":\"EntryPoint\",\"urlTemplate\":\"https:\/\/theplayoffs.news\/fr\/?s={search_term_string}\"},\"query-input\":{\"@type\":\"PropertyValueSpecification\",\"valueRequired\":true,\"valueName\":\"search_term_string\"}}],\"inLanguage\":\"fr-FR\"},{\"@type\":\"Person\",\"@id\":\"https:\/\/theplayoffs.news\/fr\/#\/schema\/person\/bb40426f4e478f9bd8cdbfeb4f2f9784\",\"name\":\"La r\u00e9daction\",\"image\":{\"@type\":\"ImageObject\",\"inLanguage\":\"fr-FR\",\"@id\":\"https:\/\/theplayoffs.news\/fr\/#\/schema\/person\/image\/\",\"url\":\"https:\/\/secure.gravatar.com\/avatar\/7e69b41460ab2c17d61c8c364b6a0ee006f957a70191383ef42be1f4733d6515?s=96&d=mm&r=g\",\"contentUrl\":\"https:\/\/secure.gravatar.com\/avatar\/7e69b41460ab2c17d61c8c364b6a0ee006f957a70191383ef42be1f4733d6515?s=96&d=mm&r=g\",\"caption\":\"La r\u00e9daction\"},\"description\":\"On dit qu\\\\'il faut un village pour s\\\\'occuper d\\\\'un enfant. Et bien c\\\\'est exactement ce dont il s\\\\'agit ici pour The Playoffs. La r\u00e9daction, ce sont vos r\u00e9dacteurs pr\u00e9f\u00e9r\u00e9s qui collaborent sur ces articles que vous lisez au quotidien.\u00a0\",\"url\":\"https:\/\/theplayoffs.news\/fr\/author\/freeagentfr\/\"}]}<\/script>\n<!-- \/ Yoast SEO plugin. -->","yoast_head_json":{"title":"Kirill Marchenko prolonge avec les Blue Jackets - The Playoffs FR","robots":{"index":"index","follow":"follow","max-snippet":"max-snippet:-1","max-image-preview":"max-image-preview:large","max-video-preview":"max-video-preview:-1"},"canonical":"https:\/\/theplayoffs.news\/fr\/actualite-nhl\/kirill-marchenko-prolonge-blue-jackets\/","og_locale":"fr_FR","og_type":"article","og_title":"Kirill Marchenko prolonge avec les Blue Jackets - The Playoffs FR","og_url":"https:\/\/theplayoffs.news\/fr\/actualite-nhl\/kirill-marchenko-prolonge-blue-jackets\/","og_site_name":"The Playoffs FR","article_publisher":"https:\/\/www.facebook.com\/TheFreeAgentFR\/","article_modified_time":"2024-07-28T13:19:36+00:00","og_image":[{"width":1920,"height":1226,"url":"https:\/\/theplayoffs.news\/fr\/wp-content\/uploads\/2024\/07\/USATSI_22968631.jpg","type":"image\/jpeg"}],"author":"La r\u00e9daction","twitter_card":"summary_large_image","twitter_creator":"@TheFreeAgentFR","twitter_site":"@TheFreeAgentFR","twitter_misc":{"\u00c9crit par":"La r\u00e9daction","Dur\u00e9e de lecture estim\u00e9e":"1 minute"},"schema":{"@context":"https:\/\/schema.org","@graph":[{"@type":"WebPage","@id":"https:\/\/theplayoffs.news\/fr\/actualite-nhl\/kirill-marchenko-prolonge-blue-jackets\/","url":"https:\/\/theplayoffs.news\/fr\/actualite-nhl\/kirill-marchenko-prolonge-blue-jackets\/","name":"Kirill Marchenko prolonge avec les Blue Jackets - The Playoffs FR","isPartOf":{"@id":"https:\/\/theplayoffs.news\/fr\/#website"},"primaryImageOfPage":{"@id":"https:\/\/theplayoffs.news\/fr\/actualite-nhl\/kirill-marchenko-prolonge-blue-jackets\/#primaryimage"},"image":{"@id":"https:\/\/theplayoffs.news\/fr\/actualite-nhl\/kirill-marchenko-prolonge-blue-jackets\/#primaryimage"},"thumbnailUrl":"https:\/\/theplayoffs.news\/fr\/wp-content\/uploads\/2024\/07\/USATSI_22968631.jpg","datePublished":"2024-07-28T13:36:29+00:00","dateModified":"2024-07-28T15:36:29+02:00","author":{"@id":"https:\/\/theplayoffs.news\/fr\/#\/schema\/person\/bb40426f4e478f9bd8cdbfeb4f2f9784"},"breadcrumb":{"@id":"https:\/\/theplayoffs.news\/fr\/actualite-nhl\/kirill-marchenko-prolonge-blue-jackets\/#breadcrumb"},"inLanguage":"fr-FR","potentialAction":[{"@type":"ReadAction","target":["https:\/\/theplayoffs.news\/fr\/actualite-nhl\/kirill-marchenko-prolonge-blue-jackets\/"]}]},{"@type":"ImageObject","inLanguage":"fr-FR","@id":"https:\/\/theplayoffs.news\/fr\/actualite-nhl\/kirill-marchenko-prolonge-blue-jackets\/#primaryimage","url":"https:\/\/theplayoffs.news\/fr\/wp-content\/uploads\/2024\/07\/USATSI_22968631.jpg","contentUrl":"https:\/\/theplayoffs.news\/fr\/wp-content\/uploads\/2024\/07\/USATSI_22968631.jpg","width":1920,"height":1226,"caption":"Apr 7, 2024; Raleigh, North Carolina, USA; Columbus Blue Jackets right wing Kirill Marchenko (86) looks up against the Carolina Hurricanes during the first period at PNC Arena. Mandatory Credit: James Guillory-USA TODAY Sports"},{"@type":"BreadcrumbList","@id":"https:\/\/theplayoffs.news\/fr\/actualite-nhl\/kirill-marchenko-prolonge-blue-jackets\/#breadcrumb","itemListElement":[{"@type":"ListItem","position":1,"name":"Accueil","item":"https:\/\/theplayoffs.news\/fr\/"},{"@type":"ListItem","position":2,"name":"Kirill Marchenko prolonge avec les Blue Jackets"}]},{"@type":"WebSite","@id":"https:\/\/theplayoffs.news\/fr\/#website","url":"https:\/\/theplayoffs.news\/fr\/","name":"The Playoffs FR","description":"NBA-NFL-NHL-MLB","potentialAction":[{"@type":"SearchAction","target":{"@type":"EntryPoint","urlTemplate":"https:\/\/theplayoffs.news\/fr\/?s={search_term_string}"},"query-input":{"@type":"PropertyValueSpecification","valueRequired":true,"valueName":"search_term_string"}}],"inLanguage":"fr-FR"},{"@type":"Person","@id":"https:\/\/theplayoffs.news\/fr\/#\/schema\/person\/bb40426f4e478f9bd8cdbfeb4f2f9784","name":"La r\u00e9daction","image":{"@type":"ImageObject","inLanguage":"fr-FR","@id":"https:\/\/theplayoffs.news\/fr\/#\/schema\/person\/image\/","url":"https:\/\/secure.gravatar.com\/avatar\/7e69b41460ab2c17d61c8c364b6a0ee006f957a70191383ef42be1f4733d6515?s=96&d=mm&r=g","contentUrl":"https:\/\/secure.gravatar.com\/avatar\/7e69b41460ab2c17d61c8c364b6a0ee006f957a70191383ef42be1f4733d6515?s=96&d=mm&r=g","caption":"La r\u00e9daction"},"description":"On dit qu\\'il faut un village pour s\\'occuper d\\'un enfant. Et bien c\\'est exactement ce dont il s\\'agit ici pour The Playoffs. La r\u00e9daction, ce sont vos r\u00e9dacteurs pr\u00e9f\u00e9r\u00e9s qui collaborent sur ces articles que vous lisez au quotidien.\u00a0","url":"https:\/\/theplayoffs.news\/fr\/author\/freeagentfr\/"}]}},"_links":{"self":[{"href":"https:\/\/theplayoffs.news\/fr\/wp-json\/wp\/v2\/posts\/1447786","targetHints":{"allow":["GET"]}}],"collection":[{"href":"https:\/\/theplayoffs.news\/fr\/wp-json\/wp\/v2\/posts"}],"about":[{"href":"https:\/\/theplayoffs.news\/fr\/wp-json\/wp\/v2\/types\/post"}],"author":[{"embeddable":true,"href":"https:\/\/theplayoffs.news\/fr\/wp-json\/wp\/v2\/users\/180309799"}],"replies":[{"embeddable":true,"href":"https:\/\/theplayoffs.news\/fr\/wp-json\/wp\/v2\/comments?post=1447786"}],"version-history":[{"count":3,"href":"https:\/\/theplayoffs.news\/fr\/wp-json\/wp\/v2\/posts\/1447786\/revisions"}],"predecessor-version":[{"id":1447792,"href":"https:\/\/theplayoffs.news\/fr\/wp-json\/wp\/v2\/posts\/1447786\/revisions\/1447792"}],"wp:featuredmedia":[{"embeddable":true,"href":"https:\/\/theplayoffs.news\/fr\/wp-json\/wp\/v2\/media\/1447787"}],"wp:attachment":[{"href":"https:\/\/theplayoffs.news\/fr\/wp-json\/wp\/v2\/media?parent=1447786"}],"wp:term":[{"taxonomy":"category","embeddable":true,"href":"https:\/\/theplayoffs.news\/fr\/wp-json\/wp\/v2\/categories?post=1447786"},{"taxonomy":"post_tag","embeddable":true,"href":"https:\/\/theplayoffs.news\/fr\/wp-json\/wp\/v2\/tags?post=1447786"},{"taxonomy":"sport","embeddable":true,"href":"https:\/\/theplayoffs.news\/fr\/wp-json\/wp\/v2\/sport?post=1447786"},{"taxonomy":"saison","embeddable":true,"href":"https:\/\/theplayoffs.news\/fr\/wp-json\/wp\/v2\/saison?post=1447786"}],"curies":[{"name":"wp","href":"https:\/\/api.w.org\/{rel}","templated":true}]}}