{"id":1447558,"date":"2024-07-27T09:15:22","date_gmt":"2024-07-27T07:15:22","guid":{"rendered":"https:\/\/theplayoffs.news\/fr\/?p=1447558"},"modified":"2024-07-27T09:15:22","modified_gmt":"2024-07-27T07:15:22","slug":"jo-2024-la-ceremonie-douverture-en-photos","status":"publish","type":"post","link":"https:\/\/theplayoffs.news\/fr\/jo2024\/jo-2024-la-ceremonie-douverture-en-photos\/","title":{"rendered":"JO 2024 : la c\u00e9r\u00e9monie d&rsquo;ouverture en photos"},"content":{"rendered":"<h2>Que les Jeux Olympiques de Paris 2024 commencent !<\/h2><p>Hier soir avait lieu la c&eacute;r&eacute;monie d&rsquo;ouverture des jeux Olympiques de Paris 2024 avec un d&eacute;roul&eacute; in&eacute;dit. Habituellement r&eacute;alis&eacute;e dans un stade, la c&eacute;r&eacute;monie d&rsquo;ouverture s&rsquo;est export&eacute;e en plein air sur la Seine.<\/p><p>Une grande premi&egrave;re pour des jeux Olympiques.<\/p><p>Les 206 d&eacute;l&eacute;gations ont d&eacute;fil&eacute; sur la Seine, en commen&ccedil;ant comme le veux la tradition, par la Gr&egrave;ce et son porte drapeau, Giannis Antetokounmpo. L&rsquo;Australie, les &Eacute;tats-Unis men&eacute;s par Coco Gauff et LeBron James, et enfin la France ont clotur&eacute; le d&eacute;fil&eacute;.<\/p><p>Sur le Champs de mars, Zinedine Zidane a r&eacute;cup&eacute;r&eacute; la flamme Olympique pour entammer le dernier relais qui aura vu Rafael Nadal, Serena Williams, Carl Lewis, Nadia Com&#259;neci apporter la flamme &agrave; Am&eacute;lie Mauresmo.<\/p><p>S&rsquo;en sont suivi les plus grands athl&egrave;tes fran&ccedil;ais avec Tony Parker, David Douillet, Laure Manaudou qui ont finalement donn&eacute; la flamme aux derniers relayeur : Marie Jose Perec et Teddy Rinner.<\/p><p>La vasque, une mongolfi&egrave;re, flotera dans le ciel de Paris jusqu&rsquo;au 11 ao&ucirc;t prochain.<\/p><h3>Les photos de la c&eacute;r&eacute;monie d&rsquo;ouverture des Jeux Olympiques de Paris 2024<\/h3><p>\n<div id=\"attachment_1447562\" style=\"width: 1930px\" class=\"wp-caption alignnone\"><img loading=\"lazy\" decoding=\"async\" aria-describedby=\"caption-attachment-1447562\" class=\"size-full wp-image-1447562\" src=\"https:\/\/theplayoffs.news\/fr\/wp-content\/uploads\/2024\/07\/USATSI_23831957.jpg\" alt=\"\" width=\"1920\" height=\"1279\" srcset=\"https:\/\/theplayoffs.news\/fr\/wp-content\/uploads\/2024\/07\/USATSI_23831957.jpg 1920w, https:\/\/theplayoffs.news\/fr\/wp-content\/uploads\/2024\/07\/USATSI_23831957-300x200.jpg 300w, https:\/\/theplayoffs.news\/fr\/wp-content\/uploads\/2024\/07\/USATSI_23831957-1030x686.jpg 1030w, https:\/\/theplayoffs.news\/fr\/wp-content\/uploads\/2024\/07\/USATSI_23831957-768x512.jpg 768w, https:\/\/theplayoffs.news\/fr\/wp-content\/uploads\/2024\/07\/USATSI_23831957-1320x879.jpg 1320w\" sizes=\"auto, (max-width: 1920px) 100vw, 1920px\" \/><p id=\"caption-attachment-1447562\" class=\"wp-caption-text\">Jul 26, 2024; Paris, FRANCE; A spectator holds an umbrella as the Olympic rings on the Eiffel Tower are lit during the Opening Ceremony for the Paris 2024 Olympic Summer Games along the Seine River. Mandatory Credit: Andrew P. Scott-USA TODAY Sports<\/p><\/div>\n<div id=\"attachment_1447573\" style=\"width: 1930px\" class=\"wp-caption alignnone\"><img loading=\"lazy\" decoding=\"async\" aria-describedby=\"caption-attachment-1447573\" class=\"size-full wp-image-1447573\" src=\"https:\/\/theplayoffs.news\/fr\/wp-content\/uploads\/2024\/07\/USATSI_23833150-1.jpg\" alt=\"\" width=\"1920\" height=\"1280\" srcset=\"https:\/\/theplayoffs.news\/fr\/wp-content\/uploads\/2024\/07\/USATSI_23833150-1.jpg 1920w, https:\/\/theplayoffs.news\/fr\/wp-content\/uploads\/2024\/07\/USATSI_23833150-1-300x200.jpg 300w, https:\/\/theplayoffs.news\/fr\/wp-content\/uploads\/2024\/07\/USATSI_23833150-1-1030x687.jpg 1030w, https:\/\/theplayoffs.news\/fr\/wp-content\/uploads\/2024\/07\/USATSI_23833150-1-768x512.jpg 768w, https:\/\/theplayoffs.news\/fr\/wp-content\/uploads\/2024\/07\/USATSI_23833150-1-1320x880.jpg 1320w\" sizes=\"auto, (max-width: 1920px) 100vw, 1920px\" \/><p id=\"caption-attachment-1447573\" class=\"wp-caption-text\">July 26, 2024; Paris, FRANCE; Smoke resembling the flag of Team France is shown over Pont d&rsquo;Austerlitz during the Opening Ceremony for the Paris 2024 Olympic Summer Games. Mandatory Credit: Kyle Terada-USA TODAY Sports<\/p><\/div>\n<div id=\"attachment_1447574\" style=\"width: 1930px\" class=\"wp-caption alignnone\"><img loading=\"lazy\" decoding=\"async\" aria-describedby=\"caption-attachment-1447574\" class=\"size-full wp-image-1447574\" src=\"https:\/\/theplayoffs.news\/fr\/wp-content\/uploads\/2024\/07\/USATSI_23833152.jpg\" alt=\"\" width=\"1920\" height=\"1280\" srcset=\"https:\/\/theplayoffs.news\/fr\/wp-content\/uploads\/2024\/07\/USATSI_23833152.jpg 1920w, https:\/\/theplayoffs.news\/fr\/wp-content\/uploads\/2024\/07\/USATSI_23833152-300x200.jpg 300w, https:\/\/theplayoffs.news\/fr\/wp-content\/uploads\/2024\/07\/USATSI_23833152-1030x687.jpg 1030w, https:\/\/theplayoffs.news\/fr\/wp-content\/uploads\/2024\/07\/USATSI_23833152-768x512.jpg 768w, https:\/\/theplayoffs.news\/fr\/wp-content\/uploads\/2024\/07\/USATSI_23833152-1320x880.jpg 1320w\" sizes=\"auto, (max-width: 1920px) 100vw, 1920px\" \/><p id=\"caption-attachment-1447574\" class=\"wp-caption-text\">July 26, 2024; Paris, FRANCE; Smoke resembling the flag of Team France is shown over Pont d&rsquo;Austerlitz during the Opening Ceremony for the Paris 2024 Olympic Summer Games. Mandatory Credit: Kyle Terada-USA TODAY Sports<\/p><\/div>\n<div id=\"attachment_1447559\" style=\"width: 1930px\" class=\"wp-caption alignnone\"><img loading=\"lazy\" decoding=\"async\" aria-describedby=\"caption-attachment-1447559\" class=\"size-full wp-image-1447559\" src=\"https:\/\/theplayoffs.news\/fr\/wp-content\/uploads\/2024\/07\/USATSI_23830714.jpg\" alt=\"\" width=\"1920\" height=\"1280\" srcset=\"https:\/\/theplayoffs.news\/fr\/wp-content\/uploads\/2024\/07\/USATSI_23830714.jpg 1920w, https:\/\/theplayoffs.news\/fr\/wp-content\/uploads\/2024\/07\/USATSI_23830714-300x200.jpg 300w, https:\/\/theplayoffs.news\/fr\/wp-content\/uploads\/2024\/07\/USATSI_23830714-1030x687.jpg 1030w, https:\/\/theplayoffs.news\/fr\/wp-content\/uploads\/2024\/07\/USATSI_23830714-768x512.jpg 768w, https:\/\/theplayoffs.news\/fr\/wp-content\/uploads\/2024\/07\/USATSI_23830714-1320x880.jpg 1320w\" sizes=\"auto, (max-width: 1920px) 100vw, 1920px\" \/><p id=\"caption-attachment-1447559\" class=\"wp-caption-text\">Jul 26, 2024; Paris, FRANCE; Giannis Antetokounmpo holds the Greek flag as their boat passes by during the Opening Ceremony for the Paris 2024 Olympic Summer Games. Mandatory Credit: Andrew Nelles-USA TODAY Sports<\/p><\/div>\n<div id=\"attachment_1447560\" style=\"width: 1290px\" class=\"wp-caption alignnone\"><img loading=\"lazy\" decoding=\"async\" aria-describedby=\"caption-attachment-1447560\" class=\"size-full wp-image-1447560\" src=\"https:\/\/theplayoffs.news\/fr\/wp-content\/uploads\/2024\/07\/USATSI_23830758.jpg\" alt=\"\" width=\"1280\" height=\"1920\" srcset=\"https:\/\/theplayoffs.news\/fr\/wp-content\/uploads\/2024\/07\/USATSI_23830758.jpg 1280w, https:\/\/theplayoffs.news\/fr\/wp-content\/uploads\/2024\/07\/USATSI_23830758-200x300.jpg 200w, https:\/\/theplayoffs.news\/fr\/wp-content\/uploads\/2024\/07\/USATSI_23830758-687x1030.jpg 687w, https:\/\/theplayoffs.news\/fr\/wp-content\/uploads\/2024\/07\/USATSI_23830758-768x1152.jpg 768w\" sizes=\"auto, (max-width: 1280px) 100vw, 1280px\" \/><p id=\"caption-attachment-1447560\" class=\"wp-caption-text\">Jul 26, 2024; Paris, FRANCE; Giannis Antetokounmpo holds the Greek flag as their boat passes by during the Opening Ceremony for the Paris 2024 Olympic Summer Games. Mandatory Credit: Andrew Nelles-USA TODAY Sports<\/p><\/div>\n<div id=\"attachment_1447561\" style=\"width: 1930px\" class=\"wp-caption alignnone\"><img loading=\"lazy\" decoding=\"async\" aria-describedby=\"caption-attachment-1447561\" class=\"size-full wp-image-1447561\" src=\"https:\/\/theplayoffs.news\/fr\/wp-content\/uploads\/2024\/07\/USATSI_23831764.jpg\" alt=\"\" width=\"1920\" height=\"1280\" srcset=\"https:\/\/theplayoffs.news\/fr\/wp-content\/uploads\/2024\/07\/USATSI_23831764.jpg 1920w, https:\/\/theplayoffs.news\/fr\/wp-content\/uploads\/2024\/07\/USATSI_23831764-300x200.jpg 300w, https:\/\/theplayoffs.news\/fr\/wp-content\/uploads\/2024\/07\/USATSI_23831764-1030x687.jpg 1030w, https:\/\/theplayoffs.news\/fr\/wp-content\/uploads\/2024\/07\/USATSI_23831764-768x512.jpg 768w, https:\/\/theplayoffs.news\/fr\/wp-content\/uploads\/2024\/07\/USATSI_23831764-1320x880.jpg 1320w\" sizes=\"auto, (max-width: 1920px) 100vw, 1920px\" \/><p id=\"caption-attachment-1447561\" class=\"wp-caption-text\">Jul 26, 2024; Paris, FRANCE; The delegation from the United States during the Opening Ceremony for the Paris 2024 Olympic Summer Games. Mandatory Credit: Andrew Nelles-USA TODAY Sports<\/p><\/div>\n<div id=\"attachment_1447570\" style=\"width: 1930px\" class=\"wp-caption alignnone\"><img loading=\"lazy\" decoding=\"async\" aria-describedby=\"caption-attachment-1447570\" class=\"size-full wp-image-1447570\" src=\"https:\/\/theplayoffs.news\/fr\/wp-content\/uploads\/2024\/07\/USATSI_23833092.jpg\" alt=\"\" width=\"1920\" height=\"1280\" srcset=\"https:\/\/theplayoffs.news\/fr\/wp-content\/uploads\/2024\/07\/USATSI_23833092.jpg 1920w, https:\/\/theplayoffs.news\/fr\/wp-content\/uploads\/2024\/07\/USATSI_23833092-300x200.jpg 300w, https:\/\/theplayoffs.news\/fr\/wp-content\/uploads\/2024\/07\/USATSI_23833092-1030x687.jpg 1030w, https:\/\/theplayoffs.news\/fr\/wp-content\/uploads\/2024\/07\/USATSI_23833092-768x512.jpg 768w, https:\/\/theplayoffs.news\/fr\/wp-content\/uploads\/2024\/07\/USATSI_23833092-1320x880.jpg 1320w\" sizes=\"auto, (max-width: 1920px) 100vw, 1920px\" \/><p id=\"caption-attachment-1447570\" class=\"wp-caption-text\">July 26, 2024; Paris, FRANCE; United States flag bearer LeBron James waves the flag of Greece on the team boat along the Seine River during the Opening Ceremony for the Paris 2024 Olympic Summer Games. Mandatory Credit: Kyle Terada-USA TODAY Sports<\/p><\/div>\n<div id=\"attachment_1447571\" style=\"width: 1930px\" class=\"wp-caption alignnone\"><img loading=\"lazy\" decoding=\"async\" aria-describedby=\"caption-attachment-1447571\" class=\"size-full wp-image-1447571\" src=\"https:\/\/theplayoffs.news\/fr\/wp-content\/uploads\/2024\/07\/USATSI_23833096.jpg\" alt=\"\" width=\"1920\" height=\"1280\" srcset=\"https:\/\/theplayoffs.news\/fr\/wp-content\/uploads\/2024\/07\/USATSI_23833096.jpg 1920w, https:\/\/theplayoffs.news\/fr\/wp-content\/uploads\/2024\/07\/USATSI_23833096-300x200.jpg 300w, https:\/\/theplayoffs.news\/fr\/wp-content\/uploads\/2024\/07\/USATSI_23833096-1030x687.jpg 1030w, https:\/\/theplayoffs.news\/fr\/wp-content\/uploads\/2024\/07\/USATSI_23833096-768x512.jpg 768w, https:\/\/theplayoffs.news\/fr\/wp-content\/uploads\/2024\/07\/USATSI_23833096-1320x880.jpg 1320w\" sizes=\"auto, (max-width: 1920px) 100vw, 1920px\" \/><p id=\"caption-attachment-1447571\" class=\"wp-caption-text\">July 26, 2024; Paris, FRANCE; The delegation from the France parade on the Seine River during the Opening Ceremony for the Paris 2024 Olympic Summer Games. Mandatory Credit: Kyle Terada-USA TODAY Sports<\/p><\/div>\n<div id=\"attachment_1447569\" style=\"width: 1930px\" class=\"wp-caption alignnone\"><img loading=\"lazy\" decoding=\"async\" aria-describedby=\"caption-attachment-1447569\" class=\"size-full wp-image-1447569\" src=\"https:\/\/theplayoffs.news\/fr\/wp-content\/uploads\/2024\/07\/USATSI_23832930.jpg\" alt=\"\" width=\"1920\" height=\"1209\" srcset=\"https:\/\/theplayoffs.news\/fr\/wp-content\/uploads\/2024\/07\/USATSI_23832930.jpg 1920w, https:\/\/theplayoffs.news\/fr\/wp-content\/uploads\/2024\/07\/USATSI_23832930-300x189.jpg 300w, https:\/\/theplayoffs.news\/fr\/wp-content\/uploads\/2024\/07\/USATSI_23832930-1030x649.jpg 1030w, https:\/\/theplayoffs.news\/fr\/wp-content\/uploads\/2024\/07\/USATSI_23832930-768x484.jpg 768w, https:\/\/theplayoffs.news\/fr\/wp-content\/uploads\/2024\/07\/USATSI_23832930-1320x831.jpg 1320w\" sizes=\"auto, (max-width: 1920px) 100vw, 1920px\" \/><p id=\"caption-attachment-1447569\" class=\"wp-caption-text\">Jul 26, 2024; Paris, FRANCE; Celine Dion performs under the Olympic rings on the Eiffel Tower during the Opening Ceremony for the Paris 2024 Olympic Summer Games along the Seine River. Mandatory Credit: Andrew P. Scott-USA TODAY Sports<\/p><\/div>\n<div id=\"attachment_1447563\" style=\"width: 1930px\" class=\"wp-caption alignnone\"><img loading=\"lazy\" decoding=\"async\" aria-describedby=\"caption-attachment-1447563\" class=\"size-full wp-image-1447563\" src=\"https:\/\/theplayoffs.news\/fr\/wp-content\/uploads\/2024\/07\/USATSI_23832087.jpg\" alt=\"\" width=\"1920\" height=\"1280\" srcset=\"https:\/\/theplayoffs.news\/fr\/wp-content\/uploads\/2024\/07\/USATSI_23832087.jpg 1920w, https:\/\/theplayoffs.news\/fr\/wp-content\/uploads\/2024\/07\/USATSI_23832087-300x200.jpg 300w, https:\/\/theplayoffs.news\/fr\/wp-content\/uploads\/2024\/07\/USATSI_23832087-1030x687.jpg 1030w, https:\/\/theplayoffs.news\/fr\/wp-content\/uploads\/2024\/07\/USATSI_23832087-768x512.jpg 768w, https:\/\/theplayoffs.news\/fr\/wp-content\/uploads\/2024\/07\/USATSI_23832087-1320x880.jpg 1320w\" sizes=\"auto, (max-width: 1920px) 100vw, 1920px\" \/><p id=\"caption-attachment-1447563\" class=\"wp-caption-text\">Jul 26, 2024; Paris, FRANCE; Participating nations flags are presented inside the Trocadero during the Opening Ceremony for the Paris 2024 Olympic Summer Games along the Seine River. Mandatory Credit: Rob Schumacher-USA TODAY Sports<\/p><\/div>\n<div id=\"attachment_1447564\" style=\"width: 1930px\" class=\"wp-caption alignnone\"><img loading=\"lazy\" decoding=\"async\" aria-describedby=\"caption-attachment-1447564\" class=\"size-full wp-image-1447564\" src=\"https:\/\/theplayoffs.news\/fr\/wp-content\/uploads\/2024\/07\/USATSI_23832185.jpg\" alt=\"\" width=\"1920\" height=\"1341\" srcset=\"https:\/\/theplayoffs.news\/fr\/wp-content\/uploads\/2024\/07\/USATSI_23832185.jpg 1920w, https:\/\/theplayoffs.news\/fr\/wp-content\/uploads\/2024\/07\/USATSI_23832185-300x210.jpg 300w, https:\/\/theplayoffs.news\/fr\/wp-content\/uploads\/2024\/07\/USATSI_23832185-1030x719.jpg 1030w, https:\/\/theplayoffs.news\/fr\/wp-content\/uploads\/2024\/07\/USATSI_23832185-768x536.jpg 768w, https:\/\/theplayoffs.news\/fr\/wp-content\/uploads\/2024\/07\/USATSI_23832185-1320x922.jpg 1320w\" sizes=\"auto, (max-width: 1920px) 100vw, 1920px\" \/><p id=\"caption-attachment-1447564\" class=\"wp-caption-text\">Jul 26, 2024; Paris, FRANCE; The Olympic flag is carried into the Trocadero by Floriane Issert during the Opening Ceremony for the Paris 2024 Olympic Summer Games along the Seine River. Mandatory Credit: Andrew P. Scott-USA TODAY Sports<\/p><\/div>\n<div id=\"attachment_1447565\" style=\"width: 1930px\" class=\"wp-caption alignnone\"><img loading=\"lazy\" decoding=\"async\" aria-describedby=\"caption-attachment-1447565\" class=\"size-full wp-image-1447565\" src=\"https:\/\/theplayoffs.news\/fr\/wp-content\/uploads\/2024\/07\/USATSI_23832191.jpg\" alt=\"\" width=\"1920\" height=\"1282\" srcset=\"https:\/\/theplayoffs.news\/fr\/wp-content\/uploads\/2024\/07\/USATSI_23832191.jpg 1920w, https:\/\/theplayoffs.news\/fr\/wp-content\/uploads\/2024\/07\/USATSI_23832191-300x200.jpg 300w, https:\/\/theplayoffs.news\/fr\/wp-content\/uploads\/2024\/07\/USATSI_23832191-1030x688.jpg 1030w, https:\/\/theplayoffs.news\/fr\/wp-content\/uploads\/2024\/07\/USATSI_23832191-768x513.jpg 768w, https:\/\/theplayoffs.news\/fr\/wp-content\/uploads\/2024\/07\/USATSI_23832191-1320x881.jpg 1320w\" sizes=\"auto, (max-width: 1920px) 100vw, 1920px\" \/><p id=\"caption-attachment-1447565\" class=\"wp-caption-text\">Jul 26, 2024; Paris, FRANCE; during the Opening Ceremony for the Paris 2024 Olympic Summer Games along the Seine River. Mandatory Credit: Andrew P. Scott-USA TODAY Sports<\/p><\/div>\n<div id=\"attachment_1447566\" style=\"width: 1930px\" class=\"wp-caption alignnone\"><img loading=\"lazy\" decoding=\"async\" aria-describedby=\"caption-attachment-1447566\" class=\"size-full wp-image-1447566\" src=\"https:\/\/theplayoffs.news\/fr\/wp-content\/uploads\/2024\/07\/USATSI_23832415.jpg\" alt=\"\" width=\"1920\" height=\"1280\" srcset=\"https:\/\/theplayoffs.news\/fr\/wp-content\/uploads\/2024\/07\/USATSI_23832415.jpg 1920w, https:\/\/theplayoffs.news\/fr\/wp-content\/uploads\/2024\/07\/USATSI_23832415-300x200.jpg 300w, https:\/\/theplayoffs.news\/fr\/wp-content\/uploads\/2024\/07\/USATSI_23832415-1030x687.jpg 1030w, https:\/\/theplayoffs.news\/fr\/wp-content\/uploads\/2024\/07\/USATSI_23832415-768x512.jpg 768w, https:\/\/theplayoffs.news\/fr\/wp-content\/uploads\/2024\/07\/USATSI_23832415-1320x880.jpg 1320w\" sizes=\"auto, (max-width: 1920px) 100vw, 1920px\" \/><p id=\"caption-attachment-1447566\" class=\"wp-caption-text\">Jul 26, 2024; Paris, FRANCE; Zinedine Zidane walks on the stage of the Trocadero with the Olympic torch during the Opening Ceremony for the Paris 2024 Olympic Summer Games. Mandatory Credit: James Lang-USA TODAY Sports<\/p><\/div>\n<div id=\"attachment_1447568\" style=\"width: 1930px\" class=\"wp-caption alignnone\"><img loading=\"lazy\" decoding=\"async\" aria-describedby=\"caption-attachment-1447568\" class=\"size-full wp-image-1447568\" src=\"https:\/\/theplayoffs.news\/fr\/wp-content\/uploads\/2024\/07\/USATSI_23832555.jpg\" alt=\"\" width=\"1920\" height=\"1383\" srcset=\"https:\/\/theplayoffs.news\/fr\/wp-content\/uploads\/2024\/07\/USATSI_23832555.jpg 1920w, https:\/\/theplayoffs.news\/fr\/wp-content\/uploads\/2024\/07\/USATSI_23832555-300x216.jpg 300w, https:\/\/theplayoffs.news\/fr\/wp-content\/uploads\/2024\/07\/USATSI_23832555-1030x742.jpg 1030w, https:\/\/theplayoffs.news\/fr\/wp-content\/uploads\/2024\/07\/USATSI_23832555-768x553.jpg 768w, https:\/\/theplayoffs.news\/fr\/wp-content\/uploads\/2024\/07\/USATSI_23832555-1320x951.jpg 1320w\" sizes=\"auto, (max-width: 1920px) 100vw, 1920px\" \/><p id=\"caption-attachment-1447568\" class=\"wp-caption-text\">Jul 26, 2024; Paris, FRANCE; Zinedine Zidane holds the torch during the Opening Ceremony for the Paris 2024 Olympic Summer Games along the Seine River. Mandatory Credit: Andrew P. Scott-USA TODAY Sports<\/p><\/div>\n<div id=\"attachment_1447567\" style=\"width: 1930px\" class=\"wp-caption alignnone\"><img loading=\"lazy\" decoding=\"async\" aria-describedby=\"caption-attachment-1447567\" class=\"size-full wp-image-1447567\" src=\"https:\/\/theplayoffs.news\/fr\/wp-content\/uploads\/2024\/07\/USATSI_23832552.jpg\" alt=\"\" width=\"1920\" height=\"1458\" srcset=\"https:\/\/theplayoffs.news\/fr\/wp-content\/uploads\/2024\/07\/USATSI_23832552.jpg 1920w, https:\/\/theplayoffs.news\/fr\/wp-content\/uploads\/2024\/07\/USATSI_23832552-300x228.jpg 300w, https:\/\/theplayoffs.news\/fr\/wp-content\/uploads\/2024\/07\/USATSI_23832552-1030x782.jpg 1030w, https:\/\/theplayoffs.news\/fr\/wp-content\/uploads\/2024\/07\/USATSI_23832552-768x583.jpg 768w, https:\/\/theplayoffs.news\/fr\/wp-content\/uploads\/2024\/07\/USATSI_23832552-1320x1002.jpg 1320w\" sizes=\"auto, (max-width: 1920px) 100vw, 1920px\" \/><p id=\"caption-attachment-1447567\" class=\"wp-caption-text\">Jul 26, 2024; Paris, FRANCE; Zinedine Zidane passes the torch to Rafael Nadal during the Opening Ceremony for the Paris 2024 Olympic Summer Games along the Seine River. Mandatory Credit: Andrew P. Scott-USA TODAY Sports<\/p><\/div>\n<div id=\"attachment_1447575\" style=\"width: 1930px\" class=\"wp-caption alignnone\"><img loading=\"lazy\" decoding=\"async\" aria-describedby=\"caption-attachment-1447575\" class=\"size-full wp-image-1447575\" src=\"https:\/\/theplayoffs.news\/fr\/wp-content\/uploads\/2024\/07\/USATSI_23832624.jpg\" alt=\"\" width=\"1920\" height=\"1280\" srcset=\"https:\/\/theplayoffs.news\/fr\/wp-content\/uploads\/2024\/07\/USATSI_23832624.jpg 1920w, https:\/\/theplayoffs.news\/fr\/wp-content\/uploads\/2024\/07\/USATSI_23832624-300x200.jpg 300w, https:\/\/theplayoffs.news\/fr\/wp-content\/uploads\/2024\/07\/USATSI_23832624-1030x687.jpg 1030w, https:\/\/theplayoffs.news\/fr\/wp-content\/uploads\/2024\/07\/USATSI_23832624-768x512.jpg 768w, https:\/\/theplayoffs.news\/fr\/wp-content\/uploads\/2024\/07\/USATSI_23832624-1320x880.jpg 1320w\" sizes=\"auto, (max-width: 1920px) 100vw, 1920px\" \/><p id=\"caption-attachment-1447575\" class=\"wp-caption-text\">Jul 26, 2024; Paris, FRANCE; A general view of the Eiffel Tower from the Trocadero during a laser show during the Opening Ceremony for the Paris 2024 Olympic Summer Games. Mandatory Credit: James Lang-USA TODAY Sports<\/p><\/div>\n<div id=\"attachment_1447577\" style=\"width: 1930px\" class=\"wp-caption alignnone\"><img loading=\"lazy\" decoding=\"async\" aria-describedby=\"caption-attachment-1447577\" class=\"size-full wp-image-1447577\" src=\"https:\/\/theplayoffs.news\/fr\/wp-content\/uploads\/2024\/07\/USATSI_23832890.jpg\" alt=\"\" width=\"1920\" height=\"1682\" srcset=\"https:\/\/theplayoffs.news\/fr\/wp-content\/uploads\/2024\/07\/USATSI_23832890.jpg 1920w, https:\/\/theplayoffs.news\/fr\/wp-content\/uploads\/2024\/07\/USATSI_23832890-300x263.jpg 300w, https:\/\/theplayoffs.news\/fr\/wp-content\/uploads\/2024\/07\/USATSI_23832890-1030x902.jpg 1030w, https:\/\/theplayoffs.news\/fr\/wp-content\/uploads\/2024\/07\/USATSI_23832890-768x673.jpg 768w, https:\/\/theplayoffs.news\/fr\/wp-content\/uploads\/2024\/07\/USATSI_23832890-1320x1156.jpg 1320w\" sizes=\"auto, (max-width: 1920px) 100vw, 1920px\" \/><p id=\"caption-attachment-1447577\" class=\"wp-caption-text\">Jul 26, 2024; Paris, FRANCE; French cyclist Charles Coste (from right) lights the torches of judoka Teddy Riner and sprinter Marie-Jos&eacute; P&eacute;rec during the Opening Ceremony for the Paris 2024 Olympic Summer Games along the Seine River. Mandatory Credit: Michael Madrid-USA TODAY Sports<\/p><\/div>\n<div id=\"attachment_1447579\" style=\"width: 1930px\" class=\"wp-caption alignnone\"><img loading=\"lazy\" decoding=\"async\" aria-describedby=\"caption-attachment-1447579\" class=\"size-full wp-image-1447579\" src=\"https:\/\/theplayoffs.news\/fr\/wp-content\/uploads\/2024\/07\/USATSI_23832897.jpg\" alt=\"\" width=\"1920\" height=\"1280\" srcset=\"https:\/\/theplayoffs.news\/fr\/wp-content\/uploads\/2024\/07\/USATSI_23832897.jpg 1920w, https:\/\/theplayoffs.news\/fr\/wp-content\/uploads\/2024\/07\/USATSI_23832897-300x200.jpg 300w, https:\/\/theplayoffs.news\/fr\/wp-content\/uploads\/2024\/07\/USATSI_23832897-1030x687.jpg 1030w, https:\/\/theplayoffs.news\/fr\/wp-content\/uploads\/2024\/07\/USATSI_23832897-768x512.jpg 768w, https:\/\/theplayoffs.news\/fr\/wp-content\/uploads\/2024\/07\/USATSI_23832897-1320x880.jpg 1320w\" sizes=\"auto, (max-width: 1920px) 100vw, 1920px\" \/><p id=\"caption-attachment-1447579\" class=\"wp-caption-text\">Jul 26, 2024; Paris, FRANCE; Teddy Riner and Marie-Jose Perec light the cauldron during the Opening Ceremony for the Paris 2024 Olympic Summer Games. Mandatory Credit: Michael Madrid-USA TODAY Sports<\/p><\/div>\n<div id=\"attachment_1447576\" style=\"width: 1930px\" class=\"wp-caption alignnone\"><img loading=\"lazy\" decoding=\"async\" aria-describedby=\"caption-attachment-1447576\" class=\"size-full wp-image-1447576\" src=\"https:\/\/theplayoffs.news\/fr\/wp-content\/uploads\/2024\/07\/USATSI_23832862.jpg\" alt=\"\" width=\"1920\" height=\"1280\" srcset=\"https:\/\/theplayoffs.news\/fr\/wp-content\/uploads\/2024\/07\/USATSI_23832862.jpg 1920w, https:\/\/theplayoffs.news\/fr\/wp-content\/uploads\/2024\/07\/USATSI_23832862-300x200.jpg 300w, https:\/\/theplayoffs.news\/fr\/wp-content\/uploads\/2024\/07\/USATSI_23832862-1030x687.jpg 1030w, https:\/\/theplayoffs.news\/fr\/wp-content\/uploads\/2024\/07\/USATSI_23832862-768x512.jpg 768w, https:\/\/theplayoffs.news\/fr\/wp-content\/uploads\/2024\/07\/USATSI_23832862-1320x880.jpg 1320w\" sizes=\"auto, (max-width: 1920px) 100vw, 1920px\" \/><p id=\"caption-attachment-1447576\" class=\"wp-caption-text\">Jul 26, 2024; Paris, FRANCE; Teddy Riner and Marie-Jose Perec light the cauldron during the Opening Ceremony for the Paris 2024 Olympic Summer Games. Mandatory Credit: Michael Madrid-USA TODAY Sports<\/p><\/div>\n<div id=\"attachment_1447578\" style=\"width: 1930px\" class=\"wp-caption alignnone\"><img loading=\"lazy\" decoding=\"async\" aria-describedby=\"caption-attachment-1447578\" class=\"size-full wp-image-1447578\" src=\"https:\/\/theplayoffs.news\/fr\/wp-content\/uploads\/2024\/07\/USATSI_23832893.jpg\" alt=\"\" width=\"1920\" height=\"1301\" srcset=\"https:\/\/theplayoffs.news\/fr\/wp-content\/uploads\/2024\/07\/USATSI_23832893.jpg 1920w, https:\/\/theplayoffs.news\/fr\/wp-content\/uploads\/2024\/07\/USATSI_23832893-300x203.jpg 300w, https:\/\/theplayoffs.news\/fr\/wp-content\/uploads\/2024\/07\/USATSI_23832893-1030x698.jpg 1030w, https:\/\/theplayoffs.news\/fr\/wp-content\/uploads\/2024\/07\/USATSI_23832893-768x520.jpg 768w, https:\/\/theplayoffs.news\/fr\/wp-content\/uploads\/2024\/07\/USATSI_23832893-1320x894.jpg 1320w\" sizes=\"auto, (max-width: 1920px) 100vw, 1920px\" \/><p id=\"caption-attachment-1447578\" class=\"wp-caption-text\">Jul 26, 2024; Paris, FRANCE; The Olympic cauldron lifts off in a balloon during the Opening Ceremony for the Paris 2024 Olympic Summer Games along the Seine River. Mandatory Credit: Michael Madrid-USA TODAY Sports<\/p><\/div>\n<\/p>\n","protected":false},"excerpt":{"rendered":"","protected":false},"author":13,"featured_media":1447569,"comment_status":"open","ping_status":"closed","sticky":false,"template":"","format":"standard","meta":{"inline_featured_image":false,"kia_subtitle":"","_mux_skip_reasons":[],"proofreadBy":0,"footnotes":""},"categories":[7518],"tags":[7498],"sport":[],"saison":[],"class_list":["post-1447558","post","type-post","status-publish","format-standard","has-post-thumbnail","hentry","category-jo2024","tag-jeux-olympiques-paris-2024"],"acf":[],"yoast_head":"<!-- This site is optimized with the Yoast SEO plugin v24.2 - https:\/\/yoast.com\/wordpress\/plugins\/seo\/ -->\n<title>JO 2024 : la c&eacute;r&eacute;monie d&#039;ouverture en photos - The Playoffs FR<\/title>\n<meta name=\"robots\" content=\"index, follow, max-snippet:-1, max-image-preview:large, max-video-preview:-1\" \/>\n<link rel=\"canonical\" href=\"https:\/\/theplayoffs.news\/fr\/jo2024\/jo-2024-la-ceremonie-douverture-en-photos\/\" \/>\n<meta property=\"og:locale\" content=\"fr_FR\" \/>\n<meta property=\"og:type\" content=\"article\" \/>\n<meta property=\"og:title\" content=\"JO 2024 : la c&eacute;r&eacute;monie d&#039;ouverture en photos - The Playoffs FR\" \/>\n<meta property=\"og:url\" content=\"https:\/\/theplayoffs.news\/fr\/jo2024\/jo-2024-la-ceremonie-douverture-en-photos\/\" \/>\n<meta property=\"og:site_name\" content=\"The Playoffs FR\" \/>\n<meta property=\"article:publisher\" content=\"https:\/\/www.facebook.com\/TheFreeAgentFR\/\" \/>\n<meta property=\"article:modified_time\" content=\"2024-07-27T09:15:22+02:00\" \/>\n<meta property=\"og:image\" content=\"https:\/\/theplayoffs.news\/fr\/wp-content\/uploads\/2024\/07\/USATSI_23832930.jpg\" \/>\n\t<meta property=\"og:image:width\" content=\"1920\" \/>\n\t<meta property=\"og:image:height\" content=\"1209\" \/>\n\t<meta property=\"og:image:type\" content=\"image\/jpeg\" \/>\n<meta name=\"author\" content=\"Charles Taudin\" \/>\n<meta name=\"twitter:card\" content=\"summary_large_image\" \/>\n<meta name=\"twitter:creator\" content=\"@TheFreeAgentFR\" \/>\n<meta name=\"twitter:site\" content=\"@TheFreeAgentFR\" \/>\n<meta name=\"twitter:label1\" content=\"\u00c9crit par\" \/>\n\t<meta name=\"twitter:data1\" content=\"Charles Taudin\" \/>\n\t<meta name=\"twitter:label2\" content=\"Dur\u00e9e de lecture estim\u00e9e\" \/>\n\t<meta name=\"twitter:data2\" content=\"5 minutes\" \/>\n<script type=\"application\/ld+json\" class=\"yoast-schema-graph\">{\"@context\":\"https:\/\/schema.org\",\"@graph\":[{\"@type\":\"WebPage\",\"@id\":\"https:\/\/theplayoffs.news\/fr\/jo2024\/jo-2024-la-ceremonie-douverture-en-photos\/\",\"url\":\"https:\/\/theplayoffs.news\/fr\/jo2024\/jo-2024-la-ceremonie-douverture-en-photos\/\",\"name\":\"JO 2024 : la c\u00e9r\u00e9monie d\\\\'ouverture en photos - The Playoffs FR\",\"isPartOf\":{\"@id\":\"https:\/\/theplayoffs.news\/fr\/#website\"},\"primaryImageOfPage\":{\"@id\":\"https:\/\/theplayoffs.news\/fr\/jo2024\/jo-2024-la-ceremonie-douverture-en-photos\/#primaryimage\"},\"image\":{\"@id\":\"https:\/\/theplayoffs.news\/fr\/jo2024\/jo-2024-la-ceremonie-douverture-en-photos\/#primaryimage\"},\"thumbnailUrl\":\"https:\/\/theplayoffs.news\/fr\/wp-content\/uploads\/2024\/07\/USATSI_23832930.jpg\",\"datePublished\":\"2024-07-27T07:15:22+00:00\",\"dateModified\":\"2024-07-27T07:15:22+00:00\",\"author\":{\"@id\":\"https:\/\/theplayoffs.news\/fr\/#\/schema\/person\/eee5b69ad5d3c51cabe881c839dbe133\"},\"breadcrumb\":{\"@id\":\"https:\/\/theplayoffs.news\/fr\/jo2024\/jo-2024-la-ceremonie-douverture-en-photos\/#breadcrumb\"},\"inLanguage\":\"fr-FR\",\"potentialAction\":[{\"@type\":\"ReadAction\",\"target\":[\"https:\/\/theplayoffs.news\/fr\/jo2024\/jo-2024-la-ceremonie-douverture-en-photos\/\"]}]},{\"@type\":\"ImageObject\",\"inLanguage\":\"fr-FR\",\"@id\":\"https:\/\/theplayoffs.news\/fr\/jo2024\/jo-2024-la-ceremonie-douverture-en-photos\/#primaryimage\",\"url\":\"https:\/\/theplayoffs.news\/fr\/wp-content\/uploads\/2024\/07\/USATSI_23832930.jpg\",\"contentUrl\":\"https:\/\/theplayoffs.news\/fr\/wp-content\/uploads\/2024\/07\/USATSI_23832930.jpg\",\"width\":1920,\"height\":1209,\"caption\":\"Jul 26, 2024; Paris, FRANCE; Celine Dion performs under the Olympic rings on the Eiffel Tower during the Opening Ceremony for the Paris 2024 Olympic Summer Games along the Seine River. Mandatory Credit: Andrew P. Scott-USA TODAY Sports\"},{\"@type\":\"BreadcrumbList\",\"@id\":\"https:\/\/theplayoffs.news\/fr\/jo2024\/jo-2024-la-ceremonie-douverture-en-photos\/#breadcrumb\",\"itemListElement\":[{\"@type\":\"ListItem\",\"position\":1,\"name\":\"Accueil\",\"item\":\"https:\/\/theplayoffs.news\/fr\/\"},{\"@type\":\"ListItem\",\"position\":2,\"name\":\"JO 2024 : la c\u00e9r\u00e9monie d&rsquo;ouverture en photos\"}]},{\"@type\":\"WebSite\",\"@id\":\"https:\/\/theplayoffs.news\/fr\/#website\",\"url\":\"https:\/\/theplayoffs.news\/fr\/\",\"name\":\"The Playoffs FR\",\"description\":\"NBA-NFL-NHL-MLB\",\"potentialAction\":[{\"@type\":\"SearchAction\",\"target\":{\"@type\":\"EntryPoint\",\"urlTemplate\":\"https:\/\/theplayoffs.news\/fr\/?s={search_term_string}\"},\"query-input\":{\"@type\":\"PropertyValueSpecification\",\"valueRequired\":true,\"valueName\":\"search_term_string\"}}],\"inLanguage\":\"fr-FR\"},{\"@type\":\"Person\",\"@id\":\"https:\/\/theplayoffs.news\/fr\/#\/schema\/person\/eee5b69ad5d3c51cabe881c839dbe133\",\"name\":\"Charles Taudin\",\"image\":{\"@type\":\"ImageObject\",\"inLanguage\":\"fr-FR\",\"@id\":\"https:\/\/theplayoffs.news\/fr\/#\/schema\/person\/image\/\",\"url\":\"https:\/\/secure.gravatar.com\/avatar\/59a1e772205ce9fd255edfcafc93013736822e20261f294c5753b20c41ede9f2?s=96&d=mm&r=g\",\"contentUrl\":\"https:\/\/secure.gravatar.com\/avatar\/59a1e772205ce9fd255edfcafc93013736822e20261f294c5753b20c41ede9f2?s=96&d=mm&r=g\",\"caption\":\"Charles Taudin\"},\"description\":\"R\u00e9dacteur en chef global de The Playoffs, j\u2019ai cr\u00e9\u00e9 The Free Agent, devenu The Playoffs FR, en 2020 durant la pand\u00e9mie. Amoureux depuis des ann\u00e9es des 4 sports majeurs am\u00e9ricains, j\u2019organise maintenant la strat\u00e9gie \u00e9ditoriale et les r\u00e9seaux sociaux de l\u2019ensemble des versions de The Playoffs. Il m\u2019arrive encore d\u2019\u00e9crire sur certains sports que j\u2019affectionne particuli\u00e8rement comme la NFL ou la MLB. Si vous devez retenir qu\u2019une chose : Eli Manning est le vrai GOAT pour avoir battu deux fois Tom Brady.\",\"sameAs\":[\"https:\/\/www.instagram.com\/ctaudin_\/\"],\"url\":\"https:\/\/theplayoffs.news\/fr\/author\/charles-taudin\/\"}]}<\/script>\n<!-- \/ Yoast SEO plugin. -->","yoast_head_json":{"title":"JO 2024 : la c&eacute;r&eacute;monie d&#039;ouverture en photos - The Playoffs FR","robots":{"index":"index","follow":"follow","max-snippet":"max-snippet:-1","max-image-preview":"max-image-preview:large","max-video-preview":"max-video-preview:-1"},"canonical":"https:\/\/theplayoffs.news\/fr\/jo2024\/jo-2024-la-ceremonie-douverture-en-photos\/","og_locale":"fr_FR","og_type":"article","og_title":"JO 2024 : la c&eacute;r&eacute;monie d&#039;ouverture en photos - The Playoffs FR","og_url":"https:\/\/theplayoffs.news\/fr\/jo2024\/jo-2024-la-ceremonie-douverture-en-photos\/","og_site_name":"The Playoffs FR","article_publisher":"https:\/\/www.facebook.com\/TheFreeAgentFR\/","og_image":[{"width":1920,"height":1209,"url":"https:\/\/theplayoffs.news\/fr\/wp-content\/uploads\/2024\/07\/USATSI_23832930.jpg","type":"image\/jpeg"}],"author":"Charles Taudin","twitter_card":"summary_large_image","twitter_creator":"@TheFreeAgentFR","twitter_site":"@TheFreeAgentFR","twitter_misc":{"\u00c9crit par":"Charles Taudin","Dur\u00e9e de lecture estim\u00e9e":"5 minutes"},"schema":{"@context":"https:\/\/schema.org","@graph":[{"@type":"WebPage","@id":"https:\/\/theplayoffs.news\/fr\/jo2024\/jo-2024-la-ceremonie-douverture-en-photos\/","url":"https:\/\/theplayoffs.news\/fr\/jo2024\/jo-2024-la-ceremonie-douverture-en-photos\/","name":"JO 2024 : la c\u00e9r\u00e9monie d\\'ouverture en photos - The Playoffs FR","isPartOf":{"@id":"https:\/\/theplayoffs.news\/fr\/#website"},"primaryImageOfPage":{"@id":"https:\/\/theplayoffs.news\/fr\/jo2024\/jo-2024-la-ceremonie-douverture-en-photos\/#primaryimage"},"image":{"@id":"https:\/\/theplayoffs.news\/fr\/jo2024\/jo-2024-la-ceremonie-douverture-en-photos\/#primaryimage"},"thumbnailUrl":"https:\/\/theplayoffs.news\/fr\/wp-content\/uploads\/2024\/07\/USATSI_23832930.jpg","datePublished":"2024-07-27T07:15:22+00:00","dateModified":"2024-07-27T07:15:22+00:00","author":{"@id":"https:\/\/theplayoffs.news\/fr\/#\/schema\/person\/eee5b69ad5d3c51cabe881c839dbe133"},"breadcrumb":{"@id":"https:\/\/theplayoffs.news\/fr\/jo2024\/jo-2024-la-ceremonie-douverture-en-photos\/#breadcrumb"},"inLanguage":"fr-FR","potentialAction":[{"@type":"ReadAction","target":["https:\/\/theplayoffs.news\/fr\/jo2024\/jo-2024-la-ceremonie-douverture-en-photos\/"]}]},{"@type":"ImageObject","inLanguage":"fr-FR","@id":"https:\/\/theplayoffs.news\/fr\/jo2024\/jo-2024-la-ceremonie-douverture-en-photos\/#primaryimage","url":"https:\/\/theplayoffs.news\/fr\/wp-content\/uploads\/2024\/07\/USATSI_23832930.jpg","contentUrl":"https:\/\/theplayoffs.news\/fr\/wp-content\/uploads\/2024\/07\/USATSI_23832930.jpg","width":1920,"height":1209,"caption":"Jul 26, 2024; Paris, FRANCE; Celine Dion performs under the Olympic rings on the Eiffel Tower during the Opening Ceremony for the Paris 2024 Olympic Summer Games along the Seine River. Mandatory Credit: Andrew P. Scott-USA TODAY Sports"},{"@type":"BreadcrumbList","@id":"https:\/\/theplayoffs.news\/fr\/jo2024\/jo-2024-la-ceremonie-douverture-en-photos\/#breadcrumb","itemListElement":[{"@type":"ListItem","position":1,"name":"Accueil","item":"https:\/\/theplayoffs.news\/fr\/"},{"@type":"ListItem","position":2,"name":"JO 2024 : la c\u00e9r\u00e9monie d&rsquo;ouverture en photos"}]},{"@type":"WebSite","@id":"https:\/\/theplayoffs.news\/fr\/#website","url":"https:\/\/theplayoffs.news\/fr\/","name":"The Playoffs FR","description":"NBA-NFL-NHL-MLB","potentialAction":[{"@type":"SearchAction","target":{"@type":"EntryPoint","urlTemplate":"https:\/\/theplayoffs.news\/fr\/?s={search_term_string}"},"query-input":{"@type":"PropertyValueSpecification","valueRequired":true,"valueName":"search_term_string"}}],"inLanguage":"fr-FR"},{"@type":"Person","@id":"https:\/\/theplayoffs.news\/fr\/#\/schema\/person\/eee5b69ad5d3c51cabe881c839dbe133","name":"Charles Taudin","image":{"@type":"ImageObject","inLanguage":"fr-FR","@id":"https:\/\/theplayoffs.news\/fr\/#\/schema\/person\/image\/","url":"https:\/\/secure.gravatar.com\/avatar\/59a1e772205ce9fd255edfcafc93013736822e20261f294c5753b20c41ede9f2?s=96&d=mm&r=g","contentUrl":"https:\/\/secure.gravatar.com\/avatar\/59a1e772205ce9fd255edfcafc93013736822e20261f294c5753b20c41ede9f2?s=96&d=mm&r=g","caption":"Charles Taudin"},"description":"R\u00e9dacteur en chef global de The Playoffs, j\u2019ai cr\u00e9\u00e9 The Free Agent, devenu The Playoffs FR, en 2020 durant la pand\u00e9mie. Amoureux depuis des ann\u00e9es des 4 sports majeurs am\u00e9ricains, j\u2019organise maintenant la strat\u00e9gie \u00e9ditoriale et les r\u00e9seaux sociaux de l\u2019ensemble des versions de The Playoffs. Il m\u2019arrive encore d\u2019\u00e9crire sur certains sports que j\u2019affectionne particuli\u00e8rement comme la NFL ou la MLB. Si vous devez retenir qu\u2019une chose : Eli Manning est le vrai GOAT pour avoir battu deux fois Tom Brady.","sameAs":["https:\/\/www.instagram.com\/ctaudin_\/"],"url":"https:\/\/theplayoffs.news\/fr\/author\/charles-taudin\/"}]}},"_links":{"self":[{"href":"https:\/\/theplayoffs.news\/fr\/wp-json\/wp\/v2\/posts\/1447558","targetHints":{"allow":["GET"]}}],"collection":[{"href":"https:\/\/theplayoffs.news\/fr\/wp-json\/wp\/v2\/posts"}],"about":[{"href":"https:\/\/theplayoffs.news\/fr\/wp-json\/wp\/v2\/types\/post"}],"author":[{"embeddable":true,"href":"https:\/\/theplayoffs.news\/fr\/wp-json\/wp\/v2\/users\/13"}],"replies":[{"embeddable":true,"href":"https:\/\/theplayoffs.news\/fr\/wp-json\/wp\/v2\/comments?post=1447558"}],"version-history":[{"count":3,"href":"https:\/\/theplayoffs.news\/fr\/wp-json\/wp\/v2\/posts\/1447558\/revisions"}],"predecessor-version":[{"id":1447582,"href":"https:\/\/theplayoffs.news\/fr\/wp-json\/wp\/v2\/posts\/1447558\/revisions\/1447582"}],"wp:featuredmedia":[{"embeddable":true,"href":"https:\/\/theplayoffs.news\/fr\/wp-json\/wp\/v2\/media\/1447569"}],"wp:attachment":[{"href":"https:\/\/theplayoffs.news\/fr\/wp-json\/wp\/v2\/media?parent=1447558"}],"wp:term":[{"taxonomy":"category","embeddable":true,"href":"https:\/\/theplayoffs.news\/fr\/wp-json\/wp\/v2\/categories?post=1447558"},{"taxonomy":"post_tag","embeddable":true,"href":"https:\/\/theplayoffs.news\/fr\/wp-json\/wp\/v2\/tags?post=1447558"},{"taxonomy":"sport","embeddable":true,"href":"https:\/\/theplayoffs.news\/fr\/wp-json\/wp\/v2\/sport?post=1447558"},{"taxonomy":"saison","embeddable":true,"href":"https:\/\/theplayoffs.news\/fr\/wp-json\/wp\/v2\/saison?post=1447558"}],"curies":[{"name":"wp","href":"https:\/\/api.w.org\/{rel}","templated":true}]}}