{"id":1447431,"date":"2024-07-26T16:57:21","date_gmt":"2024-07-26T14:57:21","guid":{"rendered":"https:\/\/theplayoffs.news\/fr\/?p=1447431"},"modified":"2024-07-26T16:57:21","modified_gmt":"2024-07-26T14:57:21","slug":"j-o-2024-quelle-heure-lebron-james","status":"publish","type":"post","link":"https:\/\/theplayoffs.news\/fr\/jo2024\/j-o-2024-quelle-heure-lebron-james\/","title":{"rendered":"J.O 2024 : \u00c0 quelle heure d\u00e9fileront LeBron James et la d\u00e9l\u00e9gation am\u00e9ricaine ?"},"content":{"rendered":"<h2><strong>Jeux Olympiques 2024 &ndash; &Agrave; quelques heures de la tant attendue c&eacute;r&eacute;monie d&rsquo;ouverture de Paris 2024, l&rsquo;un des temps forts de la soir&eacute;e sera assur&eacute;ment le passage de la d&eacute;l&eacute;gation am&eacute;ricaine, emmen&eacute;e par LeBron James. <\/strong><\/h2><p><strong>&nbsp;<\/strong><\/p><p>20 ans. L&rsquo;attente aura &eacute;t&eacute; longue pour le meilleur basketteur de sa g&eacute;n&eacute;ration, mais 20 ans apr&egrave;s ses d&eacute;buts olympiques, la superstar mondiale du basket-ball, LeBron James, aura la chance d&rsquo;emmener dans son &eacute;lan son pays, le plus important de tout ces Jeux Olympiques, &agrave; l&rsquo;occasion de la c&eacute;r&eacute;monie d&rsquo;ouverture sur la Seine.<\/p><p>&nbsp;<\/p><p>\n<div id=\"attachment_1447433\" style=\"width: 803px\" class=\"wp-caption aligncenter\"><img loading=\"lazy\" decoding=\"async\" aria-describedby=\"caption-attachment-1447433\" class=\" wp-image-1447433\" src=\"https:\/\/theplayoffs.news\/fr\/wp-content\/uploads\/2024\/07\/USATSI_23719443-300x200.jpg\" alt=\"\" width=\"793\" height=\"528\" srcset=\"https:\/\/theplayoffs.news\/fr\/wp-content\/uploads\/2024\/07\/USATSI_23719443-300x200.jpg 300w, https:\/\/theplayoffs.news\/fr\/wp-content\/uploads\/2024\/07\/USATSI_23719443-1030x687.jpg 1030w, https:\/\/theplayoffs.news\/fr\/wp-content\/uploads\/2024\/07\/USATSI_23719443-768x512.jpg 768w, https:\/\/theplayoffs.news\/fr\/wp-content\/uploads\/2024\/07\/USATSI_23719443-1320x880.jpg 1320w, https:\/\/theplayoffs.news\/fr\/wp-content\/uploads\/2024\/07\/USATSI_23719443.jpg 1920w\" sizes=\"auto, (max-width: 793px) 100vw, 793px\" \/><p id=\"caption-attachment-1447433\" class=\"wp-caption-text\">LeBron James repr&eacute;sentera ce soir son pays. Mandatory Credit: Candice Ward-USA TODAY Sports<\/p><\/div>\n<\/p><p>&nbsp;<\/p><h3><strong>Une parade pr&eacute;vue entre 21h et 21h45<\/strong><\/h3><p><strong>&nbsp;<\/strong><\/p><p>Autant &ecirc;tre franc d&rsquo;entr&eacute;e de jeu, il faudra veiller un moment devant le t&eacute;l&eacute;viseur pour apercevoir le d&eacute;fil&eacute; de la d&eacute;l&eacute;gation am&eacute;ricaine avec &agrave; sa t&ecirc;te LeBron James.<\/p><p>En effet, si la coutume est que les pays d&eacute;filent par ordre alphab&eacute;tique (dans la langue du pays organisateur), quatre d&eacute;l&eacute;gations d&eacute;logeront &agrave; ce pr&eacute;texte ce soir.<\/p><p>Tout d&rsquo;abord la France, pays organisateur qui aura l&rsquo;honneur de fermer la marche. Mais aussi les australiens et les am&eacute;ricains. Effectivement, en raison du fait que ces deux pays organisent les deux prochains Jeux Olympiques d&rsquo;&eacute;t&eacute;, australiens et <strong>am&eacute;ricains<\/strong> paraderont respectivement en ant&eacute;p&eacute;nulti&egrave;me et<strong> avant-derni&egrave;re position<\/strong>.<\/p><p>Enfin la Gr&egrave;ce, pays o&ugrave; sont n&eacute;s les J.O, aura l&rsquo;honneur de parader en premier comme le veut la tradition.<\/p><p>Mais attention, nouveaut&eacute; pour ces olympiades, la c&eacute;r&eacute;monie d&rsquo;ouverture aura lieu en plein-air. Cela stipule que toutes les d&eacute;l&eacute;gations paraderont plus longtemps qu&rsquo;&agrave; l&rsquo;accoutum&eacute;e puisque celle-ci seront en bateau &agrave; partir du pont d&rsquo;Austerlitz et d&eacute;fileront 42 minutes sur la Seine avant d&rsquo;arriver au pied du Trocad&eacute;ro, comme le rappelait <a href=\"https:\/\/www.ouest-france.fr\/jeux-olympiques\/jo-2024-a-quelle-heure-defilera-la-france-lors-de-la-ceremonie-douverture-a38100cc-4a5f-11ef-94b6-90bbc9e43b93\" class=\"trk-cta-link\" data-cta-trk='{\"ctaType\":\"Link\",\"ctaSubType\":\"main\"}'><em>Ouest-France<\/em><\/a>.<\/p><p>Ainsi, <strong>LeBron James et ses co&eacute;quipiers pourront haranguer la foule parisienne entre 21h et 21h45.<\/strong><\/p><p>&nbsp;<\/p><h3><strong>LeBron James, 3<sup>&egrave;me<\/sup> basketteur am&eacute;ricain de l&rsquo;histoire porte-drapeau, sera accompagn&eacute; de Coco Gauff<\/strong><\/h3><p><strong>&nbsp;<\/strong><\/p><p>Par ailleurs, voir <a href=\"https:\/\/theplayoffs.news\/fr\/jeux-olympiques-2024\/lebron-james-sera-porte-drapeau-des-etats-unis-a-la-ceremonie-douverture-des-jo-de-paris\/\" class=\"trk-cta-link\" data-cta-trk='{\"ctaType\":\"Link\",\"ctaSubType\":\"main\"}'>LeBron James<\/a> porter le drapeau de la d&eacute;l&eacute;gation am&eacute;ricaine est un petit &eacute;v&egrave;nement d&rsquo;histoire. Jusqu&rsquo;ici, seuls deux basketteurs am&eacute;ricains ont eu cet honneur, Dawn Staley en 2004, pionni&egrave;re en la mati&egrave;re et Sue Bird en 2021.<\/p><p>&nbsp;<\/p><p>\n<div id=\"attachment_1447434\" style=\"width: 746px\" class=\"wp-caption aligncenter\"><img loading=\"lazy\" decoding=\"async\" aria-describedby=\"caption-attachment-1447434\" class=\" wp-image-1447434\" src=\"https:\/\/theplayoffs.news\/fr\/wp-content\/uploads\/2024\/07\/USATSI_16532870-300x200.jpg\" alt=\"\" width=\"736\" height=\"490\" srcset=\"https:\/\/theplayoffs.news\/fr\/wp-content\/uploads\/2024\/07\/USATSI_16532870-300x200.jpg 300w, https:\/\/theplayoffs.news\/fr\/wp-content\/uploads\/2024\/07\/USATSI_16532870-1030x687.jpg 1030w, https:\/\/theplayoffs.news\/fr\/wp-content\/uploads\/2024\/07\/USATSI_16532870-768x512.jpg 768w, https:\/\/theplayoffs.news\/fr\/wp-content\/uploads\/2024\/07\/USATSI_16532870-1320x880.jpg 1320w, https:\/\/theplayoffs.news\/fr\/wp-content\/uploads\/2024\/07\/USATSI_16532870.jpg 1920w\" sizes=\"auto, (max-width: 736px) 100vw, 736px\" \/><p id=\"caption-attachment-1447434\" class=\"wp-caption-text\">Sue Bird (&agrave; droite) &eacute;tait all&eacute; d&eacute;crocher l&rsquo;or quelques jours apr&egrave;s avoir &eacute;t&eacute; porte-drapeau am&eacute;ricaine. Mandatory Credit: James Lang-USA TODAY Sports<\/p><\/div>\n<\/p><p>&nbsp;<\/p><p>Vous l&rsquo;aurez donc compris, c&rsquo;est donc la <strong>premi&egrave;re fois dans l&rsquo;histoire qu&rsquo;un basketteur masculin portera le drapeau des &Eacute;tats-Unis lors de la c&eacute;r&eacute;monie d&rsquo;ouverture.<\/strong><\/p><p>Pour cette occasion, LeBron James sera accompagn&eacute; de Coco Gauff, deuxi&egrave;me meilleure tenniswoman au monde. Ce duo symbolise un choc des g&eacute;n&eacute;rations entre anciens et jeunes, bien repr&eacute;sentatif de la d&eacute;l&eacute;gation am&eacute;ricaine, <strong>James &eacute;tant &acirc;g&eacute; de 39 ans et Gauff de 20 ans.<\/strong><\/p><p>&nbsp;<\/p><p>\n<div id=\"attachment_1447435\" style=\"width: 768px\" class=\"wp-caption aligncenter\"><img loading=\"lazy\" decoding=\"async\" aria-describedby=\"caption-attachment-1447435\" class=\" wp-image-1447435\" src=\"https:\/\/theplayoffs.news\/fr\/wp-content\/uploads\/2024\/07\/USATSI_23823217-300x200.jpg\" alt=\"\" width=\"758\" height=\"506\" srcset=\"https:\/\/theplayoffs.news\/fr\/wp-content\/uploads\/2024\/07\/USATSI_23823217-300x200.jpg 300w, https:\/\/theplayoffs.news\/fr\/wp-content\/uploads\/2024\/07\/USATSI_23823217-1030x687.jpg 1030w, https:\/\/theplayoffs.news\/fr\/wp-content\/uploads\/2024\/07\/USATSI_23823217-768x512.jpg 768w, https:\/\/theplayoffs.news\/fr\/wp-content\/uploads\/2024\/07\/USATSI_23823217-1320x880.jpg 1320w, https:\/\/theplayoffs.news\/fr\/wp-content\/uploads\/2024\/07\/USATSI_23823217.jpg 1920w\" sizes=\"auto, (max-width: 758px) 100vw, 758px\" \/><p id=\"caption-attachment-1447435\" class=\"wp-caption-text\">Coco Gauff, la jeune sensation am&eacute;ricaine du tennis mondial, accompagnera LeBron James ce soir en t&ecirc;te de la d&eacute;l&eacute;gation am&eacute;ricaine.&nbsp; Mandatory Credit: Kirby Lee-USA TODAY Sports<\/p><\/div>\n<\/p><p>&nbsp;<\/p><h3><strong>Trois basketteurs mis &agrave; l&rsquo;honneur ce soir<\/strong><\/h3><p><strong>&nbsp;<\/strong><\/p><p>Enfin, derni&egrave;re information pour les geek de basket-ball, outre LeBron James, deux autres basketteurs ont re&ccedil;u les honneurs de leur nation pour cette c&eacute;r&eacute;monie d&rsquo;ouverture.<\/p><p>D&rsquo;abord <strong>Dennis Schr&ouml;der avec l&rsquo;Allemagne<\/strong>, pr&eacute;f&eacute;r&eacute; &agrave; la star de tennis Alexander Zverev qui faisait l&rsquo;objet d&rsquo;une plainte pour violences conjugales. Puis la superstar grecque <strong>Giannis Antetokounmpo<\/strong> qui emm&egrave;nera la nation berceau des Jeux Olympiques.<\/p><p>Il convient de noter que ces deux basketteurs d&eacute;fileront tr&egrave;s t&ocirc;t dans la soir&eacute;e (parmi les toutes premi&egrave;res d&eacute;l&eacute;gations) &agrave; l&rsquo;inverse du &laquo;&nbsp;King&nbsp;&raquo;.<\/p><p>&nbsp;<\/p><p>Les festivit&eacute;s doivent commencer vers 19h30 sur France 2, &agrave; condition que la pluie ne vienne pas jouer les trouble-f&ecirc;tes&hellip;<\/p><p>&copy; Kirby Lee-USA TODAY Sports<\/p><p>&nbsp;<\/p>\n","protected":false},"excerpt":{"rendered":"","protected":false},"author":180310210,"featured_media":1447432,"comment_status":"open","ping_status":"closed","sticky":false,"template":"","format":"standard","meta":{"inline_featured_image":false,"kia_subtitle":"","_mux_skip_reasons":[],"proofreadBy":0,"footnotes":""},"categories":[7518],"tags":[5666,116],"sport":[2783],"saison":[6111],"class_list":["post-1447431","post","type-post","status-publish","format-standard","has-post-thumbnail","hentry","category-jo2024","tag-etats-unis","tag-lebron-james","sport-nba","saison-6111"],"acf":[],"yoast_head":"<!-- This site is optimized with the Yoast SEO plugin v24.2 - https:\/\/yoast.com\/wordpress\/plugins\/seo\/ -->\n<title>J.O 2024 : &Agrave; quelle heure d&eacute;fileront LeBron James et la d&eacute;l&eacute;gation am&eacute;ricaine ? - The Playoffs FR<\/title>\n<meta name=\"robots\" content=\"index, follow, max-snippet:-1, max-image-preview:large, max-video-preview:-1\" \/>\n<link rel=\"canonical\" href=\"https:\/\/theplayoffs.news\/fr\/jo2024\/j-o-2024-quelle-heure-lebron-james\/\" \/>\n<meta property=\"og:locale\" content=\"fr_FR\" \/>\n<meta property=\"og:type\" content=\"article\" \/>\n<meta property=\"og:title\" content=\"J.O 2024 : &Agrave; quelle heure d&eacute;fileront LeBron James et la d&eacute;l&eacute;gation am&eacute;ricaine ? - The Playoffs FR\" \/>\n<meta property=\"og:url\" content=\"https:\/\/theplayoffs.news\/fr\/jo2024\/j-o-2024-quelle-heure-lebron-james\/\" \/>\n<meta property=\"og:site_name\" content=\"The Playoffs FR\" \/>\n<meta property=\"article:publisher\" content=\"https:\/\/www.facebook.com\/TheFreeAgentFR\/\" \/>\n<meta property=\"article:modified_time\" content=\"2024-07-26T16:57:21+02:00\" \/>\n<meta property=\"og:image\" content=\"https:\/\/theplayoffs.news\/fr\/wp-content\/uploads\/2024\/07\/USATSI_23801723.jpg\" \/>\n\t<meta property=\"og:image:width\" content=\"1920\" \/>\n\t<meta property=\"og:image:height\" content=\"1280\" \/>\n\t<meta property=\"og:image:type\" content=\"image\/jpeg\" \/>\n<meta name=\"author\" content=\"Romain Balle\" \/>\n<meta name=\"twitter:card\" content=\"summary_large_image\" \/>\n<meta name=\"twitter:creator\" content=\"@TheFreeAgentFR\" \/>\n<meta name=\"twitter:site\" content=\"@TheFreeAgentFR\" \/>\n<meta name=\"twitter:label1\" content=\"\u00c9crit par\" \/>\n\t<meta name=\"twitter:data1\" content=\"Romain Balle\" \/>\n\t<meta name=\"twitter:label2\" content=\"Dur\u00e9e de lecture estim\u00e9e\" \/>\n\t<meta name=\"twitter:data2\" content=\"4 minutes\" \/>\n<script type=\"application\/ld+json\" class=\"yoast-schema-graph\">{\"@context\":\"https:\/\/schema.org\",\"@graph\":[{\"@type\":\"WebPage\",\"@id\":\"https:\/\/theplayoffs.news\/fr\/jo2024\/j-o-2024-quelle-heure-lebron-james\/\",\"url\":\"https:\/\/theplayoffs.news\/fr\/jo2024\/j-o-2024-quelle-heure-lebron-james\/\",\"name\":\"J.O 2024 : \u00c0 quelle heure d\u00e9fileront LeBron James et la d\u00e9l\u00e9gation am\u00e9ricaine ? - The Playoffs FR\",\"isPartOf\":{\"@id\":\"https:\/\/theplayoffs.news\/fr\/#website\"},\"primaryImageOfPage\":{\"@id\":\"https:\/\/theplayoffs.news\/fr\/jo2024\/j-o-2024-quelle-heure-lebron-james\/#primaryimage\"},\"image\":{\"@id\":\"https:\/\/theplayoffs.news\/fr\/jo2024\/j-o-2024-quelle-heure-lebron-james\/#primaryimage\"},\"thumbnailUrl\":\"https:\/\/theplayoffs.news\/fr\/wp-content\/uploads\/2024\/07\/USATSI_23801723.jpg\",\"datePublished\":\"2024-07-26T14:57:21+00:00\",\"dateModified\":\"2024-07-26T14:57:21+00:00\",\"author\":{\"@id\":\"https:\/\/theplayoffs.news\/fr\/#\/schema\/person\/6d5286c8c5dec1bbd3e6341f17a41111\"},\"breadcrumb\":{\"@id\":\"https:\/\/theplayoffs.news\/fr\/jo2024\/j-o-2024-quelle-heure-lebron-james\/#breadcrumb\"},\"inLanguage\":\"fr-FR\",\"potentialAction\":[{\"@type\":\"ReadAction\",\"target\":[\"https:\/\/theplayoffs.news\/fr\/jo2024\/j-o-2024-quelle-heure-lebron-james\/\"]}]},{\"@type\":\"ImageObject\",\"inLanguage\":\"fr-FR\",\"@id\":\"https:\/\/theplayoffs.news\/fr\/jo2024\/j-o-2024-quelle-heure-lebron-james\/#primaryimage\",\"url\":\"https:\/\/theplayoffs.news\/fr\/wp-content\/uploads\/2024\/07\/USATSI_23801723.jpg\",\"contentUrl\":\"https:\/\/theplayoffs.news\/fr\/wp-content\/uploads\/2024\/07\/USATSI_23801723.jpg\",\"width\":1920,\"height\":1280,\"caption\":\"Jul 22, 2024, Paris, France; A general overall view of the Olympic rings on the Eiffel Tower in advance of the 2024 Paris Olympic Games. Mandatory Credit: Kirby Lee-USA TODAY Sports\"},{\"@type\":\"BreadcrumbList\",\"@id\":\"https:\/\/theplayoffs.news\/fr\/jo2024\/j-o-2024-quelle-heure-lebron-james\/#breadcrumb\",\"itemListElement\":[{\"@type\":\"ListItem\",\"position\":1,\"name\":\"Accueil\",\"item\":\"https:\/\/theplayoffs.news\/fr\/\"},{\"@type\":\"ListItem\",\"position\":2,\"name\":\"J.O 2024 : \u00c0 quelle heure d\u00e9fileront LeBron James et la d\u00e9l\u00e9gation am\u00e9ricaine ?\"}]},{\"@type\":\"WebSite\",\"@id\":\"https:\/\/theplayoffs.news\/fr\/#website\",\"url\":\"https:\/\/theplayoffs.news\/fr\/\",\"name\":\"The Playoffs FR\",\"description\":\"NBA-NFL-NHL-MLB\",\"potentialAction\":[{\"@type\":\"SearchAction\",\"target\":{\"@type\":\"EntryPoint\",\"urlTemplate\":\"https:\/\/theplayoffs.news\/fr\/?s={search_term_string}\"},\"query-input\":{\"@type\":\"PropertyValueSpecification\",\"valueRequired\":true,\"valueName\":\"search_term_string\"}}],\"inLanguage\":\"fr-FR\"},{\"@type\":\"Person\",\"@id\":\"https:\/\/theplayoffs.news\/fr\/#\/schema\/person\/6d5286c8c5dec1bbd3e6341f17a41111\",\"name\":\"Romain Balle\",\"image\":{\"@type\":\"ImageObject\",\"inLanguage\":\"fr-FR\",\"@id\":\"https:\/\/theplayoffs.news\/fr\/#\/schema\/person\/image\/\",\"url\":\"https:\/\/secure.gravatar.com\/avatar\/05ddb849264c48c5ab2084b8927e8da5ec4ccb05c2bd91acb1c3d4c2785ce057?s=96&d=mm&r=g\",\"contentUrl\":\"https:\/\/secure.gravatar.com\/avatar\/05ddb849264c48c5ab2084b8927e8da5ec4ccb05c2bd91acb1c3d4c2785ce057?s=96&d=mm&r=g\",\"caption\":\"Romain Balle\"},\"url\":\"https:\/\/theplayoffs.news\/fr\/author\/romainballe02gmail-com\/\"}]}<\/script>\n<!-- \/ Yoast SEO plugin. -->","yoast_head_json":{"title":"J.O 2024 : &Agrave; quelle heure d&eacute;fileront LeBron James et la d&eacute;l&eacute;gation am&eacute;ricaine ? - The Playoffs FR","robots":{"index":"index","follow":"follow","max-snippet":"max-snippet:-1","max-image-preview":"max-image-preview:large","max-video-preview":"max-video-preview:-1"},"canonical":"https:\/\/theplayoffs.news\/fr\/jo2024\/j-o-2024-quelle-heure-lebron-james\/","og_locale":"fr_FR","og_type":"article","og_title":"J.O 2024 : &Agrave; quelle heure d&eacute;fileront LeBron James et la d&eacute;l&eacute;gation am&eacute;ricaine ? - The Playoffs FR","og_url":"https:\/\/theplayoffs.news\/fr\/jo2024\/j-o-2024-quelle-heure-lebron-james\/","og_site_name":"The Playoffs FR","article_publisher":"https:\/\/www.facebook.com\/TheFreeAgentFR\/","og_image":[{"width":1920,"height":1280,"url":"https:\/\/theplayoffs.news\/fr\/wp-content\/uploads\/2024\/07\/USATSI_23801723.jpg","type":"image\/jpeg"}],"author":"Romain Balle","twitter_card":"summary_large_image","twitter_creator":"@TheFreeAgentFR","twitter_site":"@TheFreeAgentFR","twitter_misc":{"\u00c9crit par":"Romain Balle","Dur\u00e9e de lecture estim\u00e9e":"4 minutes"},"schema":{"@context":"https:\/\/schema.org","@graph":[{"@type":"WebPage","@id":"https:\/\/theplayoffs.news\/fr\/jo2024\/j-o-2024-quelle-heure-lebron-james\/","url":"https:\/\/theplayoffs.news\/fr\/jo2024\/j-o-2024-quelle-heure-lebron-james\/","name":"J.O 2024 : \u00c0 quelle heure d\u00e9fileront LeBron James et la d\u00e9l\u00e9gation am\u00e9ricaine ? - The Playoffs FR","isPartOf":{"@id":"https:\/\/theplayoffs.news\/fr\/#website"},"primaryImageOfPage":{"@id":"https:\/\/theplayoffs.news\/fr\/jo2024\/j-o-2024-quelle-heure-lebron-james\/#primaryimage"},"image":{"@id":"https:\/\/theplayoffs.news\/fr\/jo2024\/j-o-2024-quelle-heure-lebron-james\/#primaryimage"},"thumbnailUrl":"https:\/\/theplayoffs.news\/fr\/wp-content\/uploads\/2024\/07\/USATSI_23801723.jpg","datePublished":"2024-07-26T14:57:21+00:00","dateModified":"2024-07-26T14:57:21+00:00","author":{"@id":"https:\/\/theplayoffs.news\/fr\/#\/schema\/person\/6d5286c8c5dec1bbd3e6341f17a41111"},"breadcrumb":{"@id":"https:\/\/theplayoffs.news\/fr\/jo2024\/j-o-2024-quelle-heure-lebron-james\/#breadcrumb"},"inLanguage":"fr-FR","potentialAction":[{"@type":"ReadAction","target":["https:\/\/theplayoffs.news\/fr\/jo2024\/j-o-2024-quelle-heure-lebron-james\/"]}]},{"@type":"ImageObject","inLanguage":"fr-FR","@id":"https:\/\/theplayoffs.news\/fr\/jo2024\/j-o-2024-quelle-heure-lebron-james\/#primaryimage","url":"https:\/\/theplayoffs.news\/fr\/wp-content\/uploads\/2024\/07\/USATSI_23801723.jpg","contentUrl":"https:\/\/theplayoffs.news\/fr\/wp-content\/uploads\/2024\/07\/USATSI_23801723.jpg","width":1920,"height":1280,"caption":"Jul 22, 2024, Paris, France; A general overall view of the Olympic rings on the Eiffel Tower in advance of the 2024 Paris Olympic Games. Mandatory Credit: Kirby Lee-USA TODAY Sports"},{"@type":"BreadcrumbList","@id":"https:\/\/theplayoffs.news\/fr\/jo2024\/j-o-2024-quelle-heure-lebron-james\/#breadcrumb","itemListElement":[{"@type":"ListItem","position":1,"name":"Accueil","item":"https:\/\/theplayoffs.news\/fr\/"},{"@type":"ListItem","position":2,"name":"J.O 2024 : \u00c0 quelle heure d\u00e9fileront LeBron James et la d\u00e9l\u00e9gation am\u00e9ricaine ?"}]},{"@type":"WebSite","@id":"https:\/\/theplayoffs.news\/fr\/#website","url":"https:\/\/theplayoffs.news\/fr\/","name":"The Playoffs FR","description":"NBA-NFL-NHL-MLB","potentialAction":[{"@type":"SearchAction","target":{"@type":"EntryPoint","urlTemplate":"https:\/\/theplayoffs.news\/fr\/?s={search_term_string}"},"query-input":{"@type":"PropertyValueSpecification","valueRequired":true,"valueName":"search_term_string"}}],"inLanguage":"fr-FR"},{"@type":"Person","@id":"https:\/\/theplayoffs.news\/fr\/#\/schema\/person\/6d5286c8c5dec1bbd3e6341f17a41111","name":"Romain Balle","image":{"@type":"ImageObject","inLanguage":"fr-FR","@id":"https:\/\/theplayoffs.news\/fr\/#\/schema\/person\/image\/","url":"https:\/\/secure.gravatar.com\/avatar\/05ddb849264c48c5ab2084b8927e8da5ec4ccb05c2bd91acb1c3d4c2785ce057?s=96&d=mm&r=g","contentUrl":"https:\/\/secure.gravatar.com\/avatar\/05ddb849264c48c5ab2084b8927e8da5ec4ccb05c2bd91acb1c3d4c2785ce057?s=96&d=mm&r=g","caption":"Romain Balle"},"url":"https:\/\/theplayoffs.news\/fr\/author\/romainballe02gmail-com\/"}]}},"_links":{"self":[{"href":"https:\/\/theplayoffs.news\/fr\/wp-json\/wp\/v2\/posts\/1447431","targetHints":{"allow":["GET"]}}],"collection":[{"href":"https:\/\/theplayoffs.news\/fr\/wp-json\/wp\/v2\/posts"}],"about":[{"href":"https:\/\/theplayoffs.news\/fr\/wp-json\/wp\/v2\/types\/post"}],"author":[{"embeddable":true,"href":"https:\/\/theplayoffs.news\/fr\/wp-json\/wp\/v2\/users\/180310210"}],"replies":[{"embeddable":true,"href":"https:\/\/theplayoffs.news\/fr\/wp-json\/wp\/v2\/comments?post=1447431"}],"version-history":[{"count":3,"href":"https:\/\/theplayoffs.news\/fr\/wp-json\/wp\/v2\/posts\/1447431\/revisions"}],"predecessor-version":[{"id":1447438,"href":"https:\/\/theplayoffs.news\/fr\/wp-json\/wp\/v2\/posts\/1447431\/revisions\/1447438"}],"wp:featuredmedia":[{"embeddable":true,"href":"https:\/\/theplayoffs.news\/fr\/wp-json\/wp\/v2\/media\/1447432"}],"wp:attachment":[{"href":"https:\/\/theplayoffs.news\/fr\/wp-json\/wp\/v2\/media?parent=1447431"}],"wp:term":[{"taxonomy":"category","embeddable":true,"href":"https:\/\/theplayoffs.news\/fr\/wp-json\/wp\/v2\/categories?post=1447431"},{"taxonomy":"post_tag","embeddable":true,"href":"https:\/\/theplayoffs.news\/fr\/wp-json\/wp\/v2\/tags?post=1447431"},{"taxonomy":"sport","embeddable":true,"href":"https:\/\/theplayoffs.news\/fr\/wp-json\/wp\/v2\/sport?post=1447431"},{"taxonomy":"saison","embeddable":true,"href":"https:\/\/theplayoffs.news\/fr\/wp-json\/wp\/v2\/saison?post=1447431"}],"curies":[{"name":"wp","href":"https:\/\/api.w.org\/{rel}","templated":true}]}}