{"id":1447356,"date":"2024-07-26T11:55:55","date_gmt":"2024-07-26T09:55:55","guid":{"rendered":"https:\/\/theplayoffs.news\/fr\/?p=1447356"},"modified":"2024-07-26T11:55:55","modified_gmt":"2024-07-26T09:55:55","slug":"belgique-julie-allemand-forfait-jo","status":"publish","type":"post","link":"https:\/\/theplayoffs.news\/fr\/jo2024\/belgique-julie-allemand-forfait-jo\/","title":{"rendered":"Belgique : Julie Allemand, forfait pour les Jeux Olympiques\u2026"},"content":{"rendered":"<h2>Julie Allemand, meneuse de grand talent, ne sera pas avec sa s&eacute;lection belge pour les Jeux Olympiques apr&egrave;s une blessure musculaire contract&eacute;e &agrave; l&rsquo;entra&icirc;nement.<\/h2><p>La Belgique de Julie Allemand est une des<a href=\"https:\/\/theplayoffs.news\/fr\/jeux-olympiques-2024\/podcast-jo-2024-la-grande-preview-du-basket-invite-ghislain-de-swish-swish\/\" class=\"trk-cta-link\" data-cta-trk='{\"ctaType\":\"Link\",\"ctaSubType\":\"main\"}'> &eacute;quipes favorites pour d&eacute;crocher une m&eacute;daille<\/a> &agrave; Paris cet &eacute;t&eacute;, mais la &ldquo;point god&rdquo; ne sera pas avec ses co&eacute;quipi&egrave;res.<\/p><blockquote class=\"twitter-tweet\" data-width=\"500\" data-dnt=\"true\">\n<p lang=\"en\" dir=\"ltr\">Unlucky injury for our point god.<\/p>\n<p>More info on <a href=\"https:\/\/t.co\/79pUX6sWbX\" class=\"trk-cta-link\" data-cta-trk='{\"ctaType\":\"Link\",\"ctaSubType\":\"main\"}'>https:\/\/t.co\/79pUX6sWbX<\/a> <a href=\"https:\/\/t.co\/ikiHAe2iM3\" class=\"trk-cta-link\" data-cta-trk='{\"ctaType\":\"Link\",\"ctaSubType\":\"main\"}'>pic.twitter.com\/ikiHAe2iM3<\/a><\/p>\n<p>&mdash; Belgian Cats (@TheBelgianCats) <a href=\"https:\/\/twitter.com\/TheBelgianCats\/status\/1816505842457280882?ref_src=twsrc%5Etfw\" class=\"trk-cta-link\" data-cta-trk='{\"ctaType\":\"Link\",\"ctaSubType\":\"main\"}'>July 25, 2024<\/a><\/p><\/blockquote><p><script async src=\"https:\/\/platform.twitter.com\/widgets.js\" charset=\"utf-8\"><\/script><\/p><p>Selon les <a href=\"https:\/\/www.lequipe.fr\/Jo-2024-paris\/Basket\/Actualites\/La-belge-julie-allemand-est-forfait-pour-les-jo-de-paris-2024\/1485286\" class=\"trk-cta-link\" data-cta-trk='{\"ctaType\":\"Link\",\"ctaSubType\":\"main\"}'>informations de l&rsquo;&Eacute;quipe<\/a>, il s&rsquo;agit d&rsquo;une blessure musculaire sans lien avec son op&eacute;ration de la cheville en fin de saison derni&egrave;re. Elle avait tout donn&eacute; pour revenir &agrave; temps et se voit priver de son r&ecirc;ve&hellip;<\/p><p>Allemand est remplac&eacute;e par Nastja Claessens (19 ans) dans le groupe des 12 de Rachid Meziane.<\/p><div id=\"title\" class=\"style-scope ytd-watch-metadata\">\n<p class=\"style-scope ytd-watch-metadata\">Cr&eacute;dit Photo : Youtube \/ <a class=\"yt-simple-endpoint style-scope yt-formatted-string trk-cta-link\" spellcheck=\"false\" href=\"https:\/\/www.youtube.com\/@cedricwarlop\" data-cta-trk='{\"ctaType\":\"Link\",\"ctaSubType\":\"main\"}'>C&eacute;dric Warlop<\/a><\/p>\n<\/div>\n","protected":false},"excerpt":{"rendered":"","protected":false},"author":180310247,"featured_media":1447357,"comment_status":"open","ping_status":"closed","sticky":false,"template":"","format":"standard","meta":{"inline_featured_image":false,"kia_subtitle":"","_mux_skip_reasons":[],"proofreadBy":0,"footnotes":""},"categories":[7518],"tags":[7571,7572],"sport":[],"saison":[],"class_list":["post-1447356","post","type-post","status-publish","format-standard","has-post-thumbnail","hentry","category-jo2024","tag-belgique","tag-julie-allemand"],"acf":[],"yoast_head":"<!-- This site is optimized with the Yoast SEO plugin v24.2 - https:\/\/yoast.com\/wordpress\/plugins\/seo\/ -->\n<title>Belgique : Julie Allemand, forfait pour les Jeux Olympiques&hellip; - The Playoffs FR<\/title>\n<meta name=\"robots\" content=\"index, follow, max-snippet:-1, max-image-preview:large, max-video-preview:-1\" \/>\n<link rel=\"canonical\" href=\"https:\/\/theplayoffs.news\/fr\/jo2024\/belgique-julie-allemand-forfait-jo\/\" \/>\n<meta property=\"og:locale\" content=\"fr_FR\" \/>\n<meta property=\"og:type\" content=\"article\" \/>\n<meta property=\"og:title\" content=\"Belgique : Julie Allemand, forfait pour les Jeux Olympiques&hellip; - The Playoffs FR\" \/>\n<meta property=\"og:url\" content=\"https:\/\/theplayoffs.news\/fr\/jo2024\/belgique-julie-allemand-forfait-jo\/\" \/>\n<meta property=\"og:site_name\" content=\"The Playoffs FR\" \/>\n<meta property=\"article:publisher\" content=\"https:\/\/www.facebook.com\/TheFreeAgentFR\/\" \/>\n<meta property=\"article:modified_time\" content=\"2024-07-26T11:55:55+02:00\" \/>\n<meta property=\"og:image\" content=\"https:\/\/theplayoffs.news\/fr\/wp-content\/uploads\/2024\/07\/Capture-decran-2024-07-26-114818.jpg\" \/>\n\t<meta property=\"og:image:width\" content=\"850\" \/>\n\t<meta property=\"og:image:height\" content=\"550\" \/>\n\t<meta property=\"og:image:type\" content=\"image\/jpeg\" \/>\n<meta name=\"author\" content=\"Eliott Caillot\" \/>\n<meta name=\"twitter:card\" content=\"summary_large_image\" \/>\n<meta name=\"twitter:creator\" content=\"@TheFreeAgentFR\" \/>\n<meta name=\"twitter:site\" content=\"@TheFreeAgentFR\" \/>\n<meta name=\"twitter:label1\" content=\"\u00c9crit par\" \/>\n\t<meta name=\"twitter:data1\" content=\"Eliott Caillot\" \/>\n\t<meta name=\"twitter:label2\" content=\"Dur\u00e9e de lecture estim\u00e9e\" \/>\n\t<meta name=\"twitter:data2\" content=\"1 minute\" \/>\n<script type=\"application\/ld+json\" class=\"yoast-schema-graph\">{\"@context\":\"https:\/\/schema.org\",\"@graph\":[{\"@type\":\"WebPage\",\"@id\":\"https:\/\/theplayoffs.news\/fr\/jo2024\/belgique-julie-allemand-forfait-jo\/\",\"url\":\"https:\/\/theplayoffs.news\/fr\/jo2024\/belgique-julie-allemand-forfait-jo\/\",\"name\":\"Belgique : Julie Allemand, forfait pour les Jeux Olympiques\u2026 - The Playoffs FR\",\"isPartOf\":{\"@id\":\"https:\/\/theplayoffs.news\/fr\/#website\"},\"primaryImageOfPage\":{\"@id\":\"https:\/\/theplayoffs.news\/fr\/jo2024\/belgique-julie-allemand-forfait-jo\/#primaryimage\"},\"image\":{\"@id\":\"https:\/\/theplayoffs.news\/fr\/jo2024\/belgique-julie-allemand-forfait-jo\/#primaryimage\"},\"thumbnailUrl\":\"https:\/\/theplayoffs.news\/fr\/wp-content\/uploads\/2024\/07\/Capture-decran-2024-07-26-114818.jpg\",\"datePublished\":\"2024-07-26T09:55:55+00:00\",\"dateModified\":\"2024-07-26T09:55:55+00:00\",\"author\":{\"@id\":\"https:\/\/theplayoffs.news\/fr\/#\/schema\/person\/b3263eb0855dc52bd89a891bffd4ac2d\"},\"breadcrumb\":{\"@id\":\"https:\/\/theplayoffs.news\/fr\/jo2024\/belgique-julie-allemand-forfait-jo\/#breadcrumb\"},\"inLanguage\":\"fr-FR\",\"potentialAction\":[{\"@type\":\"ReadAction\",\"target\":[\"https:\/\/theplayoffs.news\/fr\/jo2024\/belgique-julie-allemand-forfait-jo\/\"]}]},{\"@type\":\"ImageObject\",\"inLanguage\":\"fr-FR\",\"@id\":\"https:\/\/theplayoffs.news\/fr\/jo2024\/belgique-julie-allemand-forfait-jo\/#primaryimage\",\"url\":\"https:\/\/theplayoffs.news\/fr\/wp-content\/uploads\/2024\/07\/Capture-decran-2024-07-26-114818.jpg\",\"contentUrl\":\"https:\/\/theplayoffs.news\/fr\/wp-content\/uploads\/2024\/07\/Capture-decran-2024-07-26-114818.jpg\",\"width\":850,\"height\":550,\"caption\":\"Julie Allemand\"},{\"@type\":\"BreadcrumbList\",\"@id\":\"https:\/\/theplayoffs.news\/fr\/jo2024\/belgique-julie-allemand-forfait-jo\/#breadcrumb\",\"itemListElement\":[{\"@type\":\"ListItem\",\"position\":1,\"name\":\"Accueil\",\"item\":\"https:\/\/theplayoffs.news\/fr\/\"},{\"@type\":\"ListItem\",\"position\":2,\"name\":\"Belgique : Julie Allemand, forfait pour les Jeux Olympiques\u2026\"}]},{\"@type\":\"WebSite\",\"@id\":\"https:\/\/theplayoffs.news\/fr\/#website\",\"url\":\"https:\/\/theplayoffs.news\/fr\/\",\"name\":\"The Playoffs FR\",\"description\":\"NBA-NFL-NHL-MLB\",\"potentialAction\":[{\"@type\":\"SearchAction\",\"target\":{\"@type\":\"EntryPoint\",\"urlTemplate\":\"https:\/\/theplayoffs.news\/fr\/?s={search_term_string}\"},\"query-input\":{\"@type\":\"PropertyValueSpecification\",\"valueRequired\":true,\"valueName\":\"search_term_string\"}}],\"inLanguage\":\"fr-FR\"},{\"@type\":\"Person\",\"@id\":\"https:\/\/theplayoffs.news\/fr\/#\/schema\/person\/b3263eb0855dc52bd89a891bffd4ac2d\",\"name\":\"Eliott Caillot\",\"image\":{\"@type\":\"ImageObject\",\"inLanguage\":\"fr-FR\",\"@id\":\"https:\/\/theplayoffs.news\/fr\/#\/schema\/person\/image\/\",\"url\":\"https:\/\/secure.gravatar.com\/avatar\/f0e6c30d165f1a46b16f05bf08040e1dfc41812cc7ff16ed9b1cde5726a8c951?s=96&d=mm&r=g\",\"contentUrl\":\"https:\/\/secure.gravatar.com\/avatar\/f0e6c30d165f1a46b16f05bf08040e1dfc41812cc7ff16ed9b1cde5726a8c951?s=96&d=mm&r=g\",\"caption\":\"Eliott Caillot\"},\"description\":\"\u00c9tudiant en journalisme, r\u00e9dacteur sp\u00e9cialis\u00e9 dans le basket f\u00e9minin avec la WNBA et Unrivaled Women\u2019s Basketball. Passionn\u00e9 de basket depuis que j\u2019ai assist\u00e9 \u00e0 un derby new-yorkais au Barclays Center en 2016, j\u2019aime autant \u00eatre sur le parquet qu\u2019en tribune de presse pour faire vibrer les lecteurs. Les salles de conf\u00e9rences de presse sont ma deuxi\u00e8me maison. Si votre num\u00e9ro favori est le 22, et que vous avez d\u00e9j\u00e0 entendu parler d\u2019une jeune Clark, vous serez au bon endroit sur TPO.\",\"sameAs\":[\"https:\/\/www.linkedin.com\/in\/eliott-caillot-etudiant\"],\"url\":\"https:\/\/theplayoffs.news\/fr\/author\/eliott-caillotgmail-com\/\"}]}<\/script>\n<!-- \/ Yoast SEO plugin. -->","yoast_head_json":{"title":"Belgique : Julie Allemand, forfait pour les Jeux Olympiques&hellip; - The Playoffs FR","robots":{"index":"index","follow":"follow","max-snippet":"max-snippet:-1","max-image-preview":"max-image-preview:large","max-video-preview":"max-video-preview:-1"},"canonical":"https:\/\/theplayoffs.news\/fr\/jo2024\/belgique-julie-allemand-forfait-jo\/","og_locale":"fr_FR","og_type":"article","og_title":"Belgique : Julie Allemand, forfait pour les Jeux Olympiques&hellip; - The Playoffs FR","og_url":"https:\/\/theplayoffs.news\/fr\/jo2024\/belgique-julie-allemand-forfait-jo\/","og_site_name":"The Playoffs FR","article_publisher":"https:\/\/www.facebook.com\/TheFreeAgentFR\/","og_image":[{"width":850,"height":550,"url":"https:\/\/theplayoffs.news\/fr\/wp-content\/uploads\/2024\/07\/Capture-decran-2024-07-26-114818.jpg","type":"image\/jpeg"}],"author":"Eliott Caillot","twitter_card":"summary_large_image","twitter_creator":"@TheFreeAgentFR","twitter_site":"@TheFreeAgentFR","twitter_misc":{"\u00c9crit par":"Eliott Caillot","Dur\u00e9e de lecture estim\u00e9e":"1 minute"},"schema":{"@context":"https:\/\/schema.org","@graph":[{"@type":"WebPage","@id":"https:\/\/theplayoffs.news\/fr\/jo2024\/belgique-julie-allemand-forfait-jo\/","url":"https:\/\/theplayoffs.news\/fr\/jo2024\/belgique-julie-allemand-forfait-jo\/","name":"Belgique : Julie Allemand, forfait pour les Jeux Olympiques\u2026 - The Playoffs FR","isPartOf":{"@id":"https:\/\/theplayoffs.news\/fr\/#website"},"primaryImageOfPage":{"@id":"https:\/\/theplayoffs.news\/fr\/jo2024\/belgique-julie-allemand-forfait-jo\/#primaryimage"},"image":{"@id":"https:\/\/theplayoffs.news\/fr\/jo2024\/belgique-julie-allemand-forfait-jo\/#primaryimage"},"thumbnailUrl":"https:\/\/theplayoffs.news\/fr\/wp-content\/uploads\/2024\/07\/Capture-decran-2024-07-26-114818.jpg","datePublished":"2024-07-26T09:55:55+00:00","dateModified":"2024-07-26T09:55:55+00:00","author":{"@id":"https:\/\/theplayoffs.news\/fr\/#\/schema\/person\/b3263eb0855dc52bd89a891bffd4ac2d"},"breadcrumb":{"@id":"https:\/\/theplayoffs.news\/fr\/jo2024\/belgique-julie-allemand-forfait-jo\/#breadcrumb"},"inLanguage":"fr-FR","potentialAction":[{"@type":"ReadAction","target":["https:\/\/theplayoffs.news\/fr\/jo2024\/belgique-julie-allemand-forfait-jo\/"]}]},{"@type":"ImageObject","inLanguage":"fr-FR","@id":"https:\/\/theplayoffs.news\/fr\/jo2024\/belgique-julie-allemand-forfait-jo\/#primaryimage","url":"https:\/\/theplayoffs.news\/fr\/wp-content\/uploads\/2024\/07\/Capture-decran-2024-07-26-114818.jpg","contentUrl":"https:\/\/theplayoffs.news\/fr\/wp-content\/uploads\/2024\/07\/Capture-decran-2024-07-26-114818.jpg","width":850,"height":550,"caption":"Julie Allemand"},{"@type":"BreadcrumbList","@id":"https:\/\/theplayoffs.news\/fr\/jo2024\/belgique-julie-allemand-forfait-jo\/#breadcrumb","itemListElement":[{"@type":"ListItem","position":1,"name":"Accueil","item":"https:\/\/theplayoffs.news\/fr\/"},{"@type":"ListItem","position":2,"name":"Belgique : Julie Allemand, forfait pour les Jeux Olympiques\u2026"}]},{"@type":"WebSite","@id":"https:\/\/theplayoffs.news\/fr\/#website","url":"https:\/\/theplayoffs.news\/fr\/","name":"The Playoffs FR","description":"NBA-NFL-NHL-MLB","potentialAction":[{"@type":"SearchAction","target":{"@type":"EntryPoint","urlTemplate":"https:\/\/theplayoffs.news\/fr\/?s={search_term_string}"},"query-input":{"@type":"PropertyValueSpecification","valueRequired":true,"valueName":"search_term_string"}}],"inLanguage":"fr-FR"},{"@type":"Person","@id":"https:\/\/theplayoffs.news\/fr\/#\/schema\/person\/b3263eb0855dc52bd89a891bffd4ac2d","name":"Eliott Caillot","image":{"@type":"ImageObject","inLanguage":"fr-FR","@id":"https:\/\/theplayoffs.news\/fr\/#\/schema\/person\/image\/","url":"https:\/\/secure.gravatar.com\/avatar\/f0e6c30d165f1a46b16f05bf08040e1dfc41812cc7ff16ed9b1cde5726a8c951?s=96&d=mm&r=g","contentUrl":"https:\/\/secure.gravatar.com\/avatar\/f0e6c30d165f1a46b16f05bf08040e1dfc41812cc7ff16ed9b1cde5726a8c951?s=96&d=mm&r=g","caption":"Eliott Caillot"},"description":"\u00c9tudiant en journalisme, r\u00e9dacteur sp\u00e9cialis\u00e9 dans le basket f\u00e9minin avec la WNBA et Unrivaled Women\u2019s Basketball. Passionn\u00e9 de basket depuis que j\u2019ai assist\u00e9 \u00e0 un derby new-yorkais au Barclays Center en 2016, j\u2019aime autant \u00eatre sur le parquet qu\u2019en tribune de presse pour faire vibrer les lecteurs. Les salles de conf\u00e9rences de presse sont ma deuxi\u00e8me maison. Si votre num\u00e9ro favori est le 22, et que vous avez d\u00e9j\u00e0 entendu parler d\u2019une jeune Clark, vous serez au bon endroit sur TPO.","sameAs":["https:\/\/www.linkedin.com\/in\/eliott-caillot-etudiant"],"url":"https:\/\/theplayoffs.news\/fr\/author\/eliott-caillotgmail-com\/"}]}},"_links":{"self":[{"href":"https:\/\/theplayoffs.news\/fr\/wp-json\/wp\/v2\/posts\/1447356","targetHints":{"allow":["GET"]}}],"collection":[{"href":"https:\/\/theplayoffs.news\/fr\/wp-json\/wp\/v2\/posts"}],"about":[{"href":"https:\/\/theplayoffs.news\/fr\/wp-json\/wp\/v2\/types\/post"}],"author":[{"embeddable":true,"href":"https:\/\/theplayoffs.news\/fr\/wp-json\/wp\/v2\/users\/180310247"}],"replies":[{"embeddable":true,"href":"https:\/\/theplayoffs.news\/fr\/wp-json\/wp\/v2\/comments?post=1447356"}],"version-history":[{"count":2,"href":"https:\/\/theplayoffs.news\/fr\/wp-json\/wp\/v2\/posts\/1447356\/revisions"}],"predecessor-version":[{"id":1447360,"href":"https:\/\/theplayoffs.news\/fr\/wp-json\/wp\/v2\/posts\/1447356\/revisions\/1447360"}],"wp:featuredmedia":[{"embeddable":true,"href":"https:\/\/theplayoffs.news\/fr\/wp-json\/wp\/v2\/media\/1447357"}],"wp:attachment":[{"href":"https:\/\/theplayoffs.news\/fr\/wp-json\/wp\/v2\/media?parent=1447356"}],"wp:term":[{"taxonomy":"category","embeddable":true,"href":"https:\/\/theplayoffs.news\/fr\/wp-json\/wp\/v2\/categories?post=1447356"},{"taxonomy":"post_tag","embeddable":true,"href":"https:\/\/theplayoffs.news\/fr\/wp-json\/wp\/v2\/tags?post=1447356"},{"taxonomy":"sport","embeddable":true,"href":"https:\/\/theplayoffs.news\/fr\/wp-json\/wp\/v2\/sport?post=1447356"},{"taxonomy":"saison","embeddable":true,"href":"https:\/\/theplayoffs.news\/fr\/wp-json\/wp\/v2\/saison?post=1447356"}],"curies":[{"name":"wp","href":"https:\/\/api.w.org\/{rel}","templated":true}]}}