{"id":1447126,"date":"2024-07-25T15:30:07","date_gmt":"2024-07-25T13:30:07","guid":{"rendered":"https:\/\/theplayoffs.news\/fr\/?p=1447126"},"modified":"2024-07-25T15:25:35","modified_gmt":"2024-07-25T13:25:35","slug":"saints-alvin-kamara-present-malgre-ses-negociations","status":"publish","type":"post","link":"https:\/\/theplayoffs.news\/fr\/actualite-nfl\/saints-alvin-kamara-present-malgre-ses-negociations\/","title":{"rendered":"Saints : Alvin Kamara pr\u00e9sent malgr\u00e9 ses n\u00e9gociations"},"content":{"rendered":"<h2>Alvin Kamara s&rsquo;est bien pr&eacute;sent&eacute; au camp de pr&eacute;-saison, bien qu&rsquo;il n&rsquo;ait toujours pas re&ccedil;u le contrat qu&rsquo;il esp&egrave;re.<\/h2><p>Certains joueurs qui esp&egrave;rent obtenir un nouveau contrat avec leur franchise se permettent de rater des jours d&rsquo;entra&icirc;nement durant le camp de pr&eacute;-saison. Ils esp&egrave;rent ainsi que ces absences mettront la pression sur leur &eacute;quipe pour que cette derni&egrave;re c&egrave;de.<\/p><p>Cependant, cette fa&ccedil;on de faire n&rsquo;est pas du tout celle d&rsquo;<a href=\"https:\/\/theplayoffs.news\/fr\/nfl\/alvin-kamara-quitte-le-minicamp-des-saints\/\" class=\"trk-cta-link\" data-cta-trk='{\"ctaType\":\"Link\",\"ctaSubType\":\"main\"}'>Alvin Kamara<\/a>.<\/p><h3>Le respect des Saints<\/h3><p>Bien qu&rsquo;il ait quitt&eacute; le camp obligatoire en juin dernier car les n&eacute;gociations n&rsquo;avan&ccedil;aient pas assez vite &agrave; son go&ucirc;t, Alvin Kamara ne compte pas refaire la m&ecirc;me chose durant le camp de pr&eacute;-saison.<\/p><p>Bien qu&rsquo;il cherche toujours &agrave; obtenir un nouveau contrat, le running back veut rester respectueux de ses co&eacute;quipiers.<\/p><blockquote><p>&laquo; J&rsquo;essaie d&rsquo;obtenir de l&rsquo;argent, n&rsquo;est-ce pas ? J&rsquo;allais &ecirc;tre ici. Ce n&rsquo;est pas quelqu&rsquo;un qui porte un maillot, je ne bl&acirc;merais m&ecirc;me pas les entra&icirc;neurs [pour] ce qui se passe avec les probl&egrave;mes de contrat en ce moment. Cela se produit dans toute la ligue. C&rsquo;est arriv&eacute; ici. C&rsquo;est arriv&eacute; partout. Les gens essaient d&rsquo;obtenir des contrats, essaient d&rsquo;&ecirc;tre pay&eacute;s.<\/p>\n<p>Je serais fou de contrarier mes co&eacute;quipiers &agrave; cause d&rsquo;un conflit que j&rsquo;ai avec l&rsquo;&eacute;tage sup&eacute;rieur. Je n&rsquo;appellerais m&ecirc;me pas cela un conflit. Nous avons juste des conversations sur la r&eacute;mun&eacute;ration. &hellip; Je ne suis pas ce type. Je suis pour l&rsquo;&eacute;quipe. Donc je suis ici, je fais ce que j&rsquo;ai &agrave; faire. Je travaille. &raquo;, d&eacute;clare-t-il, rapporte <a href=\"https:\/\/www.nfl.com\/news\/alvin-kamara-on-not-holding-out-from-saints-training-camp-amid-contract-talks-i-ain-t-stupid\" class=\"trk-cta-link\" data-cta-trk='{\"ctaType\":\"Link\",\"ctaSubType\":\"main\"}'>NFL.com<\/a><\/p><\/blockquote><p>Alvin Kamara a ensuite tenu &agrave; rappeler qu&rsquo;il ne veut pas changer de franchise mais bien rester avec les Saints, r&eacute;affirmant clairement son amour pour la franchise de la Nouvelle-Orl&eacute;ans.<\/p><blockquote><p>&laquo; Je l&rsquo;ai d&eacute;j&agrave; dit : je veux &ecirc;tre un Saint. Vous voyez ce que je veux dire ? Je veux prendre ma retraite ici. Si je dois jouer au football ailleurs, je serai probablement quelque part en Afrique, ou quelque chose comme &ccedil;a. &raquo;<\/p><\/blockquote><p>Le joueur de 29 ans a parcouru 694 yards et inscrit 5 touchdowns la saison pass&eacute;e en 13 matchs. Depuis son arriv&eacute;e aux Saints et en NFL en 2017, il n&rsquo;a jamais d&eacute;pass&eacute; les 1 000 yards &agrave; la course, mais il reste consid&eacute;r&eacute; comme le franchise player des Saints.<\/p><p>Les deux parties devraient donc trouver un accord avant le d&eacute;but de la saison&hellip;<\/p><p>&nbsp;<\/p><p>Cr&eacute;dit photo : Kim Klement Neitzel-USA TODAY Sports<\/p>\n","protected":false},"excerpt":{"rendered":"","protected":false},"author":180310250,"featured_media":1447140,"comment_status":"open","ping_status":"closed","sticky":false,"template":"","format":"standard","meta":{"inline_featured_image":false,"kia_subtitle":"","_mux_skip_reasons":[],"proofreadBy":0,"footnotes":""},"categories":[118,40],"tags":[79,206],"sport":[2785],"saison":[6111,7475],"class_list":["post-1447126","post","type-post","status-publish","format-standard","has-post-thumbnail","hentry","category-actualite-nfl","category-nfl","tag-nfl","tag-saints","sport-nfl","saison-6111","saison-7475"],"acf":[],"yoast_head":"<!-- This site is optimized with the Yoast SEO plugin v24.2 - https:\/\/yoast.com\/wordpress\/plugins\/seo\/ -->\n<title>Saints : Alvin Kamara pr&eacute;sent malgr&eacute; ses n&eacute;gociations - The Playoffs FR<\/title>\n<meta name=\"robots\" content=\"index, follow, max-snippet:-1, max-image-preview:large, max-video-preview:-1\" \/>\n<link rel=\"canonical\" href=\"https:\/\/theplayoffs.news\/fr\/actualite-nfl\/saints-alvin-kamara-present-malgre-ses-negociations\/\" \/>\n<meta property=\"og:locale\" content=\"fr_FR\" \/>\n<meta property=\"og:type\" content=\"article\" \/>\n<meta property=\"og:title\" content=\"Saints : Alvin Kamara pr&eacute;sent malgr&eacute; ses n&eacute;gociations - The Playoffs FR\" \/>\n<meta property=\"og:url\" content=\"https:\/\/theplayoffs.news\/fr\/actualite-nfl\/saints-alvin-kamara-present-malgre-ses-negociations\/\" \/>\n<meta property=\"og:site_name\" content=\"The Playoffs FR\" \/>\n<meta property=\"article:publisher\" content=\"https:\/\/www.facebook.com\/TheFreeAgentFR\/\" \/>\n<meta property=\"article:modified_time\" content=\"2024-07-25T15:30:07+02:00\" \/>\n<meta property=\"og:image\" content=\"https:\/\/theplayoffs.news\/fr\/wp-content\/uploads\/2024\/07\/USATSI_22200481.jpg\" \/>\n\t<meta property=\"og:image:width\" content=\"1920\" \/>\n\t<meta property=\"og:image:height\" content=\"1364\" \/>\n\t<meta property=\"og:image:type\" content=\"image\/jpeg\" \/>\n<meta name=\"author\" content=\"Jean Fabre-Jevanoff\" \/>\n<meta name=\"twitter:card\" content=\"summary_large_image\" \/>\n<meta name=\"twitter:creator\" content=\"@the_jfj_42\" \/>\n<meta name=\"twitter:site\" content=\"@TheFreeAgentFR\" \/>\n<meta name=\"twitter:label1\" content=\"\u00c9crit par\" \/>\n\t<meta name=\"twitter:data1\" content=\"Jean Fabre-Jevanoff\" \/>\n\t<meta name=\"twitter:label2\" content=\"Dur\u00e9e de lecture estim\u00e9e\" \/>\n\t<meta name=\"twitter:data2\" content=\"2 minutes\" \/>\n<script type=\"application\/ld+json\" class=\"yoast-schema-graph\">{\"@context\":\"https:\/\/schema.org\",\"@graph\":[{\"@type\":\"WebPage\",\"@id\":\"https:\/\/theplayoffs.news\/fr\/actualite-nfl\/saints-alvin-kamara-present-malgre-ses-negociations\/\",\"url\":\"https:\/\/theplayoffs.news\/fr\/actualite-nfl\/saints-alvin-kamara-present-malgre-ses-negociations\/\",\"name\":\"Saints : Alvin Kamara pr\u00e9sent malgr\u00e9 ses n\u00e9gociations - The Playoffs FR\",\"isPartOf\":{\"@id\":\"https:\/\/theplayoffs.news\/fr\/#website\"},\"primaryImageOfPage\":{\"@id\":\"https:\/\/theplayoffs.news\/fr\/actualite-nfl\/saints-alvin-kamara-present-malgre-ses-negociations\/#primaryimage\"},\"image\":{\"@id\":\"https:\/\/theplayoffs.news\/fr\/actualite-nfl\/saints-alvin-kamara-present-malgre-ses-negociations\/#primaryimage\"},\"thumbnailUrl\":\"https:\/\/theplayoffs.news\/fr\/wp-content\/uploads\/2024\/07\/USATSI_22200481.jpg\",\"datePublished\":\"2024-07-25T13:30:07+00:00\",\"dateModified\":\"2024-07-25T15:30:07+02:00\",\"author\":{\"@id\":\"https:\/\/theplayoffs.news\/fr\/#\/schema\/person\/1ea25b88e79fe4fabd657430b0013d3d\"},\"breadcrumb\":{\"@id\":\"https:\/\/theplayoffs.news\/fr\/actualite-nfl\/saints-alvin-kamara-present-malgre-ses-negociations\/#breadcrumb\"},\"inLanguage\":\"fr-FR\",\"potentialAction\":[{\"@type\":\"ReadAction\",\"target\":[\"https:\/\/theplayoffs.news\/fr\/actualite-nfl\/saints-alvin-kamara-present-malgre-ses-negociations\/\"]}]},{\"@type\":\"ImageObject\",\"inLanguage\":\"fr-FR\",\"@id\":\"https:\/\/theplayoffs.news\/fr\/actualite-nfl\/saints-alvin-kamara-present-malgre-ses-negociations\/#primaryimage\",\"url\":\"https:\/\/theplayoffs.news\/fr\/wp-content\/uploads\/2024\/07\/USATSI_22200481.jpg\",\"contentUrl\":\"https:\/\/theplayoffs.news\/fr\/wp-content\/uploads\/2024\/07\/USATSI_22200481.jpg\",\"width\":1920,\"height\":1364,\"caption\":\"Dec 31, 2023; Tampa, Florida, USA;New Orleans Saints running back Alvin Kamara (41) stiff arms Tampa Bay Buccaneers safety Antoine Winfield Jr. (31) during the first quarter at Raymond James Stadium. Mandatory Credit: Kim Klement Neitzel-USA TODAY Sports\"},{\"@type\":\"BreadcrumbList\",\"@id\":\"https:\/\/theplayoffs.news\/fr\/actualite-nfl\/saints-alvin-kamara-present-malgre-ses-negociations\/#breadcrumb\",\"itemListElement\":[{\"@type\":\"ListItem\",\"position\":1,\"name\":\"Accueil\",\"item\":\"https:\/\/theplayoffs.news\/fr\/\"},{\"@type\":\"ListItem\",\"position\":2,\"name\":\"Saints : Alvin Kamara pr\u00e9sent malgr\u00e9 ses n\u00e9gociations\"}]},{\"@type\":\"WebSite\",\"@id\":\"https:\/\/theplayoffs.news\/fr\/#website\",\"url\":\"https:\/\/theplayoffs.news\/fr\/\",\"name\":\"The Playoffs FR\",\"description\":\"NBA-NFL-NHL-MLB\",\"potentialAction\":[{\"@type\":\"SearchAction\",\"target\":{\"@type\":\"EntryPoint\",\"urlTemplate\":\"https:\/\/theplayoffs.news\/fr\/?s={search_term_string}\"},\"query-input\":{\"@type\":\"PropertyValueSpecification\",\"valueRequired\":true,\"valueName\":\"search_term_string\"}}],\"inLanguage\":\"fr-FR\"},{\"@type\":\"Person\",\"@id\":\"https:\/\/theplayoffs.news\/fr\/#\/schema\/person\/1ea25b88e79fe4fabd657430b0013d3d\",\"name\":\"Jean Fabre-Jevanoff\",\"image\":{\"@type\":\"ImageObject\",\"inLanguage\":\"fr-FR\",\"@id\":\"https:\/\/theplayoffs.news\/fr\/#\/schema\/person\/image\/\",\"url\":\"https:\/\/secure.gravatar.com\/avatar\/18b28dab1159eebc6a17b9787eb8cbbe3242c3d0e8b53b89332f6dc1133aa361?s=96&d=mm&r=g\",\"contentUrl\":\"https:\/\/secure.gravatar.com\/avatar\/18b28dab1159eebc6a17b9787eb8cbbe3242c3d0e8b53b89332f6dc1133aa361?s=96&d=mm&r=g\",\"caption\":\"Jean Fabre-Jevanoff\"},\"description\":\"Journaliste polyvalent sur le football am\u00e9ricain, j\u2019\u00e9cris aussi des articles sur le basket. Commentateur sur Twitch et sur YouTube. Pass\u00e9 par Eurosport notamment. Un mix d\u2019Eminem et de OBJ, fan inconditionnel de Patrick Mahomes et Lebron James\",\"sameAs\":[\"https:\/\/www.instagram.com\/_juaniitooo_\",\"https:\/\/www.linkedin.com\/in\/jean-fabre-jevanoff-84bb9b1a9\/\",\"https:\/\/x.com\/the_jfj_42\"],\"url\":\"https:\/\/theplayoffs.news\/fr\/author\/jeanfj42gmail-com\/\"}]}<\/script>\n<!-- \/ Yoast SEO plugin. -->","yoast_head_json":{"title":"Saints : Alvin Kamara pr&eacute;sent malgr&eacute; ses n&eacute;gociations - The Playoffs FR","robots":{"index":"index","follow":"follow","max-snippet":"max-snippet:-1","max-image-preview":"max-image-preview:large","max-video-preview":"max-video-preview:-1"},"canonical":"https:\/\/theplayoffs.news\/fr\/actualite-nfl\/saints-alvin-kamara-present-malgre-ses-negociations\/","og_locale":"fr_FR","og_type":"article","og_title":"Saints : Alvin Kamara pr&eacute;sent malgr&eacute; ses n&eacute;gociations - The Playoffs FR","og_url":"https:\/\/theplayoffs.news\/fr\/actualite-nfl\/saints-alvin-kamara-present-malgre-ses-negociations\/","og_site_name":"The Playoffs FR","article_publisher":"https:\/\/www.facebook.com\/TheFreeAgentFR\/","article_modified_time":"2024-07-25T13:25:35+00:00","og_image":[{"width":1920,"height":1364,"url":"https:\/\/theplayoffs.news\/fr\/wp-content\/uploads\/2024\/07\/USATSI_22200481.jpg","type":"image\/jpeg"}],"author":"Jean Fabre-Jevanoff","twitter_card":"summary_large_image","twitter_creator":"@the_jfj_42","twitter_site":"@TheFreeAgentFR","twitter_misc":{"\u00c9crit par":"Jean Fabre-Jevanoff","Dur\u00e9e de lecture estim\u00e9e":"2 minutes"},"schema":{"@context":"https:\/\/schema.org","@graph":[{"@type":"WebPage","@id":"https:\/\/theplayoffs.news\/fr\/actualite-nfl\/saints-alvin-kamara-present-malgre-ses-negociations\/","url":"https:\/\/theplayoffs.news\/fr\/actualite-nfl\/saints-alvin-kamara-present-malgre-ses-negociations\/","name":"Saints : Alvin Kamara pr\u00e9sent malgr\u00e9 ses n\u00e9gociations - The Playoffs FR","isPartOf":{"@id":"https:\/\/theplayoffs.news\/fr\/#website"},"primaryImageOfPage":{"@id":"https:\/\/theplayoffs.news\/fr\/actualite-nfl\/saints-alvin-kamara-present-malgre-ses-negociations\/#primaryimage"},"image":{"@id":"https:\/\/theplayoffs.news\/fr\/actualite-nfl\/saints-alvin-kamara-present-malgre-ses-negociations\/#primaryimage"},"thumbnailUrl":"https:\/\/theplayoffs.news\/fr\/wp-content\/uploads\/2024\/07\/USATSI_22200481.jpg","datePublished":"2024-07-25T13:30:07+00:00","dateModified":"2024-07-25T15:30:07+02:00","author":{"@id":"https:\/\/theplayoffs.news\/fr\/#\/schema\/person\/1ea25b88e79fe4fabd657430b0013d3d"},"breadcrumb":{"@id":"https:\/\/theplayoffs.news\/fr\/actualite-nfl\/saints-alvin-kamara-present-malgre-ses-negociations\/#breadcrumb"},"inLanguage":"fr-FR","potentialAction":[{"@type":"ReadAction","target":["https:\/\/theplayoffs.news\/fr\/actualite-nfl\/saints-alvin-kamara-present-malgre-ses-negociations\/"]}]},{"@type":"ImageObject","inLanguage":"fr-FR","@id":"https:\/\/theplayoffs.news\/fr\/actualite-nfl\/saints-alvin-kamara-present-malgre-ses-negociations\/#primaryimage","url":"https:\/\/theplayoffs.news\/fr\/wp-content\/uploads\/2024\/07\/USATSI_22200481.jpg","contentUrl":"https:\/\/theplayoffs.news\/fr\/wp-content\/uploads\/2024\/07\/USATSI_22200481.jpg","width":1920,"height":1364,"caption":"Dec 31, 2023; Tampa, Florida, USA;New Orleans Saints running back Alvin Kamara (41) stiff arms Tampa Bay Buccaneers safety Antoine Winfield Jr. (31) during the first quarter at Raymond James Stadium. Mandatory Credit: Kim Klement Neitzel-USA TODAY Sports"},{"@type":"BreadcrumbList","@id":"https:\/\/theplayoffs.news\/fr\/actualite-nfl\/saints-alvin-kamara-present-malgre-ses-negociations\/#breadcrumb","itemListElement":[{"@type":"ListItem","position":1,"name":"Accueil","item":"https:\/\/theplayoffs.news\/fr\/"},{"@type":"ListItem","position":2,"name":"Saints : Alvin Kamara pr\u00e9sent malgr\u00e9 ses n\u00e9gociations"}]},{"@type":"WebSite","@id":"https:\/\/theplayoffs.news\/fr\/#website","url":"https:\/\/theplayoffs.news\/fr\/","name":"The Playoffs FR","description":"NBA-NFL-NHL-MLB","potentialAction":[{"@type":"SearchAction","target":{"@type":"EntryPoint","urlTemplate":"https:\/\/theplayoffs.news\/fr\/?s={search_term_string}"},"query-input":{"@type":"PropertyValueSpecification","valueRequired":true,"valueName":"search_term_string"}}],"inLanguage":"fr-FR"},{"@type":"Person","@id":"https:\/\/theplayoffs.news\/fr\/#\/schema\/person\/1ea25b88e79fe4fabd657430b0013d3d","name":"Jean Fabre-Jevanoff","image":{"@type":"ImageObject","inLanguage":"fr-FR","@id":"https:\/\/theplayoffs.news\/fr\/#\/schema\/person\/image\/","url":"https:\/\/secure.gravatar.com\/avatar\/18b28dab1159eebc6a17b9787eb8cbbe3242c3d0e8b53b89332f6dc1133aa361?s=96&d=mm&r=g","contentUrl":"https:\/\/secure.gravatar.com\/avatar\/18b28dab1159eebc6a17b9787eb8cbbe3242c3d0e8b53b89332f6dc1133aa361?s=96&d=mm&r=g","caption":"Jean Fabre-Jevanoff"},"description":"Journaliste polyvalent sur le football am\u00e9ricain, j\u2019\u00e9cris aussi des articles sur le basket. Commentateur sur Twitch et sur YouTube. Pass\u00e9 par Eurosport notamment. Un mix d\u2019Eminem et de OBJ, fan inconditionnel de Patrick Mahomes et Lebron James","sameAs":["https:\/\/www.instagram.com\/_juaniitooo_","https:\/\/www.linkedin.com\/in\/jean-fabre-jevanoff-84bb9b1a9\/","https:\/\/x.com\/the_jfj_42"],"url":"https:\/\/theplayoffs.news\/fr\/author\/jeanfj42gmail-com\/"}]}},"_links":{"self":[{"href":"https:\/\/theplayoffs.news\/fr\/wp-json\/wp\/v2\/posts\/1447126","targetHints":{"allow":["GET"]}}],"collection":[{"href":"https:\/\/theplayoffs.news\/fr\/wp-json\/wp\/v2\/posts"}],"about":[{"href":"https:\/\/theplayoffs.news\/fr\/wp-json\/wp\/v2\/types\/post"}],"author":[{"embeddable":true,"href":"https:\/\/theplayoffs.news\/fr\/wp-json\/wp\/v2\/users\/180310250"}],"replies":[{"embeddable":true,"href":"https:\/\/theplayoffs.news\/fr\/wp-json\/wp\/v2\/comments?post=1447126"}],"version-history":[{"count":3,"href":"https:\/\/theplayoffs.news\/fr\/wp-json\/wp\/v2\/posts\/1447126\/revisions"}],"predecessor-version":[{"id":1447144,"href":"https:\/\/theplayoffs.news\/fr\/wp-json\/wp\/v2\/posts\/1447126\/revisions\/1447144"}],"wp:featuredmedia":[{"embeddable":true,"href":"https:\/\/theplayoffs.news\/fr\/wp-json\/wp\/v2\/media\/1447140"}],"wp:attachment":[{"href":"https:\/\/theplayoffs.news\/fr\/wp-json\/wp\/v2\/media?parent=1447126"}],"wp:term":[{"taxonomy":"category","embeddable":true,"href":"https:\/\/theplayoffs.news\/fr\/wp-json\/wp\/v2\/categories?post=1447126"},{"taxonomy":"post_tag","embeddable":true,"href":"https:\/\/theplayoffs.news\/fr\/wp-json\/wp\/v2\/tags?post=1447126"},{"taxonomy":"sport","embeddable":true,"href":"https:\/\/theplayoffs.news\/fr\/wp-json\/wp\/v2\/sport?post=1447126"},{"taxonomy":"saison","embeddable":true,"href":"https:\/\/theplayoffs.news\/fr\/wp-json\/wp\/v2\/saison?post=1447126"}],"curies":[{"name":"wp","href":"https:\/\/api.w.org\/{rel}","templated":true}]}}