{"id":1447063,"date":"2024-07-25T10:32:53","date_gmt":"2024-07-25T08:32:53","guid":{"rendered":"https:\/\/theplayoffs.news\/fr\/?p=1447063"},"modified":"2024-07-25T10:32:53","modified_gmt":"2024-07-25T08:32:53","slug":"ravens-lamar-jackson-oblige-de-quitter-lentrainement","status":"publish","type":"post","link":"https:\/\/theplayoffs.news\/fr\/actualite-nfl\/ravens-lamar-jackson-oblige-de-quitter-lentrainement\/","title":{"rendered":"Ravens : Lamar Jackson oblig\u00e9 de quitter l\u2019entra\u00eenement"},"content":{"rendered":"<h2>Pour son premier entra&icirc;nement avec les Ravens durant cette pr&eacute;-saison, Lamar Jackson a d&ucirc; partir au bout d&rsquo;une heure.<\/h2><p>Une passe, une interception, et puis s&rsquo;en va. Voil&agrave; le bilan de la premi&egrave;re journ&eacute;e d&rsquo;entra&icirc;nement de <a href=\"https:\/\/theplayoffs.news\/fr\/nfl\/ravens-lamar-jackson-pourrait-detroner-brady\/\" class=\"trk-cta-link\" data-cta-trk='{\"ctaType\":\"Link\",\"ctaSubType\":\"main\"}'>Lamar Jackson<\/a> avec les Baltimore Ravens durant leur camp d&rsquo;entra&icirc;nement. Le quarterback star a d&ucirc; quitter ses co&eacute;quipiers apr&egrave;s seulement une heure d&rsquo;exercice.<\/p><h3>Jackson malade encore une fois<\/h3><p><a href=\"https:\/\/www.espn.com\/nfl\/story\/_\/id\/40633863\/lamar-jackson-lasts-just-one-hour-return-ravens-practice\" class=\"trk-cta-link\" data-cta-trk='{\"ctaType\":\"Link\",\"ctaSubType\":\"main\"}'>ESPN<\/a> rapporte que Lamar Jackson avait manqu&eacute; les trois premiers jours du camp d&rsquo;entra&icirc;nement des Ravens en raison d&rsquo;une maladie. Et ce serait cette m&ecirc;me maladie qui l&rsquo;aurait pouss&eacute; &agrave; partir plus t&ocirc;t que pr&eacute;vu ce mercredi.<\/p><p>Le quarterback avait l&rsquo;air fatigu&eacute;, r&eacute;v&egrave;le le m&eacute;dia am&eacute;ricain. Une malheureuse habitude pour lui qui a manqu&eacute; au moins un entra&icirc;nement au cours de chacune de ses sept saisons en raison d&rsquo;une maladie, rappelle <a href=\"https:\/\/www.nbcsports.com\/nfl\/profootballtalk\/rumor-mill\/news\/lamar-jackson-lasts-only-one-hour-at-his-first-practice\" class=\"trk-cta-link\" data-cta-trk='{\"ctaType\":\"Link\",\"ctaSubType\":\"main\"}'>Pro Football Talk<\/a>.<\/p><p>N&eacute;anmoins, Todd Monken, le coordinateur offensif des Ravens, s&rsquo;est voulu rassurant :<\/p><blockquote><p>&laquo; Nous allons certainement le faire revenir. Je sais que je suis un peu pr&eacute;tentieux. Il faudra lui demander comment il se sent. Mais il a &eacute;t&eacute; formidable lors des r&eacute;unions. Lorsque nous &eacute;tions sur le terrain au d&eacute;but de l&rsquo;entra&icirc;nement, il a dit qu&rsquo;il se sentait bien. &raquo;, a-t-il d&eacute;clar&eacute;.<\/p><\/blockquote><p>Ce jeudi sonne comme le premier jour de repos pour Baltimore, une aubaine pour permettre &agrave; Lamar Jackson de se reposer. Les Ravens esp&egrave;rent bien entendu le r&eacute;cup&eacute;rer en pleine forme le plus vite possible&hellip;<\/p><p>&nbsp;<\/p><p>Cr&eacute;dit photo : Geoff Burke-USA TODAY Sports<\/p>\n","protected":false},"excerpt":{"rendered":"","protected":false},"author":180310250,"featured_media":1447072,"comment_status":"open","ping_status":"closed","sticky":false,"template":"","format":"standard","meta":{"inline_featured_image":false,"kia_subtitle":"","_mux_skip_reasons":[],"proofreadBy":0,"footnotes":""},"categories":[118,40],"tags":[79,213],"sport":[2785],"saison":[],"class_list":["post-1447063","post","type-post","status-publish","format-standard","has-post-thumbnail","hentry","category-actualite-nfl","category-nfl","tag-nfl","tag-ravens","sport-nfl"],"acf":[],"yoast_head":"<!-- This site is optimized with the Yoast SEO plugin v24.2 - https:\/\/yoast.com\/wordpress\/plugins\/seo\/ -->\n<title>Ravens : Lamar Jackson oblig&eacute; de quitter l&rsquo;entra&icirc;nement - The Playoffs FR<\/title>\n<meta name=\"robots\" content=\"index, follow, max-snippet:-1, max-image-preview:large, max-video-preview:-1\" \/>\n<link rel=\"canonical\" href=\"https:\/\/theplayoffs.news\/fr\/actualite-nfl\/ravens-lamar-jackson-oblige-de-quitter-lentrainement\/\" \/>\n<meta property=\"og:locale\" content=\"fr_FR\" \/>\n<meta property=\"og:type\" content=\"article\" \/>\n<meta property=\"og:title\" content=\"Ravens : Lamar Jackson oblig&eacute; de quitter l&rsquo;entra&icirc;nement - The Playoffs FR\" \/>\n<meta property=\"og:url\" content=\"https:\/\/theplayoffs.news\/fr\/actualite-nfl\/ravens-lamar-jackson-oblige-de-quitter-lentrainement\/\" \/>\n<meta property=\"og:site_name\" content=\"The Playoffs FR\" \/>\n<meta property=\"article:publisher\" content=\"https:\/\/www.facebook.com\/TheFreeAgentFR\/\" \/>\n<meta property=\"article:modified_time\" content=\"2024-07-25T10:32:53+02:00\" \/>\n<meta property=\"og:image\" content=\"https:\/\/theplayoffs.news\/fr\/wp-content\/uploads\/2024\/07\/USATSI_22406807.jpg\" \/>\n\t<meta property=\"og:image:width\" content=\"1920\" \/>\n\t<meta property=\"og:image:height\" content=\"1279\" \/>\n\t<meta property=\"og:image:type\" content=\"image\/jpeg\" \/>\n<meta name=\"author\" content=\"Jean Fabre-Jevanoff\" \/>\n<meta name=\"twitter:card\" content=\"summary_large_image\" \/>\n<meta name=\"twitter:creator\" content=\"@the_jfj_42\" \/>\n<meta name=\"twitter:site\" content=\"@TheFreeAgentFR\" \/>\n<meta name=\"twitter:label1\" content=\"\u00c9crit par\" \/>\n\t<meta name=\"twitter:data1\" content=\"Jean Fabre-Jevanoff\" \/>\n\t<meta name=\"twitter:label2\" content=\"Dur\u00e9e de lecture estim\u00e9e\" \/>\n\t<meta name=\"twitter:data2\" content=\"1 minute\" \/>\n<script type=\"application\/ld+json\" class=\"yoast-schema-graph\">{\"@context\":\"https:\/\/schema.org\",\"@graph\":[{\"@type\":\"WebPage\",\"@id\":\"https:\/\/theplayoffs.news\/fr\/actualite-nfl\/ravens-lamar-jackson-oblige-de-quitter-lentrainement\/\",\"url\":\"https:\/\/theplayoffs.news\/fr\/actualite-nfl\/ravens-lamar-jackson-oblige-de-quitter-lentrainement\/\",\"name\":\"Ravens : Lamar Jackson oblig\u00e9 de quitter l\u2019entra\u00eenement - The Playoffs FR\",\"isPartOf\":{\"@id\":\"https:\/\/theplayoffs.news\/fr\/#website\"},\"primaryImageOfPage\":{\"@id\":\"https:\/\/theplayoffs.news\/fr\/actualite-nfl\/ravens-lamar-jackson-oblige-de-quitter-lentrainement\/#primaryimage\"},\"image\":{\"@id\":\"https:\/\/theplayoffs.news\/fr\/actualite-nfl\/ravens-lamar-jackson-oblige-de-quitter-lentrainement\/#primaryimage\"},\"thumbnailUrl\":\"https:\/\/theplayoffs.news\/fr\/wp-content\/uploads\/2024\/07\/USATSI_22406807.jpg\",\"datePublished\":\"2024-07-25T08:32:53+00:00\",\"dateModified\":\"2024-07-25T08:32:53+00:00\",\"author\":{\"@id\":\"https:\/\/theplayoffs.news\/fr\/#\/schema\/person\/1ea25b88e79fe4fabd657430b0013d3d\"},\"breadcrumb\":{\"@id\":\"https:\/\/theplayoffs.news\/fr\/actualite-nfl\/ravens-lamar-jackson-oblige-de-quitter-lentrainement\/#breadcrumb\"},\"inLanguage\":\"fr-FR\",\"potentialAction\":[{\"@type\":\"ReadAction\",\"target\":[\"https:\/\/theplayoffs.news\/fr\/actualite-nfl\/ravens-lamar-jackson-oblige-de-quitter-lentrainement\/\"]}]},{\"@type\":\"ImageObject\",\"inLanguage\":\"fr-FR\",\"@id\":\"https:\/\/theplayoffs.news\/fr\/actualite-nfl\/ravens-lamar-jackson-oblige-de-quitter-lentrainement\/#primaryimage\",\"url\":\"https:\/\/theplayoffs.news\/fr\/wp-content\/uploads\/2024\/07\/USATSI_22406807.jpg\",\"contentUrl\":\"https:\/\/theplayoffs.news\/fr\/wp-content\/uploads\/2024\/07\/USATSI_22406807.jpg\",\"width\":1920,\"height\":1279,\"caption\":\"Jan 28, 2024; Baltimore, Maryland, USA; Baltimore Ravens quarterback Lamar Jackson (8) passes the ball as Kansas City Chiefs linebacker Nick Bolton (32) defends in the AFC Championship football game at M&amp;T Bank Stadium. Mandatory Credit: Geoff Burke-USA TODAY Sports\"},{\"@type\":\"BreadcrumbList\",\"@id\":\"https:\/\/theplayoffs.news\/fr\/actualite-nfl\/ravens-lamar-jackson-oblige-de-quitter-lentrainement\/#breadcrumb\",\"itemListElement\":[{\"@type\":\"ListItem\",\"position\":1,\"name\":\"Accueil\",\"item\":\"https:\/\/theplayoffs.news\/fr\/\"},{\"@type\":\"ListItem\",\"position\":2,\"name\":\"Ravens : Lamar Jackson oblig\u00e9 de quitter l\u2019entra\u00eenement\"}]},{\"@type\":\"WebSite\",\"@id\":\"https:\/\/theplayoffs.news\/fr\/#website\",\"url\":\"https:\/\/theplayoffs.news\/fr\/\",\"name\":\"The Playoffs FR\",\"description\":\"NBA-NFL-NHL-MLB\",\"potentialAction\":[{\"@type\":\"SearchAction\",\"target\":{\"@type\":\"EntryPoint\",\"urlTemplate\":\"https:\/\/theplayoffs.news\/fr\/?s={search_term_string}\"},\"query-input\":{\"@type\":\"PropertyValueSpecification\",\"valueRequired\":true,\"valueName\":\"search_term_string\"}}],\"inLanguage\":\"fr-FR\"},{\"@type\":\"Person\",\"@id\":\"https:\/\/theplayoffs.news\/fr\/#\/schema\/person\/1ea25b88e79fe4fabd657430b0013d3d\",\"name\":\"Jean Fabre-Jevanoff\",\"image\":{\"@type\":\"ImageObject\",\"inLanguage\":\"fr-FR\",\"@id\":\"https:\/\/theplayoffs.news\/fr\/#\/schema\/person\/image\/\",\"url\":\"https:\/\/secure.gravatar.com\/avatar\/18b28dab1159eebc6a17b9787eb8cbbe3242c3d0e8b53b89332f6dc1133aa361?s=96&d=mm&r=g\",\"contentUrl\":\"https:\/\/secure.gravatar.com\/avatar\/18b28dab1159eebc6a17b9787eb8cbbe3242c3d0e8b53b89332f6dc1133aa361?s=96&d=mm&r=g\",\"caption\":\"Jean Fabre-Jevanoff\"},\"description\":\"Journaliste polyvalent sur le football am\u00e9ricain, j\u2019\u00e9cris aussi des articles sur le basket. Commentateur sur Twitch et sur YouTube. Pass\u00e9 par Eurosport notamment. Un mix d\u2019Eminem et de OBJ, fan inconditionnel de Patrick Mahomes et Lebron James\",\"sameAs\":[\"https:\/\/www.instagram.com\/_juaniitooo_\",\"https:\/\/www.linkedin.com\/in\/jean-fabre-jevanoff-84bb9b1a9\/\",\"https:\/\/x.com\/the_jfj_42\"],\"url\":\"https:\/\/theplayoffs.news\/fr\/author\/jeanfj42gmail-com\/\"}]}<\/script>\n<!-- \/ Yoast SEO plugin. -->","yoast_head_json":{"title":"Ravens : Lamar Jackson oblig&eacute; de quitter l&rsquo;entra&icirc;nement - The Playoffs FR","robots":{"index":"index","follow":"follow","max-snippet":"max-snippet:-1","max-image-preview":"max-image-preview:large","max-video-preview":"max-video-preview:-1"},"canonical":"https:\/\/theplayoffs.news\/fr\/actualite-nfl\/ravens-lamar-jackson-oblige-de-quitter-lentrainement\/","og_locale":"fr_FR","og_type":"article","og_title":"Ravens : Lamar Jackson oblig&eacute; de quitter l&rsquo;entra&icirc;nement - The Playoffs FR","og_url":"https:\/\/theplayoffs.news\/fr\/actualite-nfl\/ravens-lamar-jackson-oblige-de-quitter-lentrainement\/","og_site_name":"The Playoffs FR","article_publisher":"https:\/\/www.facebook.com\/TheFreeAgentFR\/","og_image":[{"width":1920,"height":1279,"url":"https:\/\/theplayoffs.news\/fr\/wp-content\/uploads\/2024\/07\/USATSI_22406807.jpg","type":"image\/jpeg"}],"author":"Jean Fabre-Jevanoff","twitter_card":"summary_large_image","twitter_creator":"@the_jfj_42","twitter_site":"@TheFreeAgentFR","twitter_misc":{"\u00c9crit par":"Jean Fabre-Jevanoff","Dur\u00e9e de lecture estim\u00e9e":"1 minute"},"schema":{"@context":"https:\/\/schema.org","@graph":[{"@type":"WebPage","@id":"https:\/\/theplayoffs.news\/fr\/actualite-nfl\/ravens-lamar-jackson-oblige-de-quitter-lentrainement\/","url":"https:\/\/theplayoffs.news\/fr\/actualite-nfl\/ravens-lamar-jackson-oblige-de-quitter-lentrainement\/","name":"Ravens : Lamar Jackson oblig\u00e9 de quitter l\u2019entra\u00eenement - The Playoffs FR","isPartOf":{"@id":"https:\/\/theplayoffs.news\/fr\/#website"},"primaryImageOfPage":{"@id":"https:\/\/theplayoffs.news\/fr\/actualite-nfl\/ravens-lamar-jackson-oblige-de-quitter-lentrainement\/#primaryimage"},"image":{"@id":"https:\/\/theplayoffs.news\/fr\/actualite-nfl\/ravens-lamar-jackson-oblige-de-quitter-lentrainement\/#primaryimage"},"thumbnailUrl":"https:\/\/theplayoffs.news\/fr\/wp-content\/uploads\/2024\/07\/USATSI_22406807.jpg","datePublished":"2024-07-25T08:32:53+00:00","dateModified":"2024-07-25T08:32:53+00:00","author":{"@id":"https:\/\/theplayoffs.news\/fr\/#\/schema\/person\/1ea25b88e79fe4fabd657430b0013d3d"},"breadcrumb":{"@id":"https:\/\/theplayoffs.news\/fr\/actualite-nfl\/ravens-lamar-jackson-oblige-de-quitter-lentrainement\/#breadcrumb"},"inLanguage":"fr-FR","potentialAction":[{"@type":"ReadAction","target":["https:\/\/theplayoffs.news\/fr\/actualite-nfl\/ravens-lamar-jackson-oblige-de-quitter-lentrainement\/"]}]},{"@type":"ImageObject","inLanguage":"fr-FR","@id":"https:\/\/theplayoffs.news\/fr\/actualite-nfl\/ravens-lamar-jackson-oblige-de-quitter-lentrainement\/#primaryimage","url":"https:\/\/theplayoffs.news\/fr\/wp-content\/uploads\/2024\/07\/USATSI_22406807.jpg","contentUrl":"https:\/\/theplayoffs.news\/fr\/wp-content\/uploads\/2024\/07\/USATSI_22406807.jpg","width":1920,"height":1279,"caption":"Jan 28, 2024; Baltimore, Maryland, USA; Baltimore Ravens quarterback Lamar Jackson (8) passes the ball as Kansas City Chiefs linebacker Nick Bolton (32) defends in the AFC Championship football game at M&amp;T Bank Stadium. Mandatory Credit: Geoff Burke-USA TODAY Sports"},{"@type":"BreadcrumbList","@id":"https:\/\/theplayoffs.news\/fr\/actualite-nfl\/ravens-lamar-jackson-oblige-de-quitter-lentrainement\/#breadcrumb","itemListElement":[{"@type":"ListItem","position":1,"name":"Accueil","item":"https:\/\/theplayoffs.news\/fr\/"},{"@type":"ListItem","position":2,"name":"Ravens : Lamar Jackson oblig\u00e9 de quitter l\u2019entra\u00eenement"}]},{"@type":"WebSite","@id":"https:\/\/theplayoffs.news\/fr\/#website","url":"https:\/\/theplayoffs.news\/fr\/","name":"The Playoffs FR","description":"NBA-NFL-NHL-MLB","potentialAction":[{"@type":"SearchAction","target":{"@type":"EntryPoint","urlTemplate":"https:\/\/theplayoffs.news\/fr\/?s={search_term_string}"},"query-input":{"@type":"PropertyValueSpecification","valueRequired":true,"valueName":"search_term_string"}}],"inLanguage":"fr-FR"},{"@type":"Person","@id":"https:\/\/theplayoffs.news\/fr\/#\/schema\/person\/1ea25b88e79fe4fabd657430b0013d3d","name":"Jean Fabre-Jevanoff","image":{"@type":"ImageObject","inLanguage":"fr-FR","@id":"https:\/\/theplayoffs.news\/fr\/#\/schema\/person\/image\/","url":"https:\/\/secure.gravatar.com\/avatar\/18b28dab1159eebc6a17b9787eb8cbbe3242c3d0e8b53b89332f6dc1133aa361?s=96&d=mm&r=g","contentUrl":"https:\/\/secure.gravatar.com\/avatar\/18b28dab1159eebc6a17b9787eb8cbbe3242c3d0e8b53b89332f6dc1133aa361?s=96&d=mm&r=g","caption":"Jean Fabre-Jevanoff"},"description":"Journaliste polyvalent sur le football am\u00e9ricain, j\u2019\u00e9cris aussi des articles sur le basket. Commentateur sur Twitch et sur YouTube. Pass\u00e9 par Eurosport notamment. Un mix d\u2019Eminem et de OBJ, fan inconditionnel de Patrick Mahomes et Lebron James","sameAs":["https:\/\/www.instagram.com\/_juaniitooo_","https:\/\/www.linkedin.com\/in\/jean-fabre-jevanoff-84bb9b1a9\/","https:\/\/x.com\/the_jfj_42"],"url":"https:\/\/theplayoffs.news\/fr\/author\/jeanfj42gmail-com\/"}]}},"_links":{"self":[{"href":"https:\/\/theplayoffs.news\/fr\/wp-json\/wp\/v2\/posts\/1447063","targetHints":{"allow":["GET"]}}],"collection":[{"href":"https:\/\/theplayoffs.news\/fr\/wp-json\/wp\/v2\/posts"}],"about":[{"href":"https:\/\/theplayoffs.news\/fr\/wp-json\/wp\/v2\/types\/post"}],"author":[{"embeddable":true,"href":"https:\/\/theplayoffs.news\/fr\/wp-json\/wp\/v2\/users\/180310250"}],"replies":[{"embeddable":true,"href":"https:\/\/theplayoffs.news\/fr\/wp-json\/wp\/v2\/comments?post=1447063"}],"version-history":[{"count":2,"href":"https:\/\/theplayoffs.news\/fr\/wp-json\/wp\/v2\/posts\/1447063\/revisions"}],"predecessor-version":[{"id":1447076,"href":"https:\/\/theplayoffs.news\/fr\/wp-json\/wp\/v2\/posts\/1447063\/revisions\/1447076"}],"wp:featuredmedia":[{"embeddable":true,"href":"https:\/\/theplayoffs.news\/fr\/wp-json\/wp\/v2\/media\/1447072"}],"wp:attachment":[{"href":"https:\/\/theplayoffs.news\/fr\/wp-json\/wp\/v2\/media?parent=1447063"}],"wp:term":[{"taxonomy":"category","embeddable":true,"href":"https:\/\/theplayoffs.news\/fr\/wp-json\/wp\/v2\/categories?post=1447063"},{"taxonomy":"post_tag","embeddable":true,"href":"https:\/\/theplayoffs.news\/fr\/wp-json\/wp\/v2\/tags?post=1447063"},{"taxonomy":"sport","embeddable":true,"href":"https:\/\/theplayoffs.news\/fr\/wp-json\/wp\/v2\/sport?post=1447063"},{"taxonomy":"saison","embeddable":true,"href":"https:\/\/theplayoffs.news\/fr\/wp-json\/wp\/v2\/saison?post=1447063"}],"curies":[{"name":"wp","href":"https:\/\/api.w.org\/{rel}","templated":true}]}}