{"id":1446683,"date":"2024-07-23T15:36:19","date_gmt":"2024-07-23T13:36:19","guid":{"rendered":"https:\/\/theplayoffs.news\/fr\/?p=1446683"},"modified":"2024-07-23T15:36:19","modified_gmt":"2024-07-23T13:36:19","slug":"haason-reddick-ne-se-presente-pas-au-camp-des-jets","status":"publish","type":"post","link":"https:\/\/theplayoffs.news\/fr\/actualite-nfl\/haason-reddick-ne-se-presente-pas-au-camp-des-jets\/","title":{"rendered":"Haason Reddick ne se pr\u00e9sente pas au camp des Jets"},"content":{"rendered":"<h2 class=\"p1\">Les New York Jets font face &agrave; un d&eacute;fi majeur alors que le defensive end Haason Reddick a d&eacute;cid&eacute; de faire gr&egrave;ve du camp d&rsquo;entra&icirc;nement, cherchant un nouveau contrat.<\/h2><p class=\"p1\">Cette d&eacute;cision surprend les Jets, qui croyaient que Reddick &eacute;tait content de jouer la derni&egrave;re ann&eacute;e de son contrat actuel. Les implications de son absence sont profondes, tant sur le plan financier que strat&eacute;gique.<\/p><p class=\"p1\"><a href=\"https:\/\/theplayoffs.news\/fr\/joueur\/haason-reddick-nfl-5961008\/\" class=\"trk-cta-link\" data-cta-trk='{\"ctaType\":\"Link\",\"ctaSubType\":\"main\"}'><strong>Haason Reddick<\/strong><\/a>, entrant dans la derni&egrave;re ann&eacute;e d&rsquo;un contrat de trois ans et 45 millions de dollars sign&eacute; avec les Philadelphia Eagles, doit gagner 14,5 millions de dollars cette saison. Cependant, il estime que sa performance a largement d&eacute;pass&eacute; sa r&eacute;mun&eacute;ration.<\/p><p class=\"p1\">Avec 50,5 sacks au cours des quatre derni&egrave;res saisons, Reddick se classe quatri&egrave;me dans la NFL, montrant sa valeur en tant que l&rsquo;un des meilleurs pass rushers. Ce d&eacute;calage entre sa r&eacute;mun&eacute;ration et ses performances a conduit &agrave; sa position actuelle, en sautant tout le programme hors saison et le minicamp obligatoire.<\/p><p class=\"p1\">Les p&eacute;nalit&eacute;s financi&egrave;res pour la gr&egrave;ve de Haason Reddick sont s&eacute;v&egrave;res, atteignant 50 000 dollars par jour comme l&rsquo;exige la convention collective. Ces amendes sont non n&eacute;gociables, exer&ccedil;ant une pression significative sur Reddick pour trouver une solution. P<\/p><p class=\"p1\">our les Jets, cette gr&egrave;ve ne pourrait pas tomber &agrave; un pire moment. Ils ont &eacute;chang&eacute; pour Reddick apr&egrave;s avoir perdu leur leader en sacks, Bryce Huff, et anticipaient que Reddick renforcerait leur ligne d&eacute;fensive aux c&ocirc;t&eacute;s du tackle du Pro Bowl Quinnen Williams.<\/p><p class=\"p1\">Avec les Jets ayant &eacute;chang&eacute; un choix conditionnel de troisi&egrave;me tour en 2026 pour Reddick, qui pourrait devenir un choix de deuxi&egrave;me tour en fonction de ses performances, les enjeux sont &eacute;lev&eacute;s.<\/p><p>&nbsp;<\/p><p>Credit Photo: Bill Streicher-USA TODAY Sports<\/p>\n","protected":false},"excerpt":{"rendered":"","protected":false},"author":13,"featured_media":1446686,"comment_status":"open","ping_status":"closed","sticky":false,"template":"","format":"standard","meta":{"inline_featured_image":false,"kia_subtitle":"","_mux_skip_reasons":[],"proofreadBy":0,"footnotes":""},"categories":[118,40],"tags":[5266,732],"sport":[],"saison":[],"class_list":["post-1446683","post","type-post","status-publish","format-standard","has-post-thumbnail","hentry","category-actualite-nfl","category-nfl","tag-haason-reddick","tag-new-york-jets"],"acf":[],"yoast_head":"<!-- This site is optimized with the Yoast SEO plugin v24.2 - https:\/\/yoast.com\/wordpress\/plugins\/seo\/ -->\n<title>Haason Reddick ne se pr&eacute;sente pas au camp des Jets - The Playoffs FR<\/title>\n<meta name=\"robots\" content=\"index, follow, max-snippet:-1, max-image-preview:large, max-video-preview:-1\" \/>\n<link rel=\"canonical\" href=\"https:\/\/theplayoffs.news\/fr\/actualite-nfl\/haason-reddick-ne-se-presente-pas-au-camp-des-jets\/\" \/>\n<meta property=\"og:locale\" content=\"fr_FR\" \/>\n<meta property=\"og:type\" content=\"article\" \/>\n<meta property=\"og:title\" content=\"Haason Reddick ne se pr&eacute;sente pas au camp des Jets - The Playoffs FR\" \/>\n<meta property=\"og:url\" content=\"https:\/\/theplayoffs.news\/fr\/actualite-nfl\/haason-reddick-ne-se-presente-pas-au-camp-des-jets\/\" \/>\n<meta property=\"og:site_name\" content=\"The Playoffs FR\" \/>\n<meta property=\"article:publisher\" content=\"https:\/\/www.facebook.com\/TheFreeAgentFR\/\" \/>\n<meta property=\"article:modified_time\" content=\"2024-07-23T15:36:19+02:00\" \/>\n<meta property=\"og:image\" content=\"https:\/\/theplayoffs.news\/fr\/wp-content\/uploads\/2024\/07\/USATSI_22203954.jpg\" \/>\n\t<meta property=\"og:image:width\" content=\"1920\" \/>\n\t<meta property=\"og:image:height\" content=\"1335\" \/>\n\t<meta property=\"og:image:type\" content=\"image\/jpeg\" \/>\n<meta name=\"author\" content=\"Charles Taudin\" \/>\n<meta name=\"twitter:card\" content=\"summary_large_image\" \/>\n<meta name=\"twitter:creator\" content=\"@TheFreeAgentFR\" \/>\n<meta name=\"twitter:site\" content=\"@TheFreeAgentFR\" \/>\n<meta name=\"twitter:label1\" content=\"\u00c9crit par\" \/>\n\t<meta name=\"twitter:data1\" content=\"Charles Taudin\" \/>\n\t<meta name=\"twitter:label2\" content=\"Dur\u00e9e de lecture estim\u00e9e\" \/>\n\t<meta name=\"twitter:data2\" content=\"2 minutes\" \/>\n<script type=\"application\/ld+json\" class=\"yoast-schema-graph\">{\"@context\":\"https:\/\/schema.org\",\"@graph\":[{\"@type\":\"WebPage\",\"@id\":\"https:\/\/theplayoffs.news\/fr\/actualite-nfl\/haason-reddick-ne-se-presente-pas-au-camp-des-jets\/\",\"url\":\"https:\/\/theplayoffs.news\/fr\/actualite-nfl\/haason-reddick-ne-se-presente-pas-au-camp-des-jets\/\",\"name\":\"Haason Reddick ne se pr\u00e9sente pas au camp des Jets - The Playoffs FR\",\"isPartOf\":{\"@id\":\"https:\/\/theplayoffs.news\/fr\/#website\"},\"primaryImageOfPage\":{\"@id\":\"https:\/\/theplayoffs.news\/fr\/actualite-nfl\/haason-reddick-ne-se-presente-pas-au-camp-des-jets\/#primaryimage\"},\"image\":{\"@id\":\"https:\/\/theplayoffs.news\/fr\/actualite-nfl\/haason-reddick-ne-se-presente-pas-au-camp-des-jets\/#primaryimage\"},\"thumbnailUrl\":\"https:\/\/theplayoffs.news\/fr\/wp-content\/uploads\/2024\/07\/USATSI_22203954.jpg\",\"datePublished\":\"2024-07-23T13:36:19+00:00\",\"dateModified\":\"2024-07-23T13:36:19+00:00\",\"author\":{\"@id\":\"https:\/\/theplayoffs.news\/fr\/#\/schema\/person\/eee5b69ad5d3c51cabe881c839dbe133\"},\"breadcrumb\":{\"@id\":\"https:\/\/theplayoffs.news\/fr\/actualite-nfl\/haason-reddick-ne-se-presente-pas-au-camp-des-jets\/#breadcrumb\"},\"inLanguage\":\"fr-FR\",\"potentialAction\":[{\"@type\":\"ReadAction\",\"target\":[\"https:\/\/theplayoffs.news\/fr\/actualite-nfl\/haason-reddick-ne-se-presente-pas-au-camp-des-jets\/\"]}]},{\"@type\":\"ImageObject\",\"inLanguage\":\"fr-FR\",\"@id\":\"https:\/\/theplayoffs.news\/fr\/actualite-nfl\/haason-reddick-ne-se-presente-pas-au-camp-des-jets\/#primaryimage\",\"url\":\"https:\/\/theplayoffs.news\/fr\/wp-content\/uploads\/2024\/07\/USATSI_22203954.jpg\",\"contentUrl\":\"https:\/\/theplayoffs.news\/fr\/wp-content\/uploads\/2024\/07\/USATSI_22203954.jpg\",\"width\":1920,\"height\":1335,\"caption\":\"Dec 31, 2023; Philadelphia, Pennsylvania, USA; Philadelphia Eagles linebacker Haason Reddick (7) looks on during the second quarter against the Arizona Cardinals at Lincoln Financial Field. Mandatory Credit: Bill Streicher-USA TODAY Sports\"},{\"@type\":\"BreadcrumbList\",\"@id\":\"https:\/\/theplayoffs.news\/fr\/actualite-nfl\/haason-reddick-ne-se-presente-pas-au-camp-des-jets\/#breadcrumb\",\"itemListElement\":[{\"@type\":\"ListItem\",\"position\":1,\"name\":\"Accueil\",\"item\":\"https:\/\/theplayoffs.news\/fr\/\"},{\"@type\":\"ListItem\",\"position\":2,\"name\":\"Haason Reddick ne se pr\u00e9sente pas au camp des Jets\"}]},{\"@type\":\"WebSite\",\"@id\":\"https:\/\/theplayoffs.news\/fr\/#website\",\"url\":\"https:\/\/theplayoffs.news\/fr\/\",\"name\":\"The Playoffs FR\",\"description\":\"NBA-NFL-NHL-MLB\",\"potentialAction\":[{\"@type\":\"SearchAction\",\"target\":{\"@type\":\"EntryPoint\",\"urlTemplate\":\"https:\/\/theplayoffs.news\/fr\/?s={search_term_string}\"},\"query-input\":{\"@type\":\"PropertyValueSpecification\",\"valueRequired\":true,\"valueName\":\"search_term_string\"}}],\"inLanguage\":\"fr-FR\"},{\"@type\":\"Person\",\"@id\":\"https:\/\/theplayoffs.news\/fr\/#\/schema\/person\/eee5b69ad5d3c51cabe881c839dbe133\",\"name\":\"Charles Taudin\",\"image\":{\"@type\":\"ImageObject\",\"inLanguage\":\"fr-FR\",\"@id\":\"https:\/\/theplayoffs.news\/fr\/#\/schema\/person\/image\/\",\"url\":\"https:\/\/secure.gravatar.com\/avatar\/59a1e772205ce9fd255edfcafc93013736822e20261f294c5753b20c41ede9f2?s=96&d=mm&r=g\",\"contentUrl\":\"https:\/\/secure.gravatar.com\/avatar\/59a1e772205ce9fd255edfcafc93013736822e20261f294c5753b20c41ede9f2?s=96&d=mm&r=g\",\"caption\":\"Charles Taudin\"},\"description\":\"R\u00e9dacteur en chef global de The Playoffs, j\u2019ai cr\u00e9\u00e9 The Free Agent, devenu The Playoffs FR, en 2020 durant la pand\u00e9mie. Amoureux depuis des ann\u00e9es des 4 sports majeurs am\u00e9ricains, j\u2019organise maintenant la strat\u00e9gie \u00e9ditoriale et les r\u00e9seaux sociaux de l\u2019ensemble des versions de The Playoffs. Il m\u2019arrive encore d\u2019\u00e9crire sur certains sports que j\u2019affectionne particuli\u00e8rement comme la NFL ou la MLB. Si vous devez retenir qu\u2019une chose : Eli Manning est le vrai GOAT pour avoir battu deux fois Tom Brady.\",\"sameAs\":[\"https:\/\/www.instagram.com\/ctaudin_\/\"],\"url\":\"https:\/\/theplayoffs.news\/fr\/author\/charles-taudin\/\"}]}<\/script>\n<!-- \/ Yoast SEO plugin. -->","yoast_head_json":{"title":"Haason Reddick ne se pr&eacute;sente pas au camp des Jets - The Playoffs FR","robots":{"index":"index","follow":"follow","max-snippet":"max-snippet:-1","max-image-preview":"max-image-preview:large","max-video-preview":"max-video-preview:-1"},"canonical":"https:\/\/theplayoffs.news\/fr\/actualite-nfl\/haason-reddick-ne-se-presente-pas-au-camp-des-jets\/","og_locale":"fr_FR","og_type":"article","og_title":"Haason Reddick ne se pr&eacute;sente pas au camp des Jets - The Playoffs FR","og_url":"https:\/\/theplayoffs.news\/fr\/actualite-nfl\/haason-reddick-ne-se-presente-pas-au-camp-des-jets\/","og_site_name":"The Playoffs FR","article_publisher":"https:\/\/www.facebook.com\/TheFreeAgentFR\/","og_image":[{"width":1920,"height":1335,"url":"https:\/\/theplayoffs.news\/fr\/wp-content\/uploads\/2024\/07\/USATSI_22203954.jpg","type":"image\/jpeg"}],"author":"Charles Taudin","twitter_card":"summary_large_image","twitter_creator":"@TheFreeAgentFR","twitter_site":"@TheFreeAgentFR","twitter_misc":{"\u00c9crit par":"Charles Taudin","Dur\u00e9e de lecture estim\u00e9e":"2 minutes"},"schema":{"@context":"https:\/\/schema.org","@graph":[{"@type":"WebPage","@id":"https:\/\/theplayoffs.news\/fr\/actualite-nfl\/haason-reddick-ne-se-presente-pas-au-camp-des-jets\/","url":"https:\/\/theplayoffs.news\/fr\/actualite-nfl\/haason-reddick-ne-se-presente-pas-au-camp-des-jets\/","name":"Haason Reddick ne se pr\u00e9sente pas au camp des Jets - The Playoffs FR","isPartOf":{"@id":"https:\/\/theplayoffs.news\/fr\/#website"},"primaryImageOfPage":{"@id":"https:\/\/theplayoffs.news\/fr\/actualite-nfl\/haason-reddick-ne-se-presente-pas-au-camp-des-jets\/#primaryimage"},"image":{"@id":"https:\/\/theplayoffs.news\/fr\/actualite-nfl\/haason-reddick-ne-se-presente-pas-au-camp-des-jets\/#primaryimage"},"thumbnailUrl":"https:\/\/theplayoffs.news\/fr\/wp-content\/uploads\/2024\/07\/USATSI_22203954.jpg","datePublished":"2024-07-23T13:36:19+00:00","dateModified":"2024-07-23T13:36:19+00:00","author":{"@id":"https:\/\/theplayoffs.news\/fr\/#\/schema\/person\/eee5b69ad5d3c51cabe881c839dbe133"},"breadcrumb":{"@id":"https:\/\/theplayoffs.news\/fr\/actualite-nfl\/haason-reddick-ne-se-presente-pas-au-camp-des-jets\/#breadcrumb"},"inLanguage":"fr-FR","potentialAction":[{"@type":"ReadAction","target":["https:\/\/theplayoffs.news\/fr\/actualite-nfl\/haason-reddick-ne-se-presente-pas-au-camp-des-jets\/"]}]},{"@type":"ImageObject","inLanguage":"fr-FR","@id":"https:\/\/theplayoffs.news\/fr\/actualite-nfl\/haason-reddick-ne-se-presente-pas-au-camp-des-jets\/#primaryimage","url":"https:\/\/theplayoffs.news\/fr\/wp-content\/uploads\/2024\/07\/USATSI_22203954.jpg","contentUrl":"https:\/\/theplayoffs.news\/fr\/wp-content\/uploads\/2024\/07\/USATSI_22203954.jpg","width":1920,"height":1335,"caption":"Dec 31, 2023; Philadelphia, Pennsylvania, USA; Philadelphia Eagles linebacker Haason Reddick (7) looks on during the second quarter against the Arizona Cardinals at Lincoln Financial Field. Mandatory Credit: Bill Streicher-USA TODAY Sports"},{"@type":"BreadcrumbList","@id":"https:\/\/theplayoffs.news\/fr\/actualite-nfl\/haason-reddick-ne-se-presente-pas-au-camp-des-jets\/#breadcrumb","itemListElement":[{"@type":"ListItem","position":1,"name":"Accueil","item":"https:\/\/theplayoffs.news\/fr\/"},{"@type":"ListItem","position":2,"name":"Haason Reddick ne se pr\u00e9sente pas au camp des Jets"}]},{"@type":"WebSite","@id":"https:\/\/theplayoffs.news\/fr\/#website","url":"https:\/\/theplayoffs.news\/fr\/","name":"The Playoffs FR","description":"NBA-NFL-NHL-MLB","potentialAction":[{"@type":"SearchAction","target":{"@type":"EntryPoint","urlTemplate":"https:\/\/theplayoffs.news\/fr\/?s={search_term_string}"},"query-input":{"@type":"PropertyValueSpecification","valueRequired":true,"valueName":"search_term_string"}}],"inLanguage":"fr-FR"},{"@type":"Person","@id":"https:\/\/theplayoffs.news\/fr\/#\/schema\/person\/eee5b69ad5d3c51cabe881c839dbe133","name":"Charles Taudin","image":{"@type":"ImageObject","inLanguage":"fr-FR","@id":"https:\/\/theplayoffs.news\/fr\/#\/schema\/person\/image\/","url":"https:\/\/secure.gravatar.com\/avatar\/59a1e772205ce9fd255edfcafc93013736822e20261f294c5753b20c41ede9f2?s=96&d=mm&r=g","contentUrl":"https:\/\/secure.gravatar.com\/avatar\/59a1e772205ce9fd255edfcafc93013736822e20261f294c5753b20c41ede9f2?s=96&d=mm&r=g","caption":"Charles Taudin"},"description":"R\u00e9dacteur en chef global de The Playoffs, j\u2019ai cr\u00e9\u00e9 The Free Agent, devenu The Playoffs FR, en 2020 durant la pand\u00e9mie. Amoureux depuis des ann\u00e9es des 4 sports majeurs am\u00e9ricains, j\u2019organise maintenant la strat\u00e9gie \u00e9ditoriale et les r\u00e9seaux sociaux de l\u2019ensemble des versions de The Playoffs. Il m\u2019arrive encore d\u2019\u00e9crire sur certains sports que j\u2019affectionne particuli\u00e8rement comme la NFL ou la MLB. Si vous devez retenir qu\u2019une chose : Eli Manning est le vrai GOAT pour avoir battu deux fois Tom Brady.","sameAs":["https:\/\/www.instagram.com\/ctaudin_\/"],"url":"https:\/\/theplayoffs.news\/fr\/author\/charles-taudin\/"}]}},"_links":{"self":[{"href":"https:\/\/theplayoffs.news\/fr\/wp-json\/wp\/v2\/posts\/1446683","targetHints":{"allow":["GET"]}}],"collection":[{"href":"https:\/\/theplayoffs.news\/fr\/wp-json\/wp\/v2\/posts"}],"about":[{"href":"https:\/\/theplayoffs.news\/fr\/wp-json\/wp\/v2\/types\/post"}],"author":[{"embeddable":true,"href":"https:\/\/theplayoffs.news\/fr\/wp-json\/wp\/v2\/users\/13"}],"replies":[{"embeddable":true,"href":"https:\/\/theplayoffs.news\/fr\/wp-json\/wp\/v2\/comments?post=1446683"}],"version-history":[{"count":3,"href":"https:\/\/theplayoffs.news\/fr\/wp-json\/wp\/v2\/posts\/1446683\/revisions"}],"predecessor-version":[{"id":1446692,"href":"https:\/\/theplayoffs.news\/fr\/wp-json\/wp\/v2\/posts\/1446683\/revisions\/1446692"}],"wp:featuredmedia":[{"embeddable":true,"href":"https:\/\/theplayoffs.news\/fr\/wp-json\/wp\/v2\/media\/1446686"}],"wp:attachment":[{"href":"https:\/\/theplayoffs.news\/fr\/wp-json\/wp\/v2\/media?parent=1446683"}],"wp:term":[{"taxonomy":"category","embeddable":true,"href":"https:\/\/theplayoffs.news\/fr\/wp-json\/wp\/v2\/categories?post=1446683"},{"taxonomy":"post_tag","embeddable":true,"href":"https:\/\/theplayoffs.news\/fr\/wp-json\/wp\/v2\/tags?post=1446683"},{"taxonomy":"sport","embeddable":true,"href":"https:\/\/theplayoffs.news\/fr\/wp-json\/wp\/v2\/sport?post=1446683"},{"taxonomy":"saison","embeddable":true,"href":"https:\/\/theplayoffs.news\/fr\/wp-json\/wp\/v2\/saison?post=1446683"}],"curies":[{"name":"wp","href":"https:\/\/api.w.org\/{rel}","templated":true}]}}