{"id":1446383,"date":"2024-07-22T13:23:47","date_gmt":"2024-07-22T11:23:47","guid":{"rendered":"https:\/\/theplayoffs.news\/fr\/?p=1446383"},"modified":"2024-07-22T13:23:47","modified_gmt":"2024-07-22T11:23:47","slug":"lebron-james-sera-porte-drapeau-des-etats-unis-a-la-ceremonie-douverture-des-jo-de-paris","status":"publish","type":"post","link":"https:\/\/theplayoffs.news\/fr\/jo2024\/lebron-james-sera-porte-drapeau-des-etats-unis-a-la-ceremonie-douverture-des-jo-de-paris\/","title":{"rendered":"LeBron James sera porte drapeau des \u00c9tats-unis \u00e0 la c\u00e9r\u00e9monie d&rsquo;ouverture des JO de Paris"},"content":{"rendered":"<h2>Les &Eacute;tats-Unis ont choisi LeBron James comme le porte drapeau de la d&eacute;l&eacute;gation pour la c&eacute;r&eacute;monie d&rsquo;ouverture des jeux Olympiques de Paris 2024.<\/h2><blockquote class=\"twitter-tweet\" data-width=\"500\" data-dnt=\"true\">\n<p lang=\"fr\" dir=\"ltr\">LeBron James sera le porte drapeau des &Eacute;tats-Unis lors de la c&eacute;r&eacute;monie d'ouverture des Jeux Olympiques de Paris ! <a href=\"https:\/\/t.co\/8GFs9cqBUR\" class=\"trk-cta-link\" data-cta-trk='{\"ctaType\":\"Link\",\"ctaSubType\":\"main\"}'>https:\/\/t.co\/8GFs9cqBUR<\/a><\/p>\n<p>&mdash; The Playoffs FR (@ThePlayoffsFR) <a href=\"https:\/\/twitter.com\/ThePlayoffsFR\/status\/1815344129032737015?ref_src=twsrc%5Etfw\" class=\"trk-cta-link\" data-cta-trk='{\"ctaType\":\"Link\",\"ctaSubType\":\"main\"}'>July 22, 2024<\/a><\/p><\/blockquote><p><script async src=\"https:\/\/platform.twitter.com\/widgets.js\" charset=\"utf-8\"><\/script><\/p><p>Double m&eacute;daill&eacute; d&rsquo;Or avec Team USA en 2008 et 2012 et m&eacute;daill&eacute; de Bronze en 2004 &agrave; Ath&egrave;nes, <a href=\"https:\/\/theplayoffs.news\/fr\/joueur\/lebron-james-nba-3932\/\" class=\"trk-cta-link\" data-cta-trk='{\"ctaType\":\"Link\",\"ctaSubType\":\"main\"}'><strong>LeBron James<\/strong><\/a> devient donc le premier basketteur masculin de l&rsquo;histoire &agrave; &ecirc;tre porte drapeau des &Eacute;tats-unis pour une c&eacute;r&eacute;monie d&rsquo;ouverture.<\/p><p>Il rejoint Dawn Staley en 2004 et Sue Bird pour les JO de Tokyo en 2021.<\/p><p>La porte drapeau am&eacute;ricaine sera r&eacute;v&eacute;l&eacute;e dans les jours &agrave; venir confirme <a href=\"https:\/\/sports.yahoo.com\/lebron-james-selected-team-usa-110713710.html\" class=\"trk-cta-link\" data-cta-trk='{\"ctaType\":\"Link\",\"ctaSubType\":\"main\"}'>Yahoo Sports<\/a>.<\/p><p>&Agrave; 39 ans et pour ses derniers jeux Olympiques, c&rsquo;est une r&eacute;compense incroyable pour celui qui est devenu le meilleur marqueur de tous les temps en NBA.<\/p><blockquote><p>&laquo; Il y a &eacute;videmment le plus grand respect pour ce qu&rsquo;il est en tant que personne et en tant que joueur, et pour ses qualit&eacute;s &raquo;, a d&eacute;clar&eacute; Stephen Curry, autre star am&eacute;ricaine et olympien pour la premi&egrave;re fois, lors d&rsquo;une conf&eacute;rence de presse.<\/p><\/blockquote><p>Un autre basketteur de NBA aura l&rsquo;honneur d&rsquo;&ecirc;tre porte drapeau de son pays, il s&rsquo;agit de Giannis Antetokounmpo pour la Gr&egrave;ce.<\/p><p>La c&eacute;r&eacute;monie d&rsquo;ouverture des Jeux Olympiques de Paris 2024 aura lieu vendredi 26 juillet 2024 &agrave; 19h30 et se d&eacute;roulera le long de la Seine o&ugrave; pr&egrave;s de 320 000 personnes sont attendues dans les tribunes et plus d&rsquo;un milliard devant leur poste de t&eacute;l&eacute;vision.<\/p><p>&nbsp;<\/p><p>Credit Photo : Candice Ward-USA TODAY Sports<\/p>\n","protected":false},"excerpt":{"rendered":"","protected":false},"author":13,"featured_media":1446384,"comment_status":"open","ping_status":"closed","sticky":false,"template":"","format":"standard","meta":{"inline_featured_image":false,"kia_subtitle":"","_mux_skip_reasons":[],"proofreadBy":0,"footnotes":""},"categories":[7518],"tags":[6430,116],"sport":[],"saison":[],"class_list":["post-1446383","post","type-post","status-publish","format-standard","has-post-thumbnail","hentry","category-jo2024","tag-jo-2024","tag-lebron-james"],"acf":[],"yoast_head":"<!-- This site is optimized with the Yoast SEO plugin v24.2 - https:\/\/yoast.com\/wordpress\/plugins\/seo\/ -->\n<title>LeBron James sera porte drapeau des &Eacute;tats-unis &agrave; la c&eacute;r&eacute;monie d&#039;ouverture des JO de Paris - The Playoffs FR<\/title>\n<meta name=\"robots\" content=\"index, follow, max-snippet:-1, max-image-preview:large, max-video-preview:-1\" \/>\n<link rel=\"canonical\" href=\"https:\/\/theplayoffs.news\/fr\/jo2024\/lebron-james-sera-porte-drapeau-des-etats-unis-a-la-ceremonie-douverture-des-jo-de-paris\/\" \/>\n<meta property=\"og:locale\" content=\"fr_FR\" \/>\n<meta property=\"og:type\" content=\"article\" \/>\n<meta property=\"og:title\" content=\"LeBron James sera porte drapeau des &Eacute;tats-unis &agrave; la c&eacute;r&eacute;monie d&#039;ouverture des JO de Paris - The Playoffs FR\" \/>\n<meta property=\"og:url\" content=\"https:\/\/theplayoffs.news\/fr\/jo2024\/lebron-james-sera-porte-drapeau-des-etats-unis-a-la-ceremonie-douverture-des-jo-de-paris\/\" \/>\n<meta property=\"og:site_name\" content=\"The Playoffs FR\" \/>\n<meta property=\"article:publisher\" content=\"https:\/\/www.facebook.com\/TheFreeAgentFR\/\" \/>\n<meta property=\"article:modified_time\" content=\"2024-07-22T13:23:47+02:00\" \/>\n<meta property=\"og:image\" content=\"https:\/\/theplayoffs.news\/fr\/wp-content\/uploads\/2024\/07\/USATSI_23719474-1.jpg\" \/>\n\t<meta property=\"og:image:width\" content=\"1920\" \/>\n\t<meta property=\"og:image:height\" content=\"1280\" \/>\n\t<meta property=\"og:image:type\" content=\"image\/jpeg\" \/>\n<meta name=\"author\" content=\"Charles Taudin\" \/>\n<meta name=\"twitter:card\" content=\"summary_large_image\" \/>\n<meta name=\"twitter:creator\" content=\"@TheFreeAgentFR\" \/>\n<meta name=\"twitter:site\" content=\"@TheFreeAgentFR\" \/>\n<meta name=\"twitter:label1\" content=\"\u00c9crit par\" \/>\n\t<meta name=\"twitter:data1\" content=\"Charles Taudin\" \/>\n\t<meta name=\"twitter:label2\" content=\"Dur\u00e9e de lecture estim\u00e9e\" \/>\n\t<meta name=\"twitter:data2\" content=\"1 minute\" \/>\n<script type=\"application\/ld+json\" class=\"yoast-schema-graph\">{\"@context\":\"https:\/\/schema.org\",\"@graph\":[{\"@type\":\"WebPage\",\"@id\":\"https:\/\/theplayoffs.news\/fr\/jo2024\/lebron-james-sera-porte-drapeau-des-etats-unis-a-la-ceremonie-douverture-des-jo-de-paris\/\",\"url\":\"https:\/\/theplayoffs.news\/fr\/jo2024\/lebron-james-sera-porte-drapeau-des-etats-unis-a-la-ceremonie-douverture-des-jo-de-paris\/\",\"name\":\"LeBron James sera porte drapeau des \u00c9tats-unis \u00e0 la c\u00e9r\u00e9monie d\\\\'ouverture des JO de Paris - The Playoffs FR\",\"isPartOf\":{\"@id\":\"https:\/\/theplayoffs.news\/fr\/#website\"},\"primaryImageOfPage\":{\"@id\":\"https:\/\/theplayoffs.news\/fr\/jo2024\/lebron-james-sera-porte-drapeau-des-etats-unis-a-la-ceremonie-douverture-des-jo-de-paris\/#primaryimage\"},\"image\":{\"@id\":\"https:\/\/theplayoffs.news\/fr\/jo2024\/lebron-james-sera-porte-drapeau-des-etats-unis-a-la-ceremonie-douverture-des-jo-de-paris\/#primaryimage\"},\"thumbnailUrl\":\"https:\/\/theplayoffs.news\/fr\/wp-content\/uploads\/2024\/07\/USATSI_23719474-1.jpg\",\"datePublished\":\"2024-07-22T11:23:47+00:00\",\"dateModified\":\"2024-07-22T11:23:47+00:00\",\"author\":{\"@id\":\"https:\/\/theplayoffs.news\/fr\/#\/schema\/person\/eee5b69ad5d3c51cabe881c839dbe133\"},\"breadcrumb\":{\"@id\":\"https:\/\/theplayoffs.news\/fr\/jo2024\/lebron-james-sera-porte-drapeau-des-etats-unis-a-la-ceremonie-douverture-des-jo-de-paris\/#breadcrumb\"},\"inLanguage\":\"fr-FR\",\"potentialAction\":[{\"@type\":\"ReadAction\",\"target\":[\"https:\/\/theplayoffs.news\/fr\/jo2024\/lebron-james-sera-porte-drapeau-des-etats-unis-a-la-ceremonie-douverture-des-jo-de-paris\/\"]}]},{\"@type\":\"ImageObject\",\"inLanguage\":\"fr-FR\",\"@id\":\"https:\/\/theplayoffs.news\/fr\/jo2024\/lebron-james-sera-porte-drapeau-des-etats-unis-a-la-ceremonie-douverture-des-jo-de-paris\/#primaryimage\",\"url\":\"https:\/\/theplayoffs.news\/fr\/wp-content\/uploads\/2024\/07\/USATSI_23719474-1.jpg\",\"contentUrl\":\"https:\/\/theplayoffs.news\/fr\/wp-content\/uploads\/2024\/07\/USATSI_23719474-1.jpg\",\"width\":1920,\"height\":1280,\"caption\":\"Jul 10, 2024; Las Vegas, Nevada, USA; USA forward Lebron James (6) looks on during the third quarter against Canada in the USA Basketball Showcase at T-Mobile Arena. Mandatory Credit: Candice Ward-USA TODAY Sports\"},{\"@type\":\"BreadcrumbList\",\"@id\":\"https:\/\/theplayoffs.news\/fr\/jo2024\/lebron-james-sera-porte-drapeau-des-etats-unis-a-la-ceremonie-douverture-des-jo-de-paris\/#breadcrumb\",\"itemListElement\":[{\"@type\":\"ListItem\",\"position\":1,\"name\":\"Accueil\",\"item\":\"https:\/\/theplayoffs.news\/fr\/\"},{\"@type\":\"ListItem\",\"position\":2,\"name\":\"LeBron James sera porte drapeau des \u00c9tats-unis \u00e0 la c\u00e9r\u00e9monie d&rsquo;ouverture des JO de Paris\"}]},{\"@type\":\"WebSite\",\"@id\":\"https:\/\/theplayoffs.news\/fr\/#website\",\"url\":\"https:\/\/theplayoffs.news\/fr\/\",\"name\":\"The Playoffs FR\",\"description\":\"NBA-NFL-NHL-MLB\",\"potentialAction\":[{\"@type\":\"SearchAction\",\"target\":{\"@type\":\"EntryPoint\",\"urlTemplate\":\"https:\/\/theplayoffs.news\/fr\/?s={search_term_string}\"},\"query-input\":{\"@type\":\"PropertyValueSpecification\",\"valueRequired\":true,\"valueName\":\"search_term_string\"}}],\"inLanguage\":\"fr-FR\"},{\"@type\":\"Person\",\"@id\":\"https:\/\/theplayoffs.news\/fr\/#\/schema\/person\/eee5b69ad5d3c51cabe881c839dbe133\",\"name\":\"Charles Taudin\",\"image\":{\"@type\":\"ImageObject\",\"inLanguage\":\"fr-FR\",\"@id\":\"https:\/\/theplayoffs.news\/fr\/#\/schema\/person\/image\/\",\"url\":\"https:\/\/secure.gravatar.com\/avatar\/59a1e772205ce9fd255edfcafc93013736822e20261f294c5753b20c41ede9f2?s=96&d=mm&r=g\",\"contentUrl\":\"https:\/\/secure.gravatar.com\/avatar\/59a1e772205ce9fd255edfcafc93013736822e20261f294c5753b20c41ede9f2?s=96&d=mm&r=g\",\"caption\":\"Charles Taudin\"},\"description\":\"R\u00e9dacteur en chef global de The Playoffs, j\u2019ai cr\u00e9\u00e9 The Free Agent, devenu The Playoffs FR, en 2020 durant la pand\u00e9mie. Amoureux depuis des ann\u00e9es des 4 sports majeurs am\u00e9ricains, j\u2019organise maintenant la strat\u00e9gie \u00e9ditoriale et les r\u00e9seaux sociaux de l\u2019ensemble des versions de The Playoffs. Il m\u2019arrive encore d\u2019\u00e9crire sur certains sports que j\u2019affectionne particuli\u00e8rement comme la NFL ou la MLB. Si vous devez retenir qu\u2019une chose : Eli Manning est le vrai GOAT pour avoir battu deux fois Tom Brady.\",\"sameAs\":[\"https:\/\/www.instagram.com\/ctaudin_\/\"],\"url\":\"https:\/\/theplayoffs.news\/fr\/author\/charles-taudin\/\"}]}<\/script>\n<!-- \/ Yoast SEO plugin. -->","yoast_head_json":{"title":"LeBron James sera porte drapeau des &Eacute;tats-unis &agrave; la c&eacute;r&eacute;monie d&#039;ouverture des JO de Paris - The Playoffs FR","robots":{"index":"index","follow":"follow","max-snippet":"max-snippet:-1","max-image-preview":"max-image-preview:large","max-video-preview":"max-video-preview:-1"},"canonical":"https:\/\/theplayoffs.news\/fr\/jo2024\/lebron-james-sera-porte-drapeau-des-etats-unis-a-la-ceremonie-douverture-des-jo-de-paris\/","og_locale":"fr_FR","og_type":"article","og_title":"LeBron James sera porte drapeau des &Eacute;tats-unis &agrave; la c&eacute;r&eacute;monie d&#039;ouverture des JO de Paris - The Playoffs FR","og_url":"https:\/\/theplayoffs.news\/fr\/jo2024\/lebron-james-sera-porte-drapeau-des-etats-unis-a-la-ceremonie-douverture-des-jo-de-paris\/","og_site_name":"The Playoffs FR","article_publisher":"https:\/\/www.facebook.com\/TheFreeAgentFR\/","og_image":[{"width":1920,"height":1280,"url":"https:\/\/theplayoffs.news\/fr\/wp-content\/uploads\/2024\/07\/USATSI_23719474-1.jpg","type":"image\/jpeg"}],"author":"Charles Taudin","twitter_card":"summary_large_image","twitter_creator":"@TheFreeAgentFR","twitter_site":"@TheFreeAgentFR","twitter_misc":{"\u00c9crit par":"Charles Taudin","Dur\u00e9e de lecture estim\u00e9e":"1 minute"},"schema":{"@context":"https:\/\/schema.org","@graph":[{"@type":"WebPage","@id":"https:\/\/theplayoffs.news\/fr\/jo2024\/lebron-james-sera-porte-drapeau-des-etats-unis-a-la-ceremonie-douverture-des-jo-de-paris\/","url":"https:\/\/theplayoffs.news\/fr\/jo2024\/lebron-james-sera-porte-drapeau-des-etats-unis-a-la-ceremonie-douverture-des-jo-de-paris\/","name":"LeBron James sera porte drapeau des \u00c9tats-unis \u00e0 la c\u00e9r\u00e9monie d\\'ouverture des JO de Paris - The Playoffs FR","isPartOf":{"@id":"https:\/\/theplayoffs.news\/fr\/#website"},"primaryImageOfPage":{"@id":"https:\/\/theplayoffs.news\/fr\/jo2024\/lebron-james-sera-porte-drapeau-des-etats-unis-a-la-ceremonie-douverture-des-jo-de-paris\/#primaryimage"},"image":{"@id":"https:\/\/theplayoffs.news\/fr\/jo2024\/lebron-james-sera-porte-drapeau-des-etats-unis-a-la-ceremonie-douverture-des-jo-de-paris\/#primaryimage"},"thumbnailUrl":"https:\/\/theplayoffs.news\/fr\/wp-content\/uploads\/2024\/07\/USATSI_23719474-1.jpg","datePublished":"2024-07-22T11:23:47+00:00","dateModified":"2024-07-22T11:23:47+00:00","author":{"@id":"https:\/\/theplayoffs.news\/fr\/#\/schema\/person\/eee5b69ad5d3c51cabe881c839dbe133"},"breadcrumb":{"@id":"https:\/\/theplayoffs.news\/fr\/jo2024\/lebron-james-sera-porte-drapeau-des-etats-unis-a-la-ceremonie-douverture-des-jo-de-paris\/#breadcrumb"},"inLanguage":"fr-FR","potentialAction":[{"@type":"ReadAction","target":["https:\/\/theplayoffs.news\/fr\/jo2024\/lebron-james-sera-porte-drapeau-des-etats-unis-a-la-ceremonie-douverture-des-jo-de-paris\/"]}]},{"@type":"ImageObject","inLanguage":"fr-FR","@id":"https:\/\/theplayoffs.news\/fr\/jo2024\/lebron-james-sera-porte-drapeau-des-etats-unis-a-la-ceremonie-douverture-des-jo-de-paris\/#primaryimage","url":"https:\/\/theplayoffs.news\/fr\/wp-content\/uploads\/2024\/07\/USATSI_23719474-1.jpg","contentUrl":"https:\/\/theplayoffs.news\/fr\/wp-content\/uploads\/2024\/07\/USATSI_23719474-1.jpg","width":1920,"height":1280,"caption":"Jul 10, 2024; Las Vegas, Nevada, USA; USA forward Lebron James (6) looks on during the third quarter against Canada in the USA Basketball Showcase at T-Mobile Arena. Mandatory Credit: Candice Ward-USA TODAY Sports"},{"@type":"BreadcrumbList","@id":"https:\/\/theplayoffs.news\/fr\/jo2024\/lebron-james-sera-porte-drapeau-des-etats-unis-a-la-ceremonie-douverture-des-jo-de-paris\/#breadcrumb","itemListElement":[{"@type":"ListItem","position":1,"name":"Accueil","item":"https:\/\/theplayoffs.news\/fr\/"},{"@type":"ListItem","position":2,"name":"LeBron James sera porte drapeau des \u00c9tats-unis \u00e0 la c\u00e9r\u00e9monie d&rsquo;ouverture des JO de Paris"}]},{"@type":"WebSite","@id":"https:\/\/theplayoffs.news\/fr\/#website","url":"https:\/\/theplayoffs.news\/fr\/","name":"The Playoffs FR","description":"NBA-NFL-NHL-MLB","potentialAction":[{"@type":"SearchAction","target":{"@type":"EntryPoint","urlTemplate":"https:\/\/theplayoffs.news\/fr\/?s={search_term_string}"},"query-input":{"@type":"PropertyValueSpecification","valueRequired":true,"valueName":"search_term_string"}}],"inLanguage":"fr-FR"},{"@type":"Person","@id":"https:\/\/theplayoffs.news\/fr\/#\/schema\/person\/eee5b69ad5d3c51cabe881c839dbe133","name":"Charles Taudin","image":{"@type":"ImageObject","inLanguage":"fr-FR","@id":"https:\/\/theplayoffs.news\/fr\/#\/schema\/person\/image\/","url":"https:\/\/secure.gravatar.com\/avatar\/59a1e772205ce9fd255edfcafc93013736822e20261f294c5753b20c41ede9f2?s=96&d=mm&r=g","contentUrl":"https:\/\/secure.gravatar.com\/avatar\/59a1e772205ce9fd255edfcafc93013736822e20261f294c5753b20c41ede9f2?s=96&d=mm&r=g","caption":"Charles Taudin"},"description":"R\u00e9dacteur en chef global de The Playoffs, j\u2019ai cr\u00e9\u00e9 The Free Agent, devenu The Playoffs FR, en 2020 durant la pand\u00e9mie. Amoureux depuis des ann\u00e9es des 4 sports majeurs am\u00e9ricains, j\u2019organise maintenant la strat\u00e9gie \u00e9ditoriale et les r\u00e9seaux sociaux de l\u2019ensemble des versions de The Playoffs. Il m\u2019arrive encore d\u2019\u00e9crire sur certains sports que j\u2019affectionne particuli\u00e8rement comme la NFL ou la MLB. Si vous devez retenir qu\u2019une chose : Eli Manning est le vrai GOAT pour avoir battu deux fois Tom Brady.","sameAs":["https:\/\/www.instagram.com\/ctaudin_\/"],"url":"https:\/\/theplayoffs.news\/fr\/author\/charles-taudin\/"}]}},"_links":{"self":[{"href":"https:\/\/theplayoffs.news\/fr\/wp-json\/wp\/v2\/posts\/1446383","targetHints":{"allow":["GET"]}}],"collection":[{"href":"https:\/\/theplayoffs.news\/fr\/wp-json\/wp\/v2\/posts"}],"about":[{"href":"https:\/\/theplayoffs.news\/fr\/wp-json\/wp\/v2\/types\/post"}],"author":[{"embeddable":true,"href":"https:\/\/theplayoffs.news\/fr\/wp-json\/wp\/v2\/users\/13"}],"replies":[{"embeddable":true,"href":"https:\/\/theplayoffs.news\/fr\/wp-json\/wp\/v2\/comments?post=1446383"}],"version-history":[{"count":3,"href":"https:\/\/theplayoffs.news\/fr\/wp-json\/wp\/v2\/posts\/1446383\/revisions"}],"predecessor-version":[{"id":1446388,"href":"https:\/\/theplayoffs.news\/fr\/wp-json\/wp\/v2\/posts\/1446383\/revisions\/1446388"}],"wp:featuredmedia":[{"embeddable":true,"href":"https:\/\/theplayoffs.news\/fr\/wp-json\/wp\/v2\/media\/1446384"}],"wp:attachment":[{"href":"https:\/\/theplayoffs.news\/fr\/wp-json\/wp\/v2\/media?parent=1446383"}],"wp:term":[{"taxonomy":"category","embeddable":true,"href":"https:\/\/theplayoffs.news\/fr\/wp-json\/wp\/v2\/categories?post=1446383"},{"taxonomy":"post_tag","embeddable":true,"href":"https:\/\/theplayoffs.news\/fr\/wp-json\/wp\/v2\/tags?post=1446383"},{"taxonomy":"sport","embeddable":true,"href":"https:\/\/theplayoffs.news\/fr\/wp-json\/wp\/v2\/sport?post=1446383"},{"taxonomy":"saison","embeddable":true,"href":"https:\/\/theplayoffs.news\/fr\/wp-json\/wp\/v2\/saison?post=1446383"}],"curies":[{"name":"wp","href":"https:\/\/api.w.org\/{rel}","templated":true}]}}