{"id":1446358,"date":"2024-07-22T12:48:56","date_gmt":"2024-07-22T10:48:56","guid":{"rendered":"https:\/\/theplayoffs.news\/fr\/?p=1446358"},"modified":"2024-07-22T12:49:56","modified_gmt":"2024-07-22T10:49:56","slug":"4-ans-de-plus-a-boston-pour-sam-hauser","status":"publish","type":"post","link":"https:\/\/theplayoffs.news\/fr\/actualite-nba\/4-ans-de-plus-a-boston-pour-sam-hauser\/","title":{"rendered":"4 ans de plus \u00e0 Boston pour Sam Hauser"},"content":{"rendered":"<h2 class=\"p1\"><span class=\"s1\">Sam Hauser se sent bien &agrave; Boston et la franchise n&rsquo;y voit aucun probl&egrave;me. Les Celtics ont r&eacute;cemment d&eacute;cid&eacute; de garder Hauser pour au moins 4 ans.<\/span><\/h2><p>&nbsp;<\/p><p class=\"p1\"><span class=\"s1\">Sam Hauser, l&rsquo;ailier des Celtics de Boston et l&rsquo;un des tireurs de trois points les plus pr&eacute;cis de la NBA, a conclu un contrat de quatre ans d&rsquo;une valeur de 45 millions de dollars avec sa franchise, comme l&rsquo;a r&eacute;v&eacute;l&eacute; <a href=\"https:\/\/x.com\/amazlngnature\/status\/1815027695584948544?s=46&amp;t=ZGxLohEAI--IIBna2HD0bA\" class=\"trk-cta-link\" data-cta-trk='{\"ctaType\":\"Link\",\"ctaSubType\":\"main\"}'>Adrian Wojnarowski<\/a> &agrave; ESPN dimanche.<br>\n<\/span><\/p><p class=\"p1\"><span class=\"s1\">Hauser gagnera 2 millions de dollars lors de la saison 2024-2025 et sera sous contrat jusqu&rsquo;&agrave; la saison 2028-2029, ce qui contribuera &agrave; faire des Celtics l&rsquo;&eacute;quipe la plus co&ucirc;teuse de l&rsquo;histoire de la NBA.<\/span><\/p><p class=\"p1\"><span class=\"s1\">Hauser, qui va empocher 2 millions de dollars en 2024-25, va &ecirc;tre sous contrat jusqu&rsquo;en 2028-29 sur ce qui va devenir l&rsquo;&eacute;quipe la plus co&ucirc;teuse de l&rsquo;histoire de la NBA. En plus de Sam Hauser, les Celtics ont prolong&eacute; le All NBA <a href=\"https:\/\/theplayoffs.news\/fr\/nba-basketball\/actualite-nba\/jayson-tatum-signe-un-contrat-record-avec-les-celtics\/\" class=\"trk-cta-link\" data-cta-trk='{\"ctaType\":\"Link\",\"ctaSubType\":\"main\"}'>Jayson Tatum<\/a> (cinq ans, 315 millions de dollars)et <a href=\"https:\/\/theplayoffs.news\/fr\/nba-basketball\/actualite-nba\/4-ans-de-plus-chez-les-celtics-pour-derrick-white\/\" class=\"trk-cta-link\" data-cta-trk='{\"ctaType\":\"Link\",\"ctaSubType\":\"main\"}'>Derrick White<\/a>(quatre ans, 125 millions de dollars) sur des prolongations cet &eacute;t&eacute;.<\/span><\/p><p>\n<div id=\"attachment_1446368\" style=\"width: 310px\" class=\"wp-caption alignnone\"><img loading=\"lazy\" decoding=\"async\" aria-describedby=\"caption-attachment-1446368\" class=\"size-medium wp-image-1446368\" src=\"https:\/\/theplayoffs.news\/fr\/wp-content\/uploads\/2024\/07\/USATSI_23512495-300x200.jpg\" alt=\"\" width=\"300\" height=\"200\" srcset=\"https:\/\/theplayoffs.news\/fr\/wp-content\/uploads\/2024\/07\/USATSI_23512495-300x200.jpg 300w, https:\/\/theplayoffs.news\/fr\/wp-content\/uploads\/2024\/07\/USATSI_23512495-1030x687.jpg 1030w, https:\/\/theplayoffs.news\/fr\/wp-content\/uploads\/2024\/07\/USATSI_23512495-768x512.jpg 768w, https:\/\/theplayoffs.news\/fr\/wp-content\/uploads\/2024\/07\/USATSI_23512495-1320x880.jpg 1320w, https:\/\/theplayoffs.news\/fr\/wp-content\/uploads\/2024\/07\/USATSI_23512495.jpg 1920w\" sizes=\"auto, (max-width: 300px) 100vw, 300px\" \/><p id=\"caption-attachment-1446368\" class=\"wp-caption-text\">Credit photo: David Butler II-USA TODAY Sports<\/p><\/div>\n<\/p><p class=\"p1\"><span class=\"s1\">L&rsquo;ajout de l&rsquo;extension de Hauser &agrave; la masse salariale 2025-26 des Celtics l&rsquo;&eacute;l&egrave;ve &agrave; 225 millions de dollars pr&eacute;vus avec une p&eacute;nalit&eacute; fiscale de luxe suppl&eacute;mentaire de 210 millions de dollars. Les Celtics devraient d&eacute;pass&eacute; le deuxi&egrave;me seuil de la ligue pour une deuxi&egrave;me ann&eacute;e cons&eacute;cutive.<\/span><\/p><p class=\"p1\"><span class=\"s1\">Non-rep&ecirc;ch&eacute; &agrave; la draft en 2021, l&rsquo;ancien de l&rsquo;Universit&eacute; de Virginie a jou&eacute; un r&ocirc;le significatif dans la conqu&ecirc;te du championnat des Celtics cette saison. Sam Hauser a r&eacute;ussi 42,4% de ses paniers derri&egrave;re la ligne des 3 points la saison derni&egrave;re. C&rsquo;est le quatri&egrave;me meilleur taux de r&eacute;ussite parmi les joueurs ayant tent&eacute; au moins 400 tirs de trois points.<\/span><\/p><p class=\"p1\"><span class=\"s1\">Sam Hauser est devenu le troisi&egrave;me joueur de l&rsquo;histoire des Celtics &agrave; faire 10 trois points dans un match la saison derni&egrave;re, rejoignant Jaylen Brown et Marcus Smart.<\/span><\/p>\n","protected":false},"excerpt":{"rendered":"","protected":false},"author":180310252,"featured_media":1446367,"comment_status":"open","ping_status":"closed","sticky":false,"template":"","format":"standard","meta":{"inline_featured_image":false,"kia_subtitle":"","_mux_skip_reasons":[],"proofreadBy":0,"footnotes":""},"categories":[110,10],"tags":[],"sport":[2783],"saison":[6111],"class_list":["post-1446358","post","type-post","status-publish","format-standard","has-post-thumbnail","hentry","category-actualite-nba","category-nba","sport-nba","saison-6111"],"acf":[],"yoast_head":"<!-- This site is optimized with the Yoast SEO plugin v24.2 - https:\/\/yoast.com\/wordpress\/plugins\/seo\/ -->\n<title>4 ans de plus &agrave; Boston pour Sam Hauser - The Playoffs FR<\/title>\n<meta name=\"robots\" content=\"index, follow, max-snippet:-1, max-image-preview:large, max-video-preview:-1\" \/>\n<link rel=\"canonical\" href=\"https:\/\/theplayoffs.news\/fr\/actualite-nba\/4-ans-de-plus-a-boston-pour-sam-hauser\/\" \/>\n<meta property=\"og:locale\" content=\"fr_FR\" \/>\n<meta property=\"og:type\" content=\"article\" \/>\n<meta property=\"og:title\" content=\"4 ans de plus &agrave; Boston pour Sam Hauser - The Playoffs FR\" \/>\n<meta property=\"og:url\" content=\"https:\/\/theplayoffs.news\/fr\/actualite-nba\/4-ans-de-plus-a-boston-pour-sam-hauser\/\" \/>\n<meta property=\"og:site_name\" content=\"The Playoffs FR\" \/>\n<meta property=\"article:publisher\" content=\"https:\/\/www.facebook.com\/TheFreeAgentFR\/\" \/>\n<meta property=\"article:modified_time\" content=\"2024-07-22T12:49:56+02:00\" \/>\n<meta property=\"og:image\" content=\"https:\/\/theplayoffs.news\/fr\/wp-content\/uploads\/2024\/07\/USATSI_23569741.jpg\" \/>\n\t<meta property=\"og:image:width\" content=\"1920\" \/>\n\t<meta property=\"og:image:height\" content=\"1280\" \/>\n\t<meta property=\"og:image:type\" content=\"image\/jpeg\" \/>\n<meta name=\"author\" content=\"Hugo Da Silva\" \/>\n<meta name=\"twitter:card\" content=\"summary_large_image\" \/>\n<meta name=\"twitter:creator\" content=\"@TheFreeAgentFR\" \/>\n<meta name=\"twitter:site\" content=\"@TheFreeAgentFR\" \/>\n<meta name=\"twitter:label1\" content=\"\u00c9crit par\" \/>\n\t<meta name=\"twitter:data1\" content=\"Hugo Da Silva\" \/>\n\t<meta name=\"twitter:label2\" content=\"Dur\u00e9e de lecture estim\u00e9e\" \/>\n\t<meta name=\"twitter:data2\" content=\"2 minutes\" \/>\n<script type=\"application\/ld+json\" class=\"yoast-schema-graph\">{\"@context\":\"https:\/\/schema.org\",\"@graph\":[{\"@type\":\"WebPage\",\"@id\":\"https:\/\/theplayoffs.news\/fr\/actualite-nba\/4-ans-de-plus-a-boston-pour-sam-hauser\/\",\"url\":\"https:\/\/theplayoffs.news\/fr\/actualite-nba\/4-ans-de-plus-a-boston-pour-sam-hauser\/\",\"name\":\"4 ans de plus \u00e0 Boston pour Sam Hauser - The Playoffs FR\",\"isPartOf\":{\"@id\":\"https:\/\/theplayoffs.news\/fr\/#website\"},\"primaryImageOfPage\":{\"@id\":\"https:\/\/theplayoffs.news\/fr\/actualite-nba\/4-ans-de-plus-a-boston-pour-sam-hauser\/#primaryimage\"},\"image\":{\"@id\":\"https:\/\/theplayoffs.news\/fr\/actualite-nba\/4-ans-de-plus-a-boston-pour-sam-hauser\/#primaryimage\"},\"thumbnailUrl\":\"https:\/\/theplayoffs.news\/fr\/wp-content\/uploads\/2024\/07\/USATSI_23569741.jpg\",\"datePublished\":\"2024-07-22T10:48:56+00:00\",\"dateModified\":\"2024-07-22T10:49:56+00:00\",\"author\":{\"@id\":\"https:\/\/theplayoffs.news\/fr\/#\/schema\/person\/6873025fdeeef5a5a119a678d88f9eb8\"},\"breadcrumb\":{\"@id\":\"https:\/\/theplayoffs.news\/fr\/actualite-nba\/4-ans-de-plus-a-boston-pour-sam-hauser\/#breadcrumb\"},\"inLanguage\":\"fr-FR\",\"potentialAction\":[{\"@type\":\"ReadAction\",\"target\":[\"https:\/\/theplayoffs.news\/fr\/actualite-nba\/4-ans-de-plus-a-boston-pour-sam-hauser\/\"]}]},{\"@type\":\"ImageObject\",\"inLanguage\":\"fr-FR\",\"@id\":\"https:\/\/theplayoffs.news\/fr\/actualite-nba\/4-ans-de-plus-a-boston-pour-sam-hauser\/#primaryimage\",\"url\":\"https:\/\/theplayoffs.news\/fr\/wp-content\/uploads\/2024\/07\/USATSI_23569741.jpg\",\"contentUrl\":\"https:\/\/theplayoffs.news\/fr\/wp-content\/uploads\/2024\/07\/USATSI_23569741.jpg\",\"width\":1920,\"height\":1280,\"caption\":\"Jun 17, 2024; Boston, Massachusetts, USA; Boston Celtics forward Sam Hauser (30) reacts after a three point shot in the first quarter during game five of the 2024 NBA Finals at TD Garden. Mandatory Credit: David Butler II-USA TODAY Sports\"},{\"@type\":\"BreadcrumbList\",\"@id\":\"https:\/\/theplayoffs.news\/fr\/actualite-nba\/4-ans-de-plus-a-boston-pour-sam-hauser\/#breadcrumb\",\"itemListElement\":[{\"@type\":\"ListItem\",\"position\":1,\"name\":\"Accueil\",\"item\":\"https:\/\/theplayoffs.news\/fr\/\"},{\"@type\":\"ListItem\",\"position\":2,\"name\":\"4 ans de plus \u00e0 Boston pour Sam Hauser\"}]},{\"@type\":\"WebSite\",\"@id\":\"https:\/\/theplayoffs.news\/fr\/#website\",\"url\":\"https:\/\/theplayoffs.news\/fr\/\",\"name\":\"The Playoffs FR\",\"description\":\"NBA-NFL-NHL-MLB\",\"potentialAction\":[{\"@type\":\"SearchAction\",\"target\":{\"@type\":\"EntryPoint\",\"urlTemplate\":\"https:\/\/theplayoffs.news\/fr\/?s={search_term_string}\"},\"query-input\":{\"@type\":\"PropertyValueSpecification\",\"valueRequired\":true,\"valueName\":\"search_term_string\"}}],\"inLanguage\":\"fr-FR\"},{\"@type\":\"Person\",\"@id\":\"https:\/\/theplayoffs.news\/fr\/#\/schema\/person\/6873025fdeeef5a5a119a678d88f9eb8\",\"name\":\"Hugo Da Silva\",\"image\":{\"@type\":\"ImageObject\",\"inLanguage\":\"fr-FR\",\"@id\":\"https:\/\/theplayoffs.news\/fr\/#\/schema\/person\/image\/\",\"url\":\"https:\/\/secure.gravatar.com\/avatar\/42645c167f2d0d025c99c89a9d5af905f285255ee846e7a777caaecca00b1837?s=96&d=mm&r=g\",\"contentUrl\":\"https:\/\/secure.gravatar.com\/avatar\/42645c167f2d0d025c99c89a9d5af905f285255ee846e7a777caaecca00b1837?s=96&d=mm&r=g\",\"caption\":\"Hugo Da Silva\"},\"url\":\"https:\/\/theplayoffs.news\/fr\/author\/hugodasilva0903gmail-com\/\"}]}<\/script>\n<!-- \/ Yoast SEO plugin. -->","yoast_head_json":{"title":"4 ans de plus &agrave; Boston pour Sam Hauser - The Playoffs FR","robots":{"index":"index","follow":"follow","max-snippet":"max-snippet:-1","max-image-preview":"max-image-preview:large","max-video-preview":"max-video-preview:-1"},"canonical":"https:\/\/theplayoffs.news\/fr\/actualite-nba\/4-ans-de-plus-a-boston-pour-sam-hauser\/","og_locale":"fr_FR","og_type":"article","og_title":"4 ans de plus &agrave; Boston pour Sam Hauser - The Playoffs FR","og_url":"https:\/\/theplayoffs.news\/fr\/actualite-nba\/4-ans-de-plus-a-boston-pour-sam-hauser\/","og_site_name":"The Playoffs FR","article_publisher":"https:\/\/www.facebook.com\/TheFreeAgentFR\/","article_modified_time":"2024-07-22T10:49:56+00:00","og_image":[{"width":1920,"height":1280,"url":"https:\/\/theplayoffs.news\/fr\/wp-content\/uploads\/2024\/07\/USATSI_23569741.jpg","type":"image\/jpeg"}],"author":"Hugo Da Silva","twitter_card":"summary_large_image","twitter_creator":"@TheFreeAgentFR","twitter_site":"@TheFreeAgentFR","twitter_misc":{"\u00c9crit par":"Hugo Da Silva","Dur\u00e9e de lecture estim\u00e9e":"2 minutes"},"schema":{"@context":"https:\/\/schema.org","@graph":[{"@type":"WebPage","@id":"https:\/\/theplayoffs.news\/fr\/actualite-nba\/4-ans-de-plus-a-boston-pour-sam-hauser\/","url":"https:\/\/theplayoffs.news\/fr\/actualite-nba\/4-ans-de-plus-a-boston-pour-sam-hauser\/","name":"4 ans de plus \u00e0 Boston pour Sam Hauser - The Playoffs FR","isPartOf":{"@id":"https:\/\/theplayoffs.news\/fr\/#website"},"primaryImageOfPage":{"@id":"https:\/\/theplayoffs.news\/fr\/actualite-nba\/4-ans-de-plus-a-boston-pour-sam-hauser\/#primaryimage"},"image":{"@id":"https:\/\/theplayoffs.news\/fr\/actualite-nba\/4-ans-de-plus-a-boston-pour-sam-hauser\/#primaryimage"},"thumbnailUrl":"https:\/\/theplayoffs.news\/fr\/wp-content\/uploads\/2024\/07\/USATSI_23569741.jpg","datePublished":"2024-07-22T10:48:56+00:00","dateModified":"2024-07-22T10:49:56+00:00","author":{"@id":"https:\/\/theplayoffs.news\/fr\/#\/schema\/person\/6873025fdeeef5a5a119a678d88f9eb8"},"breadcrumb":{"@id":"https:\/\/theplayoffs.news\/fr\/actualite-nba\/4-ans-de-plus-a-boston-pour-sam-hauser\/#breadcrumb"},"inLanguage":"fr-FR","potentialAction":[{"@type":"ReadAction","target":["https:\/\/theplayoffs.news\/fr\/actualite-nba\/4-ans-de-plus-a-boston-pour-sam-hauser\/"]}]},{"@type":"ImageObject","inLanguage":"fr-FR","@id":"https:\/\/theplayoffs.news\/fr\/actualite-nba\/4-ans-de-plus-a-boston-pour-sam-hauser\/#primaryimage","url":"https:\/\/theplayoffs.news\/fr\/wp-content\/uploads\/2024\/07\/USATSI_23569741.jpg","contentUrl":"https:\/\/theplayoffs.news\/fr\/wp-content\/uploads\/2024\/07\/USATSI_23569741.jpg","width":1920,"height":1280,"caption":"Jun 17, 2024; Boston, Massachusetts, USA; Boston Celtics forward Sam Hauser (30) reacts after a three point shot in the first quarter during game five of the 2024 NBA Finals at TD Garden. Mandatory Credit: David Butler II-USA TODAY Sports"},{"@type":"BreadcrumbList","@id":"https:\/\/theplayoffs.news\/fr\/actualite-nba\/4-ans-de-plus-a-boston-pour-sam-hauser\/#breadcrumb","itemListElement":[{"@type":"ListItem","position":1,"name":"Accueil","item":"https:\/\/theplayoffs.news\/fr\/"},{"@type":"ListItem","position":2,"name":"4 ans de plus \u00e0 Boston pour Sam Hauser"}]},{"@type":"WebSite","@id":"https:\/\/theplayoffs.news\/fr\/#website","url":"https:\/\/theplayoffs.news\/fr\/","name":"The Playoffs FR","description":"NBA-NFL-NHL-MLB","potentialAction":[{"@type":"SearchAction","target":{"@type":"EntryPoint","urlTemplate":"https:\/\/theplayoffs.news\/fr\/?s={search_term_string}"},"query-input":{"@type":"PropertyValueSpecification","valueRequired":true,"valueName":"search_term_string"}}],"inLanguage":"fr-FR"},{"@type":"Person","@id":"https:\/\/theplayoffs.news\/fr\/#\/schema\/person\/6873025fdeeef5a5a119a678d88f9eb8","name":"Hugo Da Silva","image":{"@type":"ImageObject","inLanguage":"fr-FR","@id":"https:\/\/theplayoffs.news\/fr\/#\/schema\/person\/image\/","url":"https:\/\/secure.gravatar.com\/avatar\/42645c167f2d0d025c99c89a9d5af905f285255ee846e7a777caaecca00b1837?s=96&d=mm&r=g","contentUrl":"https:\/\/secure.gravatar.com\/avatar\/42645c167f2d0d025c99c89a9d5af905f285255ee846e7a777caaecca00b1837?s=96&d=mm&r=g","caption":"Hugo Da Silva"},"url":"https:\/\/theplayoffs.news\/fr\/author\/hugodasilva0903gmail-com\/"}]}},"_links":{"self":[{"href":"https:\/\/theplayoffs.news\/fr\/wp-json\/wp\/v2\/posts\/1446358","targetHints":{"allow":["GET"]}}],"collection":[{"href":"https:\/\/theplayoffs.news\/fr\/wp-json\/wp\/v2\/posts"}],"about":[{"href":"https:\/\/theplayoffs.news\/fr\/wp-json\/wp\/v2\/types\/post"}],"author":[{"embeddable":true,"href":"https:\/\/theplayoffs.news\/fr\/wp-json\/wp\/v2\/users\/180310252"}],"replies":[{"embeddable":true,"href":"https:\/\/theplayoffs.news\/fr\/wp-json\/wp\/v2\/comments?post=1446358"}],"version-history":[{"count":5,"href":"https:\/\/theplayoffs.news\/fr\/wp-json\/wp\/v2\/posts\/1446358\/revisions"}],"predecessor-version":[{"id":1446374,"href":"https:\/\/theplayoffs.news\/fr\/wp-json\/wp\/v2\/posts\/1446358\/revisions\/1446374"}],"wp:featuredmedia":[{"embeddable":true,"href":"https:\/\/theplayoffs.news\/fr\/wp-json\/wp\/v2\/media\/1446367"}],"wp:attachment":[{"href":"https:\/\/theplayoffs.news\/fr\/wp-json\/wp\/v2\/media?parent=1446358"}],"wp:term":[{"taxonomy":"category","embeddable":true,"href":"https:\/\/theplayoffs.news\/fr\/wp-json\/wp\/v2\/categories?post=1446358"},{"taxonomy":"post_tag","embeddable":true,"href":"https:\/\/theplayoffs.news\/fr\/wp-json\/wp\/v2\/tags?post=1446358"},{"taxonomy":"sport","embeddable":true,"href":"https:\/\/theplayoffs.news\/fr\/wp-json\/wp\/v2\/sport?post=1446358"},{"taxonomy":"saison","embeddable":true,"href":"https:\/\/theplayoffs.news\/fr\/wp-json\/wp\/v2\/saison?post=1446358"}],"curies":[{"name":"wp","href":"https:\/\/api.w.org\/{rel}","templated":true}]}}