{"id":1446329,"date":"2024-07-22T10:57:05","date_gmt":"2024-07-22T08:57:05","guid":{"rendered":"https:\/\/theplayoffs.news\/fr\/?p=1446329"},"modified":"2024-07-22T10:57:05","modified_gmt":"2024-07-22T08:57:05","slug":"mavs-a-dallas-les-pistes-pour-un-arriere-senchainent","status":"publish","type":"post","link":"https:\/\/theplayoffs.news\/fr\/actualite-nba\/mavs-a-dallas-les-pistes-pour-un-arriere-senchainent\/","title":{"rendered":"Mavs : \u00c0 Dallas, les pistes pour un arri\u00e8re s&rsquo;encha\u00eenent"},"content":{"rendered":"<h2>Dallas est toujours &agrave; la recherche d&rsquo;un arri&egrave;re pour compl&eacute;ter son effectif. Trois noms sont d&eacute;j&agrave; connus.<\/h2><p>Les Dallas Mavericks continuent de vouloir se renforcer durant cette intersaison. Markieff Morris devrait prolonger, <a href=\"https:\/\/theplayoffs.news\/fr\/nba-basketball\/actualite-nba\/klay-thompson-a-hate-de-se-ressourcer-aux-mavs\/\" class=\"trk-cta-link\" data-cta-trk='{\"ctaType\":\"Link\",\"ctaSubType\":\"main\"}'>Klay Thompson<\/a> est arriv&eacute;, mais la franchise texane cherche toujours un backup au poste d&rsquo;arri&egrave;re.<\/p><h3>Qui sont les pr&eacute;tendants ?<\/h3><p>Parmi les pr&eacute;tendants &agrave; ce poste, il y a tout d&rsquo;abord deux anciens de la maison : Spencer Dinwiddie (31 ans), qui a jou&eacute; pour les Mavs entre 2022 et 2023, et Dennis Smith Jr. (26 ans), qui a jou&eacute; pour Dallas entre 2017 et 2019.<\/p><p>Selon <a href=\"https:\/\/marcstein.substack.com\/p\/the-latest-nba-free-agency-extensions\" class=\"trk-cta-link\" data-cta-trk='{\"ctaType\":\"Link\",\"ctaSubType\":\"main\"}'>Marc Stein<\/a>, Talen Horton-Tucker (23 ans) est &eacute;galement candidat pour occuper le poste. Spencer Dinwiddie reste sur une saison &agrave; 10,5 points, 2,7 rebonds et 4,7 passes en 28 minutes de moyenne. Dennis Smith Jr. affiche 6,6 points, 2,9 rebonds et 3,6 passes en 18,9 minutes de moyenne par match.<\/p><p>Enfin, Talen Horton-Tucker &eacute;tait &agrave; 10,1 points, 2,4 rebonds et 3,5 passes pour 20 minutes de moyenne.<\/p><p>Il se pourrait que Spencer Dinwiddie soit en pole position au vu de son exp&eacute;rience et de son passif &agrave; Dallas. Le suspense reste entier pour savoir lequel de ces trois arri&egrave;res rejoindra les Mavericks&hellip;<\/p><p>&nbsp;<\/p><p>Cr&eacute;dit photo : Jerome Miron-USA TODAY Sports<\/p>\n","protected":false},"excerpt":{"rendered":"","protected":false},"author":180310250,"featured_media":1446333,"comment_status":"open","ping_status":"closed","sticky":false,"template":"","format":"standard","meta":{"inline_featured_image":false,"kia_subtitle":"","_mux_skip_reasons":[],"proofreadBy":0,"footnotes":""},"categories":[110,10],"tags":[4095,878,1520],"sport":[2783],"saison":[],"class_list":["post-1446329","post","type-post","status-publish","format-standard","has-post-thumbnail","hentry","category-actualite-nba","category-nba","tag-mavericks","tag-dallas","tag-mavs","sport-nba"],"acf":[],"yoast_head":"<!-- This site is optimized with the Yoast SEO plugin v24.2 - https:\/\/yoast.com\/wordpress\/plugins\/seo\/ -->\n<title>Mavs : &Agrave; Dallas, les pistes pour un arri&egrave;re s&#039;encha&icirc;nent - The Playoffs FR<\/title>\n<meta name=\"robots\" content=\"index, follow, max-snippet:-1, max-image-preview:large, max-video-preview:-1\" \/>\n<link rel=\"canonical\" href=\"https:\/\/theplayoffs.news\/fr\/actualite-nba\/mavs-a-dallas-les-pistes-pour-un-arriere-senchainent\/\" \/>\n<meta property=\"og:locale\" content=\"fr_FR\" \/>\n<meta property=\"og:type\" content=\"article\" \/>\n<meta property=\"og:title\" content=\"Mavs : &Agrave; Dallas, les pistes pour un arri&egrave;re s&#039;encha&icirc;nent - The Playoffs FR\" \/>\n<meta property=\"og:url\" content=\"https:\/\/theplayoffs.news\/fr\/actualite-nba\/mavs-a-dallas-les-pistes-pour-un-arriere-senchainent\/\" \/>\n<meta property=\"og:site_name\" content=\"The Playoffs FR\" \/>\n<meta property=\"article:publisher\" content=\"https:\/\/www.facebook.com\/TheFreeAgentFR\/\" \/>\n<meta property=\"article:modified_time\" content=\"2024-07-22T10:57:05+02:00\" \/>\n<meta property=\"og:image\" content=\"https:\/\/theplayoffs.news\/fr\/wp-content\/uploads\/2024\/07\/USATSI_19926141.jpg\" \/>\n\t<meta property=\"og:image:width\" content=\"1920\" \/>\n\t<meta property=\"og:image:height\" content=\"1280\" \/>\n\t<meta property=\"og:image:type\" content=\"image\/jpeg\" \/>\n<meta name=\"author\" content=\"Jean Fabre-Jevanoff\" \/>\n<meta name=\"twitter:card\" content=\"summary_large_image\" \/>\n<meta name=\"twitter:creator\" content=\"@the_jfj_42\" \/>\n<meta name=\"twitter:site\" content=\"@TheFreeAgentFR\" \/>\n<meta name=\"twitter:label1\" content=\"\u00c9crit par\" \/>\n\t<meta name=\"twitter:data1\" content=\"Jean Fabre-Jevanoff\" \/>\n\t<meta name=\"twitter:label2\" content=\"Dur\u00e9e de lecture estim\u00e9e\" \/>\n\t<meta name=\"twitter:data2\" content=\"1 minute\" \/>\n<script type=\"application\/ld+json\" class=\"yoast-schema-graph\">{\"@context\":\"https:\/\/schema.org\",\"@graph\":[{\"@type\":\"WebPage\",\"@id\":\"https:\/\/theplayoffs.news\/fr\/actualite-nba\/mavs-a-dallas-les-pistes-pour-un-arriere-senchainent\/\",\"url\":\"https:\/\/theplayoffs.news\/fr\/actualite-nba\/mavs-a-dallas-les-pistes-pour-un-arriere-senchainent\/\",\"name\":\"Mavs : \u00c0 Dallas, les pistes pour un arri\u00e8re s\\\\'encha\u00eenent - The Playoffs FR\",\"isPartOf\":{\"@id\":\"https:\/\/theplayoffs.news\/fr\/#website\"},\"primaryImageOfPage\":{\"@id\":\"https:\/\/theplayoffs.news\/fr\/actualite-nba\/mavs-a-dallas-les-pistes-pour-un-arriere-senchainent\/#primaryimage\"},\"image\":{\"@id\":\"https:\/\/theplayoffs.news\/fr\/actualite-nba\/mavs-a-dallas-les-pistes-pour-un-arriere-senchainent\/#primaryimage\"},\"thumbnailUrl\":\"https:\/\/theplayoffs.news\/fr\/wp-content\/uploads\/2024\/07\/USATSI_19926141.jpg\",\"datePublished\":\"2024-07-22T08:57:05+00:00\",\"dateModified\":\"2024-07-22T08:57:05+00:00\",\"author\":{\"@id\":\"https:\/\/theplayoffs.news\/fr\/#\/schema\/person\/1ea25b88e79fe4fabd657430b0013d3d\"},\"breadcrumb\":{\"@id\":\"https:\/\/theplayoffs.news\/fr\/actualite-nba\/mavs-a-dallas-les-pistes-pour-un-arriere-senchainent\/#breadcrumb\"},\"inLanguage\":\"fr-FR\",\"potentialAction\":[{\"@type\":\"ReadAction\",\"target\":[\"https:\/\/theplayoffs.news\/fr\/actualite-nba\/mavs-a-dallas-les-pistes-pour-un-arriere-senchainent\/\"]}]},{\"@type\":\"ImageObject\",\"inLanguage\":\"fr-FR\",\"@id\":\"https:\/\/theplayoffs.news\/fr\/actualite-nba\/mavs-a-dallas-les-pistes-pour-un-arriere-senchainent\/#primaryimage\",\"url\":\"https:\/\/theplayoffs.news\/fr\/wp-content\/uploads\/2024\/07\/USATSI_19926141.jpg\",\"contentUrl\":\"https:\/\/theplayoffs.news\/fr\/wp-content\/uploads\/2024\/07\/USATSI_19926141.jpg\",\"width\":1920,\"height\":1280,\"caption\":\"Jan 30, 2023; Dallas, Texas, USA; Dallas Mavericks guard Spencer Dinwiddie (26) in action during the game between the Dallas Mavericks and the Detroit Pistons at the American Airlines Center. Mandatory Credit: Jerome Miron-USA TODAY Sports\"},{\"@type\":\"BreadcrumbList\",\"@id\":\"https:\/\/theplayoffs.news\/fr\/actualite-nba\/mavs-a-dallas-les-pistes-pour-un-arriere-senchainent\/#breadcrumb\",\"itemListElement\":[{\"@type\":\"ListItem\",\"position\":1,\"name\":\"Accueil\",\"item\":\"https:\/\/theplayoffs.news\/fr\/\"},{\"@type\":\"ListItem\",\"position\":2,\"name\":\"Mavs : \u00c0 Dallas, les pistes pour un arri\u00e8re s&rsquo;encha\u00eenent\"}]},{\"@type\":\"WebSite\",\"@id\":\"https:\/\/theplayoffs.news\/fr\/#website\",\"url\":\"https:\/\/theplayoffs.news\/fr\/\",\"name\":\"The Playoffs FR\",\"description\":\"NBA-NFL-NHL-MLB\",\"potentialAction\":[{\"@type\":\"SearchAction\",\"target\":{\"@type\":\"EntryPoint\",\"urlTemplate\":\"https:\/\/theplayoffs.news\/fr\/?s={search_term_string}\"},\"query-input\":{\"@type\":\"PropertyValueSpecification\",\"valueRequired\":true,\"valueName\":\"search_term_string\"}}],\"inLanguage\":\"fr-FR\"},{\"@type\":\"Person\",\"@id\":\"https:\/\/theplayoffs.news\/fr\/#\/schema\/person\/1ea25b88e79fe4fabd657430b0013d3d\",\"name\":\"Jean Fabre-Jevanoff\",\"image\":{\"@type\":\"ImageObject\",\"inLanguage\":\"fr-FR\",\"@id\":\"https:\/\/theplayoffs.news\/fr\/#\/schema\/person\/image\/\",\"url\":\"https:\/\/secure.gravatar.com\/avatar\/18b28dab1159eebc6a17b9787eb8cbbe3242c3d0e8b53b89332f6dc1133aa361?s=96&d=mm&r=g\",\"contentUrl\":\"https:\/\/secure.gravatar.com\/avatar\/18b28dab1159eebc6a17b9787eb8cbbe3242c3d0e8b53b89332f6dc1133aa361?s=96&d=mm&r=g\",\"caption\":\"Jean Fabre-Jevanoff\"},\"description\":\"Journaliste polyvalent sur le football am\u00e9ricain, j\u2019\u00e9cris aussi des articles sur le basket. Commentateur sur Twitch et sur YouTube. Pass\u00e9 par Eurosport notamment. Un mix d\u2019Eminem et de OBJ, fan inconditionnel de Patrick Mahomes et Lebron James\",\"sameAs\":[\"https:\/\/www.instagram.com\/_juaniitooo_\",\"https:\/\/www.linkedin.com\/in\/jean-fabre-jevanoff-84bb9b1a9\/\",\"https:\/\/x.com\/the_jfj_42\"],\"url\":\"https:\/\/theplayoffs.news\/fr\/author\/jeanfj42gmail-com\/\"}]}<\/script>\n<!-- \/ Yoast SEO plugin. -->","yoast_head_json":{"title":"Mavs : &Agrave; Dallas, les pistes pour un arri&egrave;re s&#039;encha&icirc;nent - The Playoffs FR","robots":{"index":"index","follow":"follow","max-snippet":"max-snippet:-1","max-image-preview":"max-image-preview:large","max-video-preview":"max-video-preview:-1"},"canonical":"https:\/\/theplayoffs.news\/fr\/actualite-nba\/mavs-a-dallas-les-pistes-pour-un-arriere-senchainent\/","og_locale":"fr_FR","og_type":"article","og_title":"Mavs : &Agrave; Dallas, les pistes pour un arri&egrave;re s&#039;encha&icirc;nent - The Playoffs FR","og_url":"https:\/\/theplayoffs.news\/fr\/actualite-nba\/mavs-a-dallas-les-pistes-pour-un-arriere-senchainent\/","og_site_name":"The Playoffs FR","article_publisher":"https:\/\/www.facebook.com\/TheFreeAgentFR\/","og_image":[{"width":1920,"height":1280,"url":"https:\/\/theplayoffs.news\/fr\/wp-content\/uploads\/2024\/07\/USATSI_19926141.jpg","type":"image\/jpeg"}],"author":"Jean Fabre-Jevanoff","twitter_card":"summary_large_image","twitter_creator":"@the_jfj_42","twitter_site":"@TheFreeAgentFR","twitter_misc":{"\u00c9crit par":"Jean Fabre-Jevanoff","Dur\u00e9e de lecture estim\u00e9e":"1 minute"},"schema":{"@context":"https:\/\/schema.org","@graph":[{"@type":"WebPage","@id":"https:\/\/theplayoffs.news\/fr\/actualite-nba\/mavs-a-dallas-les-pistes-pour-un-arriere-senchainent\/","url":"https:\/\/theplayoffs.news\/fr\/actualite-nba\/mavs-a-dallas-les-pistes-pour-un-arriere-senchainent\/","name":"Mavs : \u00c0 Dallas, les pistes pour un arri\u00e8re s\\'encha\u00eenent - The Playoffs FR","isPartOf":{"@id":"https:\/\/theplayoffs.news\/fr\/#website"},"primaryImageOfPage":{"@id":"https:\/\/theplayoffs.news\/fr\/actualite-nba\/mavs-a-dallas-les-pistes-pour-un-arriere-senchainent\/#primaryimage"},"image":{"@id":"https:\/\/theplayoffs.news\/fr\/actualite-nba\/mavs-a-dallas-les-pistes-pour-un-arriere-senchainent\/#primaryimage"},"thumbnailUrl":"https:\/\/theplayoffs.news\/fr\/wp-content\/uploads\/2024\/07\/USATSI_19926141.jpg","datePublished":"2024-07-22T08:57:05+00:00","dateModified":"2024-07-22T08:57:05+00:00","author":{"@id":"https:\/\/theplayoffs.news\/fr\/#\/schema\/person\/1ea25b88e79fe4fabd657430b0013d3d"},"breadcrumb":{"@id":"https:\/\/theplayoffs.news\/fr\/actualite-nba\/mavs-a-dallas-les-pistes-pour-un-arriere-senchainent\/#breadcrumb"},"inLanguage":"fr-FR","potentialAction":[{"@type":"ReadAction","target":["https:\/\/theplayoffs.news\/fr\/actualite-nba\/mavs-a-dallas-les-pistes-pour-un-arriere-senchainent\/"]}]},{"@type":"ImageObject","inLanguage":"fr-FR","@id":"https:\/\/theplayoffs.news\/fr\/actualite-nba\/mavs-a-dallas-les-pistes-pour-un-arriere-senchainent\/#primaryimage","url":"https:\/\/theplayoffs.news\/fr\/wp-content\/uploads\/2024\/07\/USATSI_19926141.jpg","contentUrl":"https:\/\/theplayoffs.news\/fr\/wp-content\/uploads\/2024\/07\/USATSI_19926141.jpg","width":1920,"height":1280,"caption":"Jan 30, 2023; Dallas, Texas, USA; Dallas Mavericks guard Spencer Dinwiddie (26) in action during the game between the Dallas Mavericks and the Detroit Pistons at the American Airlines Center. Mandatory Credit: Jerome Miron-USA TODAY Sports"},{"@type":"BreadcrumbList","@id":"https:\/\/theplayoffs.news\/fr\/actualite-nba\/mavs-a-dallas-les-pistes-pour-un-arriere-senchainent\/#breadcrumb","itemListElement":[{"@type":"ListItem","position":1,"name":"Accueil","item":"https:\/\/theplayoffs.news\/fr\/"},{"@type":"ListItem","position":2,"name":"Mavs : \u00c0 Dallas, les pistes pour un arri\u00e8re s&rsquo;encha\u00eenent"}]},{"@type":"WebSite","@id":"https:\/\/theplayoffs.news\/fr\/#website","url":"https:\/\/theplayoffs.news\/fr\/","name":"The Playoffs FR","description":"NBA-NFL-NHL-MLB","potentialAction":[{"@type":"SearchAction","target":{"@type":"EntryPoint","urlTemplate":"https:\/\/theplayoffs.news\/fr\/?s={search_term_string}"},"query-input":{"@type":"PropertyValueSpecification","valueRequired":true,"valueName":"search_term_string"}}],"inLanguage":"fr-FR"},{"@type":"Person","@id":"https:\/\/theplayoffs.news\/fr\/#\/schema\/person\/1ea25b88e79fe4fabd657430b0013d3d","name":"Jean Fabre-Jevanoff","image":{"@type":"ImageObject","inLanguage":"fr-FR","@id":"https:\/\/theplayoffs.news\/fr\/#\/schema\/person\/image\/","url":"https:\/\/secure.gravatar.com\/avatar\/18b28dab1159eebc6a17b9787eb8cbbe3242c3d0e8b53b89332f6dc1133aa361?s=96&d=mm&r=g","contentUrl":"https:\/\/secure.gravatar.com\/avatar\/18b28dab1159eebc6a17b9787eb8cbbe3242c3d0e8b53b89332f6dc1133aa361?s=96&d=mm&r=g","caption":"Jean Fabre-Jevanoff"},"description":"Journaliste polyvalent sur le football am\u00e9ricain, j\u2019\u00e9cris aussi des articles sur le basket. Commentateur sur Twitch et sur YouTube. Pass\u00e9 par Eurosport notamment. Un mix d\u2019Eminem et de OBJ, fan inconditionnel de Patrick Mahomes et Lebron James","sameAs":["https:\/\/www.instagram.com\/_juaniitooo_","https:\/\/www.linkedin.com\/in\/jean-fabre-jevanoff-84bb9b1a9\/","https:\/\/x.com\/the_jfj_42"],"url":"https:\/\/theplayoffs.news\/fr\/author\/jeanfj42gmail-com\/"}]}},"_links":{"self":[{"href":"https:\/\/theplayoffs.news\/fr\/wp-json\/wp\/v2\/posts\/1446329","targetHints":{"allow":["GET"]}}],"collection":[{"href":"https:\/\/theplayoffs.news\/fr\/wp-json\/wp\/v2\/posts"}],"about":[{"href":"https:\/\/theplayoffs.news\/fr\/wp-json\/wp\/v2\/types\/post"}],"author":[{"embeddable":true,"href":"https:\/\/theplayoffs.news\/fr\/wp-json\/wp\/v2\/users\/180310250"}],"replies":[{"embeddable":true,"href":"https:\/\/theplayoffs.news\/fr\/wp-json\/wp\/v2\/comments?post=1446329"}],"version-history":[{"count":3,"href":"https:\/\/theplayoffs.news\/fr\/wp-json\/wp\/v2\/posts\/1446329\/revisions"}],"predecessor-version":[{"id":1446336,"href":"https:\/\/theplayoffs.news\/fr\/wp-json\/wp\/v2\/posts\/1446329\/revisions\/1446336"}],"wp:featuredmedia":[{"embeddable":true,"href":"https:\/\/theplayoffs.news\/fr\/wp-json\/wp\/v2\/media\/1446333"}],"wp:attachment":[{"href":"https:\/\/theplayoffs.news\/fr\/wp-json\/wp\/v2\/media?parent=1446329"}],"wp:term":[{"taxonomy":"category","embeddable":true,"href":"https:\/\/theplayoffs.news\/fr\/wp-json\/wp\/v2\/categories?post=1446329"},{"taxonomy":"post_tag","embeddable":true,"href":"https:\/\/theplayoffs.news\/fr\/wp-json\/wp\/v2\/tags?post=1446329"},{"taxonomy":"sport","embeddable":true,"href":"https:\/\/theplayoffs.news\/fr\/wp-json\/wp\/v2\/sport?post=1446329"},{"taxonomy":"saison","embeddable":true,"href":"https:\/\/theplayoffs.news\/fr\/wp-json\/wp\/v2\/saison?post=1446329"}],"curies":[{"name":"wp","href":"https:\/\/api.w.org\/{rel}","templated":true}]}}