{"id":1446318,"date":"2024-07-22T10:42:51","date_gmt":"2024-07-22T08:42:51","guid":{"rendered":"https:\/\/theplayoffs.news\/fr\/?p=1446318"},"modified":"2024-07-22T10:42:51","modified_gmt":"2024-07-22T08:42:51","slug":"beltre-mauer-helton-et-leyland-entrent-au-temple-de-la-renommee","status":"publish","type":"post","link":"https:\/\/theplayoffs.news\/fr\/actualite-mlb\/beltre-mauer-helton-et-leyland-entrent-au-temple-de-la-renommee\/","title":{"rendered":"Beltre, Mauer, Helton et Leyland entrent au Temple de la Renomm\u00e9e"},"content":{"rendered":"<h2 class=\"p3\">Le Temple de la Renomm&eacute;e du Baseball a accueilli une nouvelle classe de l&eacute;gendes dimanche, honorant les carri&egrave;res remarquables d&rsquo;Adrian Beltre, Joe Mauer, Todd Helton et Jim Leyland.<\/h2><p class=\"p3\">La c&eacute;r&eacute;monie, qui s&rsquo;est tenue au Clark Sports Center, &eacute;tait un &eacute;v&eacute;nement majeur, mettant en lumi&egrave;re les contributions et les r&eacute;alisations de ces quatre grands noms du baseball.<\/p><p class=\"p3\">Adrian Beltre, ic&ocirc;ne des Rangers du Texas, a &eacute;t&eacute; la t&ecirc;te d&rsquo;affiche de la c&eacute;r&eacute;monie. Connu pour sa carri&egrave;re impressionnante de 21 ans, Beltre a accumul&eacute; 3 166 coups s&ucirc;rs et remport&eacute; cinq Gants d&rsquo;Or au poste de troisi&egrave;me base. Sa personnalit&eacute; ludique et charismatique a brill&eacute; lors de son discours, o&ugrave; il a rendu hommage &agrave; bon nombre de ses anciens co&eacute;quipiers et s&rsquo;est m&ecirc;me permis un peu d&rsquo;humour.<\/p><blockquote><p>&laquo; &Agrave; celui qui se fait appeler &lsquo;King&rsquo; &raquo;, <a href=\"https:\/\/www.espn.com\/mlb\/story\/_\/id\/40612118\/adrian-beltre-todd-helton-joe-mauer-jim-leyland-hof\" class=\"trk-cta-link\" data-cta-trk='{\"ctaType\":\"Link\",\"ctaSubType\":\"main\"}'>a d&eacute;clar&eacute; Beltre<\/a>. &laquo; J&rsquo;ai ador&eacute; jouer avec toi. Mais j&rsquo;ai encore plus aim&eacute; frapper contre toi &raquo;.<\/p><\/blockquote><p class=\"p3\">Aux c&ocirc;t&eacute;s de Beltre se trouvaient Joe Mauer et Todd Helton, tous deux c&eacute;l&eacute;br&eacute;s pour leur fid&eacute;lit&eacute; &agrave; une seule &eacute;quipe tout au long de leur carri&egrave;re.<\/p><p class=\"p3\">Mauer, originaire des Twin Cities, a pass&eacute; toute sa carri&egrave;re avec les Twins du Minnesota, gagnant l&rsquo;admiration des fans et des pairs. Helton, qui a jou&eacute; pour les Rockies du Colorado, est non seulement m&eacute;morable pour ses prouesses au baseball mais aussi pour ses anecdotes amusantes, y compris une histoire sur les superstitions et les exc&egrave;s de vitesse.<\/p><p class=\"p3\">Jim Leyland, un manager respect&eacute; qui a dirig&eacute; quatre &eacute;quipes diff&eacute;rentes, dont les champions des World Series 1997, les Marlins, a &eacute;galement &eacute;t&eacute; intronis&eacute;. Leyland, connu pour son approche &eacute;motionnelle et sinc&egrave;re du jeu, a exprim&eacute; une profonde gratitude pour sa carri&egrave;re, commenc&eacute;e en 1966.<\/p><p>&nbsp;<\/p><p>&nbsp;<\/p><p>Credit Photo : Gregory Fisher-USA TODAY Sports<\/p>\n","protected":false},"excerpt":{"rendered":"","protected":false},"author":13,"featured_media":1446319,"comment_status":"open","ping_status":"closed","sticky":false,"template":"","format":"standard","meta":{"inline_featured_image":false,"kia_subtitle":"","_mux_skip_reasons":[],"proofreadBy":0,"footnotes":""},"categories":[188,9],"tags":[6873,104,6874,6875],"sport":[],"saison":[],"class_list":["post-1446318","post","type-post","status-publish","format-standard","has-post-thumbnail","hentry","category-actualite-mlb","category-mlb","tag-adrian-beltre","tag-hall-of-fame","tag-joe-mauer","tag-todd-helton"],"acf":[],"yoast_head":"<!-- This site is optimized with the Yoast SEO plugin v24.2 - https:\/\/yoast.com\/wordpress\/plugins\/seo\/ -->\n<title>Beltre, Mauer, Helton et Leyland entrent au Temple de la Renomm&eacute;e - The Playoffs FR<\/title>\n<meta name=\"robots\" content=\"index, follow, max-snippet:-1, max-image-preview:large, max-video-preview:-1\" \/>\n<link rel=\"canonical\" href=\"https:\/\/theplayoffs.news\/fr\/actualite-mlb\/beltre-mauer-helton-et-leyland-entrent-au-temple-de-la-renommee\/\" \/>\n<meta property=\"og:locale\" content=\"fr_FR\" \/>\n<meta property=\"og:type\" content=\"article\" \/>\n<meta property=\"og:title\" content=\"Beltre, Mauer, Helton et Leyland entrent au Temple de la Renomm&eacute;e - The Playoffs FR\" \/>\n<meta property=\"og:url\" content=\"https:\/\/theplayoffs.news\/fr\/actualite-mlb\/beltre-mauer-helton-et-leyland-entrent-au-temple-de-la-renommee\/\" \/>\n<meta property=\"og:site_name\" content=\"The Playoffs FR\" \/>\n<meta property=\"article:publisher\" content=\"https:\/\/www.facebook.com\/TheFreeAgentFR\/\" \/>\n<meta property=\"article:modified_time\" content=\"2024-07-22T10:42:51+02:00\" \/>\n<meta property=\"og:image\" content=\"https:\/\/theplayoffs.news\/fr\/wp-content\/uploads\/2024\/07\/USATSI_23792047.jpg\" \/>\n\t<meta property=\"og:image:width\" content=\"1920\" \/>\n\t<meta property=\"og:image:height\" content=\"1280\" \/>\n\t<meta property=\"og:image:type\" content=\"image\/jpeg\" \/>\n<meta name=\"author\" content=\"Charles Taudin\" \/>\n<meta name=\"twitter:card\" content=\"summary_large_image\" \/>\n<meta name=\"twitter:creator\" content=\"@TheFreeAgentFR\" \/>\n<meta name=\"twitter:site\" content=\"@TheFreeAgentFR\" \/>\n<meta name=\"twitter:label1\" content=\"\u00c9crit par\" \/>\n\t<meta name=\"twitter:data1\" content=\"Charles Taudin\" \/>\n\t<meta name=\"twitter:label2\" content=\"Dur\u00e9e de lecture estim\u00e9e\" \/>\n\t<meta name=\"twitter:data2\" content=\"2 minutes\" \/>\n<script type=\"application\/ld+json\" class=\"yoast-schema-graph\">{\"@context\":\"https:\/\/schema.org\",\"@graph\":[{\"@type\":\"WebPage\",\"@id\":\"https:\/\/theplayoffs.news\/fr\/actualite-mlb\/beltre-mauer-helton-et-leyland-entrent-au-temple-de-la-renommee\/\",\"url\":\"https:\/\/theplayoffs.news\/fr\/actualite-mlb\/beltre-mauer-helton-et-leyland-entrent-au-temple-de-la-renommee\/\",\"name\":\"Beltre, Mauer, Helton et Leyland entrent au Temple de la Renomm\u00e9e - The Playoffs FR\",\"isPartOf\":{\"@id\":\"https:\/\/theplayoffs.news\/fr\/#website\"},\"primaryImageOfPage\":{\"@id\":\"https:\/\/theplayoffs.news\/fr\/actualite-mlb\/beltre-mauer-helton-et-leyland-entrent-au-temple-de-la-renommee\/#primaryimage\"},\"image\":{\"@id\":\"https:\/\/theplayoffs.news\/fr\/actualite-mlb\/beltre-mauer-helton-et-leyland-entrent-au-temple-de-la-renommee\/#primaryimage\"},\"thumbnailUrl\":\"https:\/\/theplayoffs.news\/fr\/wp-content\/uploads\/2024\/07\/USATSI_23792047.jpg\",\"datePublished\":\"2024-07-22T08:42:51+00:00\",\"dateModified\":\"2024-07-22T08:42:51+00:00\",\"author\":{\"@id\":\"https:\/\/theplayoffs.news\/fr\/#\/schema\/person\/eee5b69ad5d3c51cabe881c839dbe133\"},\"breadcrumb\":{\"@id\":\"https:\/\/theplayoffs.news\/fr\/actualite-mlb\/beltre-mauer-helton-et-leyland-entrent-au-temple-de-la-renommee\/#breadcrumb\"},\"inLanguage\":\"fr-FR\",\"potentialAction\":[{\"@type\":\"ReadAction\",\"target\":[\"https:\/\/theplayoffs.news\/fr\/actualite-mlb\/beltre-mauer-helton-et-leyland-entrent-au-temple-de-la-renommee\/\"]}]},{\"@type\":\"ImageObject\",\"inLanguage\":\"fr-FR\",\"@id\":\"https:\/\/theplayoffs.news\/fr\/actualite-mlb\/beltre-mauer-helton-et-leyland-entrent-au-temple-de-la-renommee\/#primaryimage\",\"url\":\"https:\/\/theplayoffs.news\/fr\/wp-content\/uploads\/2024\/07\/USATSI_23792047.jpg\",\"contentUrl\":\"https:\/\/theplayoffs.news\/fr\/wp-content\/uploads\/2024\/07\/USATSI_23792047.jpg\",\"width\":1920,\"height\":1280,\"caption\":\"Jul 21, 2024; Cooperstown, New York, USA; Hall of Fame President Josh Rawitch presents Hall of Fame Inductee Adrian Beltre with his Baseball Hall of Fame plaque during the National Baseball Hall of Fame Induction Ceremony in Cooperstown, NY. Mandatory Credit: Gregory Fisher-USA TODAY Sports\"},{\"@type\":\"BreadcrumbList\",\"@id\":\"https:\/\/theplayoffs.news\/fr\/actualite-mlb\/beltre-mauer-helton-et-leyland-entrent-au-temple-de-la-renommee\/#breadcrumb\",\"itemListElement\":[{\"@type\":\"ListItem\",\"position\":1,\"name\":\"Accueil\",\"item\":\"https:\/\/theplayoffs.news\/fr\/\"},{\"@type\":\"ListItem\",\"position\":2,\"name\":\"Beltre, Mauer, Helton et Leyland entrent au Temple de la Renomm\u00e9e\"}]},{\"@type\":\"WebSite\",\"@id\":\"https:\/\/theplayoffs.news\/fr\/#website\",\"url\":\"https:\/\/theplayoffs.news\/fr\/\",\"name\":\"The Playoffs FR\",\"description\":\"NBA-NFL-NHL-MLB\",\"potentialAction\":[{\"@type\":\"SearchAction\",\"target\":{\"@type\":\"EntryPoint\",\"urlTemplate\":\"https:\/\/theplayoffs.news\/fr\/?s={search_term_string}\"},\"query-input\":{\"@type\":\"PropertyValueSpecification\",\"valueRequired\":true,\"valueName\":\"search_term_string\"}}],\"inLanguage\":\"fr-FR\"},{\"@type\":\"Person\",\"@id\":\"https:\/\/theplayoffs.news\/fr\/#\/schema\/person\/eee5b69ad5d3c51cabe881c839dbe133\",\"name\":\"Charles Taudin\",\"image\":{\"@type\":\"ImageObject\",\"inLanguage\":\"fr-FR\",\"@id\":\"https:\/\/theplayoffs.news\/fr\/#\/schema\/person\/image\/\",\"url\":\"https:\/\/secure.gravatar.com\/avatar\/59a1e772205ce9fd255edfcafc93013736822e20261f294c5753b20c41ede9f2?s=96&d=mm&r=g\",\"contentUrl\":\"https:\/\/secure.gravatar.com\/avatar\/59a1e772205ce9fd255edfcafc93013736822e20261f294c5753b20c41ede9f2?s=96&d=mm&r=g\",\"caption\":\"Charles Taudin\"},\"description\":\"R\u00e9dacteur en chef global de The Playoffs, j\u2019ai cr\u00e9\u00e9 The Free Agent, devenu The Playoffs FR, en 2020 durant la pand\u00e9mie. Amoureux depuis des ann\u00e9es des 4 sports majeurs am\u00e9ricains, j\u2019organise maintenant la strat\u00e9gie \u00e9ditoriale et les r\u00e9seaux sociaux de l\u2019ensemble des versions de The Playoffs. Il m\u2019arrive encore d\u2019\u00e9crire sur certains sports que j\u2019affectionne particuli\u00e8rement comme la NFL ou la MLB. Si vous devez retenir qu\u2019une chose : Eli Manning est le vrai GOAT pour avoir battu deux fois Tom Brady.\",\"sameAs\":[\"https:\/\/www.instagram.com\/ctaudin_\/\"],\"url\":\"https:\/\/theplayoffs.news\/fr\/author\/charles-taudin\/\"}]}<\/script>\n<!-- \/ Yoast SEO plugin. -->","yoast_head_json":{"title":"Beltre, Mauer, Helton et Leyland entrent au Temple de la Renomm&eacute;e - The Playoffs FR","robots":{"index":"index","follow":"follow","max-snippet":"max-snippet:-1","max-image-preview":"max-image-preview:large","max-video-preview":"max-video-preview:-1"},"canonical":"https:\/\/theplayoffs.news\/fr\/actualite-mlb\/beltre-mauer-helton-et-leyland-entrent-au-temple-de-la-renommee\/","og_locale":"fr_FR","og_type":"article","og_title":"Beltre, Mauer, Helton et Leyland entrent au Temple de la Renomm&eacute;e - The Playoffs FR","og_url":"https:\/\/theplayoffs.news\/fr\/actualite-mlb\/beltre-mauer-helton-et-leyland-entrent-au-temple-de-la-renommee\/","og_site_name":"The Playoffs FR","article_publisher":"https:\/\/www.facebook.com\/TheFreeAgentFR\/","og_image":[{"width":1920,"height":1280,"url":"https:\/\/theplayoffs.news\/fr\/wp-content\/uploads\/2024\/07\/USATSI_23792047.jpg","type":"image\/jpeg"}],"author":"Charles Taudin","twitter_card":"summary_large_image","twitter_creator":"@TheFreeAgentFR","twitter_site":"@TheFreeAgentFR","twitter_misc":{"\u00c9crit par":"Charles Taudin","Dur\u00e9e de lecture estim\u00e9e":"2 minutes"},"schema":{"@context":"https:\/\/schema.org","@graph":[{"@type":"WebPage","@id":"https:\/\/theplayoffs.news\/fr\/actualite-mlb\/beltre-mauer-helton-et-leyland-entrent-au-temple-de-la-renommee\/","url":"https:\/\/theplayoffs.news\/fr\/actualite-mlb\/beltre-mauer-helton-et-leyland-entrent-au-temple-de-la-renommee\/","name":"Beltre, Mauer, Helton et Leyland entrent au Temple de la Renomm\u00e9e - The Playoffs FR","isPartOf":{"@id":"https:\/\/theplayoffs.news\/fr\/#website"},"primaryImageOfPage":{"@id":"https:\/\/theplayoffs.news\/fr\/actualite-mlb\/beltre-mauer-helton-et-leyland-entrent-au-temple-de-la-renommee\/#primaryimage"},"image":{"@id":"https:\/\/theplayoffs.news\/fr\/actualite-mlb\/beltre-mauer-helton-et-leyland-entrent-au-temple-de-la-renommee\/#primaryimage"},"thumbnailUrl":"https:\/\/theplayoffs.news\/fr\/wp-content\/uploads\/2024\/07\/USATSI_23792047.jpg","datePublished":"2024-07-22T08:42:51+00:00","dateModified":"2024-07-22T08:42:51+00:00","author":{"@id":"https:\/\/theplayoffs.news\/fr\/#\/schema\/person\/eee5b69ad5d3c51cabe881c839dbe133"},"breadcrumb":{"@id":"https:\/\/theplayoffs.news\/fr\/actualite-mlb\/beltre-mauer-helton-et-leyland-entrent-au-temple-de-la-renommee\/#breadcrumb"},"inLanguage":"fr-FR","potentialAction":[{"@type":"ReadAction","target":["https:\/\/theplayoffs.news\/fr\/actualite-mlb\/beltre-mauer-helton-et-leyland-entrent-au-temple-de-la-renommee\/"]}]},{"@type":"ImageObject","inLanguage":"fr-FR","@id":"https:\/\/theplayoffs.news\/fr\/actualite-mlb\/beltre-mauer-helton-et-leyland-entrent-au-temple-de-la-renommee\/#primaryimage","url":"https:\/\/theplayoffs.news\/fr\/wp-content\/uploads\/2024\/07\/USATSI_23792047.jpg","contentUrl":"https:\/\/theplayoffs.news\/fr\/wp-content\/uploads\/2024\/07\/USATSI_23792047.jpg","width":1920,"height":1280,"caption":"Jul 21, 2024; Cooperstown, New York, USA; Hall of Fame President Josh Rawitch presents Hall of Fame Inductee Adrian Beltre with his Baseball Hall of Fame plaque during the National Baseball Hall of Fame Induction Ceremony in Cooperstown, NY. Mandatory Credit: Gregory Fisher-USA TODAY Sports"},{"@type":"BreadcrumbList","@id":"https:\/\/theplayoffs.news\/fr\/actualite-mlb\/beltre-mauer-helton-et-leyland-entrent-au-temple-de-la-renommee\/#breadcrumb","itemListElement":[{"@type":"ListItem","position":1,"name":"Accueil","item":"https:\/\/theplayoffs.news\/fr\/"},{"@type":"ListItem","position":2,"name":"Beltre, Mauer, Helton et Leyland entrent au Temple de la Renomm\u00e9e"}]},{"@type":"WebSite","@id":"https:\/\/theplayoffs.news\/fr\/#website","url":"https:\/\/theplayoffs.news\/fr\/","name":"The Playoffs FR","description":"NBA-NFL-NHL-MLB","potentialAction":[{"@type":"SearchAction","target":{"@type":"EntryPoint","urlTemplate":"https:\/\/theplayoffs.news\/fr\/?s={search_term_string}"},"query-input":{"@type":"PropertyValueSpecification","valueRequired":true,"valueName":"search_term_string"}}],"inLanguage":"fr-FR"},{"@type":"Person","@id":"https:\/\/theplayoffs.news\/fr\/#\/schema\/person\/eee5b69ad5d3c51cabe881c839dbe133","name":"Charles Taudin","image":{"@type":"ImageObject","inLanguage":"fr-FR","@id":"https:\/\/theplayoffs.news\/fr\/#\/schema\/person\/image\/","url":"https:\/\/secure.gravatar.com\/avatar\/59a1e772205ce9fd255edfcafc93013736822e20261f294c5753b20c41ede9f2?s=96&d=mm&r=g","contentUrl":"https:\/\/secure.gravatar.com\/avatar\/59a1e772205ce9fd255edfcafc93013736822e20261f294c5753b20c41ede9f2?s=96&d=mm&r=g","caption":"Charles Taudin"},"description":"R\u00e9dacteur en chef global de The Playoffs, j\u2019ai cr\u00e9\u00e9 The Free Agent, devenu The Playoffs FR, en 2020 durant la pand\u00e9mie. Amoureux depuis des ann\u00e9es des 4 sports majeurs am\u00e9ricains, j\u2019organise maintenant la strat\u00e9gie \u00e9ditoriale et les r\u00e9seaux sociaux de l\u2019ensemble des versions de The Playoffs. Il m\u2019arrive encore d\u2019\u00e9crire sur certains sports que j\u2019affectionne particuli\u00e8rement comme la NFL ou la MLB. Si vous devez retenir qu\u2019une chose : Eli Manning est le vrai GOAT pour avoir battu deux fois Tom Brady.","sameAs":["https:\/\/www.instagram.com\/ctaudin_\/"],"url":"https:\/\/theplayoffs.news\/fr\/author\/charles-taudin\/"}]}},"_links":{"self":[{"href":"https:\/\/theplayoffs.news\/fr\/wp-json\/wp\/v2\/posts\/1446318","targetHints":{"allow":["GET"]}}],"collection":[{"href":"https:\/\/theplayoffs.news\/fr\/wp-json\/wp\/v2\/posts"}],"about":[{"href":"https:\/\/theplayoffs.news\/fr\/wp-json\/wp\/v2\/types\/post"}],"author":[{"embeddable":true,"href":"https:\/\/theplayoffs.news\/fr\/wp-json\/wp\/v2\/users\/13"}],"replies":[{"embeddable":true,"href":"https:\/\/theplayoffs.news\/fr\/wp-json\/wp\/v2\/comments?post=1446318"}],"version-history":[{"count":3,"href":"https:\/\/theplayoffs.news\/fr\/wp-json\/wp\/v2\/posts\/1446318\/revisions"}],"predecessor-version":[{"id":1446326,"href":"https:\/\/theplayoffs.news\/fr\/wp-json\/wp\/v2\/posts\/1446318\/revisions\/1446326"}],"wp:featuredmedia":[{"embeddable":true,"href":"https:\/\/theplayoffs.news\/fr\/wp-json\/wp\/v2\/media\/1446319"}],"wp:attachment":[{"href":"https:\/\/theplayoffs.news\/fr\/wp-json\/wp\/v2\/media?parent=1446318"}],"wp:term":[{"taxonomy":"category","embeddable":true,"href":"https:\/\/theplayoffs.news\/fr\/wp-json\/wp\/v2\/categories?post=1446318"},{"taxonomy":"post_tag","embeddable":true,"href":"https:\/\/theplayoffs.news\/fr\/wp-json\/wp\/v2\/tags?post=1446318"},{"taxonomy":"sport","embeddable":true,"href":"https:\/\/theplayoffs.news\/fr\/wp-json\/wp\/v2\/sport?post=1446318"},{"taxonomy":"saison","embeddable":true,"href":"https:\/\/theplayoffs.news\/fr\/wp-json\/wp\/v2\/saison?post=1446318"}],"curies":[{"name":"wp","href":"https:\/\/api.w.org\/{rel}","templated":true}]}}