{"id":1446317,"date":"2024-07-22T10:42:32","date_gmt":"2024-07-22T08:42:32","guid":{"rendered":"https:\/\/theplayoffs.news\/fr\/?p=1446317"},"modified":"2024-07-22T10:42:32","modified_gmt":"2024-07-22T08:42:32","slug":"kenny-clark-prolonge-aux-packers-pour-au-moins-3-ans","status":"publish","type":"post","link":"https:\/\/theplayoffs.news\/fr\/actualite-nfl\/kenny-clark-prolonge-aux-packers-pour-au-moins-3-ans\/","title":{"rendered":"Kenny Clark prolonge aux Packers pour au moins 3 ans"},"content":{"rendered":"<h2 class=\"p1\"><span class=\"s1\">Kenny Clark ne s&rsquo;en ira pas d&rsquo;ici peu. Le joueur vient tout juste de signer un accord avec la franchise dans laquelle il est depuis le d&eacute;but de sa carri&egrave;re.<\/span><\/h2><p>&nbsp;<\/p><p class=\"p1\"><span class=\"s1\">Bonne nouvelle pour les Packers, la prolongation pour Kenny Clark est de trois ans et vaut 64 millions de dollars. <\/span>Selon <a href=\"https:\/\/x.com\/adamschefter\/status\/1815146566178504812?s=46&amp;t=ZGxLohEAI--IIBna2HD0bA\" class=\"trk-cta-link\" data-cta-trk='{\"ctaType\":\"Link\",\"ctaSubType\":\"main\"}'>Adam Schefter<\/a>, l&rsquo;accord paiera 29 millions de dollars &agrave; Clark en 2024 et pourrait porter ses revenus de carri&egrave;re &agrave; plus de 150 millions de dollars.<\/p><p class=\"p1\">Le joueur l&rsquo;a lui aussi annonc&eacute; sur son compte twitter.<\/p><blockquote class=\"twitter-tweet\" data-width=\"500\" data-dnt=\"true\">\n<p lang=\"qme\" dir=\"ltr\">&#9854;&#65039;&#129472; <a href=\"https:\/\/t.co\/5AwxKZd6de\" class=\"trk-cta-link\" data-cta-trk='{\"ctaType\":\"Link\",\"ctaSubType\":\"main\"}'>pic.twitter.com\/5AwxKZd6de<\/a><\/p>\n<p>&mdash; Kenny Clark (@KCBoutThatLife) <a href=\"https:\/\/twitter.com\/KCBoutThatLife\/status\/1815225071989936333?ref_src=twsrc%5Etfw\" class=\"trk-cta-link\" data-cta-trk='{\"ctaType\":\"Link\",\"ctaSubType\":\"main\"}'>July 22, 2024<\/a><\/p><\/blockquote><p><script async src=\"https:\/\/platform.twitter.com\/widgets.js\" charset=\"utf-8\"><\/script><\/p><p class=\"p1\"><span class=\"s1\"><a href=\"https:\/\/theplayoffs.news\/fr\/joueur\/kenny-clark-nfl-6245504\/\" class=\"trk-cta-link\" data-cta-trk='{\"ctaType\":\"Link\",\"ctaSubType\":\"main\"}'>Kenny Clark<\/a> a enregistr&eacute; un record de carri&egrave;re de 7,5 sacs en 2023 en route vers son troisi&egrave;me Pro Bowl, participant aux 17 matchs des Packers la saison derni&egrave;re. Depuis son arriv&eacute;e de UCLA, Clark a su montrer qu&rsquo;il &eacute;tait un atout sur cette ligne des Packers.<\/span><\/p><p><\/p><p class=\"p1\"><span class=\"s1\">L&rsquo;&eacute;quipe a un nouveau coordinateur d&eacute;fensif, Jeff Hafley, qui passe les Packers &agrave; une d&eacute;fense de base 4-3, changeant du sch&eacute;ma 3-4 qu&rsquo;ils avaient ex&eacute;cut&eacute; au cours des 15 derni&egrave;res ann&eacute;es.<\/span><\/p><blockquote>\n<p class=\"p1\"><span class=\"s1\">&laquo;&nbsp;&Ccedil;a va &ecirc;tre vraiment bien&nbsp;&raquo;, <a href=\"https:\/\/www.espn.com\/nfl\/story?_slug_=packers-really-special-new-dc-defensive-coordinator-jeff-hafley&amp;id=40244571\" class=\"trk-cta-link\" data-cta-trk='{\"ctaType\":\"Link\",\"ctaSubType\":\"main\"}'>a d&eacute;clar&eacute; <\/a>Clark <a href=\"https:\/\/www.espn.com\/nfl\/story?_slug_=packers-really-special-new-dc-defensive-coordinator-jeff-hafley&amp;id=40244571\" class=\"trk-cta-link\" data-cta-trk='{\"ctaType\":\"Link\",\"ctaSubType\":\"main\"}'>en mai &agrave; propos du changement sous Hafley<\/a>. &laquo;&nbsp;C&rsquo;est l&rsquo;une des choses o&ugrave; toute ma carri&egrave;re, j&rsquo;ai jou&eacute; de cette fa&ccedil;on, mais de mani&egrave;re plus contr&ocirc;l&eacute;e. Et je pense que maintenant cela nous donne une chance de fermer toutes ces autres choses.&nbsp;&raquo;<\/span><\/p>\n<\/blockquote><p class=\"p1\"><span class=\"s1\">Clark, 28 ans, a rarement manqu&eacute; des matchs depuis qu&rsquo;il est entr&eacute; dans la ligue en tant que choix de premier tour en 2016.&nbsp;<\/span><\/p>\n","protected":false},"excerpt":{"rendered":"","protected":false},"author":180310252,"featured_media":1446320,"comment_status":"open","ping_status":"closed","sticky":false,"template":"","format":"standard","meta":{"inline_featured_image":false,"kia_subtitle":"","_mux_skip_reasons":[],"proofreadBy":0,"footnotes":""},"categories":[118,40],"tags":[],"sport":[2785],"saison":[6111],"class_list":["post-1446317","post","type-post","status-publish","format-standard","has-post-thumbnail","hentry","category-actualite-nfl","category-nfl","sport-nfl","saison-6111"],"acf":[],"yoast_head":"<!-- This site is optimized with the Yoast SEO plugin v24.2 - https:\/\/yoast.com\/wordpress\/plugins\/seo\/ -->\n<title>Kenny Clark prolonge aux Packers pour au moins 3 ans - The Playoffs FR<\/title>\n<meta name=\"robots\" content=\"index, follow, max-snippet:-1, max-image-preview:large, max-video-preview:-1\" \/>\n<link rel=\"canonical\" href=\"https:\/\/theplayoffs.news\/fr\/actualite-nfl\/kenny-clark-prolonge-aux-packers-pour-au-moins-3-ans\/\" \/>\n<meta property=\"og:locale\" content=\"fr_FR\" \/>\n<meta property=\"og:type\" content=\"article\" \/>\n<meta property=\"og:title\" content=\"Kenny Clark prolonge aux Packers pour au moins 3 ans - The Playoffs FR\" \/>\n<meta property=\"og:url\" content=\"https:\/\/theplayoffs.news\/fr\/actualite-nfl\/kenny-clark-prolonge-aux-packers-pour-au-moins-3-ans\/\" \/>\n<meta property=\"og:site_name\" content=\"The Playoffs FR\" \/>\n<meta property=\"article:publisher\" content=\"https:\/\/www.facebook.com\/TheFreeAgentFR\/\" \/>\n<meta property=\"article:modified_time\" content=\"2024-07-22T10:42:32+02:00\" \/>\n<meta property=\"og:image\" content=\"https:\/\/theplayoffs.news\/fr\/wp-content\/uploads\/2024\/07\/USATSI_22295293.jpg\" \/>\n\t<meta property=\"og:image:width\" content=\"1920\" \/>\n\t<meta property=\"og:image:height\" content=\"1470\" \/>\n\t<meta property=\"og:image:type\" content=\"image\/jpeg\" \/>\n<meta name=\"author\" content=\"Hugo Da Silva\" \/>\n<meta name=\"twitter:card\" content=\"summary_large_image\" \/>\n<meta name=\"twitter:creator\" content=\"@TheFreeAgentFR\" \/>\n<meta name=\"twitter:site\" content=\"@TheFreeAgentFR\" \/>\n<meta name=\"twitter:label1\" content=\"\u00c9crit par\" \/>\n\t<meta name=\"twitter:data1\" content=\"Hugo Da Silva\" \/>\n\t<meta name=\"twitter:label2\" content=\"Dur\u00e9e de lecture estim\u00e9e\" \/>\n\t<meta name=\"twitter:data2\" content=\"1 minute\" \/>\n<script type=\"application\/ld+json\" class=\"yoast-schema-graph\">{\"@context\":\"https:\/\/schema.org\",\"@graph\":[{\"@type\":\"WebPage\",\"@id\":\"https:\/\/theplayoffs.news\/fr\/actualite-nfl\/kenny-clark-prolonge-aux-packers-pour-au-moins-3-ans\/\",\"url\":\"https:\/\/theplayoffs.news\/fr\/actualite-nfl\/kenny-clark-prolonge-aux-packers-pour-au-moins-3-ans\/\",\"name\":\"Kenny Clark prolonge aux Packers pour au moins 3 ans - The Playoffs FR\",\"isPartOf\":{\"@id\":\"https:\/\/theplayoffs.news\/fr\/#website\"},\"primaryImageOfPage\":{\"@id\":\"https:\/\/theplayoffs.news\/fr\/actualite-nfl\/kenny-clark-prolonge-aux-packers-pour-au-moins-3-ans\/#primaryimage\"},\"image\":{\"@id\":\"https:\/\/theplayoffs.news\/fr\/actualite-nfl\/kenny-clark-prolonge-aux-packers-pour-au-moins-3-ans\/#primaryimage\"},\"thumbnailUrl\":\"https:\/\/theplayoffs.news\/fr\/wp-content\/uploads\/2024\/07\/USATSI_22295293.jpg\",\"datePublished\":\"2024-07-22T08:42:32+00:00\",\"dateModified\":\"2024-07-22T08:42:32+00:00\",\"author\":{\"@id\":\"https:\/\/theplayoffs.news\/fr\/#\/schema\/person\/6873025fdeeef5a5a119a678d88f9eb8\"},\"breadcrumb\":{\"@id\":\"https:\/\/theplayoffs.news\/fr\/actualite-nfl\/kenny-clark-prolonge-aux-packers-pour-au-moins-3-ans\/#breadcrumb\"},\"inLanguage\":\"fr-FR\",\"potentialAction\":[{\"@type\":\"ReadAction\",\"target\":[\"https:\/\/theplayoffs.news\/fr\/actualite-nfl\/kenny-clark-prolonge-aux-packers-pour-au-moins-3-ans\/\"]}]},{\"@type\":\"ImageObject\",\"inLanguage\":\"fr-FR\",\"@id\":\"https:\/\/theplayoffs.news\/fr\/actualite-nfl\/kenny-clark-prolonge-aux-packers-pour-au-moins-3-ans\/#primaryimage\",\"url\":\"https:\/\/theplayoffs.news\/fr\/wp-content\/uploads\/2024\/07\/USATSI_22295293.jpg\",\"contentUrl\":\"https:\/\/theplayoffs.news\/fr\/wp-content\/uploads\/2024\/07\/USATSI_22295293.jpg\",\"width\":1920,\"height\":1470,\"caption\":\"Green Bay Packers defensive tackle Kenny Clark (97) is called for a facemask penalty while tackling Dallas Cowboys quarterback Dak Prescott (4) during the third quarter of the wild card playoff game Sunday, January 14, 2024 at AT&amp;T Stadium in Arlington, Texas.\"},{\"@type\":\"BreadcrumbList\",\"@id\":\"https:\/\/theplayoffs.news\/fr\/actualite-nfl\/kenny-clark-prolonge-aux-packers-pour-au-moins-3-ans\/#breadcrumb\",\"itemListElement\":[{\"@type\":\"ListItem\",\"position\":1,\"name\":\"Accueil\",\"item\":\"https:\/\/theplayoffs.news\/fr\/\"},{\"@type\":\"ListItem\",\"position\":2,\"name\":\"Kenny Clark prolonge aux Packers pour au moins 3 ans\"}]},{\"@type\":\"WebSite\",\"@id\":\"https:\/\/theplayoffs.news\/fr\/#website\",\"url\":\"https:\/\/theplayoffs.news\/fr\/\",\"name\":\"The Playoffs FR\",\"description\":\"NBA-NFL-NHL-MLB\",\"potentialAction\":[{\"@type\":\"SearchAction\",\"target\":{\"@type\":\"EntryPoint\",\"urlTemplate\":\"https:\/\/theplayoffs.news\/fr\/?s={search_term_string}\"},\"query-input\":{\"@type\":\"PropertyValueSpecification\",\"valueRequired\":true,\"valueName\":\"search_term_string\"}}],\"inLanguage\":\"fr-FR\"},{\"@type\":\"Person\",\"@id\":\"https:\/\/theplayoffs.news\/fr\/#\/schema\/person\/6873025fdeeef5a5a119a678d88f9eb8\",\"name\":\"Hugo Da Silva\",\"image\":{\"@type\":\"ImageObject\",\"inLanguage\":\"fr-FR\",\"@id\":\"https:\/\/theplayoffs.news\/fr\/#\/schema\/person\/image\/\",\"url\":\"https:\/\/secure.gravatar.com\/avatar\/42645c167f2d0d025c99c89a9d5af905f285255ee846e7a777caaecca00b1837?s=96&d=mm&r=g\",\"contentUrl\":\"https:\/\/secure.gravatar.com\/avatar\/42645c167f2d0d025c99c89a9d5af905f285255ee846e7a777caaecca00b1837?s=96&d=mm&r=g\",\"caption\":\"Hugo Da Silva\"},\"url\":\"https:\/\/theplayoffs.news\/fr\/author\/hugodasilva0903gmail-com\/\"}]}<\/script>\n<!-- \/ Yoast SEO plugin. -->","yoast_head_json":{"title":"Kenny Clark prolonge aux Packers pour au moins 3 ans - The Playoffs FR","robots":{"index":"index","follow":"follow","max-snippet":"max-snippet:-1","max-image-preview":"max-image-preview:large","max-video-preview":"max-video-preview:-1"},"canonical":"https:\/\/theplayoffs.news\/fr\/actualite-nfl\/kenny-clark-prolonge-aux-packers-pour-au-moins-3-ans\/","og_locale":"fr_FR","og_type":"article","og_title":"Kenny Clark prolonge aux Packers pour au moins 3 ans - The Playoffs FR","og_url":"https:\/\/theplayoffs.news\/fr\/actualite-nfl\/kenny-clark-prolonge-aux-packers-pour-au-moins-3-ans\/","og_site_name":"The Playoffs FR","article_publisher":"https:\/\/www.facebook.com\/TheFreeAgentFR\/","og_image":[{"width":1920,"height":1470,"url":"https:\/\/theplayoffs.news\/fr\/wp-content\/uploads\/2024\/07\/USATSI_22295293.jpg","type":"image\/jpeg"}],"author":"Hugo Da Silva","twitter_card":"summary_large_image","twitter_creator":"@TheFreeAgentFR","twitter_site":"@TheFreeAgentFR","twitter_misc":{"\u00c9crit par":"Hugo Da Silva","Dur\u00e9e de lecture estim\u00e9e":"1 minute"},"schema":{"@context":"https:\/\/schema.org","@graph":[{"@type":"WebPage","@id":"https:\/\/theplayoffs.news\/fr\/actualite-nfl\/kenny-clark-prolonge-aux-packers-pour-au-moins-3-ans\/","url":"https:\/\/theplayoffs.news\/fr\/actualite-nfl\/kenny-clark-prolonge-aux-packers-pour-au-moins-3-ans\/","name":"Kenny Clark prolonge aux Packers pour au moins 3 ans - The Playoffs FR","isPartOf":{"@id":"https:\/\/theplayoffs.news\/fr\/#website"},"primaryImageOfPage":{"@id":"https:\/\/theplayoffs.news\/fr\/actualite-nfl\/kenny-clark-prolonge-aux-packers-pour-au-moins-3-ans\/#primaryimage"},"image":{"@id":"https:\/\/theplayoffs.news\/fr\/actualite-nfl\/kenny-clark-prolonge-aux-packers-pour-au-moins-3-ans\/#primaryimage"},"thumbnailUrl":"https:\/\/theplayoffs.news\/fr\/wp-content\/uploads\/2024\/07\/USATSI_22295293.jpg","datePublished":"2024-07-22T08:42:32+00:00","dateModified":"2024-07-22T08:42:32+00:00","author":{"@id":"https:\/\/theplayoffs.news\/fr\/#\/schema\/person\/6873025fdeeef5a5a119a678d88f9eb8"},"breadcrumb":{"@id":"https:\/\/theplayoffs.news\/fr\/actualite-nfl\/kenny-clark-prolonge-aux-packers-pour-au-moins-3-ans\/#breadcrumb"},"inLanguage":"fr-FR","potentialAction":[{"@type":"ReadAction","target":["https:\/\/theplayoffs.news\/fr\/actualite-nfl\/kenny-clark-prolonge-aux-packers-pour-au-moins-3-ans\/"]}]},{"@type":"ImageObject","inLanguage":"fr-FR","@id":"https:\/\/theplayoffs.news\/fr\/actualite-nfl\/kenny-clark-prolonge-aux-packers-pour-au-moins-3-ans\/#primaryimage","url":"https:\/\/theplayoffs.news\/fr\/wp-content\/uploads\/2024\/07\/USATSI_22295293.jpg","contentUrl":"https:\/\/theplayoffs.news\/fr\/wp-content\/uploads\/2024\/07\/USATSI_22295293.jpg","width":1920,"height":1470,"caption":"Green Bay Packers defensive tackle Kenny Clark (97) is called for a facemask penalty while tackling Dallas Cowboys quarterback Dak Prescott (4) during the third quarter of the wild card playoff game Sunday, January 14, 2024 at AT&amp;T Stadium in Arlington, Texas."},{"@type":"BreadcrumbList","@id":"https:\/\/theplayoffs.news\/fr\/actualite-nfl\/kenny-clark-prolonge-aux-packers-pour-au-moins-3-ans\/#breadcrumb","itemListElement":[{"@type":"ListItem","position":1,"name":"Accueil","item":"https:\/\/theplayoffs.news\/fr\/"},{"@type":"ListItem","position":2,"name":"Kenny Clark prolonge aux Packers pour au moins 3 ans"}]},{"@type":"WebSite","@id":"https:\/\/theplayoffs.news\/fr\/#website","url":"https:\/\/theplayoffs.news\/fr\/","name":"The Playoffs FR","description":"NBA-NFL-NHL-MLB","potentialAction":[{"@type":"SearchAction","target":{"@type":"EntryPoint","urlTemplate":"https:\/\/theplayoffs.news\/fr\/?s={search_term_string}"},"query-input":{"@type":"PropertyValueSpecification","valueRequired":true,"valueName":"search_term_string"}}],"inLanguage":"fr-FR"},{"@type":"Person","@id":"https:\/\/theplayoffs.news\/fr\/#\/schema\/person\/6873025fdeeef5a5a119a678d88f9eb8","name":"Hugo Da Silva","image":{"@type":"ImageObject","inLanguage":"fr-FR","@id":"https:\/\/theplayoffs.news\/fr\/#\/schema\/person\/image\/","url":"https:\/\/secure.gravatar.com\/avatar\/42645c167f2d0d025c99c89a9d5af905f285255ee846e7a777caaecca00b1837?s=96&d=mm&r=g","contentUrl":"https:\/\/secure.gravatar.com\/avatar\/42645c167f2d0d025c99c89a9d5af905f285255ee846e7a777caaecca00b1837?s=96&d=mm&r=g","caption":"Hugo Da Silva"},"url":"https:\/\/theplayoffs.news\/fr\/author\/hugodasilva0903gmail-com\/"}]}},"_links":{"self":[{"href":"https:\/\/theplayoffs.news\/fr\/wp-json\/wp\/v2\/posts\/1446317","targetHints":{"allow":["GET"]}}],"collection":[{"href":"https:\/\/theplayoffs.news\/fr\/wp-json\/wp\/v2\/posts"}],"about":[{"href":"https:\/\/theplayoffs.news\/fr\/wp-json\/wp\/v2\/types\/post"}],"author":[{"embeddable":true,"href":"https:\/\/theplayoffs.news\/fr\/wp-json\/wp\/v2\/users\/180310252"}],"replies":[{"embeddable":true,"href":"https:\/\/theplayoffs.news\/fr\/wp-json\/wp\/v2\/comments?post=1446317"}],"version-history":[{"count":2,"href":"https:\/\/theplayoffs.news\/fr\/wp-json\/wp\/v2\/posts\/1446317\/revisions"}],"predecessor-version":[{"id":1446349,"href":"https:\/\/theplayoffs.news\/fr\/wp-json\/wp\/v2\/posts\/1446317\/revisions\/1446349"}],"wp:featuredmedia":[{"embeddable":true,"href":"https:\/\/theplayoffs.news\/fr\/wp-json\/wp\/v2\/media\/1446320"}],"wp:attachment":[{"href":"https:\/\/theplayoffs.news\/fr\/wp-json\/wp\/v2\/media?parent=1446317"}],"wp:term":[{"taxonomy":"category","embeddable":true,"href":"https:\/\/theplayoffs.news\/fr\/wp-json\/wp\/v2\/categories?post=1446317"},{"taxonomy":"post_tag","embeddable":true,"href":"https:\/\/theplayoffs.news\/fr\/wp-json\/wp\/v2\/tags?post=1446317"},{"taxonomy":"sport","embeddable":true,"href":"https:\/\/theplayoffs.news\/fr\/wp-json\/wp\/v2\/sport?post=1446317"},{"taxonomy":"saison","embeddable":true,"href":"https:\/\/theplayoffs.news\/fr\/wp-json\/wp\/v2\/saison?post=1446317"}],"curies":[{"name":"wp","href":"https:\/\/api.w.org\/{rel}","templated":true}]}}